{"id":1257,"date":"2023-04-21T11:37:11","date_gmt":"2023-04-21T15:37:11","guid":{"rendered":"https:\/\/www.manaus.am.gov.br\/seminf\/prefeitura-de-manaus-leva-conscientizacao-sobre-descarte-regular-de-lixo-para-evitar-erosoes-e-alagamentos-na-cidade\/"},"modified":"2023-04-21T11:37:12","modified_gmt":"2023-04-21T15:37:12","slug":"prefeitura-de-manaus-leva-conscientizacao-sobre-descarte-regular-de-lixo-para-evitar-erosoes-e-alagamentos-na-cidade","status":"publish","type":"post","link":"https:\/\/www.manaus.am.gov.br\/seminf\/prefeitura-de-manaus-leva-conscientizacao-sobre-descarte-regular-de-lixo-para-evitar-erosoes-e-alagamentos-na-cidade\/","title":{"rendered":"<strong>Prefeitura de Manaus leva conscientiza\u00e7\u00e3o sobre descarte regular de lixo para evitar eros\u00f5es e alagamentos na cidade<\/strong>"},"content":{"rendered":"\n<p>A sexta-feira, 20\/4, foi um dia diferente para as 50 crian\u00e7as da escola municipal Ignes de Vasconcellos, situada no bairro Jorge Teixeira, zona Leste da capital. Elas participaram de uma a\u00e7\u00e3o de educa\u00e7\u00e3o ambiental promovida pela Prefeitura de Manaus, por meio da Secretaria Municipal de Infraestrutura (Seminf), para conscientizar sobre o descarte regular de lixo para evitar eros\u00f5es e alagamentos na cidade.<\/p>\n\n\n\n<p>A Unidade Executora do Programa de Infraestrutura Urbana e Ambiental de Manaus (UEP-Seminf) estendeu as atividades da Secretaria de Obras para o Museu da Amaz\u00f4nia (Musa), no bairro Cidade de Deus.&nbsp;<\/p>\n\n\n\n<p>Os alunos do 5\u00ba ano do ensino fundamental percorreram diversas trilhas do Musa, que \u00e9 um dos principais cart\u00f5es-postais da cidade de Manaus. O superintendente da UEP-Seminf, Alessandro Rodrigues, destaca que as a\u00e7\u00f5es s\u00e3o feitas rotineiramente, com alunos da rede municipal de ensino, principalmente para levar informa\u00e7\u00f5es sobre a import\u00e2ncia do descarte regular do lixo.<\/p>\n\n\n\n<p>\u201cO lixo descartado nas ruas, chega aos nossos igarap\u00e9s e \u00e9 levado pelas fortes chuvas at\u00e9 as tubula\u00e7\u00f5es de redes de drenagem e at\u00e9 os bueiros, causando obstru\u00e7\u00e3o, desanelamento e, consequentemente, alagamentos e eros\u00f5es que atingem diretamente os moradores em v\u00e1rios bairros de Manaus. Essa a\u00e7\u00e3o da Seminf \u00e9 para garantir a conscientiza\u00e7\u00e3o desde cedo e traz resultados muito positivos\u201d, afirmou Rodrigues.&nbsp;<\/p>\n\n\n\n<p>Al\u00e9m de conhecer esp\u00e9cies da flora amaz\u00f4nica, os alunos da escola municipal tamb\u00e9m conheceram aqu\u00e1rios com esp\u00e9cies de peixes da nossa regi\u00e3o, um lago com a vit\u00f3ria r\u00e9gia, que \u00e9 um dos s\u00edmbolos da Amaz\u00f4nia, al\u00e9m do orquid\u00e1rio e da torre de observa\u00e7\u00e3o, um dos locais preferidos dos turistas.&nbsp;<\/p>\n\n\n\n<p>Durante a visita, servidores da UEP-Seminf, com o apoio de professores, explicaram para as crian\u00e7as a import\u00e2ncia da preserva\u00e7\u00e3o e do descarte regular do lixo na nossa cidade.&nbsp;<\/p>\n\n\n\n<p>\u201cN\u00f3s, professores, aprendemos muito junto \u00e0 UEP-Seminf, porque jamais imagin\u00e1vamos que as redes de drenagem quebravam principalmente por conta da grande quantidade de lixo acumulado e hoje, nessa a\u00e7\u00e3o no Musa, nossos alunos se tornam ainda mais conscientes sobre a import\u00e2ncia de descartar o lixo no lugar correto. Parabenizo a Prefeitura de Manaus por essa a\u00e7\u00e3o, que \u00e9 um exemplo de educa\u00e7\u00e3o e cidadania\u201d, afirmou a professora Gra\u00e7a Albuquerque.&nbsp;<\/p>\n\n\n\n<p>Na oportunidade, os estudantes, que nunca tinham visitado o Musa, al\u00e9m de se divertirem, sa\u00edram com uma outra consci\u00eancia sobre preserva\u00e7\u00e3o ambiental.<\/p>\n\n\n\n<p>\u201cFoi muito legal sair da sala de aula e vir aqui conhecer a floresta, os peixes, a vit\u00f3ria-r\u00e9gia e ainda ouvir as palestras sobre como jogar o lixo de forma correta, para que n\u00e3o chegue at\u00e9 o igarap\u00e9 e cause alagamento. Eu j\u00e1 vi muita casa alagar durante a chuva e eu n\u00e3o quero que a minha alague, por isso eu sempre joguei o lixo na lixeira\u201d, disse a estudante Alehandra Vit\u00f3ria, de 10 anos.&nbsp;<\/p>\n\n\n\n<p>Os alunos se tornam multiplicadores de informa\u00e7\u00f5es para levar at\u00e9 os pais, em casa, a import\u00e2ncia de n\u00e3o jogar lixo nas ruas e nas \u00e1guas.<\/p>\n\n\n\n<p>\u201cA professora disse que assim que eu chegar em casa tamb\u00e9m \u00e9 para falar para os meus pais nunca jogarem lixo na rua e nem no igarap\u00e9. Eu vou falar para todo mundo, meus pais, meus irm\u00e3os e meus vizinhos tamb\u00e9m. Essa visita aqui na floresta foi muito legal\u201d, disse o estudante Elias Emanuel, 11 anos.&nbsp;<\/p>\n\n\n\n<p>As a\u00e7\u00f5es de conscientiza\u00e7\u00e3o ambiental realizadas pela da UEP-Seminf ir\u00e3o continuar durante todo o ano, em diversos bairros da capital.<\/p>\n\n\n\n<p>&#8212; &#8212; &#8212;<\/p>\n\n\n\n<p><strong>Texto &#8211;<\/strong>&nbsp;Mariana Rocha \/ Seminf<\/p>\n\n\n\n<p><strong>Fotos &#8211;<\/strong>&nbsp;M\u00e1rcio Melo \/ Seminf&nbsp;<\/p>\n\n\n\n<p><strong>Dispon\u00edveis em \u2013&nbsp;<\/strong><a href=\"https:\/\/flic.kr\/s\/aHBqjAACyn\" target=\"_blank\" rel=\"noreferrer noopener\">https:\/\/flic.kr\/s\/aHBqjAACyn<\/a><\/p>\n","protected":false},"excerpt":{"rendered":"","protected":false},"author":24,"featured_media":1258,"comment_status":"closed","ping_status":"closed","sticky":false,"template":"","format":"standard","meta":{"footnotes":""},"categories":[415],"tags":[425,594,595,596,597,598,599,54,26,600,601],"acf":[],"yoast_head":"<!-- This site is optimized with the Yoast SEO plugin v23.0 - https:\/\/yoast.com\/wordpress\/plugins\/seo\/ -->\n<title>Prefeitura de Manaus leva conscientiza\u00e7\u00e3o sobre descarte regular de lixo para evitar eros\u00f5es e alagamentos na cidade<\/title>\n<meta name=\"description\" content=\"A sexta-feira, 20\/4, foi um dia diferente para as 50 crian\u00e7as da escola municipal Ignes de Vasconcellos, situada no bairro Jorge Teixeira, zona Leste da capital.\" \/>\n<meta name=\"robots\" content=\"index, follow, max-snippet:-1, max-image-preview:large, max-video-preview:-1\" \/>\n<link rel=\"canonical\" href=\"https:\/\/www.manaus.am.gov.br\/seminf\/prefeitura-de-manaus-leva-conscientizacao-sobre-descarte-regular-de-lixo-para-evitar-erosoes-e-alagamentos-na-cidade\/\" \/>\n<meta property=\"og:locale\" content=\"pt_BR\" \/>\n<meta property=\"og:type\" content=\"article\" \/>\n<meta property=\"og:title\" content=\"Prefeitura de Manaus leva conscientiza\u00e7\u00e3o sobre descarte regular de lixo para evitar eros\u00f5es e alagamentos na cidade\" \/>\n<meta property=\"og:description\" content=\"A sexta-feira, 20\/4, foi um dia diferente para as 50 crian\u00e7as da escola municipal Ignes de Vasconcellos, situada no bairro Jorge Teixeira, zona Leste da capital.\" \/>\n<meta property=\"og:url\" content=\"https:\/\/www.manaus.am.gov.br\/seminf\/prefeitura-de-manaus-leva-conscientizacao-sobre-descarte-regular-de-lixo-para-evitar-erosoes-e-alagamentos-na-cidade\/\" \/>\n<meta property=\"og:site_name\" content=\"SEMINF\" \/>\n<meta property=\"article:published_time\" content=\"2023-04-21T15:37:11+00:00\" \/>\n<meta property=\"article:modified_time\" content=\"2023-04-21T15:37:12+00:00\" \/>\n<meta property=\"og:image\" content=\"https:\/\/www.manaus.am.gov.br\/seminf\/wp-content\/uploads\/sites\/6\/2023\/04\/Prefeitura-de-Manaus-leva-conscientizacao-sobre-descarte-regular-de-lixo-para-evitar-erosoes-e-alagamentos-na-cidade-3-scaled.jpg\" \/>\n\t<meta property=\"og:image:width\" content=\"2560\" \/>\n\t<meta property=\"og:image:height\" content=\"1437\" \/>\n\t<meta property=\"og:image:type\" content=\"image\/jpeg\" \/>\n<meta name=\"author\" content=\"Cl\u00e1udia Barbosa\" \/>\n<meta name=\"twitter:card\" content=\"summary_large_image\" \/>\n<meta name=\"twitter:label1\" content=\"Written by\" \/>\n\t<meta name=\"twitter:data1\" content=\"Cl\u00e1udia Barbosa\" \/>\n\t<meta name=\"twitter:label2\" content=\"Est. reading time\" \/>\n\t<meta name=\"twitter:data2\" content=\"4 minutos\" \/>\n<script type=\"application\/ld+json\" class=\"yoast-schema-graph\">{\"@context\":\"https:\/\/schema.org\",\"@graph\":[{\"@type\":\"WebPage\",\"@id\":\"https:\/\/www.manaus.am.gov.br\/seminf\/prefeitura-de-manaus-leva-conscientizacao-sobre-descarte-regular-de-lixo-para-evitar-erosoes-e-alagamentos-na-cidade\/\",\"url\":\"https:\/\/www.manaus.am.gov.br\/seminf\/prefeitura-de-manaus-leva-conscientizacao-sobre-descarte-regular-de-lixo-para-evitar-erosoes-e-alagamentos-na-cidade\/\",\"name\":\"Prefeitura de Manaus leva conscientiza\u00e7\u00e3o sobre descarte regular de lixo para evitar eros\u00f5es e alagamentos na cidade\",\"isPartOf\":{\"@id\":\"https:\/\/www.manaus.am.gov.br\/seminf\/#website\"},\"primaryImageOfPage\":{\"@id\":\"https:\/\/www.manaus.am.gov.br\/seminf\/prefeitura-de-manaus-leva-conscientizacao-sobre-descarte-regular-de-lixo-para-evitar-erosoes-e-alagamentos-na-cidade\/#primaryimage\"},\"image\":{\"@id\":\"https:\/\/www.manaus.am.gov.br\/seminf\/prefeitura-de-manaus-leva-conscientizacao-sobre-descarte-regular-de-lixo-para-evitar-erosoes-e-alagamentos-na-cidade\/#primaryimage\"},\"thumbnailUrl\":\"https:\/\/www.manaus.am.gov.br\/seminf\/wp-content\/uploads\/sites\/6\/2023\/04\/Prefeitura-de-Manaus-leva-conscientizacao-sobre-descarte-regular-de-lixo-para-evitar-erosoes-e-alagamentos-na-cidade-3-scaled.jpg\",\"datePublished\":\"2023-04-21T15:37:11+00:00\",\"dateModified\":\"2023-04-21T15:37:12+00:00\",\"author\":{\"@id\":\"https:\/\/www.manaus.am.gov.br\/seminf\/#\/schema\/person\/d0a166b5031154c33c77794ddc9a827e\"},\"description\":\"A sexta-feira, 20\/4, foi um dia diferente para as 50 crian\u00e7as da escola municipal Ignes de Vasconcellos, situada no bairro Jorge Teixeira, zona Leste da capital.\",\"inLanguage\":\"pt-BR\",\"potentialAction\":[{\"@type\":\"ReadAction\",\"target\":[\"https:\/\/www.manaus.am.gov.br\/seminf\/prefeitura-de-manaus-leva-conscientizacao-sobre-descarte-regular-de-lixo-para-evitar-erosoes-e-alagamentos-na-cidade\/\"]}]},{\"@type\":\"ImageObject\",\"inLanguage\":\"pt-BR\",\"@id\":\"https:\/\/www.manaus.am.gov.br\/seminf\/prefeitura-de-manaus-leva-conscientizacao-sobre-descarte-regular-de-lixo-para-evitar-erosoes-e-alagamentos-na-cidade\/#primaryimage\",\"url\":\"https:\/\/www.manaus.am.gov.br\/seminf\/wp-content\/uploads\/sites\/6\/2023\/04\/Prefeitura-de-Manaus-leva-conscientizacao-sobre-descarte-regular-de-lixo-para-evitar-erosoes-e-alagamentos-na-cidade-3-scaled.jpg\",\"contentUrl\":\"https:\/\/www.manaus.am.gov.br\/seminf\/wp-content\/uploads\/sites\/6\/2023\/04\/Prefeitura-de-Manaus-leva-conscientizacao-sobre-descarte-regular-de-lixo-para-evitar-erosoes-e-alagamentos-na-cidade-3-scaled.jpg\",\"width\":2560,\"height\":1437},{\"@type\":\"WebSite\",\"@id\":\"https:\/\/www.manaus.am.gov.br\/seminf\/#website\",\"url\":\"https:\/\/www.manaus.am.gov.br\/seminf\/\",\"name\":\"Secretaria de Infraestrutura\",\"description\":\"Secretaria Municipal de Infraestrutura\",\"potentialAction\":[{\"@type\":\"SearchAction\",\"target\":{\"@type\":\"EntryPoint\",\"urlTemplate\":\"https:\/\/www.manaus.am.gov.br\/seminf\/?s={search_term_string}\"},\"query-input\":\"required name=search_term_string\"}],\"inLanguage\":\"pt-BR\"},{\"@type\":\"Person\",\"@id\":\"https:\/\/www.manaus.am.gov.br\/seminf\/#\/schema\/person\/d0a166b5031154c33c77794ddc9a827e\",\"name\":\"Cl\u00e1udia Barbosa\",\"image\":{\"@type\":\"ImageObject\",\"inLanguage\":\"pt-BR\",\"@id\":\"https:\/\/www.manaus.am.gov.br\/seminf\/#\/schema\/person\/image\/\",\"url\":\"https:\/\/secure.gravatar.com\/avatar\/42958a1cf007f1a00534009218c72590?s=96&d=mm&r=g\",\"contentUrl\":\"https:\/\/secure.gravatar.com\/avatar\/42958a1cf007f1a00534009218c72590?s=96&d=mm&r=g\",\"caption\":\"Cl\u00e1udia Barbosa\"}}]}<\/script>\n<!-- \/ Yoast SEO plugin. -->","yoast_head_json":{"title":"Prefeitura de Manaus leva conscientiza\u00e7\u00e3o sobre descarte regular de lixo para evitar eros\u00f5es e alagamentos na cidade","description":"A sexta-feira, 20\/4, foi um dia diferente para as 50 crian\u00e7as da escola municipal Ignes de Vasconcellos, situada no bairro Jorge Teixeira, zona Leste da capital.","robots":{"index":"index","follow":"follow","max-snippet":"max-snippet:-1","max-image-preview":"max-image-preview:large","max-video-preview":"max-video-preview:-1"},"canonical":"https:\/\/www.manaus.am.gov.br\/seminf\/prefeitura-de-manaus-leva-conscientizacao-sobre-descarte-regular-de-lixo-para-evitar-erosoes-e-alagamentos-na-cidade\/","og_locale":"pt_BR","og_type":"article","og_title":"Prefeitura de Manaus leva conscientiza\u00e7\u00e3o sobre descarte regular de lixo para evitar eros\u00f5es e alagamentos na cidade","og_description":"A sexta-feira, 20\/4, foi um dia diferente para as 50 crian\u00e7as da escola municipal Ignes de Vasconcellos, situada no bairro Jorge Teixeira, zona Leste da capital.","og_url":"https:\/\/www.manaus.am.gov.br\/seminf\/prefeitura-de-manaus-leva-conscientizacao-sobre-descarte-regular-de-lixo-para-evitar-erosoes-e-alagamentos-na-cidade\/","og_site_name":"SEMINF","article_published_time":"2023-04-21T15:37:11+00:00","article_modified_time":"2023-04-21T15:37:12+00:00","og_image":[{"width":2560,"height":1437,"url":"https:\/\/www.manaus.am.gov.br\/seminf\/wp-content\/uploads\/sites\/6\/2023\/04\/Prefeitura-de-Manaus-leva-conscientizacao-sobre-descarte-regular-de-lixo-para-evitar-erosoes-e-alagamentos-na-cidade-3-scaled.jpg","type":"image\/jpeg"}],"author":"Cl\u00e1udia Barbosa","twitter_card":"summary_large_image","twitter_misc":{"Written by":"Cl\u00e1udia Barbosa","Est. reading time":"4 minutos"},"schema":{"@context":"https:\/\/schema.org","@graph":[{"@type":"WebPage","@id":"https:\/\/www.manaus.am.gov.br\/seminf\/prefeitura-de-manaus-leva-conscientizacao-sobre-descarte-regular-de-lixo-para-evitar-erosoes-e-alagamentos-na-cidade\/","url":"https:\/\/www.manaus.am.gov.br\/seminf\/prefeitura-de-manaus-leva-conscientizacao-sobre-descarte-regular-de-lixo-para-evitar-erosoes-e-alagamentos-na-cidade\/","name":"Prefeitura de Manaus leva conscientiza\u00e7\u00e3o sobre descarte regular de lixo para evitar eros\u00f5es e alagamentos na cidade","isPartOf":{"@id":"https:\/\/www.manaus.am.gov.br\/seminf\/#website"},"primaryImageOfPage":{"@id":"https:\/\/www.manaus.am.gov.br\/seminf\/prefeitura-de-manaus-leva-conscientizacao-sobre-descarte-regular-de-lixo-para-evitar-erosoes-e-alagamentos-na-cidade\/#primaryimage"},"image":{"@id":"https:\/\/www.manaus.am.gov.br\/seminf\/prefeitura-de-manaus-leva-conscientizacao-sobre-descarte-regular-de-lixo-para-evitar-erosoes-e-alagamentos-na-cidade\/#primaryimage"},"thumbnailUrl":"https:\/\/www.manaus.am.gov.br\/seminf\/wp-content\/uploads\/sites\/6\/2023\/04\/Prefeitura-de-Manaus-leva-conscientizacao-sobre-descarte-regular-de-lixo-para-evitar-erosoes-e-alagamentos-na-cidade-3-scaled.jpg","datePublished":"2023-04-21T15:37:11+00:00","dateModified":"2023-04-21T15:37:12+00:00","author":{"@id":"https:\/\/www.manaus.am.gov.br\/seminf\/#\/schema\/person\/d0a166b5031154c33c77794ddc9a827e"},"description":"A sexta-feira, 20\/4, foi um dia diferente para as 50 crian\u00e7as da escola municipal Ignes de Vasconcellos, situada no bairro Jorge Teixeira, zona Leste da capital.","inLanguage":"pt-BR","potentialAction":[{"@type":"ReadAction","target":["https:\/\/www.manaus.am.gov.br\/seminf\/prefeitura-de-manaus-leva-conscientizacao-sobre-descarte-regular-de-lixo-para-evitar-erosoes-e-alagamentos-na-cidade\/"]}]},{"@type":"ImageObject","inLanguage":"pt-BR","@id":"https:\/\/www.manaus.am.gov.br\/seminf\/prefeitura-de-manaus-leva-conscientizacao-sobre-descarte-regular-de-lixo-para-evitar-erosoes-e-alagamentos-na-cidade\/#primaryimage","url":"https:\/\/www.manaus.am.gov.br\/seminf\/wp-content\/uploads\/sites\/6\/2023\/04\/Prefeitura-de-Manaus-leva-conscientizacao-sobre-descarte-regular-de-lixo-para-evitar-erosoes-e-alagamentos-na-cidade-3-scaled.jpg","contentUrl":"https:\/\/www.manaus.am.gov.br\/seminf\/wp-content\/uploads\/sites\/6\/2023\/04\/Prefeitura-de-Manaus-leva-conscientizacao-sobre-descarte-regular-de-lixo-para-evitar-erosoes-e-alagamentos-na-cidade-3-scaled.jpg","width":2560,"height":1437},{"@type":"WebSite","@id":"https:\/\/www.manaus.am.gov.br\/seminf\/#website","url":"https:\/\/www.manaus.am.gov.br\/seminf\/","name":"Secretaria de Infraestrutura","description":"Secretaria Municipal de Infraestrutura","potentialAction":[{"@type":"SearchAction","target":{"@type":"EntryPoint","urlTemplate":"https:\/\/www.manaus.am.gov.br\/seminf\/?s={search_term_string}"},"query-input":"required name=search_term_string"}],"inLanguage":"pt-BR"},{"@type":"Person","@id":"https:\/\/www.manaus.am.gov.br\/seminf\/#\/schema\/person\/d0a166b5031154c33c77794ddc9a827e","name":"Cl\u00e1udia Barbosa","image":{"@type":"ImageObject","inLanguage":"pt-BR","@id":"https:\/\/www.manaus.am.gov.br\/seminf\/#\/schema\/person\/image\/","url":"https:\/\/secure.gravatar.com\/avatar\/42958a1cf007f1a00534009218c72590?s=96&d=mm&r=g","contentUrl":"https:\/\/secure.gravatar.com\/avatar\/42958a1cf007f1a00534009218c72590?s=96&d=mm&r=g","caption":"Cl\u00e1udia Barbosa"}}]}},"_links":{"self":[{"href":"https:\/\/www.manaus.am.gov.br\/seminf\/wp-json\/wp\/v2\/posts\/1257"}],"collection":[{"href":"https:\/\/www.manaus.am.gov.br\/seminf\/wp-json\/wp\/v2\/posts"}],"about":[{"href":"https:\/\/www.manaus.am.gov.br\/seminf\/wp-json\/wp\/v2\/types\/post"}],"author":[{"embeddable":true,"href":"https:\/\/www.manaus.am.gov.br\/seminf\/wp-json\/wp\/v2\/users\/24"}],"replies":[{"embeddable":true,"href":"https:\/\/www.manaus.am.gov.br\/seminf\/wp-json\/wp\/v2\/comments?post=1257"}],"version-history":[{"count":0,"href":"https:\/\/www.manaus.am.gov.br\/seminf\/wp-json\/wp\/v2\/posts\/1257\/revisions"}],"wp:featuredmedia":[{"embeddable":true,"href":"https:\/\/www.manaus.am.gov.br\/seminf\/wp-json\/wp\/v2\/media\/1258"}],"wp:attachment":[{"href":"https:\/\/www.manaus.am.gov.br\/seminf\/wp-json\/wp\/v2\/media?parent=1257"}],"wp:term":[{"taxonomy":"category","embeddable":true,"href":"https:\/\/www.manaus.am.gov.br\/seminf\/wp-json\/wp\/v2\/categories?post=1257"},{"taxonomy":"post_tag","embeddable":true,"href":"https:\/\/www.manaus.am.gov.br\/seminf\/wp-json\/wp\/v2\/tags?post=1257"}],"curies":[{"name":"wp","href":"https:\/\/api.w.org\/{rel}","templated":true}]}}