{"id":1251,"date":"2023-04-20T16:47:08","date_gmt":"2023-04-20T20:47:08","guid":{"rendered":"https:\/\/www.manaus.am.gov.br\/seminf\/prefeitura-de-manaus-realiza-manutencao-de-caixas-coletoras-no-bairro-novo-aleixo\/"},"modified":"2023-04-20T16:47:09","modified_gmt":"2023-04-20T20:47:09","slug":"prefeitura-de-manaus-realiza-manutencao-de-caixas-coletoras-no-bairro-novo-aleixo","status":"publish","type":"post","link":"https:\/\/www.manaus.am.gov.br\/seminf\/prefeitura-de-manaus-realiza-manutencao-de-caixas-coletoras-no-bairro-novo-aleixo\/","title":{"rendered":"<strong>Prefeitura de Manaus realiza manuten\u00e7\u00e3o de caixas coletoras no bairro Novo Aleixo<\/strong>"},"content":{"rendered":"\n<p>A Prefeitura de Manaus, por meio da Secretaria Municipal de Infraestrutura (Seminf), realizou, nesta quinta-feira, 20\/4, a limpeza e desobstru\u00e7\u00e3o de uma caixa coletora de \u00e1guas pluviais na rua Jo\u00e3o C\u00e2mara, bairro Novo Aleixo, zona Leste.<\/p>\n\n\n\n<p>A caixa coletora estava tomada por lixo acumulado, por conta do descarte irregular, e teve o fundo totalmente rompido, o que provocava alagamentos na via. As equipes da Secretaria de Obras atuam nos trabalhos de recomposi\u00e7\u00e3o da caixa, utilizando uma mistura de areia e cimento para fazer a concretagem e, dessa forma, garantir o fluxo correto das \u00e1guas pluviais.&nbsp;<\/p>\n\n\n\n<p>\u201cEsse trabalho \u00e9 rotineiro e tem como meta melhorar a efici\u00eancia do sistema de passagem de \u00e1guas pluviais, retirando os res\u00edduos que se acumulam nesses locais em raz\u00e3o do descarte irregular de lixo em vias p\u00fablicas, dificultando o escoamento normal das \u00e1guas das chuvas. As equipes da Seminf trabalham em v\u00e1rios pontos da cidade, conforme determinam o prefeito David Almeida e o secret\u00e1rio de Obras, Renato Junior\u201d, explica o engenheiro \u00c9dson J\u00fanior.<\/p>\n\n\n\n<p>De acordo com \u00c9dson J\u00fanior, o servi\u00e7o \u00e9 executado diariamente e intensificado no per\u00edodo de inverno amaz\u00f4nico, reduzindo os locais de inunda\u00e7\u00e3o, facilitando o escoamento de \u00e1guas pluviais em ruas e avenidas da cidade.<\/p>\n\n\n\n<p>\u201cAqui nesta \u00e1rea do Novo Aleixo, encontramos muita sujeira proveniente de lixo descartado de forma irregular, que causou o comprometimento na fluidez das \u00e1guas das chuvas. Realizamos a limpeza da caixa coletora e estamos refazendo a estrutura da caixa, toda em concreto\u201d, explicou o engenheiro.&nbsp;<\/p>\n\n\n\n<p>O engenheiro ressalta que \u00e9 fundamental a contribui\u00e7\u00e3o da popula\u00e7\u00e3o na manuten\u00e7\u00e3o dos bueiros livres de res\u00edduos, acondicionando corretamente o lixo, uma vez que esse \u00e9 o maior problema de rompimentos de tubula\u00e7\u00f5es e caixas coletoras na cidade.<\/p>\n\n\n\n<p>&#8212; &#8212; &#8212;<\/p>\n\n\n\n<p><strong>Texto<\/strong> &#8211; Mariana Rocha \/ Seminf<\/p>\n\n\n\n<p><strong>Fotos<\/strong> &#8211; M\u00e1rcio \/ Seminf<\/p>\n","protected":false},"excerpt":{"rendered":"","protected":false},"author":31,"featured_media":1252,"comment_status":"closed","ping_status":"closed","sticky":false,"template":"","format":"standard","meta":{"footnotes":""},"categories":[60],"tags":[313,63,591],"acf":[],"yoast_head":"<!-- This site is optimized with the Yoast SEO plugin v23.0 - https:\/\/yoast.com\/wordpress\/plugins\/seo\/ -->\n<title>Prefeitura de Manaus realiza manuten\u00e7\u00e3o de caixas coletoras no bairro Novo Aleixo - SEMINF<\/title>\n<meta name=\"robots\" content=\"index, follow, max-snippet:-1, max-image-preview:large, max-video-preview:-1\" \/>\n<link rel=\"canonical\" href=\"https:\/\/www.manaus.am.gov.br\/seminf\/prefeitura-de-manaus-realiza-manutencao-de-caixas-coletoras-no-bairro-novo-aleixo\/\" \/>\n<meta property=\"og:locale\" content=\"pt_BR\" \/>\n<meta property=\"og:type\" content=\"article\" \/>\n<meta property=\"og:title\" content=\"Prefeitura de Manaus realiza manuten\u00e7\u00e3o de caixas coletoras no bairro Novo Aleixo - SEMINF\" \/>\n<meta property=\"og:url\" content=\"https:\/\/www.manaus.am.gov.br\/seminf\/prefeitura-de-manaus-realiza-manutencao-de-caixas-coletoras-no-bairro-novo-aleixo\/\" \/>\n<meta property=\"og:site_name\" content=\"SEMINF\" \/>\n<meta property=\"article:published_time\" content=\"2023-04-20T20:47:08+00:00\" \/>\n<meta property=\"article:modified_time\" content=\"2023-04-20T20:47:09+00:00\" \/>\n<meta property=\"og:image\" content=\"https:\/\/www.manaus.am.gov.br\/seminf\/wp-content\/uploads\/sites\/6\/2023\/04\/image00005-3-scaled.jpg\" \/>\n\t<meta property=\"og:image:width\" content=\"2560\" \/>\n\t<meta property=\"og:image:height\" content=\"1706\" \/>\n\t<meta property=\"og:image:type\" content=\"image\/jpeg\" \/>\n<meta name=\"author\" content=\"Renata Felix\" \/>\n<meta name=\"twitter:card\" content=\"summary_large_image\" \/>\n<meta name=\"twitter:label1\" content=\"Written by\" \/>\n\t<meta name=\"twitter:data1\" content=\"Renata Felix\" \/>\n\t<meta name=\"twitter:label2\" content=\"Est. reading time\" \/>\n\t<meta name=\"twitter:data2\" content=\"2 minutos\" \/>\n<script type=\"application\/ld+json\" class=\"yoast-schema-graph\">{\"@context\":\"https:\/\/schema.org\",\"@graph\":[{\"@type\":\"WebPage\",\"@id\":\"https:\/\/www.manaus.am.gov.br\/seminf\/prefeitura-de-manaus-realiza-manutencao-de-caixas-coletoras-no-bairro-novo-aleixo\/\",\"url\":\"https:\/\/www.manaus.am.gov.br\/seminf\/prefeitura-de-manaus-realiza-manutencao-de-caixas-coletoras-no-bairro-novo-aleixo\/\",\"name\":\"Prefeitura de Manaus realiza manuten\u00e7\u00e3o de caixas coletoras no bairro Novo Aleixo - SEMINF\",\"isPartOf\":{\"@id\":\"https:\/\/www.manaus.am.gov.br\/seminf\/#website\"},\"primaryImageOfPage\":{\"@id\":\"https:\/\/www.manaus.am.gov.br\/seminf\/prefeitura-de-manaus-realiza-manutencao-de-caixas-coletoras-no-bairro-novo-aleixo\/#primaryimage\"},\"image\":{\"@id\":\"https:\/\/www.manaus.am.gov.br\/seminf\/prefeitura-de-manaus-realiza-manutencao-de-caixas-coletoras-no-bairro-novo-aleixo\/#primaryimage\"},\"thumbnailUrl\":\"https:\/\/www.manaus.am.gov.br\/seminf\/wp-content\/uploads\/sites\/6\/2023\/04\/image00005-3-scaled.jpg\",\"datePublished\":\"2023-04-20T20:47:08+00:00\",\"dateModified\":\"2023-04-20T20:47:09+00:00\",\"author\":{\"@id\":\"https:\/\/www.manaus.am.gov.br\/seminf\/#\/schema\/person\/4eea2a8f78dc853097abb026f728aa06\"},\"inLanguage\":\"pt-BR\",\"potentialAction\":[{\"@type\":\"ReadAction\",\"target\":[\"https:\/\/www.manaus.am.gov.br\/seminf\/prefeitura-de-manaus-realiza-manutencao-de-caixas-coletoras-no-bairro-novo-aleixo\/\"]}]},{\"@type\":\"ImageObject\",\"inLanguage\":\"pt-BR\",\"@id\":\"https:\/\/www.manaus.am.gov.br\/seminf\/prefeitura-de-manaus-realiza-manutencao-de-caixas-coletoras-no-bairro-novo-aleixo\/#primaryimage\",\"url\":\"https:\/\/www.manaus.am.gov.br\/seminf\/wp-content\/uploads\/sites\/6\/2023\/04\/image00005-3-scaled.jpg\",\"contentUrl\":\"https:\/\/www.manaus.am.gov.br\/seminf\/wp-content\/uploads\/sites\/6\/2023\/04\/image00005-3-scaled.jpg\",\"width\":2560,\"height\":1706},{\"@type\":\"WebSite\",\"@id\":\"https:\/\/www.manaus.am.gov.br\/seminf\/#website\",\"url\":\"https:\/\/www.manaus.am.gov.br\/seminf\/\",\"name\":\"Secretaria de Infraestrutura\",\"description\":\"Secretaria Municipal de Infraestrutura\",\"potentialAction\":[{\"@type\":\"SearchAction\",\"target\":{\"@type\":\"EntryPoint\",\"urlTemplate\":\"https:\/\/www.manaus.am.gov.br\/seminf\/?s={search_term_string}\"},\"query-input\":\"required name=search_term_string\"}],\"inLanguage\":\"pt-BR\"},{\"@type\":\"Person\",\"@id\":\"https:\/\/www.manaus.am.gov.br\/seminf\/#\/schema\/person\/4eea2a8f78dc853097abb026f728aa06\",\"name\":\"Renata Felix\",\"image\":{\"@type\":\"ImageObject\",\"inLanguage\":\"pt-BR\",\"@id\":\"https:\/\/www.manaus.am.gov.br\/seminf\/#\/schema\/person\/image\/\",\"url\":\"https:\/\/secure.gravatar.com\/avatar\/3c196cf9d3b837b24c8edb2c50fd8f29?s=96&d=mm&r=g\",\"contentUrl\":\"https:\/\/secure.gravatar.com\/avatar\/3c196cf9d3b837b24c8edb2c50fd8f29?s=96&d=mm&r=g\",\"caption\":\"Renata Felix\"}}]}<\/script>\n<!-- \/ Yoast SEO plugin. -->","yoast_head_json":{"title":"Prefeitura de Manaus realiza manuten\u00e7\u00e3o de caixas coletoras no bairro Novo Aleixo - SEMINF","robots":{"index":"index","follow":"follow","max-snippet":"max-snippet:-1","max-image-preview":"max-image-preview:large","max-video-preview":"max-video-preview:-1"},"canonical":"https:\/\/www.manaus.am.gov.br\/seminf\/prefeitura-de-manaus-realiza-manutencao-de-caixas-coletoras-no-bairro-novo-aleixo\/","og_locale":"pt_BR","og_type":"article","og_title":"Prefeitura de Manaus realiza manuten\u00e7\u00e3o de caixas coletoras no bairro Novo Aleixo - SEMINF","og_url":"https:\/\/www.manaus.am.gov.br\/seminf\/prefeitura-de-manaus-realiza-manutencao-de-caixas-coletoras-no-bairro-novo-aleixo\/","og_site_name":"SEMINF","article_published_time":"2023-04-20T20:47:08+00:00","article_modified_time":"2023-04-20T20:47:09+00:00","og_image":[{"width":2560,"height":1706,"url":"https:\/\/www.manaus.am.gov.br\/seminf\/wp-content\/uploads\/sites\/6\/2023\/04\/image00005-3-scaled.jpg","type":"image\/jpeg"}],"author":"Renata Felix","twitter_card":"summary_large_image","twitter_misc":{"Written by":"Renata Felix","Est. reading time":"2 minutos"},"schema":{"@context":"https:\/\/schema.org","@graph":[{"@type":"WebPage","@id":"https:\/\/www.manaus.am.gov.br\/seminf\/prefeitura-de-manaus-realiza-manutencao-de-caixas-coletoras-no-bairro-novo-aleixo\/","url":"https:\/\/www.manaus.am.gov.br\/seminf\/prefeitura-de-manaus-realiza-manutencao-de-caixas-coletoras-no-bairro-novo-aleixo\/","name":"Prefeitura de Manaus realiza manuten\u00e7\u00e3o de caixas coletoras no bairro Novo Aleixo - SEMINF","isPartOf":{"@id":"https:\/\/www.manaus.am.gov.br\/seminf\/#website"},"primaryImageOfPage":{"@id":"https:\/\/www.manaus.am.gov.br\/seminf\/prefeitura-de-manaus-realiza-manutencao-de-caixas-coletoras-no-bairro-novo-aleixo\/#primaryimage"},"image":{"@id":"https:\/\/www.manaus.am.gov.br\/seminf\/prefeitura-de-manaus-realiza-manutencao-de-caixas-coletoras-no-bairro-novo-aleixo\/#primaryimage"},"thumbnailUrl":"https:\/\/www.manaus.am.gov.br\/seminf\/wp-content\/uploads\/sites\/6\/2023\/04\/image00005-3-scaled.jpg","datePublished":"2023-04-20T20:47:08+00:00","dateModified":"2023-04-20T20:47:09+00:00","author":{"@id":"https:\/\/www.manaus.am.gov.br\/seminf\/#\/schema\/person\/4eea2a8f78dc853097abb026f728aa06"},"inLanguage":"pt-BR","potentialAction":[{"@type":"ReadAction","target":["https:\/\/www.manaus.am.gov.br\/seminf\/prefeitura-de-manaus-realiza-manutencao-de-caixas-coletoras-no-bairro-novo-aleixo\/"]}]},{"@type":"ImageObject","inLanguage":"pt-BR","@id":"https:\/\/www.manaus.am.gov.br\/seminf\/prefeitura-de-manaus-realiza-manutencao-de-caixas-coletoras-no-bairro-novo-aleixo\/#primaryimage","url":"https:\/\/www.manaus.am.gov.br\/seminf\/wp-content\/uploads\/sites\/6\/2023\/04\/image00005-3-scaled.jpg","contentUrl":"https:\/\/www.manaus.am.gov.br\/seminf\/wp-content\/uploads\/sites\/6\/2023\/04\/image00005-3-scaled.jpg","width":2560,"height":1706},{"@type":"WebSite","@id":"https:\/\/www.manaus.am.gov.br\/seminf\/#website","url":"https:\/\/www.manaus.am.gov.br\/seminf\/","name":"Secretaria de Infraestrutura","description":"Secretaria Municipal de Infraestrutura","potentialAction":[{"@type":"SearchAction","target":{"@type":"EntryPoint","urlTemplate":"https:\/\/www.manaus.am.gov.br\/seminf\/?s={search_term_string}"},"query-input":"required name=search_term_string"}],"inLanguage":"pt-BR"},{"@type":"Person","@id":"https:\/\/www.manaus.am.gov.br\/seminf\/#\/schema\/person\/4eea2a8f78dc853097abb026f728aa06","name":"Renata Felix","image":{"@type":"ImageObject","inLanguage":"pt-BR","@id":"https:\/\/www.manaus.am.gov.br\/seminf\/#\/schema\/person\/image\/","url":"https:\/\/secure.gravatar.com\/avatar\/3c196cf9d3b837b24c8edb2c50fd8f29?s=96&d=mm&r=g","contentUrl":"https:\/\/secure.gravatar.com\/avatar\/3c196cf9d3b837b24c8edb2c50fd8f29?s=96&d=mm&r=g","caption":"Renata Felix"}}]}},"_links":{"self":[{"href":"https:\/\/www.manaus.am.gov.br\/seminf\/wp-json\/wp\/v2\/posts\/1251"}],"collection":[{"href":"https:\/\/www.manaus.am.gov.br\/seminf\/wp-json\/wp\/v2\/posts"}],"about":[{"href":"https:\/\/www.manaus.am.gov.br\/seminf\/wp-json\/wp\/v2\/types\/post"}],"author":[{"embeddable":true,"href":"https:\/\/www.manaus.am.gov.br\/seminf\/wp-json\/wp\/v2\/users\/31"}],"replies":[{"embeddable":true,"href":"https:\/\/www.manaus.am.gov.br\/seminf\/wp-json\/wp\/v2\/comments?post=1251"}],"version-history":[{"count":0,"href":"https:\/\/www.manaus.am.gov.br\/seminf\/wp-json\/wp\/v2\/posts\/1251\/revisions"}],"wp:featuredmedia":[{"embeddable":true,"href":"https:\/\/www.manaus.am.gov.br\/seminf\/wp-json\/wp\/v2\/media\/1252"}],"wp:attachment":[{"href":"https:\/\/www.manaus.am.gov.br\/seminf\/wp-json\/wp\/v2\/media?parent=1251"}],"wp:term":[{"taxonomy":"category","embeddable":true,"href":"https:\/\/www.manaus.am.gov.br\/seminf\/wp-json\/wp\/v2\/categories?post=1251"},{"taxonomy":"post_tag","embeddable":true,"href":"https:\/\/www.manaus.am.gov.br\/seminf\/wp-json\/wp\/v2\/tags?post=1251"}],"curies":[{"name":"wp","href":"https:\/\/api.w.org\/{rel}","templated":true}]}}