{"id":1223,"date":"2023-04-16T12:24:33","date_gmt":"2023-04-16T16:24:33","guid":{"rendered":"https:\/\/www.manaus.am.gov.br\/seminf\/prefeitura-entrega-revitalizacao-do-espaco-comunitario-do-conjunto-mundo-novo\/"},"modified":"2023-04-16T12:24:35","modified_gmt":"2023-04-16T16:24:35","slug":"prefeitura-entrega-revitalizacao-do-espaco-comunitario-do-conjunto-mundo-novo","status":"publish","type":"post","link":"https:\/\/www.manaus.am.gov.br\/seminf\/prefeitura-entrega-revitalizacao-do-espaco-comunitario-do-conjunto-mundo-novo\/","title":{"rendered":"<strong>Prefeitura entrega revitaliza\u00e7\u00e3o do espa\u00e7o comunit\u00e1rio do conjunto Mundo Novo<\/strong>"},"content":{"rendered":"\n<p>O prefeito de Manaus, David Almeida, acompanhado pelos titulares das secretarias municipais de Infraestrutura (Seminf), Renato Junior, e de Limpeza Urbana (Semulsp), Sab\u00e1 Reis, entregou, neste domingo, 16\/4, o Centro Comunit\u00e1rio do conjunto Mundo Novo, localizado na Cidade Nova, zona Norte da capital, totalmente revitalizado. O espa\u00e7o, que n\u00e3o recebia manuten\u00e7\u00e3o h\u00e1 mais de 15 anos, tamb\u00e9m foi contemplado com a reforma da pra\u00e7a do Saci, que recebeu um espa\u00e7o coberto e um palco.<\/p>\n\n\n\n<p>Para David Almeida, a obra ir\u00e1 melhorar o dia a dia dos moradores do conjunto, uma vez que o novo centro comunit\u00e1rio ser\u00e1 um ponto de encontro para a sociedade.<\/p>\n\n\n\n<p>&#8220;Esses pequenos espa\u00e7os comunit\u00e1rios s\u00e3o muito importantes para o conv\u00edvio da popula\u00e7\u00e3o dessas \u00e1reas. Estamos fazendo essas recupera\u00e7\u00f5es, essas entregas, modernizando, humanizando e entregando \u00e0 popula\u00e7\u00e3o para que elas possam fazer as suas atividades comunit\u00e1rias com uma melhor qualidade. S\u00e3o v\u00e1rios espa\u00e7os como esse na cidade e n\u00f3s vamos continuar trabalhando para devolver com a melhor qualidade poss\u00edvel para a sociedade&#8221;, enfatizou Almeida.<\/p>\n\n\n\n<p>O centro comunit\u00e1rio, que serve de sede para a associa\u00e7\u00e3o de moradores do conjunto, teve suas paredes, grades, banheiro e sala de reuni\u00e3o restaurados. No local, a Semulsp realizou o servi\u00e7o de paisagismo, restaura\u00e7\u00e3o de cal\u00e7adas, pintura do mosaico, al\u00e9m de contar com um monumento novo do personagem que d\u00e1 nome \u00e0 pra\u00e7a.<\/p>\n\n\n\n<p>&#8220;Estamos cumprindo aqui mais uma orienta\u00e7\u00e3o do prefeito David Almeida que tem um olhar sens\u00edvel \u00e0 necessidade da popula\u00e7\u00e3o da nossa cidade. Os servidores da Semulsp se esfor\u00e7aram e conseguiram, em menos de 15 dias, recuperar totalmente a pra\u00e7a do Saci e o centro<\/p>\n\n\n\n<p>comunit\u00e1rio do Mundo Novo. Essa \u00e9 a sexta recupera\u00e7\u00e3o que fazemos com os nossos servidores e n\u00e3o vamos parar por aqui. Tenho certeza que vamos ampliar este servi\u00e7o para contemplar toda a nossa cidade&#8221;, afirmou o titular da Semulsp, Sab\u00e1 Reis.<\/p>\n\n\n\n<p>Vale ressaltar que n\u00e3o foi apenas a pra\u00e7a que recebeu aten\u00e7\u00e3o da prefeitura. Por meio da Seminf, foi realizado o recapeamento das vias do entorno do local, com a aplica\u00e7\u00e3o de 90 toneladas de massa. De acordo com o secret\u00e1rio de Obras, Renato Junior, o mesmo servi\u00e7o ser\u00e1 realizado em todas as zonas da capital amazonense por meio do programa de ver\u00e3o, que ser\u00e1 lan\u00e7ado nas pr\u00f3ximas semanas.<\/p>\n\n\n\n<p>&#8220;Todas as zonas da cidade ir\u00e3o receber uma aten\u00e7\u00e3o especial da Prefeitura de Manaus. Foram muitos anos de abandono, principalmente nas zonas Norte e Leste, por isso estamos intensificando o trabalho nestes locais, por\u00e9m as a\u00e7\u00f5es da prefeitura, por meio de todas as suas secretarias, ir\u00e3o contemplar toda a nossa popula\u00e7\u00e3o. Tenha certeza que o nosso objetivo \u00e9 levar o melhor servi\u00e7o p\u00fablico para as pessoas e assim garantir uma melhor qualidade de vida para todos&#8221;, destacou Renato.<\/p>\n\n\n\n<p>Vice-presidente comunit\u00e1ria do conjunto Mundo Novo, a advogada Rayssa Moutinho afirmou que essa reinaugura\u00e7\u00e3o marca a virada de p\u00e1gina na hist\u00f3ria do local.<\/p>\n\n\n\n<p>&#8220;Hoje, \u00e9 um dia extremamente emblem\u00e1tico para os moradores do conjunto Mundo Novo. Foi feito algo in\u00e9dito para a hist\u00f3ria desse residencial com toda essa revitaliza\u00e7\u00e3o, pintura e outros servi\u00e7os. O sentimento \u00e9 de gratid\u00e3o e de renova\u00e7\u00e3o, pois a ideia \u00e9 marcar uma nova fase para os moradores e para a diretoria&#8221;, concluiu.<\/p>\n\n\n\n<p>&#8212; &#8212; &#8212;<\/p>\n\n\n\n<p><strong>Texto \u2013 <\/strong>Thiago Fernando \/ Semcom<\/p>\n\n\n\n<p><strong>Fotos \u2013<\/strong> Jo\u00e3o Viana e Ruan Souza \/ Semcom<\/p>\n\n\n\n<p><strong>Dispon\u00edveis em \u2013 <\/strong><a href=\"https:\/\/flic.kr\/s\/aHBqjAzYEW\">https:\/\/flic.kr\/s\/aHBqjAzYEW<\/a><\/p>\n","protected":false},"excerpt":{"rendered":"","protected":false},"author":39,"featured_media":1224,"comment_status":"closed","ping_status":"closed","sticky":false,"template":"","format":"standard","meta":{"footnotes":""},"categories":[74],"tags":[93,28,567,568,171,123,26],"acf":[],"yoast_head":"<!-- This site is optimized with the Yoast SEO plugin v23.0 - https:\/\/yoast.com\/wordpress\/plugins\/seo\/ -->\n<title>Prefeitura entrega revitaliza\u00e7\u00e3o do espa\u00e7o comunit\u00e1rio do conjunto Mundo Novo<\/title>\n<meta name=\"description\" content=\"O espa\u00e7o, que n\u00e3o recebia manuten\u00e7\u00e3o h\u00e1 mais de 15 anos, tamb\u00e9m foi contemplado com a reforma da pra\u00e7a do Saci, que recebeu um espa\u00e7o coberto e um palco.\" \/>\n<meta name=\"robots\" content=\"index, follow, max-snippet:-1, max-image-preview:large, max-video-preview:-1\" \/>\n<link rel=\"canonical\" href=\"https:\/\/www.manaus.am.gov.br\/seminf\/prefeitura-entrega-revitalizacao-do-espaco-comunitario-do-conjunto-mundo-novo\/\" \/>\n<meta property=\"og:locale\" content=\"pt_BR\" \/>\n<meta property=\"og:type\" content=\"article\" \/>\n<meta property=\"og:title\" content=\"Prefeitura entrega revitaliza\u00e7\u00e3o do espa\u00e7o comunit\u00e1rio do conjunto Mundo Novo\" \/>\n<meta property=\"og:description\" content=\"O espa\u00e7o, que n\u00e3o recebia manuten\u00e7\u00e3o h\u00e1 mais de 15 anos, tamb\u00e9m foi contemplado com a reforma da pra\u00e7a do Saci, que recebeu um espa\u00e7o coberto e um palco.\" \/>\n<meta property=\"og:url\" content=\"https:\/\/www.manaus.am.gov.br\/seminf\/prefeitura-entrega-revitalizacao-do-espaco-comunitario-do-conjunto-mundo-novo\/\" \/>\n<meta property=\"og:site_name\" content=\"SEMINF\" \/>\n<meta property=\"article:published_time\" content=\"2023-04-16T16:24:33+00:00\" \/>\n<meta property=\"article:modified_time\" content=\"2023-04-16T16:24:35+00:00\" \/>\n<meta property=\"og:image\" content=\"https:\/\/www.manaus.am.gov.br\/seminf\/wp-content\/uploads\/sites\/6\/2023\/04\/52821232407_c6d1ccc35c_b.jpg\" \/>\n\t<meta property=\"og:image:width\" content=\"1024\" \/>\n\t<meta property=\"og:image:height\" content=\"683\" \/>\n\t<meta property=\"og:image:type\" content=\"image\/jpeg\" \/>\n<meta name=\"author\" content=\"Bruna Greco\" \/>\n<meta name=\"twitter:card\" content=\"summary_large_image\" \/>\n<meta name=\"twitter:label1\" content=\"Written by\" \/>\n\t<meta name=\"twitter:data1\" content=\"Bruna Greco\" \/>\n\t<meta name=\"twitter:label2\" content=\"Est. reading time\" \/>\n\t<meta name=\"twitter:data2\" content=\"4 minutos\" \/>\n<script type=\"application\/ld+json\" class=\"yoast-schema-graph\">{\"@context\":\"https:\/\/schema.org\",\"@graph\":[{\"@type\":\"WebPage\",\"@id\":\"https:\/\/www.manaus.am.gov.br\/seminf\/prefeitura-entrega-revitalizacao-do-espaco-comunitario-do-conjunto-mundo-novo\/\",\"url\":\"https:\/\/www.manaus.am.gov.br\/seminf\/prefeitura-entrega-revitalizacao-do-espaco-comunitario-do-conjunto-mundo-novo\/\",\"name\":\"Prefeitura entrega revitaliza\u00e7\u00e3o do espa\u00e7o comunit\u00e1rio do conjunto Mundo Novo\",\"isPartOf\":{\"@id\":\"https:\/\/www.manaus.am.gov.br\/seminf\/#website\"},\"primaryImageOfPage\":{\"@id\":\"https:\/\/www.manaus.am.gov.br\/seminf\/prefeitura-entrega-revitalizacao-do-espaco-comunitario-do-conjunto-mundo-novo\/#primaryimage\"},\"image\":{\"@id\":\"https:\/\/www.manaus.am.gov.br\/seminf\/prefeitura-entrega-revitalizacao-do-espaco-comunitario-do-conjunto-mundo-novo\/#primaryimage\"},\"thumbnailUrl\":\"https:\/\/www.manaus.am.gov.br\/seminf\/wp-content\/uploads\/sites\/6\/2023\/04\/52821232407_c6d1ccc35c_b.jpg\",\"datePublished\":\"2023-04-16T16:24:33+00:00\",\"dateModified\":\"2023-04-16T16:24:35+00:00\",\"author\":{\"@id\":\"https:\/\/www.manaus.am.gov.br\/seminf\/#\/schema\/person\/05d223aea2bf115f9883a6ff3683d81b\"},\"description\":\"O espa\u00e7o, que n\u00e3o recebia manuten\u00e7\u00e3o h\u00e1 mais de 15 anos, tamb\u00e9m foi contemplado com a reforma da pra\u00e7a do Saci, que recebeu um espa\u00e7o coberto e um palco.\",\"inLanguage\":\"pt-BR\",\"potentialAction\":[{\"@type\":\"ReadAction\",\"target\":[\"https:\/\/www.manaus.am.gov.br\/seminf\/prefeitura-entrega-revitalizacao-do-espaco-comunitario-do-conjunto-mundo-novo\/\"]}]},{\"@type\":\"ImageObject\",\"inLanguage\":\"pt-BR\",\"@id\":\"https:\/\/www.manaus.am.gov.br\/seminf\/prefeitura-entrega-revitalizacao-do-espaco-comunitario-do-conjunto-mundo-novo\/#primaryimage\",\"url\":\"https:\/\/www.manaus.am.gov.br\/seminf\/wp-content\/uploads\/sites\/6\/2023\/04\/52821232407_c6d1ccc35c_b.jpg\",\"contentUrl\":\"https:\/\/www.manaus.am.gov.br\/seminf\/wp-content\/uploads\/sites\/6\/2023\/04\/52821232407_c6d1ccc35c_b.jpg\",\"width\":1024,\"height\":683},{\"@type\":\"WebSite\",\"@id\":\"https:\/\/www.manaus.am.gov.br\/seminf\/#website\",\"url\":\"https:\/\/www.manaus.am.gov.br\/seminf\/\",\"name\":\"Secretaria de Infraestrutura\",\"description\":\"Secretaria Municipal de Infraestrutura\",\"potentialAction\":[{\"@type\":\"SearchAction\",\"target\":{\"@type\":\"EntryPoint\",\"urlTemplate\":\"https:\/\/www.manaus.am.gov.br\/seminf\/?s={search_term_string}\"},\"query-input\":\"required name=search_term_string\"}],\"inLanguage\":\"pt-BR\"},{\"@type\":\"Person\",\"@id\":\"https:\/\/www.manaus.am.gov.br\/seminf\/#\/schema\/person\/05d223aea2bf115f9883a6ff3683d81b\",\"name\":\"Bruna Greco\",\"image\":{\"@type\":\"ImageObject\",\"inLanguage\":\"pt-BR\",\"@id\":\"https:\/\/www.manaus.am.gov.br\/seminf\/#\/schema\/person\/image\/\",\"url\":\"https:\/\/secure.gravatar.com\/avatar\/9c877d1a6adc2a055330e5c09a8653ce?s=96&d=mm&r=g\",\"contentUrl\":\"https:\/\/secure.gravatar.com\/avatar\/9c877d1a6adc2a055330e5c09a8653ce?s=96&d=mm&r=g\",\"caption\":\"Bruna Greco\"}}]}<\/script>\n<!-- \/ Yoast SEO plugin. -->","yoast_head_json":{"title":"Prefeitura entrega revitaliza\u00e7\u00e3o do espa\u00e7o comunit\u00e1rio do conjunto Mundo Novo","description":"O espa\u00e7o, que n\u00e3o recebia manuten\u00e7\u00e3o h\u00e1 mais de 15 anos, tamb\u00e9m foi contemplado com a reforma da pra\u00e7a do Saci, que recebeu um espa\u00e7o coberto e um palco.","robots":{"index":"index","follow":"follow","max-snippet":"max-snippet:-1","max-image-preview":"max-image-preview:large","max-video-preview":"max-video-preview:-1"},"canonical":"https:\/\/www.manaus.am.gov.br\/seminf\/prefeitura-entrega-revitalizacao-do-espaco-comunitario-do-conjunto-mundo-novo\/","og_locale":"pt_BR","og_type":"article","og_title":"Prefeitura entrega revitaliza\u00e7\u00e3o do espa\u00e7o comunit\u00e1rio do conjunto Mundo Novo","og_description":"O espa\u00e7o, que n\u00e3o recebia manuten\u00e7\u00e3o h\u00e1 mais de 15 anos, tamb\u00e9m foi contemplado com a reforma da pra\u00e7a do Saci, que recebeu um espa\u00e7o coberto e um palco.","og_url":"https:\/\/www.manaus.am.gov.br\/seminf\/prefeitura-entrega-revitalizacao-do-espaco-comunitario-do-conjunto-mundo-novo\/","og_site_name":"SEMINF","article_published_time":"2023-04-16T16:24:33+00:00","article_modified_time":"2023-04-16T16:24:35+00:00","og_image":[{"width":1024,"height":683,"url":"https:\/\/www.manaus.am.gov.br\/seminf\/wp-content\/uploads\/sites\/6\/2023\/04\/52821232407_c6d1ccc35c_b.jpg","type":"image\/jpeg"}],"author":"Bruna Greco","twitter_card":"summary_large_image","twitter_misc":{"Written by":"Bruna Greco","Est. reading time":"4 minutos"},"schema":{"@context":"https:\/\/schema.org","@graph":[{"@type":"WebPage","@id":"https:\/\/www.manaus.am.gov.br\/seminf\/prefeitura-entrega-revitalizacao-do-espaco-comunitario-do-conjunto-mundo-novo\/","url":"https:\/\/www.manaus.am.gov.br\/seminf\/prefeitura-entrega-revitalizacao-do-espaco-comunitario-do-conjunto-mundo-novo\/","name":"Prefeitura entrega revitaliza\u00e7\u00e3o do espa\u00e7o comunit\u00e1rio do conjunto Mundo Novo","isPartOf":{"@id":"https:\/\/www.manaus.am.gov.br\/seminf\/#website"},"primaryImageOfPage":{"@id":"https:\/\/www.manaus.am.gov.br\/seminf\/prefeitura-entrega-revitalizacao-do-espaco-comunitario-do-conjunto-mundo-novo\/#primaryimage"},"image":{"@id":"https:\/\/www.manaus.am.gov.br\/seminf\/prefeitura-entrega-revitalizacao-do-espaco-comunitario-do-conjunto-mundo-novo\/#primaryimage"},"thumbnailUrl":"https:\/\/www.manaus.am.gov.br\/seminf\/wp-content\/uploads\/sites\/6\/2023\/04\/52821232407_c6d1ccc35c_b.jpg","datePublished":"2023-04-16T16:24:33+00:00","dateModified":"2023-04-16T16:24:35+00:00","author":{"@id":"https:\/\/www.manaus.am.gov.br\/seminf\/#\/schema\/person\/05d223aea2bf115f9883a6ff3683d81b"},"description":"O espa\u00e7o, que n\u00e3o recebia manuten\u00e7\u00e3o h\u00e1 mais de 15 anos, tamb\u00e9m foi contemplado com a reforma da pra\u00e7a do Saci, que recebeu um espa\u00e7o coberto e um palco.","inLanguage":"pt-BR","potentialAction":[{"@type":"ReadAction","target":["https:\/\/www.manaus.am.gov.br\/seminf\/prefeitura-entrega-revitalizacao-do-espaco-comunitario-do-conjunto-mundo-novo\/"]}]},{"@type":"ImageObject","inLanguage":"pt-BR","@id":"https:\/\/www.manaus.am.gov.br\/seminf\/prefeitura-entrega-revitalizacao-do-espaco-comunitario-do-conjunto-mundo-novo\/#primaryimage","url":"https:\/\/www.manaus.am.gov.br\/seminf\/wp-content\/uploads\/sites\/6\/2023\/04\/52821232407_c6d1ccc35c_b.jpg","contentUrl":"https:\/\/www.manaus.am.gov.br\/seminf\/wp-content\/uploads\/sites\/6\/2023\/04\/52821232407_c6d1ccc35c_b.jpg","width":1024,"height":683},{"@type":"WebSite","@id":"https:\/\/www.manaus.am.gov.br\/seminf\/#website","url":"https:\/\/www.manaus.am.gov.br\/seminf\/","name":"Secretaria de Infraestrutura","description":"Secretaria Municipal de Infraestrutura","potentialAction":[{"@type":"SearchAction","target":{"@type":"EntryPoint","urlTemplate":"https:\/\/www.manaus.am.gov.br\/seminf\/?s={search_term_string}"},"query-input":"required name=search_term_string"}],"inLanguage":"pt-BR"},{"@type":"Person","@id":"https:\/\/www.manaus.am.gov.br\/seminf\/#\/schema\/person\/05d223aea2bf115f9883a6ff3683d81b","name":"Bruna Greco","image":{"@type":"ImageObject","inLanguage":"pt-BR","@id":"https:\/\/www.manaus.am.gov.br\/seminf\/#\/schema\/person\/image\/","url":"https:\/\/secure.gravatar.com\/avatar\/9c877d1a6adc2a055330e5c09a8653ce?s=96&d=mm&r=g","contentUrl":"https:\/\/secure.gravatar.com\/avatar\/9c877d1a6adc2a055330e5c09a8653ce?s=96&d=mm&r=g","caption":"Bruna Greco"}}]}},"_links":{"self":[{"href":"https:\/\/www.manaus.am.gov.br\/seminf\/wp-json\/wp\/v2\/posts\/1223"}],"collection":[{"href":"https:\/\/www.manaus.am.gov.br\/seminf\/wp-json\/wp\/v2\/posts"}],"about":[{"href":"https:\/\/www.manaus.am.gov.br\/seminf\/wp-json\/wp\/v2\/types\/post"}],"author":[{"embeddable":true,"href":"https:\/\/www.manaus.am.gov.br\/seminf\/wp-json\/wp\/v2\/users\/39"}],"replies":[{"embeddable":true,"href":"https:\/\/www.manaus.am.gov.br\/seminf\/wp-json\/wp\/v2\/comments?post=1223"}],"version-history":[{"count":0,"href":"https:\/\/www.manaus.am.gov.br\/seminf\/wp-json\/wp\/v2\/posts\/1223\/revisions"}],"wp:featuredmedia":[{"embeddable":true,"href":"https:\/\/www.manaus.am.gov.br\/seminf\/wp-json\/wp\/v2\/media\/1224"}],"wp:attachment":[{"href":"https:\/\/www.manaus.am.gov.br\/seminf\/wp-json\/wp\/v2\/media?parent=1223"}],"wp:term":[{"taxonomy":"category","embeddable":true,"href":"https:\/\/www.manaus.am.gov.br\/seminf\/wp-json\/wp\/v2\/categories?post=1223"},{"taxonomy":"post_tag","embeddable":true,"href":"https:\/\/www.manaus.am.gov.br\/seminf\/wp-json\/wp\/v2\/tags?post=1223"}],"curies":[{"name":"wp","href":"https:\/\/api.w.org\/{rel}","templated":true}]}}