{"id":1175,"date":"2023-04-10T17:06:23","date_gmt":"2023-04-10T21:06:23","guid":{"rendered":"https:\/\/www.manaus.am.gov.br\/seminf\/obras-de-revitalizacao-da-prefeitura-avancam-no-campo-da-luzitania-no-bairro-crespo\/"},"modified":"2023-04-10T17:17:15","modified_gmt":"2023-04-10T21:17:15","slug":"obras-de-revitalizacao-da-prefeitura-avancam-no-campo-da-luzitania-no-bairro-crespo","status":"publish","type":"post","link":"https:\/\/www.manaus.am.gov.br\/seminf\/obras-de-revitalizacao-da-prefeitura-avancam-no-campo-da-luzitania-no-bairro-crespo\/","title":{"rendered":"<strong>Obras de revitaliza\u00e7\u00e3o da prefeitura avan\u00e7am no Campo da Luzit\u00e2nia no bairro Crespo<\/strong>"},"content":{"rendered":"\n<p>As obras de revitaliza\u00e7\u00e3o do Campo da Luzit\u00e2nia, localizado na travessa Boa Esperan\u00e7a, no bairro Crespo, zona Sul, seguem em ritmo acelerado. Nesta segunda-feira, 10\/4, a Prefeitura de Manaus, por meio da Secretaria Municipal de Infraestrutura (Seminf), atua na reconstru\u00e7\u00e3o do alambrado e implanta\u00e7\u00e3o de drenagem.<\/p>\n\n\n\n<p>A \u00e1rea ser\u00e1 entregue reurbanizada \u00e0 popula\u00e7\u00e3o.<\/p>\n\n\n\n<p>\u201cA determina\u00e7\u00e3o do prefeito David Almeida \u00e9 promover a pr\u00e1tica esportiva, levando qualidade de vida e preenchendo o tempo dos nossos jovens com atividades saud\u00e1veis de esporte e lazer\u201d, afirma o secret\u00e1rio de Obras, Renato Junior.<\/p>\n\n\n\n<p>A a\u00e7\u00e3o compreende na constru\u00e7\u00e3o de arquibancada, recupera\u00e7\u00e3o das muretas e instala\u00e7\u00e3o de 960 metros de alambrado e muro, para promover a seguran\u00e7a dos usu\u00e1rios. A Secretaria de Obras implantou no campo uma rede de drenagem com 920 metros de extens\u00e3o. Esse \u00e9 o primeiro campo esportivo de comunidade a receber um sistema completo de escoamento de \u00e1gua da chuva.<\/p>\n\n\n\n<p>\u201cO objetivo \u00e9 retirar o m\u00e1ximo de \u00e1gua que cai sobre o campo, para que as partidas n\u00e3o sejam comprometidas nem em dias de chuva\u201d, explica Renato Junior.<\/p>\n\n\n\n<p>O passeio p\u00fablico tamb\u00e9m ser\u00e1 recuperado. As equipes implantam 164 metros de cal\u00e7ada. A nova estrutura, mais resistente, servir\u00e1, inclusive, de pista de caminhada para os moradores da \u00e1rea.<\/p>\n\n\n\n<p>O secret\u00e1rio Renato Junior destaca que o espa\u00e7o ser\u00e1 direcionado n\u00e3o somente aos jovens, como tamb\u00e9m \u00e0s crian\u00e7as e idosos do bairro. \u201cQueremos promover um espa\u00e7o harmonioso e de lazer para as fam\u00edlias. Aqui, os moradores ter\u00e3o como transitar em todo o espa\u00e7o p\u00fablico e se reunir para a pr\u00e1tica de esportes e projetos sociais\u201d.<\/p>\n\n\n\n<p>A revitaliza\u00e7\u00e3o contempla, ainda, a reestrutura\u00e7\u00e3o do campo, com a implanta\u00e7\u00e3o de mais areia e a pintura geral do muro.<\/p>\n\n\n\n<p>&#8212; &#8212; &#8212;<\/p>\n\n\n\n<p><strong>Texto &#8211;<\/strong> Valesca Martins \/ Seminf<\/p>\n\n\n\n<p><strong>Fotos &#8211;<\/strong> M\u00e1rcio Melo \/ Seminf<\/p>\n\n\n\n<p><strong>Dispon\u00edveis em \u2013<\/strong> <a href=\"https:\/\/flic.kr\/s\/aHBqjAzjf3\">https:\/\/flic.kr\/s\/aHBqjAzjf3<\/a><\/p>\n","protected":false},"excerpt":{"rendered":"","protected":false},"author":39,"featured_media":1176,"comment_status":"closed","ping_status":"closed","sticky":false,"template":"","format":"standard","meta":{"footnotes":""},"categories":[74],"tags":[131,49,531,26],"acf":[],"yoast_head":"<!-- This site is optimized with the Yoast SEO plugin v23.0 - https:\/\/yoast.com\/wordpress\/plugins\/seo\/ -->\n<title>Obras de revitaliza\u00e7\u00e3o da prefeitura avan\u00e7am no Campo da Luzit\u00e2nia no bairro Crespo<\/title>\n<meta name=\"description\" content=\"Nesta segunda-feira, 10\/4, a Prefeitura de Manaus, por meio da Secretaria Municipal de Infraestrutura (Seminf), atua na reconstru\u00e7\u00e3o do alambrado e implanta\u00e7\u00e3o de drenagem.\" \/>\n<meta name=\"robots\" content=\"index, follow, max-snippet:-1, max-image-preview:large, max-video-preview:-1\" \/>\n<link rel=\"canonical\" href=\"https:\/\/www.manaus.am.gov.br\/seminf\/obras-de-revitalizacao-da-prefeitura-avancam-no-campo-da-luzitania-no-bairro-crespo\/\" \/>\n<meta property=\"og:locale\" content=\"pt_BR\" \/>\n<meta property=\"og:type\" content=\"article\" \/>\n<meta property=\"og:title\" content=\"Obras de revitaliza\u00e7\u00e3o da prefeitura avan\u00e7am no Campo da Luzit\u00e2nia no bairro Crespo\" \/>\n<meta property=\"og:description\" content=\"Nesta segunda-feira, 10\/4, a Prefeitura de Manaus, por meio da Secretaria Municipal de Infraestrutura (Seminf), atua na reconstru\u00e7\u00e3o do alambrado e implanta\u00e7\u00e3o de drenagem.\" \/>\n<meta property=\"og:url\" content=\"https:\/\/www.manaus.am.gov.br\/seminf\/obras-de-revitalizacao-da-prefeitura-avancam-no-campo-da-luzitania-no-bairro-crespo\/\" \/>\n<meta property=\"og:site_name\" content=\"SEMINF\" \/>\n<meta property=\"article:published_time\" content=\"2023-04-10T21:06:23+00:00\" \/>\n<meta property=\"article:modified_time\" content=\"2023-04-10T21:17:15+00:00\" \/>\n<meta property=\"og:image\" content=\"https:\/\/www.manaus.am.gov.br\/seminf\/wp-content\/uploads\/sites\/6\/2023\/04\/image00005-scaled.jpg\" \/>\n\t<meta property=\"og:image:width\" content=\"2560\" \/>\n\t<meta property=\"og:image:height\" content=\"1706\" \/>\n\t<meta property=\"og:image:type\" content=\"image\/jpeg\" \/>\n<meta name=\"author\" content=\"Bruna Greco\" \/>\n<meta name=\"twitter:card\" content=\"summary_large_image\" \/>\n<meta name=\"twitter:label1\" content=\"Written by\" \/>\n\t<meta name=\"twitter:data1\" content=\"Bruna Greco\" \/>\n\t<meta name=\"twitter:label2\" content=\"Est. reading time\" \/>\n\t<meta name=\"twitter:data2\" content=\"2 minutos\" \/>\n<script type=\"application\/ld+json\" class=\"yoast-schema-graph\">{\"@context\":\"https:\/\/schema.org\",\"@graph\":[{\"@type\":\"WebPage\",\"@id\":\"https:\/\/www.manaus.am.gov.br\/seminf\/obras-de-revitalizacao-da-prefeitura-avancam-no-campo-da-luzitania-no-bairro-crespo\/\",\"url\":\"https:\/\/www.manaus.am.gov.br\/seminf\/obras-de-revitalizacao-da-prefeitura-avancam-no-campo-da-luzitania-no-bairro-crespo\/\",\"name\":\"Obras de revitaliza\u00e7\u00e3o da prefeitura avan\u00e7am no Campo da Luzit\u00e2nia no bairro Crespo\",\"isPartOf\":{\"@id\":\"https:\/\/www.manaus.am.gov.br\/seminf\/#website\"},\"primaryImageOfPage\":{\"@id\":\"https:\/\/www.manaus.am.gov.br\/seminf\/obras-de-revitalizacao-da-prefeitura-avancam-no-campo-da-luzitania-no-bairro-crespo\/#primaryimage\"},\"image\":{\"@id\":\"https:\/\/www.manaus.am.gov.br\/seminf\/obras-de-revitalizacao-da-prefeitura-avancam-no-campo-da-luzitania-no-bairro-crespo\/#primaryimage\"},\"thumbnailUrl\":\"https:\/\/www.manaus.am.gov.br\/seminf\/wp-content\/uploads\/sites\/6\/2023\/04\/image00005-scaled.jpg\",\"datePublished\":\"2023-04-10T21:06:23+00:00\",\"dateModified\":\"2023-04-10T21:17:15+00:00\",\"author\":{\"@id\":\"https:\/\/www.manaus.am.gov.br\/seminf\/#\/schema\/person\/05d223aea2bf115f9883a6ff3683d81b\"},\"description\":\"Nesta segunda-feira, 10\/4, a Prefeitura de Manaus, por meio da Secretaria Municipal de Infraestrutura (Seminf), atua na reconstru\u00e7\u00e3o do alambrado e implanta\u00e7\u00e3o de drenagem.\",\"inLanguage\":\"pt-BR\",\"potentialAction\":[{\"@type\":\"ReadAction\",\"target\":[\"https:\/\/www.manaus.am.gov.br\/seminf\/obras-de-revitalizacao-da-prefeitura-avancam-no-campo-da-luzitania-no-bairro-crespo\/\"]}]},{\"@type\":\"ImageObject\",\"inLanguage\":\"pt-BR\",\"@id\":\"https:\/\/www.manaus.am.gov.br\/seminf\/obras-de-revitalizacao-da-prefeitura-avancam-no-campo-da-luzitania-no-bairro-crespo\/#primaryimage\",\"url\":\"https:\/\/www.manaus.am.gov.br\/seminf\/wp-content\/uploads\/sites\/6\/2023\/04\/image00005-scaled.jpg\",\"contentUrl\":\"https:\/\/www.manaus.am.gov.br\/seminf\/wp-content\/uploads\/sites\/6\/2023\/04\/image00005-scaled.jpg\",\"width\":2560,\"height\":1706},{\"@type\":\"WebSite\",\"@id\":\"https:\/\/www.manaus.am.gov.br\/seminf\/#website\",\"url\":\"https:\/\/www.manaus.am.gov.br\/seminf\/\",\"name\":\"Secretaria de Infraestrutura\",\"description\":\"Secretaria Municipal de Infraestrutura\",\"potentialAction\":[{\"@type\":\"SearchAction\",\"target\":{\"@type\":\"EntryPoint\",\"urlTemplate\":\"https:\/\/www.manaus.am.gov.br\/seminf\/?s={search_term_string}\"},\"query-input\":\"required name=search_term_string\"}],\"inLanguage\":\"pt-BR\"},{\"@type\":\"Person\",\"@id\":\"https:\/\/www.manaus.am.gov.br\/seminf\/#\/schema\/person\/05d223aea2bf115f9883a6ff3683d81b\",\"name\":\"Bruna Greco\",\"image\":{\"@type\":\"ImageObject\",\"inLanguage\":\"pt-BR\",\"@id\":\"https:\/\/www.manaus.am.gov.br\/seminf\/#\/schema\/person\/image\/\",\"url\":\"https:\/\/secure.gravatar.com\/avatar\/9c877d1a6adc2a055330e5c09a8653ce?s=96&d=mm&r=g\",\"contentUrl\":\"https:\/\/secure.gravatar.com\/avatar\/9c877d1a6adc2a055330e5c09a8653ce?s=96&d=mm&r=g\",\"caption\":\"Bruna Greco\"}}]}<\/script>\n<!-- \/ Yoast SEO plugin. -->","yoast_head_json":{"title":"Obras de revitaliza\u00e7\u00e3o da prefeitura avan\u00e7am no Campo da Luzit\u00e2nia no bairro Crespo","description":"Nesta segunda-feira, 10\/4, a Prefeitura de Manaus, por meio da Secretaria Municipal de Infraestrutura (Seminf), atua na reconstru\u00e7\u00e3o do alambrado e implanta\u00e7\u00e3o de drenagem.","robots":{"index":"index","follow":"follow","max-snippet":"max-snippet:-1","max-image-preview":"max-image-preview:large","max-video-preview":"max-video-preview:-1"},"canonical":"https:\/\/www.manaus.am.gov.br\/seminf\/obras-de-revitalizacao-da-prefeitura-avancam-no-campo-da-luzitania-no-bairro-crespo\/","og_locale":"pt_BR","og_type":"article","og_title":"Obras de revitaliza\u00e7\u00e3o da prefeitura avan\u00e7am no Campo da Luzit\u00e2nia no bairro Crespo","og_description":"Nesta segunda-feira, 10\/4, a Prefeitura de Manaus, por meio da Secretaria Municipal de Infraestrutura (Seminf), atua na reconstru\u00e7\u00e3o do alambrado e implanta\u00e7\u00e3o de drenagem.","og_url":"https:\/\/www.manaus.am.gov.br\/seminf\/obras-de-revitalizacao-da-prefeitura-avancam-no-campo-da-luzitania-no-bairro-crespo\/","og_site_name":"SEMINF","article_published_time":"2023-04-10T21:06:23+00:00","article_modified_time":"2023-04-10T21:17:15+00:00","og_image":[{"width":2560,"height":1706,"url":"https:\/\/www.manaus.am.gov.br\/seminf\/wp-content\/uploads\/sites\/6\/2023\/04\/image00005-scaled.jpg","type":"image\/jpeg"}],"author":"Bruna Greco","twitter_card":"summary_large_image","twitter_misc":{"Written by":"Bruna Greco","Est. reading time":"2 minutos"},"schema":{"@context":"https:\/\/schema.org","@graph":[{"@type":"WebPage","@id":"https:\/\/www.manaus.am.gov.br\/seminf\/obras-de-revitalizacao-da-prefeitura-avancam-no-campo-da-luzitania-no-bairro-crespo\/","url":"https:\/\/www.manaus.am.gov.br\/seminf\/obras-de-revitalizacao-da-prefeitura-avancam-no-campo-da-luzitania-no-bairro-crespo\/","name":"Obras de revitaliza\u00e7\u00e3o da prefeitura avan\u00e7am no Campo da Luzit\u00e2nia no bairro Crespo","isPartOf":{"@id":"https:\/\/www.manaus.am.gov.br\/seminf\/#website"},"primaryImageOfPage":{"@id":"https:\/\/www.manaus.am.gov.br\/seminf\/obras-de-revitalizacao-da-prefeitura-avancam-no-campo-da-luzitania-no-bairro-crespo\/#primaryimage"},"image":{"@id":"https:\/\/www.manaus.am.gov.br\/seminf\/obras-de-revitalizacao-da-prefeitura-avancam-no-campo-da-luzitania-no-bairro-crespo\/#primaryimage"},"thumbnailUrl":"https:\/\/www.manaus.am.gov.br\/seminf\/wp-content\/uploads\/sites\/6\/2023\/04\/image00005-scaled.jpg","datePublished":"2023-04-10T21:06:23+00:00","dateModified":"2023-04-10T21:17:15+00:00","author":{"@id":"https:\/\/www.manaus.am.gov.br\/seminf\/#\/schema\/person\/05d223aea2bf115f9883a6ff3683d81b"},"description":"Nesta segunda-feira, 10\/4, a Prefeitura de Manaus, por meio da Secretaria Municipal de Infraestrutura (Seminf), atua na reconstru\u00e7\u00e3o do alambrado e implanta\u00e7\u00e3o de drenagem.","inLanguage":"pt-BR","potentialAction":[{"@type":"ReadAction","target":["https:\/\/www.manaus.am.gov.br\/seminf\/obras-de-revitalizacao-da-prefeitura-avancam-no-campo-da-luzitania-no-bairro-crespo\/"]}]},{"@type":"ImageObject","inLanguage":"pt-BR","@id":"https:\/\/www.manaus.am.gov.br\/seminf\/obras-de-revitalizacao-da-prefeitura-avancam-no-campo-da-luzitania-no-bairro-crespo\/#primaryimage","url":"https:\/\/www.manaus.am.gov.br\/seminf\/wp-content\/uploads\/sites\/6\/2023\/04\/image00005-scaled.jpg","contentUrl":"https:\/\/www.manaus.am.gov.br\/seminf\/wp-content\/uploads\/sites\/6\/2023\/04\/image00005-scaled.jpg","width":2560,"height":1706},{"@type":"WebSite","@id":"https:\/\/www.manaus.am.gov.br\/seminf\/#website","url":"https:\/\/www.manaus.am.gov.br\/seminf\/","name":"Secretaria de Infraestrutura","description":"Secretaria Municipal de Infraestrutura","potentialAction":[{"@type":"SearchAction","target":{"@type":"EntryPoint","urlTemplate":"https:\/\/www.manaus.am.gov.br\/seminf\/?s={search_term_string}"},"query-input":"required name=search_term_string"}],"inLanguage":"pt-BR"},{"@type":"Person","@id":"https:\/\/www.manaus.am.gov.br\/seminf\/#\/schema\/person\/05d223aea2bf115f9883a6ff3683d81b","name":"Bruna Greco","image":{"@type":"ImageObject","inLanguage":"pt-BR","@id":"https:\/\/www.manaus.am.gov.br\/seminf\/#\/schema\/person\/image\/","url":"https:\/\/secure.gravatar.com\/avatar\/9c877d1a6adc2a055330e5c09a8653ce?s=96&d=mm&r=g","contentUrl":"https:\/\/secure.gravatar.com\/avatar\/9c877d1a6adc2a055330e5c09a8653ce?s=96&d=mm&r=g","caption":"Bruna Greco"}}]}},"_links":{"self":[{"href":"https:\/\/www.manaus.am.gov.br\/seminf\/wp-json\/wp\/v2\/posts\/1175"}],"collection":[{"href":"https:\/\/www.manaus.am.gov.br\/seminf\/wp-json\/wp\/v2\/posts"}],"about":[{"href":"https:\/\/www.manaus.am.gov.br\/seminf\/wp-json\/wp\/v2\/types\/post"}],"author":[{"embeddable":true,"href":"https:\/\/www.manaus.am.gov.br\/seminf\/wp-json\/wp\/v2\/users\/39"}],"replies":[{"embeddable":true,"href":"https:\/\/www.manaus.am.gov.br\/seminf\/wp-json\/wp\/v2\/comments?post=1175"}],"version-history":[{"count":1,"href":"https:\/\/www.manaus.am.gov.br\/seminf\/wp-json\/wp\/v2\/posts\/1175\/revisions"}],"predecessor-version":[{"id":1178,"href":"https:\/\/www.manaus.am.gov.br\/seminf\/wp-json\/wp\/v2\/posts\/1175\/revisions\/1178"}],"wp:featuredmedia":[{"embeddable":true,"href":"https:\/\/www.manaus.am.gov.br\/seminf\/wp-json\/wp\/v2\/media\/1176"}],"wp:attachment":[{"href":"https:\/\/www.manaus.am.gov.br\/seminf\/wp-json\/wp\/v2\/media?parent=1175"}],"wp:term":[{"taxonomy":"category","embeddable":true,"href":"https:\/\/www.manaus.am.gov.br\/seminf\/wp-json\/wp\/v2\/categories?post=1175"},{"taxonomy":"post_tag","embeddable":true,"href":"https:\/\/www.manaus.am.gov.br\/seminf\/wp-json\/wp\/v2\/tags?post=1175"}],"curies":[{"name":"wp","href":"https:\/\/api.w.org\/{rel}","templated":true}]}}