{"id":1173,"date":"2023-04-10T16:45:44","date_gmt":"2023-04-10T20:45:44","guid":{"rendered":"https:\/\/www.manaus.am.gov.br\/seminf\/revitalizado-pela-prefeitura-parque-lagoa-do-japiim-sera-reaberto-na-quarta-feira-12-4\/"},"modified":"2023-11-28T10:52:11","modified_gmt":"2023-11-28T14:52:11","slug":"revitalizado-pela-prefeitura-parque-lagoa-do-japiim-sera-reaberto-na-quarta-feira-12-4","status":"publish","type":"post","link":"https:\/\/www.manaus.am.gov.br\/seminf\/revitalizado-pela-prefeitura-parque-lagoa-do-japiim-sera-reaberto-na-quarta-feira-12-4\/","title":{"rendered":"Revitalizado pela prefeitura, parque Lagoa do Japiim ser\u00e1 reaberto na quarta-feira, 12\/4"},"content":{"rendered":"\n<p>O parque Lagoa do Japiim, na zona Sul, ganha nova infraestrutura, com reforma geral do espa\u00e7o. Nesta segunda-feira, 10\/4, a Prefeitura de Manaus, por meio da Secretaria Municipal de Infraestrutura (Seminf), realiza o recapeamento asf\u00e1ltico do local, que ser\u00e1 reaberto ao p\u00fablico na quarta-feira, 12.<\/p>\n\n\n\n<p>O complexo, de potencial tur\u00edstico, que recebe centenas de pessoas para a pr\u00e1tica esportiva, especialmente caminhadas, ter\u00e1 toda a pista nos arredores da lagoa recapeada. Ser\u00e3o asfaltados 6 mil metros de extens\u00e3o, com a aplica\u00e7\u00e3o de 600 toneladas de massa asf\u00e1ltica.<\/p>\n\n\n\n<p>Contente com a obra, a aut\u00f4noma Gorete Nascimento, 35 anos, moradora do bairro Japiim, realiza, ao menos tr\u00eas vezes na semana, caminhadas no local.<\/p>\n\n\n\n<p>&#8220;Alguns trechos da pista eram ruins. Agora vai ficar tudo maravilhoso. \u00c9 muito bom caminhar neste parque por causa da seguran\u00e7a, arboriza\u00e7\u00e3o e agora com o asfalto novo vai ficar melhor ainda. Eu espero que seja reaberta para a caminhada o mais r\u00e1pido poss\u00edvel&#8221;, afirmou a moradora.&nbsp;<\/p>\n\n\n\n<p>O secret\u00e1rio de Obras, Renato Junior, destaca que os trabalhos fazem parte da recupera\u00e7\u00e3o da lagoa, um projeto da gest\u00e3o do prefeito David Almeida.<\/p>\n\n\n\n<p>&#8220;Aqui no parque Lagoa do Japiim, a Seminf j\u00e1 atuou nos servi\u00e7os de implanta\u00e7\u00e3o de sistema de drenagem e revitaliza\u00e7\u00e3o da cal\u00e7ada no entorno, garantindo total seguran\u00e7a aos pedestres. Isso tudo faz parte de uma determina\u00e7\u00e3o do prefeito David Almeida, que requer, ainda, celeridade e qualidade nos servi\u00e7os, para dar \u00e0s pessoas locais onde possam usufruir com atividades tur\u00edsticas, esportivas e de lazer&#8221;, afirma Renato Junior.<\/p>\n\n\n\n<p>Na lagoa do Japiim tamb\u00e9m foi implantado um extravasor (dispositivo de seguran\u00e7a utilizado para escoar a \u00e1gua), pois a lagoa apresentava alto n\u00edvel de \u00e1gua, provocando eros\u00f5es nas laterais.<\/p>\n\n\n\n<p>&#8212; &#8212; &#8212;<\/p>\n\n\n\n<p><strong>Texto<\/strong>&nbsp;&#8211; Mariana Rocha \/ Seminf<\/p>\n\n\n\n<p><strong>Foto<\/strong>\u00a0&#8211; M\u00e1rcio Melo \/ Seminf<\/p>\n","protected":false},"excerpt":{"rendered":"","protected":false},"author":31,"featured_media":1174,"comment_status":"closed","ping_status":"closed","sticky":false,"template":"","format":"standard","meta":{"footnotes":""},"categories":[74],"tags":[529,530,97],"acf":[],"yoast_head":"<!-- This site is optimized with the Yoast SEO plugin v23.0 - https:\/\/yoast.com\/wordpress\/plugins\/seo\/ -->\n<title>Revitalizado pela prefeitura, parque Lagoa do Japiim ser\u00e1 reaberto na quarta-feira, 12\/4 - SEMINF<\/title>\n<meta name=\"robots\" content=\"index, follow, max-snippet:-1, max-image-preview:large, max-video-preview:-1\" \/>\n<link rel=\"canonical\" href=\"https:\/\/www.manaus.am.gov.br\/seminf\/revitalizado-pela-prefeitura-parque-lagoa-do-japiim-sera-reaberto-na-quarta-feira-12-4\/\" \/>\n<meta property=\"og:locale\" content=\"pt_BR\" \/>\n<meta property=\"og:type\" content=\"article\" \/>\n<meta property=\"og:title\" content=\"Revitalizado pela prefeitura, parque Lagoa do Japiim ser\u00e1 reaberto na quarta-feira, 12\/4 - SEMINF\" \/>\n<meta property=\"og:url\" content=\"https:\/\/www.manaus.am.gov.br\/seminf\/revitalizado-pela-prefeitura-parque-lagoa-do-japiim-sera-reaberto-na-quarta-feira-12-4\/\" \/>\n<meta property=\"og:site_name\" content=\"SEMINF\" \/>\n<meta property=\"article:published_time\" content=\"2023-04-10T20:45:44+00:00\" \/>\n<meta property=\"article:modified_time\" content=\"2023-11-28T14:52:11+00:00\" \/>\n<meta property=\"og:image\" content=\"https:\/\/www.manaus.am.gov.br\/seminf\/wp-content\/uploads\/sites\/6\/2023\/04\/9L4A1284-scaled.jpg\" \/>\n\t<meta property=\"og:image:width\" content=\"2560\" \/>\n\t<meta property=\"og:image:height\" content=\"1707\" \/>\n\t<meta property=\"og:image:type\" content=\"image\/jpeg\" \/>\n<meta name=\"author\" content=\"Renata Felix\" \/>\n<meta name=\"twitter:card\" content=\"summary_large_image\" \/>\n<meta name=\"twitter:label1\" content=\"Written by\" \/>\n\t<meta name=\"twitter:data1\" content=\"Renata Felix\" \/>\n\t<meta name=\"twitter:label2\" content=\"Est. reading time\" \/>\n\t<meta name=\"twitter:data2\" content=\"2 minutos\" \/>\n<script type=\"application\/ld+json\" class=\"yoast-schema-graph\">{\"@context\":\"https:\/\/schema.org\",\"@graph\":[{\"@type\":\"WebPage\",\"@id\":\"https:\/\/www.manaus.am.gov.br\/seminf\/revitalizado-pela-prefeitura-parque-lagoa-do-japiim-sera-reaberto-na-quarta-feira-12-4\/\",\"url\":\"https:\/\/www.manaus.am.gov.br\/seminf\/revitalizado-pela-prefeitura-parque-lagoa-do-japiim-sera-reaberto-na-quarta-feira-12-4\/\",\"name\":\"Revitalizado pela prefeitura, parque Lagoa do Japiim ser\u00e1 reaberto na quarta-feira, 12\/4 - SEMINF\",\"isPartOf\":{\"@id\":\"https:\/\/www.manaus.am.gov.br\/seminf\/#website\"},\"primaryImageOfPage\":{\"@id\":\"https:\/\/www.manaus.am.gov.br\/seminf\/revitalizado-pela-prefeitura-parque-lagoa-do-japiim-sera-reaberto-na-quarta-feira-12-4\/#primaryimage\"},\"image\":{\"@id\":\"https:\/\/www.manaus.am.gov.br\/seminf\/revitalizado-pela-prefeitura-parque-lagoa-do-japiim-sera-reaberto-na-quarta-feira-12-4\/#primaryimage\"},\"thumbnailUrl\":\"https:\/\/www.manaus.am.gov.br\/seminf\/wp-content\/uploads\/sites\/6\/2023\/04\/9L4A1284-scaled.jpg\",\"datePublished\":\"2023-04-10T20:45:44+00:00\",\"dateModified\":\"2023-11-28T14:52:11+00:00\",\"author\":{\"@id\":\"https:\/\/www.manaus.am.gov.br\/seminf\/#\/schema\/person\/4eea2a8f78dc853097abb026f728aa06\"},\"inLanguage\":\"pt-BR\",\"potentialAction\":[{\"@type\":\"ReadAction\",\"target\":[\"https:\/\/www.manaus.am.gov.br\/seminf\/revitalizado-pela-prefeitura-parque-lagoa-do-japiim-sera-reaberto-na-quarta-feira-12-4\/\"]}]},{\"@type\":\"ImageObject\",\"inLanguage\":\"pt-BR\",\"@id\":\"https:\/\/www.manaus.am.gov.br\/seminf\/revitalizado-pela-prefeitura-parque-lagoa-do-japiim-sera-reaberto-na-quarta-feira-12-4\/#primaryimage\",\"url\":\"https:\/\/www.manaus.am.gov.br\/seminf\/wp-content\/uploads\/sites\/6\/2023\/04\/9L4A1284-scaled.jpg\",\"contentUrl\":\"https:\/\/www.manaus.am.gov.br\/seminf\/wp-content\/uploads\/sites\/6\/2023\/04\/9L4A1284-scaled.jpg\",\"width\":2560,\"height\":1707},{\"@type\":\"WebSite\",\"@id\":\"https:\/\/www.manaus.am.gov.br\/seminf\/#website\",\"url\":\"https:\/\/www.manaus.am.gov.br\/seminf\/\",\"name\":\"Secretaria de Infraestrutura\",\"description\":\"Secretaria Municipal de Infraestrutura\",\"potentialAction\":[{\"@type\":\"SearchAction\",\"target\":{\"@type\":\"EntryPoint\",\"urlTemplate\":\"https:\/\/www.manaus.am.gov.br\/seminf\/?s={search_term_string}\"},\"query-input\":\"required name=search_term_string\"}],\"inLanguage\":\"pt-BR\"},{\"@type\":\"Person\",\"@id\":\"https:\/\/www.manaus.am.gov.br\/seminf\/#\/schema\/person\/4eea2a8f78dc853097abb026f728aa06\",\"name\":\"Renata Felix\",\"image\":{\"@type\":\"ImageObject\",\"inLanguage\":\"pt-BR\",\"@id\":\"https:\/\/www.manaus.am.gov.br\/seminf\/#\/schema\/person\/image\/\",\"url\":\"https:\/\/secure.gravatar.com\/avatar\/3c196cf9d3b837b24c8edb2c50fd8f29?s=96&d=mm&r=g\",\"contentUrl\":\"https:\/\/secure.gravatar.com\/avatar\/3c196cf9d3b837b24c8edb2c50fd8f29?s=96&d=mm&r=g\",\"caption\":\"Renata Felix\"}}]}<\/script>\n<!-- \/ Yoast SEO plugin. -->","yoast_head_json":{"title":"Revitalizado pela prefeitura, parque Lagoa do Japiim ser\u00e1 reaberto na quarta-feira, 12\/4 - SEMINF","robots":{"index":"index","follow":"follow","max-snippet":"max-snippet:-1","max-image-preview":"max-image-preview:large","max-video-preview":"max-video-preview:-1"},"canonical":"https:\/\/www.manaus.am.gov.br\/seminf\/revitalizado-pela-prefeitura-parque-lagoa-do-japiim-sera-reaberto-na-quarta-feira-12-4\/","og_locale":"pt_BR","og_type":"article","og_title":"Revitalizado pela prefeitura, parque Lagoa do Japiim ser\u00e1 reaberto na quarta-feira, 12\/4 - SEMINF","og_url":"https:\/\/www.manaus.am.gov.br\/seminf\/revitalizado-pela-prefeitura-parque-lagoa-do-japiim-sera-reaberto-na-quarta-feira-12-4\/","og_site_name":"SEMINF","article_published_time":"2023-04-10T20:45:44+00:00","article_modified_time":"2023-11-28T14:52:11+00:00","og_image":[{"width":2560,"height":1707,"url":"https:\/\/www.manaus.am.gov.br\/seminf\/wp-content\/uploads\/sites\/6\/2023\/04\/9L4A1284-scaled.jpg","type":"image\/jpeg"}],"author":"Renata Felix","twitter_card":"summary_large_image","twitter_misc":{"Written by":"Renata Felix","Est. reading time":"2 minutos"},"schema":{"@context":"https:\/\/schema.org","@graph":[{"@type":"WebPage","@id":"https:\/\/www.manaus.am.gov.br\/seminf\/revitalizado-pela-prefeitura-parque-lagoa-do-japiim-sera-reaberto-na-quarta-feira-12-4\/","url":"https:\/\/www.manaus.am.gov.br\/seminf\/revitalizado-pela-prefeitura-parque-lagoa-do-japiim-sera-reaberto-na-quarta-feira-12-4\/","name":"Revitalizado pela prefeitura, parque Lagoa do Japiim ser\u00e1 reaberto na quarta-feira, 12\/4 - SEMINF","isPartOf":{"@id":"https:\/\/www.manaus.am.gov.br\/seminf\/#website"},"primaryImageOfPage":{"@id":"https:\/\/www.manaus.am.gov.br\/seminf\/revitalizado-pela-prefeitura-parque-lagoa-do-japiim-sera-reaberto-na-quarta-feira-12-4\/#primaryimage"},"image":{"@id":"https:\/\/www.manaus.am.gov.br\/seminf\/revitalizado-pela-prefeitura-parque-lagoa-do-japiim-sera-reaberto-na-quarta-feira-12-4\/#primaryimage"},"thumbnailUrl":"https:\/\/www.manaus.am.gov.br\/seminf\/wp-content\/uploads\/sites\/6\/2023\/04\/9L4A1284-scaled.jpg","datePublished":"2023-04-10T20:45:44+00:00","dateModified":"2023-11-28T14:52:11+00:00","author":{"@id":"https:\/\/www.manaus.am.gov.br\/seminf\/#\/schema\/person\/4eea2a8f78dc853097abb026f728aa06"},"inLanguage":"pt-BR","potentialAction":[{"@type":"ReadAction","target":["https:\/\/www.manaus.am.gov.br\/seminf\/revitalizado-pela-prefeitura-parque-lagoa-do-japiim-sera-reaberto-na-quarta-feira-12-4\/"]}]},{"@type":"ImageObject","inLanguage":"pt-BR","@id":"https:\/\/www.manaus.am.gov.br\/seminf\/revitalizado-pela-prefeitura-parque-lagoa-do-japiim-sera-reaberto-na-quarta-feira-12-4\/#primaryimage","url":"https:\/\/www.manaus.am.gov.br\/seminf\/wp-content\/uploads\/sites\/6\/2023\/04\/9L4A1284-scaled.jpg","contentUrl":"https:\/\/www.manaus.am.gov.br\/seminf\/wp-content\/uploads\/sites\/6\/2023\/04\/9L4A1284-scaled.jpg","width":2560,"height":1707},{"@type":"WebSite","@id":"https:\/\/www.manaus.am.gov.br\/seminf\/#website","url":"https:\/\/www.manaus.am.gov.br\/seminf\/","name":"Secretaria de Infraestrutura","description":"Secretaria Municipal de Infraestrutura","potentialAction":[{"@type":"SearchAction","target":{"@type":"EntryPoint","urlTemplate":"https:\/\/www.manaus.am.gov.br\/seminf\/?s={search_term_string}"},"query-input":"required name=search_term_string"}],"inLanguage":"pt-BR"},{"@type":"Person","@id":"https:\/\/www.manaus.am.gov.br\/seminf\/#\/schema\/person\/4eea2a8f78dc853097abb026f728aa06","name":"Renata Felix","image":{"@type":"ImageObject","inLanguage":"pt-BR","@id":"https:\/\/www.manaus.am.gov.br\/seminf\/#\/schema\/person\/image\/","url":"https:\/\/secure.gravatar.com\/avatar\/3c196cf9d3b837b24c8edb2c50fd8f29?s=96&d=mm&r=g","contentUrl":"https:\/\/secure.gravatar.com\/avatar\/3c196cf9d3b837b24c8edb2c50fd8f29?s=96&d=mm&r=g","caption":"Renata Felix"}}]}},"_links":{"self":[{"href":"https:\/\/www.manaus.am.gov.br\/seminf\/wp-json\/wp\/v2\/posts\/1173"}],"collection":[{"href":"https:\/\/www.manaus.am.gov.br\/seminf\/wp-json\/wp\/v2\/posts"}],"about":[{"href":"https:\/\/www.manaus.am.gov.br\/seminf\/wp-json\/wp\/v2\/types\/post"}],"author":[{"embeddable":true,"href":"https:\/\/www.manaus.am.gov.br\/seminf\/wp-json\/wp\/v2\/users\/31"}],"replies":[{"embeddable":true,"href":"https:\/\/www.manaus.am.gov.br\/seminf\/wp-json\/wp\/v2\/comments?post=1173"}],"version-history":[{"count":1,"href":"https:\/\/www.manaus.am.gov.br\/seminf\/wp-json\/wp\/v2\/posts\/1173\/revisions"}],"predecessor-version":[{"id":2305,"href":"https:\/\/www.manaus.am.gov.br\/seminf\/wp-json\/wp\/v2\/posts\/1173\/revisions\/2305"}],"wp:featuredmedia":[{"embeddable":true,"href":"https:\/\/www.manaus.am.gov.br\/seminf\/wp-json\/wp\/v2\/media\/1174"}],"wp:attachment":[{"href":"https:\/\/www.manaus.am.gov.br\/seminf\/wp-json\/wp\/v2\/media?parent=1173"}],"wp:term":[{"taxonomy":"category","embeddable":true,"href":"https:\/\/www.manaus.am.gov.br\/seminf\/wp-json\/wp\/v2\/categories?post=1173"},{"taxonomy":"post_tag","embeddable":true,"href":"https:\/\/www.manaus.am.gov.br\/seminf\/wp-json\/wp\/v2\/tags?post=1173"}],"curies":[{"name":"wp","href":"https:\/\/api.w.org\/{rel}","templated":true}]}}