{"id":1083,"date":"2023-03-27T20:38:12","date_gmt":"2023-03-28T00:38:12","guid":{"rendered":"https:\/\/www.manaus.am.gov.br\/seminf\/prefeitura-intensifica-acoes-preventivas-e-realiza-manutencao-em-drenagem-no-conjunto-renato-souza-pinto-1\/"},"modified":"2023-11-28T10:47:43","modified_gmt":"2023-11-28T14:47:43","slug":"prefeitura-intensifica-acoes-preventivas-e-realiza-manutencao-em-drenagem-no-conjunto-renato-souza-pinto-1","status":"publish","type":"post","link":"https:\/\/www.manaus.am.gov.br\/seminf\/prefeitura-intensifica-acoes-preventivas-e-realiza-manutencao-em-drenagem-no-conjunto-renato-souza-pinto-1\/","title":{"rendered":"Prefeitura intensifica a\u00e7\u00f5es preventivas e realiza manuten\u00e7\u00e3o em drenagem no conjunto Renato Souza Pinto 1"},"content":{"rendered":"\n<p>A Prefeitura de Manaus, por meio da Secretaria Municipal de Infraestrutura (Seminf), intensifica as a\u00e7\u00f5es preventivas ao per\u00edodo de inverno rigoroso na capital e realiza, nesta segunda-feira, 27\/3, a manuten\u00e7\u00e3o da rede de drenagem na rua 2, no conjunto Renato Souza Pinto 1, bairro Cidade Nova, zona Norte.&nbsp;<\/p>\n\n\n\n<p>S\u00e3o 12 servidores envolvidos na obra, executando a escava\u00e7\u00e3o da via para retirar os tubos danificados e substitu\u00ed-los por novas manilhas em concreto.<\/p>\n\n\n\n<p>Conforme o engenheiro e respons\u00e1vel pela obra, \u00c9rico Braga, h\u00e1 liga\u00e7\u00f5es clandestinas na rede de esgoto, vindo das resid\u00eancias, o que diminui a durabilidade da rede de drenagem.<\/p>\n\n\n\n<p>\u201cEstamos todos os dias na rua, executando e programando servi\u00e7os. Nesse per\u00edodo de chuvas torrenciais, temos de priorizar as obras emergenciais, conforme determina o prefeito David Almeida e o secret\u00e1rio de Obras Renato Junior. Temos conversado com a popula\u00e7\u00e3o, fazendo um trabalho de conscientiza\u00e7\u00e3o, at\u00e9 para que n\u00e3o fa\u00e7am liga\u00e7\u00e3o de esgoto direto na tubula\u00e7\u00e3o de drenagem. A drenagem n\u00e3o \u00e9 criada para isso, e sim, para comportar o fluxo de \u00e1guas das chuvas\u201d, explica o \u00c9rico.&nbsp;<\/p>\n\n\n\n<p>O esgotamento, conforme o engenheiro, \u00e9 de compet\u00eancia da concession\u00e1ria de \u00e1gua. \u201cN\u00f3s intensificamos o trabalho que acontece de forma preventiva, evitando alagamentos. A prefeitura tem investido em novas tecnologias, para garantir maior durabilidade aos servi\u00e7os executados\u201d, ressalta.&nbsp;<\/p>\n\n\n\n<p>Ap\u00f3s a recupera\u00e7\u00e3o da rede de drenagem, a via receber\u00e1 o servi\u00e7o de reaterro, al\u00e9m da recomposi\u00e7\u00e3o asf\u00e1ltica do trecho atingido.<\/p>\n\n\n\n<p>Os 17 Distritos de Obras da Seminf realizam servi\u00e7os de pavimenta\u00e7\u00e3o asf\u00e1ltica, de recupera\u00e7\u00e3o e implanta\u00e7\u00e3o de redes de drenagem profunda e superficial, de implanta\u00e7\u00e3o de meio-fio e sarjeta, de constru\u00e7\u00e3o de equipamentos como pontes e escadas, al\u00e9m da conten\u00e7\u00e3o de eros\u00f5es.&nbsp;<\/p>\n\n\n\n<p>Em paralelo, o programa \u201cAsfalta Manaus\u201d segue recapeando as ruas da cidade, com a meta de atender 10 mil vias.<\/p>\n\n\n\n<p>&#8212; &#8212; &#8212;<\/p>\n\n\n\n<p><strong>Texto &#8211;<\/strong> Valesca Martins \/ Seminf&nbsp;<\/p>\n\n\n\n<p><strong>Fotos &#8211;<\/strong> M\u00e1rcio Melo \/ Seminf&nbsp;<\/p>\n\n\n\n<p><strong>Dispon\u00edveis em \u2013 <\/strong><a href=\"https:\/\/flic.kr\/s\/aHBqjAxsGv\">https:\/\/flic.kr\/s\/aHBqjAxsGv<\/a><\/p>\n","protected":false},"excerpt":{"rendered":"","protected":false},"author":39,"featured_media":1084,"comment_status":"closed","ping_status":"closed","sticky":false,"template":"","format":"standard","meta":{"footnotes":""},"categories":[415],"tags":[480,481,482,483,26],"acf":[],"yoast_head":"<!-- This site is optimized with the Yoast SEO plugin v23.0 - https:\/\/yoast.com\/wordpress\/plugins\/seo\/ -->\n<title>Prefeitura intensifica a\u00e7\u00f5es preventivas e realiza manuten\u00e7\u00e3o em drenagem no conjunto Renato Souza Pinto 1<\/title>\n<meta name=\"robots\" content=\"index, follow, max-snippet:-1, max-image-preview:large, max-video-preview:-1\" \/>\n<link rel=\"canonical\" href=\"https:\/\/www.manaus.am.gov.br\/seminf\/prefeitura-intensifica-acoes-preventivas-e-realiza-manutencao-em-drenagem-no-conjunto-renato-souza-pinto-1\/\" \/>\n<meta property=\"og:locale\" content=\"pt_BR\" \/>\n<meta property=\"og:type\" content=\"article\" \/>\n<meta property=\"og:title\" content=\"Prefeitura intensifica a\u00e7\u00f5es preventivas e realiza manuten\u00e7\u00e3o em drenagem no conjunto Renato Souza Pinto 1\" \/>\n<meta property=\"og:url\" content=\"https:\/\/www.manaus.am.gov.br\/seminf\/prefeitura-intensifica-acoes-preventivas-e-realiza-manutencao-em-drenagem-no-conjunto-renato-souza-pinto-1\/\" \/>\n<meta property=\"og:site_name\" content=\"SEMINF\" \/>\n<meta property=\"article:published_time\" content=\"2023-03-28T00:38:12+00:00\" \/>\n<meta property=\"article:modified_time\" content=\"2023-11-28T14:47:43+00:00\" \/>\n<meta property=\"og:image\" content=\"https:\/\/www.manaus.am.gov.br\/seminf\/wp-content\/uploads\/sites\/6\/2023\/03\/image00006-scaled.jpg\" \/>\n\t<meta property=\"og:image:width\" content=\"2560\" \/>\n\t<meta property=\"og:image:height\" content=\"1706\" \/>\n\t<meta property=\"og:image:type\" content=\"image\/jpeg\" \/>\n<meta name=\"author\" content=\"Bruna Greco\" \/>\n<meta name=\"twitter:card\" content=\"summary_large_image\" \/>\n<meta name=\"twitter:label1\" content=\"Written by\" \/>\n\t<meta name=\"twitter:data1\" content=\"Bruna Greco\" \/>\n\t<meta name=\"twitter:label2\" content=\"Est. reading time\" \/>\n\t<meta name=\"twitter:data2\" content=\"2 minutos\" \/>\n<script type=\"application\/ld+json\" class=\"yoast-schema-graph\">{\"@context\":\"https:\/\/schema.org\",\"@graph\":[{\"@type\":\"WebPage\",\"@id\":\"https:\/\/www.manaus.am.gov.br\/seminf\/prefeitura-intensifica-acoes-preventivas-e-realiza-manutencao-em-drenagem-no-conjunto-renato-souza-pinto-1\/\",\"url\":\"https:\/\/www.manaus.am.gov.br\/seminf\/prefeitura-intensifica-acoes-preventivas-e-realiza-manutencao-em-drenagem-no-conjunto-renato-souza-pinto-1\/\",\"name\":\"Prefeitura intensifica a\u00e7\u00f5es preventivas e realiza manuten\u00e7\u00e3o em drenagem no conjunto Renato Souza Pinto 1\",\"isPartOf\":{\"@id\":\"https:\/\/www.manaus.am.gov.br\/seminf\/#website\"},\"primaryImageOfPage\":{\"@id\":\"https:\/\/www.manaus.am.gov.br\/seminf\/prefeitura-intensifica-acoes-preventivas-e-realiza-manutencao-em-drenagem-no-conjunto-renato-souza-pinto-1\/#primaryimage\"},\"image\":{\"@id\":\"https:\/\/www.manaus.am.gov.br\/seminf\/prefeitura-intensifica-acoes-preventivas-e-realiza-manutencao-em-drenagem-no-conjunto-renato-souza-pinto-1\/#primaryimage\"},\"thumbnailUrl\":\"https:\/\/www.manaus.am.gov.br\/seminf\/wp-content\/uploads\/sites\/6\/2023\/03\/image00006-scaled.jpg\",\"datePublished\":\"2023-03-28T00:38:12+00:00\",\"dateModified\":\"2023-11-28T14:47:43+00:00\",\"author\":{\"@id\":\"https:\/\/www.manaus.am.gov.br\/seminf\/#\/schema\/person\/05d223aea2bf115f9883a6ff3683d81b\"},\"inLanguage\":\"pt-BR\",\"potentialAction\":[{\"@type\":\"ReadAction\",\"target\":[\"https:\/\/www.manaus.am.gov.br\/seminf\/prefeitura-intensifica-acoes-preventivas-e-realiza-manutencao-em-drenagem-no-conjunto-renato-souza-pinto-1\/\"]}]},{\"@type\":\"ImageObject\",\"inLanguage\":\"pt-BR\",\"@id\":\"https:\/\/www.manaus.am.gov.br\/seminf\/prefeitura-intensifica-acoes-preventivas-e-realiza-manutencao-em-drenagem-no-conjunto-renato-souza-pinto-1\/#primaryimage\",\"url\":\"https:\/\/www.manaus.am.gov.br\/seminf\/wp-content\/uploads\/sites\/6\/2023\/03\/image00006-scaled.jpg\",\"contentUrl\":\"https:\/\/www.manaus.am.gov.br\/seminf\/wp-content\/uploads\/sites\/6\/2023\/03\/image00006-scaled.jpg\",\"width\":2560,\"height\":1706},{\"@type\":\"WebSite\",\"@id\":\"https:\/\/www.manaus.am.gov.br\/seminf\/#website\",\"url\":\"https:\/\/www.manaus.am.gov.br\/seminf\/\",\"name\":\"Secretaria de Infraestrutura\",\"description\":\"Secretaria Municipal de Infraestrutura\",\"potentialAction\":[{\"@type\":\"SearchAction\",\"target\":{\"@type\":\"EntryPoint\",\"urlTemplate\":\"https:\/\/www.manaus.am.gov.br\/seminf\/?s={search_term_string}\"},\"query-input\":\"required name=search_term_string\"}],\"inLanguage\":\"pt-BR\"},{\"@type\":\"Person\",\"@id\":\"https:\/\/www.manaus.am.gov.br\/seminf\/#\/schema\/person\/05d223aea2bf115f9883a6ff3683d81b\",\"name\":\"Bruna Greco\",\"image\":{\"@type\":\"ImageObject\",\"inLanguage\":\"pt-BR\",\"@id\":\"https:\/\/www.manaus.am.gov.br\/seminf\/#\/schema\/person\/image\/\",\"url\":\"https:\/\/secure.gravatar.com\/avatar\/9c877d1a6adc2a055330e5c09a8653ce?s=96&d=mm&r=g\",\"contentUrl\":\"https:\/\/secure.gravatar.com\/avatar\/9c877d1a6adc2a055330e5c09a8653ce?s=96&d=mm&r=g\",\"caption\":\"Bruna Greco\"}}]}<\/script>\n<!-- \/ Yoast SEO plugin. -->","yoast_head_json":{"title":"Prefeitura intensifica a\u00e7\u00f5es preventivas e realiza manuten\u00e7\u00e3o em drenagem no conjunto Renato Souza Pinto 1","robots":{"index":"index","follow":"follow","max-snippet":"max-snippet:-1","max-image-preview":"max-image-preview:large","max-video-preview":"max-video-preview:-1"},"canonical":"https:\/\/www.manaus.am.gov.br\/seminf\/prefeitura-intensifica-acoes-preventivas-e-realiza-manutencao-em-drenagem-no-conjunto-renato-souza-pinto-1\/","og_locale":"pt_BR","og_type":"article","og_title":"Prefeitura intensifica a\u00e7\u00f5es preventivas e realiza manuten\u00e7\u00e3o em drenagem no conjunto Renato Souza Pinto 1","og_url":"https:\/\/www.manaus.am.gov.br\/seminf\/prefeitura-intensifica-acoes-preventivas-e-realiza-manutencao-em-drenagem-no-conjunto-renato-souza-pinto-1\/","og_site_name":"SEMINF","article_published_time":"2023-03-28T00:38:12+00:00","article_modified_time":"2023-11-28T14:47:43+00:00","og_image":[{"width":2560,"height":1706,"url":"https:\/\/www.manaus.am.gov.br\/seminf\/wp-content\/uploads\/sites\/6\/2023\/03\/image00006-scaled.jpg","type":"image\/jpeg"}],"author":"Bruna Greco","twitter_card":"summary_large_image","twitter_misc":{"Written by":"Bruna Greco","Est. reading time":"2 minutos"},"schema":{"@context":"https:\/\/schema.org","@graph":[{"@type":"WebPage","@id":"https:\/\/www.manaus.am.gov.br\/seminf\/prefeitura-intensifica-acoes-preventivas-e-realiza-manutencao-em-drenagem-no-conjunto-renato-souza-pinto-1\/","url":"https:\/\/www.manaus.am.gov.br\/seminf\/prefeitura-intensifica-acoes-preventivas-e-realiza-manutencao-em-drenagem-no-conjunto-renato-souza-pinto-1\/","name":"Prefeitura intensifica a\u00e7\u00f5es preventivas e realiza manuten\u00e7\u00e3o em drenagem no conjunto Renato Souza Pinto 1","isPartOf":{"@id":"https:\/\/www.manaus.am.gov.br\/seminf\/#website"},"primaryImageOfPage":{"@id":"https:\/\/www.manaus.am.gov.br\/seminf\/prefeitura-intensifica-acoes-preventivas-e-realiza-manutencao-em-drenagem-no-conjunto-renato-souza-pinto-1\/#primaryimage"},"image":{"@id":"https:\/\/www.manaus.am.gov.br\/seminf\/prefeitura-intensifica-acoes-preventivas-e-realiza-manutencao-em-drenagem-no-conjunto-renato-souza-pinto-1\/#primaryimage"},"thumbnailUrl":"https:\/\/www.manaus.am.gov.br\/seminf\/wp-content\/uploads\/sites\/6\/2023\/03\/image00006-scaled.jpg","datePublished":"2023-03-28T00:38:12+00:00","dateModified":"2023-11-28T14:47:43+00:00","author":{"@id":"https:\/\/www.manaus.am.gov.br\/seminf\/#\/schema\/person\/05d223aea2bf115f9883a6ff3683d81b"},"inLanguage":"pt-BR","potentialAction":[{"@type":"ReadAction","target":["https:\/\/www.manaus.am.gov.br\/seminf\/prefeitura-intensifica-acoes-preventivas-e-realiza-manutencao-em-drenagem-no-conjunto-renato-souza-pinto-1\/"]}]},{"@type":"ImageObject","inLanguage":"pt-BR","@id":"https:\/\/www.manaus.am.gov.br\/seminf\/prefeitura-intensifica-acoes-preventivas-e-realiza-manutencao-em-drenagem-no-conjunto-renato-souza-pinto-1\/#primaryimage","url":"https:\/\/www.manaus.am.gov.br\/seminf\/wp-content\/uploads\/sites\/6\/2023\/03\/image00006-scaled.jpg","contentUrl":"https:\/\/www.manaus.am.gov.br\/seminf\/wp-content\/uploads\/sites\/6\/2023\/03\/image00006-scaled.jpg","width":2560,"height":1706},{"@type":"WebSite","@id":"https:\/\/www.manaus.am.gov.br\/seminf\/#website","url":"https:\/\/www.manaus.am.gov.br\/seminf\/","name":"Secretaria de Infraestrutura","description":"Secretaria Municipal de Infraestrutura","potentialAction":[{"@type":"SearchAction","target":{"@type":"EntryPoint","urlTemplate":"https:\/\/www.manaus.am.gov.br\/seminf\/?s={search_term_string}"},"query-input":"required name=search_term_string"}],"inLanguage":"pt-BR"},{"@type":"Person","@id":"https:\/\/www.manaus.am.gov.br\/seminf\/#\/schema\/person\/05d223aea2bf115f9883a6ff3683d81b","name":"Bruna Greco","image":{"@type":"ImageObject","inLanguage":"pt-BR","@id":"https:\/\/www.manaus.am.gov.br\/seminf\/#\/schema\/person\/image\/","url":"https:\/\/secure.gravatar.com\/avatar\/9c877d1a6adc2a055330e5c09a8653ce?s=96&d=mm&r=g","contentUrl":"https:\/\/secure.gravatar.com\/avatar\/9c877d1a6adc2a055330e5c09a8653ce?s=96&d=mm&r=g","caption":"Bruna Greco"}}]}},"_links":{"self":[{"href":"https:\/\/www.manaus.am.gov.br\/seminf\/wp-json\/wp\/v2\/posts\/1083"}],"collection":[{"href":"https:\/\/www.manaus.am.gov.br\/seminf\/wp-json\/wp\/v2\/posts"}],"about":[{"href":"https:\/\/www.manaus.am.gov.br\/seminf\/wp-json\/wp\/v2\/types\/post"}],"author":[{"embeddable":true,"href":"https:\/\/www.manaus.am.gov.br\/seminf\/wp-json\/wp\/v2\/users\/39"}],"replies":[{"embeddable":true,"href":"https:\/\/www.manaus.am.gov.br\/seminf\/wp-json\/wp\/v2\/comments?post=1083"}],"version-history":[{"count":1,"href":"https:\/\/www.manaus.am.gov.br\/seminf\/wp-json\/wp\/v2\/posts\/1083\/revisions"}],"predecessor-version":[{"id":2291,"href":"https:\/\/www.manaus.am.gov.br\/seminf\/wp-json\/wp\/v2\/posts\/1083\/revisions\/2291"}],"wp:featuredmedia":[{"embeddable":true,"href":"https:\/\/www.manaus.am.gov.br\/seminf\/wp-json\/wp\/v2\/media\/1084"}],"wp:attachment":[{"href":"https:\/\/www.manaus.am.gov.br\/seminf\/wp-json\/wp\/v2\/media?parent=1083"}],"wp:term":[{"taxonomy":"category","embeddable":true,"href":"https:\/\/www.manaus.am.gov.br\/seminf\/wp-json\/wp\/v2\/categories?post=1083"},{"taxonomy":"post_tag","embeddable":true,"href":"https:\/\/www.manaus.am.gov.br\/seminf\/wp-json\/wp\/v2\/tags?post=1083"}],"curies":[{"name":"wp","href":"https:\/\/api.w.org\/{rel}","templated":true}]}}