{"id":1026,"date":"2023-03-20T18:23:13","date_gmt":"2023-03-20T22:23:13","guid":{"rendered":"https:\/\/www.manaus.am.gov.br\/seminf\/prefeitura-de-manaus-intensifica-trabalhos-de-contencao-da-erosao-no-bairro-jorge-teixeira\/"},"modified":"2023-03-20T18:23:13","modified_gmt":"2023-03-20T22:23:13","slug":"prefeitura-de-manaus-intensifica-trabalhos-de-contencao-da-erosao-no-bairro-jorge-teixeira","status":"publish","type":"post","link":"https:\/\/www.manaus.am.gov.br\/seminf\/prefeitura-de-manaus-intensifica-trabalhos-de-contencao-da-erosao-no-bairro-jorge-teixeira\/","title":{"rendered":"<strong>Prefeitura de Manaus intensifica trabalhos de conten\u00e7\u00e3o da eros\u00e3o no bairro Jorge Teixeira<\/strong>"},"content":{"rendered":"\n<p>A Prefeitura de Manaus, por meio da Secretaria Municipal de Infraestrutura (Seminf), intensifica, nesta segunda-feira, 20\/3, os trabalhos de conten\u00e7\u00e3o de eros\u00e3o na rua Pinto D\u2019\u00c1gua, no bairro Jorge Teixeira, zona Leste, onde 11 casas foram soterradas no dia 12\/3, durante uma forte chuva. As equipes envolvidas na for\u00e7a-tarefa conclu\u00edram o estudo topogr\u00e1fico do terreno.<\/p>\n\n\n\n<p>Nesta segunda-feira, a atua\u00e7\u00e3o \u00e9 no servi\u00e7o de prepara\u00e7\u00e3o da base, com alargamento da parte inferior do terreno, onde ainda h\u00e1 muita lama, abrindo caminho para garantir acesso das m\u00e1quinas que levar\u00e3o material at\u00e9 o talude (encosta). No local tamb\u00e9m ser\u00e3o realizados os servi\u00e7os de desvio das \u00e1guas acumuladas, tamb\u00e9m para facilitar o acesso das m\u00e1quinas.<\/p>\n\n\n\n<p>O per\u00edodo chuvoso dificulta alguns servi\u00e7os no terreno, que \u00e9 de grande instabilidade, como explica o engenheiro Tabajara J\u00fanior.<\/p>\n\n\n\n<p>\u201cSeguindo a determina\u00e7\u00e3o do prefeito David Almeida e do secret\u00e1rio de Obras Renato Junior, estamos atuando de forma c\u00e9lere para conter a eros\u00e3o nessa, que \u00e9 uma \u00e1rea de extremo risco. \u00c9 um local de dif\u00edcil acesso, por esse motivo o trabalho \u00e9 realizado com cautela, para evitar novos deslizamentos, dependemos tamb\u00e9m de estudos espec\u00edficos e de dias sem chuva para agilizar os servi\u00e7os e evitar perda de materiais\u201d, afirmou o engenheiro.<\/p>\n\n\n\n<p>As equipes far\u00e3o a limpeza no talude para a remo\u00e7\u00e3o da grande quantidade de lixo no local. Em seguida, ser\u00e1 realizado um estudo de identifica\u00e7\u00e3o da estrutura do solo, para que seja definido o tipo de material a ser utilizado na conten\u00e7\u00e3o da eros\u00e3o. Com a prepara\u00e7\u00e3o e o refor\u00e7o da base do talude, ser\u00e3o iniciados os servi\u00e7os de aterro.<\/p>\n\n\n\n<p>Posteriormente, as equipes de engenharia tamb\u00e9m ir\u00e3o identificar se ser\u00e1 utilizada a t\u00e9cnica de rapel para a realiza\u00e7\u00e3o dos trabalhos, como ocorreu no servi\u00e7o de conten\u00e7\u00e3o da eros\u00e3o no bairro S\u00e3o Raimundo, zona Oeste, j\u00e1 que, de forma semelhante, a encosta neste terreno na rua Pinto D\u2019\u00c1gua, no Jorge Teixeira, tem pelo menos 60 metros de altura, n\u00e3o sendo vi\u00e1vel o acesso pela parte inferior, segundo as equipes de engenharia.<\/p>\n\n\n\n<p>&#8212; &#8212; &#8212;<\/p>\n\n\n\n<p><strong>Texto &#8211;<\/strong> Mariana Rocha \/ Seminf<\/p>\n\n\n\n<p><strong>Foto<\/strong> &#8211; M\u00e1rcio Melo \/ Seminf<\/p>\n","protected":false},"excerpt":{"rendered":"","protected":false},"author":39,"featured_media":1027,"comment_status":"closed","ping_status":"closed","sticky":false,"template":"","format":"standard","meta":{"footnotes":""},"categories":[71],"tags":[426,404,26,435],"acf":[],"yoast_head":"<!-- This site is optimized with the Yoast SEO plugin v23.0 - https:\/\/yoast.com\/wordpress\/plugins\/seo\/ -->\n<title>Prefeitura de Manaus intensifica trabalhos de conten\u00e7\u00e3o da eros\u00e3o no bairro Jorge Teixeira<\/title>\n<meta name=\"description\" content=\"A prefeitura intensifica os trabalhos de conten\u00e7\u00e3o de eros\u00e3o na rua Pinto D\u2019\u00c1gua, no bairro Jorge Teixeira, onde 11 casas foram soterradas no dia 12\/3, durante uma forte chuva.\" \/>\n<meta name=\"robots\" content=\"index, follow, max-snippet:-1, max-image-preview:large, max-video-preview:-1\" \/>\n<link rel=\"canonical\" href=\"https:\/\/www.manaus.am.gov.br\/seminf\/prefeitura-de-manaus-intensifica-trabalhos-de-contencao-da-erosao-no-bairro-jorge-teixeira\/\" \/>\n<meta property=\"og:locale\" content=\"pt_BR\" \/>\n<meta property=\"og:type\" content=\"article\" \/>\n<meta property=\"og:title\" content=\"Prefeitura de Manaus intensifica trabalhos de conten\u00e7\u00e3o da eros\u00e3o no bairro Jorge Teixeira\" \/>\n<meta property=\"og:description\" content=\"A prefeitura intensifica os trabalhos de conten\u00e7\u00e3o de eros\u00e3o na rua Pinto D\u2019\u00c1gua, no bairro Jorge Teixeira, onde 11 casas foram soterradas no dia 12\/3, durante uma forte chuva.\" \/>\n<meta property=\"og:url\" content=\"https:\/\/www.manaus.am.gov.br\/seminf\/prefeitura-de-manaus-intensifica-trabalhos-de-contencao-da-erosao-no-bairro-jorge-teixeira\/\" \/>\n<meta property=\"og:site_name\" content=\"SEMINF\" \/>\n<meta property=\"article:published_time\" content=\"2023-03-20T22:23:13+00:00\" \/>\n<meta property=\"og:image\" content=\"https:\/\/www.manaus.am.gov.br\/seminf\/wp-content\/uploads\/sites\/6\/2023\/03\/Obra-emergencial-2.jpeg\" \/>\n\t<meta property=\"og:image:width\" content=\"1600\" \/>\n\t<meta property=\"og:image:height\" content=\"1066\" \/>\n\t<meta property=\"og:image:type\" content=\"image\/jpeg\" \/>\n<meta name=\"author\" content=\"Bruna Greco\" \/>\n<meta name=\"twitter:card\" content=\"summary_large_image\" \/>\n<meta name=\"twitter:label1\" content=\"Written by\" \/>\n\t<meta name=\"twitter:data1\" content=\"Bruna Greco\" \/>\n\t<meta name=\"twitter:label2\" content=\"Est. reading time\" \/>\n\t<meta name=\"twitter:data2\" content=\"2 minutos\" \/>\n<script type=\"application\/ld+json\" class=\"yoast-schema-graph\">{\"@context\":\"https:\/\/schema.org\",\"@graph\":[{\"@type\":\"WebPage\",\"@id\":\"https:\/\/www.manaus.am.gov.br\/seminf\/prefeitura-de-manaus-intensifica-trabalhos-de-contencao-da-erosao-no-bairro-jorge-teixeira\/\",\"url\":\"https:\/\/www.manaus.am.gov.br\/seminf\/prefeitura-de-manaus-intensifica-trabalhos-de-contencao-da-erosao-no-bairro-jorge-teixeira\/\",\"name\":\"Prefeitura de Manaus intensifica trabalhos de conten\u00e7\u00e3o da eros\u00e3o no bairro Jorge Teixeira\",\"isPartOf\":{\"@id\":\"https:\/\/www.manaus.am.gov.br\/seminf\/#website\"},\"primaryImageOfPage\":{\"@id\":\"https:\/\/www.manaus.am.gov.br\/seminf\/prefeitura-de-manaus-intensifica-trabalhos-de-contencao-da-erosao-no-bairro-jorge-teixeira\/#primaryimage\"},\"image\":{\"@id\":\"https:\/\/www.manaus.am.gov.br\/seminf\/prefeitura-de-manaus-intensifica-trabalhos-de-contencao-da-erosao-no-bairro-jorge-teixeira\/#primaryimage\"},\"thumbnailUrl\":\"https:\/\/www.manaus.am.gov.br\/seminf\/wp-content\/uploads\/sites\/6\/2023\/03\/Obra-emergencial-2.jpeg\",\"datePublished\":\"2023-03-20T22:23:13+00:00\",\"dateModified\":\"2023-03-20T22:23:13+00:00\",\"author\":{\"@id\":\"https:\/\/www.manaus.am.gov.br\/seminf\/#\/schema\/person\/05d223aea2bf115f9883a6ff3683d81b\"},\"description\":\"A prefeitura intensifica os trabalhos de conten\u00e7\u00e3o de eros\u00e3o na rua Pinto D\u2019\u00c1gua, no bairro Jorge Teixeira, onde 11 casas foram soterradas no dia 12\/3, durante uma forte chuva.\",\"inLanguage\":\"pt-BR\",\"potentialAction\":[{\"@type\":\"ReadAction\",\"target\":[\"https:\/\/www.manaus.am.gov.br\/seminf\/prefeitura-de-manaus-intensifica-trabalhos-de-contencao-da-erosao-no-bairro-jorge-teixeira\/\"]}]},{\"@type\":\"ImageObject\",\"inLanguage\":\"pt-BR\",\"@id\":\"https:\/\/www.manaus.am.gov.br\/seminf\/prefeitura-de-manaus-intensifica-trabalhos-de-contencao-da-erosao-no-bairro-jorge-teixeira\/#primaryimage\",\"url\":\"https:\/\/www.manaus.am.gov.br\/seminf\/wp-content\/uploads\/sites\/6\/2023\/03\/Obra-emergencial-2.jpeg\",\"contentUrl\":\"https:\/\/www.manaus.am.gov.br\/seminf\/wp-content\/uploads\/sites\/6\/2023\/03\/Obra-emergencial-2.jpeg\",\"width\":1600,\"height\":1066},{\"@type\":\"WebSite\",\"@id\":\"https:\/\/www.manaus.am.gov.br\/seminf\/#website\",\"url\":\"https:\/\/www.manaus.am.gov.br\/seminf\/\",\"name\":\"Secretaria de Infraestrutura\",\"description\":\"Secretaria Municipal de Infraestrutura\",\"potentialAction\":[{\"@type\":\"SearchAction\",\"target\":{\"@type\":\"EntryPoint\",\"urlTemplate\":\"https:\/\/www.manaus.am.gov.br\/seminf\/?s={search_term_string}\"},\"query-input\":\"required name=search_term_string\"}],\"inLanguage\":\"pt-BR\"},{\"@type\":\"Person\",\"@id\":\"https:\/\/www.manaus.am.gov.br\/seminf\/#\/schema\/person\/05d223aea2bf115f9883a6ff3683d81b\",\"name\":\"Bruna Greco\",\"image\":{\"@type\":\"ImageObject\",\"inLanguage\":\"pt-BR\",\"@id\":\"https:\/\/www.manaus.am.gov.br\/seminf\/#\/schema\/person\/image\/\",\"url\":\"https:\/\/secure.gravatar.com\/avatar\/9c877d1a6adc2a055330e5c09a8653ce?s=96&d=mm&r=g\",\"contentUrl\":\"https:\/\/secure.gravatar.com\/avatar\/9c877d1a6adc2a055330e5c09a8653ce?s=96&d=mm&r=g\",\"caption\":\"Bruna Greco\"}}]}<\/script>\n<!-- \/ Yoast SEO plugin. -->","yoast_head_json":{"title":"Prefeitura de Manaus intensifica trabalhos de conten\u00e7\u00e3o da eros\u00e3o no bairro Jorge Teixeira","description":"A prefeitura intensifica os trabalhos de conten\u00e7\u00e3o de eros\u00e3o na rua Pinto D\u2019\u00c1gua, no bairro Jorge Teixeira, onde 11 casas foram soterradas no dia 12\/3, durante uma forte chuva.","robots":{"index":"index","follow":"follow","max-snippet":"max-snippet:-1","max-image-preview":"max-image-preview:large","max-video-preview":"max-video-preview:-1"},"canonical":"https:\/\/www.manaus.am.gov.br\/seminf\/prefeitura-de-manaus-intensifica-trabalhos-de-contencao-da-erosao-no-bairro-jorge-teixeira\/","og_locale":"pt_BR","og_type":"article","og_title":"Prefeitura de Manaus intensifica trabalhos de conten\u00e7\u00e3o da eros\u00e3o no bairro Jorge Teixeira","og_description":"A prefeitura intensifica os trabalhos de conten\u00e7\u00e3o de eros\u00e3o na rua Pinto D\u2019\u00c1gua, no bairro Jorge Teixeira, onde 11 casas foram soterradas no dia 12\/3, durante uma forte chuva.","og_url":"https:\/\/www.manaus.am.gov.br\/seminf\/prefeitura-de-manaus-intensifica-trabalhos-de-contencao-da-erosao-no-bairro-jorge-teixeira\/","og_site_name":"SEMINF","article_published_time":"2023-03-20T22:23:13+00:00","og_image":[{"width":1600,"height":1066,"url":"https:\/\/www.manaus.am.gov.br\/seminf\/wp-content\/uploads\/sites\/6\/2023\/03\/Obra-emergencial-2.jpeg","type":"image\/jpeg"}],"author":"Bruna Greco","twitter_card":"summary_large_image","twitter_misc":{"Written by":"Bruna Greco","Est. reading time":"2 minutos"},"schema":{"@context":"https:\/\/schema.org","@graph":[{"@type":"WebPage","@id":"https:\/\/www.manaus.am.gov.br\/seminf\/prefeitura-de-manaus-intensifica-trabalhos-de-contencao-da-erosao-no-bairro-jorge-teixeira\/","url":"https:\/\/www.manaus.am.gov.br\/seminf\/prefeitura-de-manaus-intensifica-trabalhos-de-contencao-da-erosao-no-bairro-jorge-teixeira\/","name":"Prefeitura de Manaus intensifica trabalhos de conten\u00e7\u00e3o da eros\u00e3o no bairro Jorge Teixeira","isPartOf":{"@id":"https:\/\/www.manaus.am.gov.br\/seminf\/#website"},"primaryImageOfPage":{"@id":"https:\/\/www.manaus.am.gov.br\/seminf\/prefeitura-de-manaus-intensifica-trabalhos-de-contencao-da-erosao-no-bairro-jorge-teixeira\/#primaryimage"},"image":{"@id":"https:\/\/www.manaus.am.gov.br\/seminf\/prefeitura-de-manaus-intensifica-trabalhos-de-contencao-da-erosao-no-bairro-jorge-teixeira\/#primaryimage"},"thumbnailUrl":"https:\/\/www.manaus.am.gov.br\/seminf\/wp-content\/uploads\/sites\/6\/2023\/03\/Obra-emergencial-2.jpeg","datePublished":"2023-03-20T22:23:13+00:00","dateModified":"2023-03-20T22:23:13+00:00","author":{"@id":"https:\/\/www.manaus.am.gov.br\/seminf\/#\/schema\/person\/05d223aea2bf115f9883a6ff3683d81b"},"description":"A prefeitura intensifica os trabalhos de conten\u00e7\u00e3o de eros\u00e3o na rua Pinto D\u2019\u00c1gua, no bairro Jorge Teixeira, onde 11 casas foram soterradas no dia 12\/3, durante uma forte chuva.","inLanguage":"pt-BR","potentialAction":[{"@type":"ReadAction","target":["https:\/\/www.manaus.am.gov.br\/seminf\/prefeitura-de-manaus-intensifica-trabalhos-de-contencao-da-erosao-no-bairro-jorge-teixeira\/"]}]},{"@type":"ImageObject","inLanguage":"pt-BR","@id":"https:\/\/www.manaus.am.gov.br\/seminf\/prefeitura-de-manaus-intensifica-trabalhos-de-contencao-da-erosao-no-bairro-jorge-teixeira\/#primaryimage","url":"https:\/\/www.manaus.am.gov.br\/seminf\/wp-content\/uploads\/sites\/6\/2023\/03\/Obra-emergencial-2.jpeg","contentUrl":"https:\/\/www.manaus.am.gov.br\/seminf\/wp-content\/uploads\/sites\/6\/2023\/03\/Obra-emergencial-2.jpeg","width":1600,"height":1066},{"@type":"WebSite","@id":"https:\/\/www.manaus.am.gov.br\/seminf\/#website","url":"https:\/\/www.manaus.am.gov.br\/seminf\/","name":"Secretaria de Infraestrutura","description":"Secretaria Municipal de Infraestrutura","potentialAction":[{"@type":"SearchAction","target":{"@type":"EntryPoint","urlTemplate":"https:\/\/www.manaus.am.gov.br\/seminf\/?s={search_term_string}"},"query-input":"required name=search_term_string"}],"inLanguage":"pt-BR"},{"@type":"Person","@id":"https:\/\/www.manaus.am.gov.br\/seminf\/#\/schema\/person\/05d223aea2bf115f9883a6ff3683d81b","name":"Bruna Greco","image":{"@type":"ImageObject","inLanguage":"pt-BR","@id":"https:\/\/www.manaus.am.gov.br\/seminf\/#\/schema\/person\/image\/","url":"https:\/\/secure.gravatar.com\/avatar\/9c877d1a6adc2a055330e5c09a8653ce?s=96&d=mm&r=g","contentUrl":"https:\/\/secure.gravatar.com\/avatar\/9c877d1a6adc2a055330e5c09a8653ce?s=96&d=mm&r=g","caption":"Bruna Greco"}}]}},"_links":{"self":[{"href":"https:\/\/www.manaus.am.gov.br\/seminf\/wp-json\/wp\/v2\/posts\/1026"}],"collection":[{"href":"https:\/\/www.manaus.am.gov.br\/seminf\/wp-json\/wp\/v2\/posts"}],"about":[{"href":"https:\/\/www.manaus.am.gov.br\/seminf\/wp-json\/wp\/v2\/types\/post"}],"author":[{"embeddable":true,"href":"https:\/\/www.manaus.am.gov.br\/seminf\/wp-json\/wp\/v2\/users\/39"}],"replies":[{"embeddable":true,"href":"https:\/\/www.manaus.am.gov.br\/seminf\/wp-json\/wp\/v2\/comments?post=1026"}],"version-history":[{"count":0,"href":"https:\/\/www.manaus.am.gov.br\/seminf\/wp-json\/wp\/v2\/posts\/1026\/revisions"}],"wp:featuredmedia":[{"embeddable":true,"href":"https:\/\/www.manaus.am.gov.br\/seminf\/wp-json\/wp\/v2\/media\/1027"}],"wp:attachment":[{"href":"https:\/\/www.manaus.am.gov.br\/seminf\/wp-json\/wp\/v2\/media?parent=1026"}],"wp:term":[{"taxonomy":"category","embeddable":true,"href":"https:\/\/www.manaus.am.gov.br\/seminf\/wp-json\/wp\/v2\/categories?post=1026"},{"taxonomy":"post_tag","embeddable":true,"href":"https:\/\/www.manaus.am.gov.br\/seminf\/wp-json\/wp\/v2\/tags?post=1026"}],"curies":[{"name":"wp","href":"https:\/\/api.w.org\/{rel}","templated":true}]}}