{"id":1011,"date":"2023-03-16T10:31:48","date_gmt":"2023-03-16T14:31:48","guid":{"rendered":"https:\/\/www.manaus.am.gov.br\/seminf\/prefeitura-de-manaus-intensifica-vigilancia-em-periodo-de-chuva-e-desobstrui-mais-de-600-bueiros-em-28-dias\/"},"modified":"2023-03-16T10:31:50","modified_gmt":"2023-03-16T14:31:50","slug":"prefeitura-de-manaus-intensifica-vigilancia-em-periodo-de-chuva-e-desobstrui-mais-de-600-bueiros-em-28-dias","status":"publish","type":"post","link":"https:\/\/www.manaus.am.gov.br\/seminf\/prefeitura-de-manaus-intensifica-vigilancia-em-periodo-de-chuva-e-desobstrui-mais-de-600-bueiros-em-28-dias\/","title":{"rendered":"<strong>Prefeitura de Manaus intensifica vigil\u00e2ncia em per\u00edodo de chuva e desobstrui mais de 600 bueiros em 28 dias<\/strong>"},"content":{"rendered":"\n<p>Dando continuidade \u00e0s a\u00e7\u00f5es de preven\u00e7\u00e3o durante o per\u00edodo chuvoso na cidade, a Prefeitura de Manaus, por meio da Secretaria Municipal de Infraestrutura (Seminf), realizou a desobstru\u00e7\u00e3o e limpeza de 638 caixas coletoras, conhecidas como bueiros, somente no m\u00eas de fevereiro. A a\u00e7\u00e3o \u00e9 para garantir o escoamento correto das \u00e1guas da chuva e minimizar os alagamentos na cidade.<\/p>\n\n\n\n<p>Conforme relat\u00f3rio mensal do Departamento de Manuten\u00e7\u00e3o e Infraestrutura Urbana da Seminf, cerca de 182 vias de Manaus foram atendidas. O documento aponta ainda que o descarte irregular de lixo \u00e9 o grande vil\u00e3o dos alagamentos, respons\u00e1vel por 45% das obstru\u00e7\u00f5es de bueiros no m\u00eas de fevereiro.<\/p>\n\n\n\n<p>&#8220;A Seminf intensificou as a\u00e7\u00f5es e implantou tecnologias para dar mais agilidade ao atendimento das vias, conforme determinam o prefeito David Almeida e o secret\u00e1rio de Obras, Renato Junior\u201d, afirmou o diretor de Manuten\u00e7\u00e3o e Infraestrutura Urbana, Emerson Costa.&nbsp;<\/p>\n\n\n\n<p>Emerson ressaltou que o sucesso dos trabalhos requer conscientiza\u00e7\u00e3o dos moradores. \u201c\u00c9 imprescind\u00edvel que as pessoas descartem o lixo na lixeira. O descarte incorreto corrobora para os alagamentos, pois o lixo entra nas tubula\u00e7\u00f5es de drenagem e entope a rede\u201d, salientou.<\/p>\n\n\n\n<p><strong>Procedimentos<\/strong><\/p>\n\n\n\n<p>Para a realiza\u00e7\u00e3o do trabalho, as equipes percorrem todas as zonas. Os 17 Distritos de Obras programam as a\u00e7\u00f5es de manuten\u00e7\u00e3o das tubula\u00e7\u00f5es. As equipes utilizam caminh\u00f5es hidrojato, tamb\u00e9m conhecidos por caminh\u00f5es de suc\u00e7\u00e3o de lixo, nos bueiros e galerias subterr\u00e2neas. A a\u00e7\u00e3o prioriza pontos focais de alagamento na cidade.<\/p>\n\n\n\n<p>Na \u00faltima quarta-feira, 16, na avenida Dom Pedro, no bairro Dom Pedro, zona Centro-Oeste, a Seminf desobstruiu 12 bueiros.<\/p>\n\n\n\n<p>Na zona Norte, as equipes atuaram na rua Osmarilza Martins, comunidade Nossa Senhora do Perp\u00e9tuo Socorro, no bairro Cidade Nova, e desobstru\u00edram seis bueiros. Da limpeza da tubula\u00e7\u00e3o, foram retiradas garrafas PET, embalagens e sacolas pl\u00e1sticas.<\/p>\n\n\n\n<p>&#8212; &#8212; &#8212;<\/p>\n\n\n\n<p><strong>Texto &#8211;<\/strong>\u00a0Valesca Martins \/ Seminf\u00a0<\/p>\n\n\n\n<p><strong>Fotos &#8211;\u00a0<\/strong>M\u00e1rcio Melo \/ Seminf\u00a0<\/p>\n","protected":false},"excerpt":{"rendered":"","protected":false},"author":24,"featured_media":1012,"comment_status":"closed","ping_status":"closed","sticky":false,"template":"","format":"standard","meta":{"footnotes":""},"categories":[415],"tags":[61,416,28,417,418,43,118,419,26],"acf":[],"yoast_head":"<!-- This site is optimized with the Yoast SEO plugin v23.0 - https:\/\/yoast.com\/wordpress\/plugins\/seo\/ -->\n<title>Prefeitura de Manaus intensifica vigil\u00e2ncia em per\u00edodo de chuva e desobstrui mais de 600 bueiros em 28 dias<\/title>\n<meta name=\"description\" content=\"Dando continuidade \u00e0s a\u00e7\u00f5es de preven\u00e7\u00e3o durante o per\u00edodo chuvoso na cidade, a Prefeitura de Manaus, por meio da Secretaria Municipal de Infraestrutura (Seminf), realizou a desobstru\u00e7\u00e3o e limpeza de 638 caixas coletoras, conhecidas como bueiros, somente no m\u00eas de fevereiro.\" \/>\n<meta name=\"robots\" content=\"index, follow, max-snippet:-1, max-image-preview:large, max-video-preview:-1\" \/>\n<link rel=\"canonical\" href=\"https:\/\/www.manaus.am.gov.br\/seminf\/prefeitura-de-manaus-intensifica-vigilancia-em-periodo-de-chuva-e-desobstrui-mais-de-600-bueiros-em-28-dias\/\" \/>\n<meta property=\"og:locale\" content=\"pt_BR\" \/>\n<meta property=\"og:type\" content=\"article\" \/>\n<meta property=\"og:title\" content=\"Prefeitura de Manaus intensifica vigil\u00e2ncia em per\u00edodo de chuva e desobstrui mais de 600 bueiros em 28 dias\" \/>\n<meta property=\"og:description\" content=\"Dando continuidade \u00e0s a\u00e7\u00f5es de preven\u00e7\u00e3o durante o per\u00edodo chuvoso na cidade, a Prefeitura de Manaus, por meio da Secretaria Municipal de Infraestrutura (Seminf), realizou a desobstru\u00e7\u00e3o e limpeza de 638 caixas coletoras, conhecidas como bueiros, somente no m\u00eas de fevereiro.\" \/>\n<meta property=\"og:url\" content=\"https:\/\/www.manaus.am.gov.br\/seminf\/prefeitura-de-manaus-intensifica-vigilancia-em-periodo-de-chuva-e-desobstrui-mais-de-600-bueiros-em-28-dias\/\" \/>\n<meta property=\"og:site_name\" content=\"SEMINF\" \/>\n<meta property=\"article:published_time\" content=\"2023-03-16T14:31:48+00:00\" \/>\n<meta property=\"article:modified_time\" content=\"2023-03-16T14:31:50+00:00\" \/>\n<meta property=\"og:image\" content=\"https:\/\/www.manaus.am.gov.br\/seminf\/wp-content\/uploads\/sites\/6\/2023\/03\/Prefeitura-de-Manaus-intensifica-vigilancia-em-periodo-de-chuva-e-desobstrui-mais-de-600-bueiros-em-28-dias-1.jpeg\" \/>\n\t<meta property=\"og:image:width\" content=\"1600\" \/>\n\t<meta property=\"og:image:height\" content=\"1066\" \/>\n\t<meta property=\"og:image:type\" content=\"image\/jpeg\" \/>\n<meta name=\"author\" content=\"Cl\u00e1udia Barbosa\" \/>\n<meta name=\"twitter:card\" content=\"summary_large_image\" \/>\n<meta name=\"twitter:label1\" content=\"Written by\" \/>\n\t<meta name=\"twitter:data1\" content=\"Cl\u00e1udia Barbosa\" \/>\n\t<meta name=\"twitter:label2\" content=\"Est. reading time\" \/>\n\t<meta name=\"twitter:data2\" content=\"2 minutos\" \/>\n<script type=\"application\/ld+json\" class=\"yoast-schema-graph\">{\"@context\":\"https:\/\/schema.org\",\"@graph\":[{\"@type\":\"WebPage\",\"@id\":\"https:\/\/www.manaus.am.gov.br\/seminf\/prefeitura-de-manaus-intensifica-vigilancia-em-periodo-de-chuva-e-desobstrui-mais-de-600-bueiros-em-28-dias\/\",\"url\":\"https:\/\/www.manaus.am.gov.br\/seminf\/prefeitura-de-manaus-intensifica-vigilancia-em-periodo-de-chuva-e-desobstrui-mais-de-600-bueiros-em-28-dias\/\",\"name\":\"Prefeitura de Manaus intensifica vigil\u00e2ncia em per\u00edodo de chuva e desobstrui mais de 600 bueiros em 28 dias\",\"isPartOf\":{\"@id\":\"https:\/\/www.manaus.am.gov.br\/seminf\/#website\"},\"primaryImageOfPage\":{\"@id\":\"https:\/\/www.manaus.am.gov.br\/seminf\/prefeitura-de-manaus-intensifica-vigilancia-em-periodo-de-chuva-e-desobstrui-mais-de-600-bueiros-em-28-dias\/#primaryimage\"},\"image\":{\"@id\":\"https:\/\/www.manaus.am.gov.br\/seminf\/prefeitura-de-manaus-intensifica-vigilancia-em-periodo-de-chuva-e-desobstrui-mais-de-600-bueiros-em-28-dias\/#primaryimage\"},\"thumbnailUrl\":\"https:\/\/www.manaus.am.gov.br\/seminf\/wp-content\/uploads\/sites\/6\/2023\/03\/Prefeitura-de-Manaus-intensifica-vigilancia-em-periodo-de-chuva-e-desobstrui-mais-de-600-bueiros-em-28-dias-1.jpeg\",\"datePublished\":\"2023-03-16T14:31:48+00:00\",\"dateModified\":\"2023-03-16T14:31:50+00:00\",\"author\":{\"@id\":\"https:\/\/www.manaus.am.gov.br\/seminf\/#\/schema\/person\/d0a166b5031154c33c77794ddc9a827e\"},\"description\":\"Dando continuidade \u00e0s a\u00e7\u00f5es de preven\u00e7\u00e3o durante o per\u00edodo chuvoso na cidade, a Prefeitura de Manaus, por meio da Secretaria Municipal de Infraestrutura (Seminf), realizou a desobstru\u00e7\u00e3o e limpeza de 638 caixas coletoras, conhecidas como bueiros, somente no m\u00eas de fevereiro.\",\"inLanguage\":\"pt-BR\",\"potentialAction\":[{\"@type\":\"ReadAction\",\"target\":[\"https:\/\/www.manaus.am.gov.br\/seminf\/prefeitura-de-manaus-intensifica-vigilancia-em-periodo-de-chuva-e-desobstrui-mais-de-600-bueiros-em-28-dias\/\"]}]},{\"@type\":\"ImageObject\",\"inLanguage\":\"pt-BR\",\"@id\":\"https:\/\/www.manaus.am.gov.br\/seminf\/prefeitura-de-manaus-intensifica-vigilancia-em-periodo-de-chuva-e-desobstrui-mais-de-600-bueiros-em-28-dias\/#primaryimage\",\"url\":\"https:\/\/www.manaus.am.gov.br\/seminf\/wp-content\/uploads\/sites\/6\/2023\/03\/Prefeitura-de-Manaus-intensifica-vigilancia-em-periodo-de-chuva-e-desobstrui-mais-de-600-bueiros-em-28-dias-1.jpeg\",\"contentUrl\":\"https:\/\/www.manaus.am.gov.br\/seminf\/wp-content\/uploads\/sites\/6\/2023\/03\/Prefeitura-de-Manaus-intensifica-vigilancia-em-periodo-de-chuva-e-desobstrui-mais-de-600-bueiros-em-28-dias-1.jpeg\",\"width\":1600,\"height\":1066},{\"@type\":\"WebSite\",\"@id\":\"https:\/\/www.manaus.am.gov.br\/seminf\/#website\",\"url\":\"https:\/\/www.manaus.am.gov.br\/seminf\/\",\"name\":\"Secretaria de Infraestrutura\",\"description\":\"Secretaria Municipal de Infraestrutura\",\"potentialAction\":[{\"@type\":\"SearchAction\",\"target\":{\"@type\":\"EntryPoint\",\"urlTemplate\":\"https:\/\/www.manaus.am.gov.br\/seminf\/?s={search_term_string}\"},\"query-input\":\"required name=search_term_string\"}],\"inLanguage\":\"pt-BR\"},{\"@type\":\"Person\",\"@id\":\"https:\/\/www.manaus.am.gov.br\/seminf\/#\/schema\/person\/d0a166b5031154c33c77794ddc9a827e\",\"name\":\"Cl\u00e1udia Barbosa\",\"image\":{\"@type\":\"ImageObject\",\"inLanguage\":\"pt-BR\",\"@id\":\"https:\/\/www.manaus.am.gov.br\/seminf\/#\/schema\/person\/image\/\",\"url\":\"https:\/\/secure.gravatar.com\/avatar\/42958a1cf007f1a00534009218c72590?s=96&d=mm&r=g\",\"contentUrl\":\"https:\/\/secure.gravatar.com\/avatar\/42958a1cf007f1a00534009218c72590?s=96&d=mm&r=g\",\"caption\":\"Cl\u00e1udia Barbosa\"}}]}<\/script>\n<!-- \/ Yoast SEO plugin. -->","yoast_head_json":{"title":"Prefeitura de Manaus intensifica vigil\u00e2ncia em per\u00edodo de chuva e desobstrui mais de 600 bueiros em 28 dias","description":"Dando continuidade \u00e0s a\u00e7\u00f5es de preven\u00e7\u00e3o durante o per\u00edodo chuvoso na cidade, a Prefeitura de Manaus, por meio da Secretaria Municipal de Infraestrutura (Seminf), realizou a desobstru\u00e7\u00e3o e limpeza de 638 caixas coletoras, conhecidas como bueiros, somente no m\u00eas de fevereiro.","robots":{"index":"index","follow":"follow","max-snippet":"max-snippet:-1","max-image-preview":"max-image-preview:large","max-video-preview":"max-video-preview:-1"},"canonical":"https:\/\/www.manaus.am.gov.br\/seminf\/prefeitura-de-manaus-intensifica-vigilancia-em-periodo-de-chuva-e-desobstrui-mais-de-600-bueiros-em-28-dias\/","og_locale":"pt_BR","og_type":"article","og_title":"Prefeitura de Manaus intensifica vigil\u00e2ncia em per\u00edodo de chuva e desobstrui mais de 600 bueiros em 28 dias","og_description":"Dando continuidade \u00e0s a\u00e7\u00f5es de preven\u00e7\u00e3o durante o per\u00edodo chuvoso na cidade, a Prefeitura de Manaus, por meio da Secretaria Municipal de Infraestrutura (Seminf), realizou a desobstru\u00e7\u00e3o e limpeza de 638 caixas coletoras, conhecidas como bueiros, somente no m\u00eas de fevereiro.","og_url":"https:\/\/www.manaus.am.gov.br\/seminf\/prefeitura-de-manaus-intensifica-vigilancia-em-periodo-de-chuva-e-desobstrui-mais-de-600-bueiros-em-28-dias\/","og_site_name":"SEMINF","article_published_time":"2023-03-16T14:31:48+00:00","article_modified_time":"2023-03-16T14:31:50+00:00","og_image":[{"width":1600,"height":1066,"url":"https:\/\/www.manaus.am.gov.br\/seminf\/wp-content\/uploads\/sites\/6\/2023\/03\/Prefeitura-de-Manaus-intensifica-vigilancia-em-periodo-de-chuva-e-desobstrui-mais-de-600-bueiros-em-28-dias-1.jpeg","type":"image\/jpeg"}],"author":"Cl\u00e1udia Barbosa","twitter_card":"summary_large_image","twitter_misc":{"Written by":"Cl\u00e1udia Barbosa","Est. reading time":"2 minutos"},"schema":{"@context":"https:\/\/schema.org","@graph":[{"@type":"WebPage","@id":"https:\/\/www.manaus.am.gov.br\/seminf\/prefeitura-de-manaus-intensifica-vigilancia-em-periodo-de-chuva-e-desobstrui-mais-de-600-bueiros-em-28-dias\/","url":"https:\/\/www.manaus.am.gov.br\/seminf\/prefeitura-de-manaus-intensifica-vigilancia-em-periodo-de-chuva-e-desobstrui-mais-de-600-bueiros-em-28-dias\/","name":"Prefeitura de Manaus intensifica vigil\u00e2ncia em per\u00edodo de chuva e desobstrui mais de 600 bueiros em 28 dias","isPartOf":{"@id":"https:\/\/www.manaus.am.gov.br\/seminf\/#website"},"primaryImageOfPage":{"@id":"https:\/\/www.manaus.am.gov.br\/seminf\/prefeitura-de-manaus-intensifica-vigilancia-em-periodo-de-chuva-e-desobstrui-mais-de-600-bueiros-em-28-dias\/#primaryimage"},"image":{"@id":"https:\/\/www.manaus.am.gov.br\/seminf\/prefeitura-de-manaus-intensifica-vigilancia-em-periodo-de-chuva-e-desobstrui-mais-de-600-bueiros-em-28-dias\/#primaryimage"},"thumbnailUrl":"https:\/\/www.manaus.am.gov.br\/seminf\/wp-content\/uploads\/sites\/6\/2023\/03\/Prefeitura-de-Manaus-intensifica-vigilancia-em-periodo-de-chuva-e-desobstrui-mais-de-600-bueiros-em-28-dias-1.jpeg","datePublished":"2023-03-16T14:31:48+00:00","dateModified":"2023-03-16T14:31:50+00:00","author":{"@id":"https:\/\/www.manaus.am.gov.br\/seminf\/#\/schema\/person\/d0a166b5031154c33c77794ddc9a827e"},"description":"Dando continuidade \u00e0s a\u00e7\u00f5es de preven\u00e7\u00e3o durante o per\u00edodo chuvoso na cidade, a Prefeitura de Manaus, por meio da Secretaria Municipal de Infraestrutura (Seminf), realizou a desobstru\u00e7\u00e3o e limpeza de 638 caixas coletoras, conhecidas como bueiros, somente no m\u00eas de fevereiro.","inLanguage":"pt-BR","potentialAction":[{"@type":"ReadAction","target":["https:\/\/www.manaus.am.gov.br\/seminf\/prefeitura-de-manaus-intensifica-vigilancia-em-periodo-de-chuva-e-desobstrui-mais-de-600-bueiros-em-28-dias\/"]}]},{"@type":"ImageObject","inLanguage":"pt-BR","@id":"https:\/\/www.manaus.am.gov.br\/seminf\/prefeitura-de-manaus-intensifica-vigilancia-em-periodo-de-chuva-e-desobstrui-mais-de-600-bueiros-em-28-dias\/#primaryimage","url":"https:\/\/www.manaus.am.gov.br\/seminf\/wp-content\/uploads\/sites\/6\/2023\/03\/Prefeitura-de-Manaus-intensifica-vigilancia-em-periodo-de-chuva-e-desobstrui-mais-de-600-bueiros-em-28-dias-1.jpeg","contentUrl":"https:\/\/www.manaus.am.gov.br\/seminf\/wp-content\/uploads\/sites\/6\/2023\/03\/Prefeitura-de-Manaus-intensifica-vigilancia-em-periodo-de-chuva-e-desobstrui-mais-de-600-bueiros-em-28-dias-1.jpeg","width":1600,"height":1066},{"@type":"WebSite","@id":"https:\/\/www.manaus.am.gov.br\/seminf\/#website","url":"https:\/\/www.manaus.am.gov.br\/seminf\/","name":"Secretaria de Infraestrutura","description":"Secretaria Municipal de Infraestrutura","potentialAction":[{"@type":"SearchAction","target":{"@type":"EntryPoint","urlTemplate":"https:\/\/www.manaus.am.gov.br\/seminf\/?s={search_term_string}"},"query-input":"required name=search_term_string"}],"inLanguage":"pt-BR"},{"@type":"Person","@id":"https:\/\/www.manaus.am.gov.br\/seminf\/#\/schema\/person\/d0a166b5031154c33c77794ddc9a827e","name":"Cl\u00e1udia Barbosa","image":{"@type":"ImageObject","inLanguage":"pt-BR","@id":"https:\/\/www.manaus.am.gov.br\/seminf\/#\/schema\/person\/image\/","url":"https:\/\/secure.gravatar.com\/avatar\/42958a1cf007f1a00534009218c72590?s=96&d=mm&r=g","contentUrl":"https:\/\/secure.gravatar.com\/avatar\/42958a1cf007f1a00534009218c72590?s=96&d=mm&r=g","caption":"Cl\u00e1udia Barbosa"}}]}},"_links":{"self":[{"href":"https:\/\/www.manaus.am.gov.br\/seminf\/wp-json\/wp\/v2\/posts\/1011"}],"collection":[{"href":"https:\/\/www.manaus.am.gov.br\/seminf\/wp-json\/wp\/v2\/posts"}],"about":[{"href":"https:\/\/www.manaus.am.gov.br\/seminf\/wp-json\/wp\/v2\/types\/post"}],"author":[{"embeddable":true,"href":"https:\/\/www.manaus.am.gov.br\/seminf\/wp-json\/wp\/v2\/users\/24"}],"replies":[{"embeddable":true,"href":"https:\/\/www.manaus.am.gov.br\/seminf\/wp-json\/wp\/v2\/comments?post=1011"}],"version-history":[{"count":0,"href":"https:\/\/www.manaus.am.gov.br\/seminf\/wp-json\/wp\/v2\/posts\/1011\/revisions"}],"wp:featuredmedia":[{"embeddable":true,"href":"https:\/\/www.manaus.am.gov.br\/seminf\/wp-json\/wp\/v2\/media\/1012"}],"wp:attachment":[{"href":"https:\/\/www.manaus.am.gov.br\/seminf\/wp-json\/wp\/v2\/media?parent=1011"}],"wp:term":[{"taxonomy":"category","embeddable":true,"href":"https:\/\/www.manaus.am.gov.br\/seminf\/wp-json\/wp\/v2\/categories?post=1011"},{"taxonomy":"post_tag","embeddable":true,"href":"https:\/\/www.manaus.am.gov.br\/seminf\/wp-json\/wp\/v2\/tags?post=1011"}],"curies":[{"name":"wp","href":"https:\/\/api.w.org\/{rel}","templated":true}]}}