{"id":235,"date":"2023-08-02T15:48:43","date_gmt":"2023-08-02T18:48:43","guid":{"rendered":"https:\/\/www.manaus.am.gov.br\/semhaf\/2023\/08\/02\/em-duas-semanas-prefeitura-cadastra-mais-de-550-moradores-para-regularizar-imoveis-na-zona-norte-de-manaus\/"},"modified":"2023-11-08T17:41:08","modified_gmt":"2023-11-08T20:41:08","slug":"em-duas-semanas-prefeitura-cadastra-mais-de-550-moradores-para-regularizar-imoveis-na-zona-norte-de-manaus","status":"publish","type":"post","link":"https:\/\/www.manaus.am.gov.br\/semhaf\/em-duas-semanas-prefeitura-cadastra-mais-de-550-moradores-para-regularizar-imoveis-na-zona-norte-de-manaus\/","title":{"rendered":"Em duas semanas, prefeitura cadastra mais de 550 moradores para regularizar im\u00f3veis na zona Norte de Manaus"},"content":{"rendered":"\n<p>Mais de 550 cadastros para regularizar im\u00f3veis j\u00e1 foram realizados pela Prefeitura de Manaus, por meio da Secretaria Municipal de Habita\u00e7\u00e3o e Assuntos Fundi\u00e1rios (Semhaf). Os dados abrangem o per\u00edodo que vai de 14\/7 at\u00e9 1\u00ba\/8 deste ano.<\/p>\n\n\n\n<p>A mobiliza\u00e7\u00e3o para regularizar moradias est\u00e1 sendo feita nas comunidades Nossa Senhora do Perp\u00e9tuo Socorro, no bairro Cidade Nova; e Raio do Sol, no conjunto Eldorado, ambos na zona Norte da capital.<\/p>\n\n\n\n<p>A equipe t\u00e9cnica da Semhaf, identificada com colete azul e crach\u00e1 da prefeitura, realiza o atendimento aos moradores de porta em porta.<\/p>\n\n\n\n<p>Somente na comunidade Nossa Senhora do Perp\u00e9tuo Socorro, 311 cadastros j\u00e1 foram efetuados desde o m\u00eas passado. J\u00e1 na Raio de Sol, 249.<\/p>\n\n\n\n<p>O titular da Semhaf, Jesus Alves, celebrou os n\u00fameros alcan\u00e7ados at\u00e9 agora, que impactam, diretamente, a vida de mais de 550 fam\u00edlias.<\/p>\n\n\n\n<p>&#8220;O cadastro dessas pessoas permite que as moradias possam ter garantia legal, tranquilidade jur\u00eddica e um documento oficial que assegura o pleno direito dos moradores com os seus im\u00f3veis&#8221;, ressaltou Jesus Alves.<\/p>\n\n\n\n<p>Em breve, outras comunidades localizadas em diferentes bairros e zonas de Manaus tamb\u00e9m ser\u00e3o contempladas com o servi\u00e7o de atendimento para regulariza\u00e7\u00e3o fundi\u00e1ria, assegurou o secret\u00e1rio.<\/p>\n\n\n\n<p><strong>Documentos necess\u00e1rios<\/strong><\/p>\n\n\n\n<p>Totalmente gratuito, sem nenhum tipo de cobran\u00e7a para popula\u00e7\u00e3o, o cadastro leva, em m\u00e9dia, menos de 5 minutos para ser conclu\u00eddo. CPF original e comprovante de resid\u00eancia atual, e de 5 anos atr\u00e1s, s\u00e3o documentos necess\u00e1rios para realizar o procedimento.<\/p>\n\n\n\n<p><strong>&#8212; &#8212; &#8212;<\/strong><\/p>\n\n\n\n<p><strong>Texto &#8211;&nbsp;<\/strong>Tiago Auzier \/ Semhaf<\/p>\n\n\n\n<p><strong>Fotos &#8211;<\/strong>&nbsp;Michell Mello \/ Semhaf<\/p>\n","protected":false},"excerpt":{"rendered":"","protected":false},"author":24,"featured_media":236,"comment_status":"closed","ping_status":"closed","sticky":false,"template":"","format":"standard","meta":{"footnotes":""},"categories":[88],"tags":[49,72,89,26,46,5,38,6],"acf":[],"yoast_head":"<!-- This site is optimized with the Yoast SEO plugin v23.0 - https:\/\/yoast.com\/wordpress\/plugins\/seo\/ -->\n<title>Em duas semanas, prefeitura cadastra mais de 550 moradores para regularizar im\u00f3veis na zona Norte de Manaus - SEMHAF<\/title>\n<meta name=\"description\" content=\"Mais de 550 cadastros para regularizar im\u00f3veis j\u00e1 foram realizados pela Prefeitura de Manaus, por meio da Secretaria Municipal de Habita\u00e7\u00e3o e Assuntos Fundi\u00e1rios (Semhaf).\" \/>\n<meta name=\"robots\" content=\"noindex, follow\" \/>\n<meta property=\"og:locale\" content=\"pt_BR\" \/>\n<meta property=\"og:type\" content=\"article\" \/>\n<meta property=\"og:title\" content=\"Em duas semanas, prefeitura cadastra mais de 550 moradores para regularizar im\u00f3veis na zona Norte de Manaus - SEMHAF\" \/>\n<meta property=\"og:description\" content=\"Mais de 550 cadastros para regularizar im\u00f3veis j\u00e1 foram realizados pela Prefeitura de Manaus, por meio da Secretaria Municipal de Habita\u00e7\u00e3o e Assuntos Fundi\u00e1rios (Semhaf).\" \/>\n<meta property=\"og:url\" content=\"https:\/\/www.manaus.am.gov.br\/semhaf\/2023\/08\/02\/em-duas-semanas-prefeitura-cadastra-mais-de-550-moradores-para-regularizar-imoveis-na-zona-norte-de-manaus\/\" \/>\n<meta property=\"og:site_name\" content=\"SEMHAF\" \/>\n<meta property=\"article:published_time\" content=\"2023-08-02T18:48:43+00:00\" \/>\n<meta property=\"article:modified_time\" content=\"2023-11-08T20:41:08+00:00\" \/>\n<meta property=\"og:image\" content=\"https:\/\/www.manaus.am.gov.br\/semhaf\/wp-content\/uploads\/sites\/28\/2023\/11\/Mais-de-550-cadastros-ja-foram-feitos.-Foto.-Michell-Mello-Semhaf.jpeg\" \/>\n\t<meta property=\"og:image:width\" content=\"1600\" \/>\n\t<meta property=\"og:image:height\" content=\"1066\" \/>\n\t<meta property=\"og:image:type\" content=\"image\/jpeg\" \/>\n<meta name=\"author\" content=\"Cl\u00e1udia Barbosa\" \/>\n<meta name=\"twitter:card\" content=\"summary_large_image\" \/>\n<meta name=\"twitter:label1\" content=\"Written by\" \/>\n\t<meta name=\"twitter:data1\" content=\"Cl\u00e1udia Barbosa\" \/>\n\t<meta name=\"twitter:label2\" content=\"Est. reading time\" \/>\n\t<meta name=\"twitter:data2\" content=\"2 minutos\" \/>\n<script type=\"application\/ld+json\" class=\"yoast-schema-graph\">{\"@context\":\"https:\/\/schema.org\",\"@graph\":[{\"@type\":\"Article\",\"@id\":\"https:\/\/www.manaus.am.gov.br\/semhaf\/2023\/08\/02\/em-duas-semanas-prefeitura-cadastra-mais-de-550-moradores-para-regularizar-imoveis-na-zona-norte-de-manaus\/#article\",\"isPartOf\":{\"@id\":\"https:\/\/www.manaus.am.gov.br\/semhaf\/2023\/08\/02\/em-duas-semanas-prefeitura-cadastra-mais-de-550-moradores-para-regularizar-imoveis-na-zona-norte-de-manaus\/\"},\"author\":{\"name\":\"Cl\u00e1udia Barbosa\",\"@id\":\"https:\/\/www.manaus.am.gov.br\/semhaf\/#\/schema\/person\/d0a166b5031154c33c77794ddc9a827e\"},\"headline\":\"Em duas semanas, prefeitura cadastra mais de 550 moradores para regularizar im\u00f3veis na zona Norte de Manaus\",\"datePublished\":\"2023-08-02T18:48:43+00:00\",\"dateModified\":\"2023-11-08T20:41:08+00:00\",\"mainEntityOfPage\":{\"@id\":\"https:\/\/www.manaus.am.gov.br\/semhaf\/2023\/08\/02\/em-duas-semanas-prefeitura-cadastra-mais-de-550-moradores-para-regularizar-imoveis-na-zona-norte-de-manaus\/\"},\"wordCount\":290,\"publisher\":{\"@id\":\"https:\/\/www.manaus.am.gov.br\/semhaf\/#organization\"},\"image\":{\"@id\":\"https:\/\/www.manaus.am.gov.br\/semhaf\/2023\/08\/02\/em-duas-semanas-prefeitura-cadastra-mais-de-550-moradores-para-regularizar-imoveis-na-zona-norte-de-manaus\/#primaryimage\"},\"thumbnailUrl\":\"https:\/\/www.manaus.am.gov.br\/semhaf\/wp-content\/uploads\/sites\/28\/2023\/11\/Mais-de-550-cadastros-ja-foram-feitos.-Foto.-Michell-Mello-Semhaf.jpeg\",\"keywords\":[\"cadastro\",\"documentos\",\"im\u00f3veis\",\"Jesus Alves\",\"moradia\",\"prefeitura de manaus\",\"regulariza\u00e7\u00e3o\",\"Semhaf\"],\"articleSection\":[\"Regulariza\u00e7\u00e3o\"],\"inLanguage\":\"pt-BR\"},{\"@type\":\"WebPage\",\"@id\":\"https:\/\/www.manaus.am.gov.br\/semhaf\/2023\/08\/02\/em-duas-semanas-prefeitura-cadastra-mais-de-550-moradores-para-regularizar-imoveis-na-zona-norte-de-manaus\/\",\"url\":\"https:\/\/www.manaus.am.gov.br\/semhaf\/2023\/08\/02\/em-duas-semanas-prefeitura-cadastra-mais-de-550-moradores-para-regularizar-imoveis-na-zona-norte-de-manaus\/\",\"name\":\"Em duas semanas, prefeitura cadastra mais de 550 moradores para regularizar im\u00f3veis na zona Norte de Manaus - SEMHAF\",\"isPartOf\":{\"@id\":\"https:\/\/www.manaus.am.gov.br\/semhaf\/#website\"},\"primaryImageOfPage\":{\"@id\":\"https:\/\/www.manaus.am.gov.br\/semhaf\/2023\/08\/02\/em-duas-semanas-prefeitura-cadastra-mais-de-550-moradores-para-regularizar-imoveis-na-zona-norte-de-manaus\/#primaryimage\"},\"image\":{\"@id\":\"https:\/\/www.manaus.am.gov.br\/semhaf\/2023\/08\/02\/em-duas-semanas-prefeitura-cadastra-mais-de-550-moradores-para-regularizar-imoveis-na-zona-norte-de-manaus\/#primaryimage\"},\"thumbnailUrl\":\"https:\/\/www.manaus.am.gov.br\/semhaf\/wp-content\/uploads\/sites\/28\/2023\/11\/Mais-de-550-cadastros-ja-foram-feitos.-Foto.-Michell-Mello-Semhaf.jpeg\",\"datePublished\":\"2023-08-02T18:48:43+00:00\",\"dateModified\":\"2023-11-08T20:41:08+00:00\",\"description\":\"Mais de 550 cadastros para regularizar im\u00f3veis j\u00e1 foram realizados pela Prefeitura de Manaus, por meio da Secretaria Municipal de Habita\u00e7\u00e3o e Assuntos Fundi\u00e1rios (Semhaf).\",\"breadcrumb\":{\"@id\":\"https:\/\/www.manaus.am.gov.br\/semhaf\/2023\/08\/02\/em-duas-semanas-prefeitura-cadastra-mais-de-550-moradores-para-regularizar-imoveis-na-zona-norte-de-manaus\/#breadcrumb\"},\"inLanguage\":\"pt-BR\",\"potentialAction\":[{\"@type\":\"ReadAction\",\"target\":[\"https:\/\/www.manaus.am.gov.br\/semhaf\/2023\/08\/02\/em-duas-semanas-prefeitura-cadastra-mais-de-550-moradores-para-regularizar-imoveis-na-zona-norte-de-manaus\/\"]}]},{\"@type\":\"ImageObject\",\"inLanguage\":\"pt-BR\",\"@id\":\"https:\/\/www.manaus.am.gov.br\/semhaf\/2023\/08\/02\/em-duas-semanas-prefeitura-cadastra-mais-de-550-moradores-para-regularizar-imoveis-na-zona-norte-de-manaus\/#primaryimage\",\"url\":\"https:\/\/www.manaus.am.gov.br\/semhaf\/wp-content\/uploads\/sites\/28\/2023\/11\/Mais-de-550-cadastros-ja-foram-feitos.-Foto.-Michell-Mello-Semhaf.jpeg\",\"contentUrl\":\"https:\/\/www.manaus.am.gov.br\/semhaf\/wp-content\/uploads\/sites\/28\/2023\/11\/Mais-de-550-cadastros-ja-foram-feitos.-Foto.-Michell-Mello-Semhaf.jpeg\",\"width\":1600,\"height\":1066},{\"@type\":\"BreadcrumbList\",\"@id\":\"https:\/\/www.manaus.am.gov.br\/semhaf\/2023\/08\/02\/em-duas-semanas-prefeitura-cadastra-mais-de-550-moradores-para-regularizar-imoveis-na-zona-norte-de-manaus\/#breadcrumb\",\"itemListElement\":[{\"@type\":\"ListItem\",\"position\":1,\"name\":\"Home\",\"item\":\"https:\/\/www.manaus.am.gov.br\/semhaf\/\"},{\"@type\":\"ListItem\",\"position\":2,\"name\":\"Em duas semanas, prefeitura cadastra mais de 550 moradores para regularizar im\u00f3veis na zona Norte de Manaus\"}]},{\"@type\":\"WebSite\",\"@id\":\"https:\/\/www.manaus.am.gov.br\/semhaf\/#website\",\"url\":\"https:\/\/www.manaus.am.gov.br\/semhaf\/\",\"name\":\"SENHAF\",\"description\":\"SENHAF\",\"publisher\":{\"@id\":\"https:\/\/www.manaus.am.gov.br\/semhaf\/#organization\"},\"alternateName\":\"Secretaria Municipal de Habita\u00e7\u00e3o e Assuntos Fundi\u00e1rios\",\"potentialAction\":[{\"@type\":\"SearchAction\",\"target\":{\"@type\":\"EntryPoint\",\"urlTemplate\":\"https:\/\/www.manaus.am.gov.br\/semhaf\/?s={search_term_string}\"},\"query-input\":\"required name=search_term_string\"}],\"inLanguage\":\"pt-BR\"},{\"@type\":\"Organization\",\"@id\":\"https:\/\/www.manaus.am.gov.br\/semhaf\/#organization\",\"name\":\"Prefeitura de Manaus\",\"alternateName\":\"Prefeitura Municipal de Manaus\",\"url\":\"https:\/\/www.manaus.am.gov.br\/semhaf\/\",\"logo\":{\"@type\":\"ImageObject\",\"inLanguage\":\"pt-BR\",\"@id\":\"https:\/\/www.manaus.am.gov.br\/semhaf\/#\/schema\/logo\/image\/\",\"url\":\"https:\/\/www.manaus.am.gov.br\/semhaf\/wp-content\/uploads\/sites\/28\/2023\/11\/cropped-favicon.png\",\"contentUrl\":\"https:\/\/www.manaus.am.gov.br\/semhaf\/wp-content\/uploads\/sites\/28\/2023\/11\/cropped-favicon.png\",\"width\":512,\"height\":512,\"caption\":\"Prefeitura de Manaus\"},\"image\":{\"@id\":\"https:\/\/www.manaus.am.gov.br\/semhaf\/#\/schema\/logo\/image\/\"}},{\"@type\":\"Person\",\"@id\":\"https:\/\/www.manaus.am.gov.br\/semhaf\/#\/schema\/person\/d0a166b5031154c33c77794ddc9a827e\",\"name\":\"Cl\u00e1udia Barbosa\",\"image\":{\"@type\":\"ImageObject\",\"inLanguage\":\"pt-BR\",\"@id\":\"https:\/\/www.manaus.am.gov.br\/semhaf\/#\/schema\/person\/image\/\",\"url\":\"https:\/\/secure.gravatar.com\/avatar\/42958a1cf007f1a00534009218c72590?s=96&d=mm&r=g\",\"contentUrl\":\"https:\/\/secure.gravatar.com\/avatar\/42958a1cf007f1a00534009218c72590?s=96&d=mm&r=g\",\"caption\":\"Cl\u00e1udia Barbosa\"}}]}<\/script>\n<!-- \/ Yoast SEO plugin. -->","yoast_head_json":{"title":"Em duas semanas, prefeitura cadastra mais de 550 moradores para regularizar im\u00f3veis na zona Norte de Manaus - SEMHAF","description":"Mais de 550 cadastros para regularizar im\u00f3veis j\u00e1 foram realizados pela Prefeitura de Manaus, por meio da Secretaria Municipal de Habita\u00e7\u00e3o e Assuntos Fundi\u00e1rios (Semhaf).","robots":{"index":"noindex","follow":"follow"},"og_locale":"pt_BR","og_type":"article","og_title":"Em duas semanas, prefeitura cadastra mais de 550 moradores para regularizar im\u00f3veis na zona Norte de Manaus - SEMHAF","og_description":"Mais de 550 cadastros para regularizar im\u00f3veis j\u00e1 foram realizados pela Prefeitura de Manaus, por meio da Secretaria Municipal de Habita\u00e7\u00e3o e Assuntos Fundi\u00e1rios (Semhaf).","og_url":"https:\/\/www.manaus.am.gov.br\/semhaf\/2023\/08\/02\/em-duas-semanas-prefeitura-cadastra-mais-de-550-moradores-para-regularizar-imoveis-na-zona-norte-de-manaus\/","og_site_name":"SEMHAF","article_published_time":"2023-08-02T18:48:43+00:00","article_modified_time":"2023-11-08T20:41:08+00:00","og_image":[{"width":1600,"height":1066,"url":"https:\/\/www.manaus.am.gov.br\/semhaf\/wp-content\/uploads\/sites\/28\/2023\/11\/Mais-de-550-cadastros-ja-foram-feitos.-Foto.-Michell-Mello-Semhaf.jpeg","type":"image\/jpeg"}],"author":"Cl\u00e1udia Barbosa","twitter_card":"summary_large_image","twitter_misc":{"Written by":"Cl\u00e1udia Barbosa","Est. reading time":"2 minutos"},"schema":{"@context":"https:\/\/schema.org","@graph":[{"@type":"Article","@id":"https:\/\/www.manaus.am.gov.br\/semhaf\/2023\/08\/02\/em-duas-semanas-prefeitura-cadastra-mais-de-550-moradores-para-regularizar-imoveis-na-zona-norte-de-manaus\/#article","isPartOf":{"@id":"https:\/\/www.manaus.am.gov.br\/semhaf\/2023\/08\/02\/em-duas-semanas-prefeitura-cadastra-mais-de-550-moradores-para-regularizar-imoveis-na-zona-norte-de-manaus\/"},"author":{"name":"Cl\u00e1udia Barbosa","@id":"https:\/\/www.manaus.am.gov.br\/semhaf\/#\/schema\/person\/d0a166b5031154c33c77794ddc9a827e"},"headline":"Em duas semanas, prefeitura cadastra mais de 550 moradores para regularizar im\u00f3veis na zona Norte de Manaus","datePublished":"2023-08-02T18:48:43+00:00","dateModified":"2023-11-08T20:41:08+00:00","mainEntityOfPage":{"@id":"https:\/\/www.manaus.am.gov.br\/semhaf\/2023\/08\/02\/em-duas-semanas-prefeitura-cadastra-mais-de-550-moradores-para-regularizar-imoveis-na-zona-norte-de-manaus\/"},"wordCount":290,"publisher":{"@id":"https:\/\/www.manaus.am.gov.br\/semhaf\/#organization"},"image":{"@id":"https:\/\/www.manaus.am.gov.br\/semhaf\/2023\/08\/02\/em-duas-semanas-prefeitura-cadastra-mais-de-550-moradores-para-regularizar-imoveis-na-zona-norte-de-manaus\/#primaryimage"},"thumbnailUrl":"https:\/\/www.manaus.am.gov.br\/semhaf\/wp-content\/uploads\/sites\/28\/2023\/11\/Mais-de-550-cadastros-ja-foram-feitos.-Foto.-Michell-Mello-Semhaf.jpeg","keywords":["cadastro","documentos","im\u00f3veis","Jesus Alves","moradia","prefeitura de manaus","regulariza\u00e7\u00e3o","Semhaf"],"articleSection":["Regulariza\u00e7\u00e3o"],"inLanguage":"pt-BR"},{"@type":"WebPage","@id":"https:\/\/www.manaus.am.gov.br\/semhaf\/2023\/08\/02\/em-duas-semanas-prefeitura-cadastra-mais-de-550-moradores-para-regularizar-imoveis-na-zona-norte-de-manaus\/","url":"https:\/\/www.manaus.am.gov.br\/semhaf\/2023\/08\/02\/em-duas-semanas-prefeitura-cadastra-mais-de-550-moradores-para-regularizar-imoveis-na-zona-norte-de-manaus\/","name":"Em duas semanas, prefeitura cadastra mais de 550 moradores para regularizar im\u00f3veis na zona Norte de Manaus - SEMHAF","isPartOf":{"@id":"https:\/\/www.manaus.am.gov.br\/semhaf\/#website"},"primaryImageOfPage":{"@id":"https:\/\/www.manaus.am.gov.br\/semhaf\/2023\/08\/02\/em-duas-semanas-prefeitura-cadastra-mais-de-550-moradores-para-regularizar-imoveis-na-zona-norte-de-manaus\/#primaryimage"},"image":{"@id":"https:\/\/www.manaus.am.gov.br\/semhaf\/2023\/08\/02\/em-duas-semanas-prefeitura-cadastra-mais-de-550-moradores-para-regularizar-imoveis-na-zona-norte-de-manaus\/#primaryimage"},"thumbnailUrl":"https:\/\/www.manaus.am.gov.br\/semhaf\/wp-content\/uploads\/sites\/28\/2023\/11\/Mais-de-550-cadastros-ja-foram-feitos.-Foto.-Michell-Mello-Semhaf.jpeg","datePublished":"2023-08-02T18:48:43+00:00","dateModified":"2023-11-08T20:41:08+00:00","description":"Mais de 550 cadastros para regularizar im\u00f3veis j\u00e1 foram realizados pela Prefeitura de Manaus, por meio da Secretaria Municipal de Habita\u00e7\u00e3o e Assuntos Fundi\u00e1rios (Semhaf).","breadcrumb":{"@id":"https:\/\/www.manaus.am.gov.br\/semhaf\/2023\/08\/02\/em-duas-semanas-prefeitura-cadastra-mais-de-550-moradores-para-regularizar-imoveis-na-zona-norte-de-manaus\/#breadcrumb"},"inLanguage":"pt-BR","potentialAction":[{"@type":"ReadAction","target":["https:\/\/www.manaus.am.gov.br\/semhaf\/2023\/08\/02\/em-duas-semanas-prefeitura-cadastra-mais-de-550-moradores-para-regularizar-imoveis-na-zona-norte-de-manaus\/"]}]},{"@type":"ImageObject","inLanguage":"pt-BR","@id":"https:\/\/www.manaus.am.gov.br\/semhaf\/2023\/08\/02\/em-duas-semanas-prefeitura-cadastra-mais-de-550-moradores-para-regularizar-imoveis-na-zona-norte-de-manaus\/#primaryimage","url":"https:\/\/www.manaus.am.gov.br\/semhaf\/wp-content\/uploads\/sites\/28\/2023\/11\/Mais-de-550-cadastros-ja-foram-feitos.-Foto.-Michell-Mello-Semhaf.jpeg","contentUrl":"https:\/\/www.manaus.am.gov.br\/semhaf\/wp-content\/uploads\/sites\/28\/2023\/11\/Mais-de-550-cadastros-ja-foram-feitos.-Foto.-Michell-Mello-Semhaf.jpeg","width":1600,"height":1066},{"@type":"BreadcrumbList","@id":"https:\/\/www.manaus.am.gov.br\/semhaf\/2023\/08\/02\/em-duas-semanas-prefeitura-cadastra-mais-de-550-moradores-para-regularizar-imoveis-na-zona-norte-de-manaus\/#breadcrumb","itemListElement":[{"@type":"ListItem","position":1,"name":"Home","item":"https:\/\/www.manaus.am.gov.br\/semhaf\/"},{"@type":"ListItem","position":2,"name":"Em duas semanas, prefeitura cadastra mais de 550 moradores para regularizar im\u00f3veis na zona Norte de Manaus"}]},{"@type":"WebSite","@id":"https:\/\/www.manaus.am.gov.br\/semhaf\/#website","url":"https:\/\/www.manaus.am.gov.br\/semhaf\/","name":"SENHAF","description":"SENHAF","publisher":{"@id":"https:\/\/www.manaus.am.gov.br\/semhaf\/#organization"},"alternateName":"Secretaria Municipal de Habita\u00e7\u00e3o e Assuntos Fundi\u00e1rios","potentialAction":[{"@type":"SearchAction","target":{"@type":"EntryPoint","urlTemplate":"https:\/\/www.manaus.am.gov.br\/semhaf\/?s={search_term_string}"},"query-input":"required name=search_term_string"}],"inLanguage":"pt-BR"},{"@type":"Organization","@id":"https:\/\/www.manaus.am.gov.br\/semhaf\/#organization","name":"Prefeitura de Manaus","alternateName":"Prefeitura Municipal de Manaus","url":"https:\/\/www.manaus.am.gov.br\/semhaf\/","logo":{"@type":"ImageObject","inLanguage":"pt-BR","@id":"https:\/\/www.manaus.am.gov.br\/semhaf\/#\/schema\/logo\/image\/","url":"https:\/\/www.manaus.am.gov.br\/semhaf\/wp-content\/uploads\/sites\/28\/2023\/11\/cropped-favicon.png","contentUrl":"https:\/\/www.manaus.am.gov.br\/semhaf\/wp-content\/uploads\/sites\/28\/2023\/11\/cropped-favicon.png","width":512,"height":512,"caption":"Prefeitura de Manaus"},"image":{"@id":"https:\/\/www.manaus.am.gov.br\/semhaf\/#\/schema\/logo\/image\/"}},{"@type":"Person","@id":"https:\/\/www.manaus.am.gov.br\/semhaf\/#\/schema\/person\/d0a166b5031154c33c77794ddc9a827e","name":"Cl\u00e1udia Barbosa","image":{"@type":"ImageObject","inLanguage":"pt-BR","@id":"https:\/\/www.manaus.am.gov.br\/semhaf\/#\/schema\/person\/image\/","url":"https:\/\/secure.gravatar.com\/avatar\/42958a1cf007f1a00534009218c72590?s=96&d=mm&r=g","contentUrl":"https:\/\/secure.gravatar.com\/avatar\/42958a1cf007f1a00534009218c72590?s=96&d=mm&r=g","caption":"Cl\u00e1udia Barbosa"}}]}},"_links":{"self":[{"href":"https:\/\/www.manaus.am.gov.br\/semhaf\/wp-json\/wp\/v2\/posts\/235"}],"collection":[{"href":"https:\/\/www.manaus.am.gov.br\/semhaf\/wp-json\/wp\/v2\/posts"}],"about":[{"href":"https:\/\/www.manaus.am.gov.br\/semhaf\/wp-json\/wp\/v2\/types\/post"}],"author":[{"embeddable":true,"href":"https:\/\/www.manaus.am.gov.br\/semhaf\/wp-json\/wp\/v2\/users\/24"}],"replies":[{"embeddable":true,"href":"https:\/\/www.manaus.am.gov.br\/semhaf\/wp-json\/wp\/v2\/comments?post=235"}],"version-history":[{"count":0,"href":"https:\/\/www.manaus.am.gov.br\/semhaf\/wp-json\/wp\/v2\/posts\/235\/revisions"}],"wp:featuredmedia":[{"embeddable":true,"href":"https:\/\/www.manaus.am.gov.br\/semhaf\/wp-json\/wp\/v2\/media\/236"}],"wp:attachment":[{"href":"https:\/\/www.manaus.am.gov.br\/semhaf\/wp-json\/wp\/v2\/media?parent=235"}],"wp:term":[{"taxonomy":"category","embeddable":true,"href":"https:\/\/www.manaus.am.gov.br\/semhaf\/wp-json\/wp\/v2\/categories?post=235"},{"taxonomy":"post_tag","embeddable":true,"href":"https:\/\/www.manaus.am.gov.br\/semhaf\/wp-json\/wp\/v2\/tags?post=235"}],"curies":[{"name":"wp","href":"https:\/\/api.w.org\/{rel}","templated":true}]}}