{"id":1560,"date":"2026-03-11T19:04:00","date_gmt":"2026-03-11T23:04:00","guid":{"rendered":"https:\/\/www.manaus.am.gov.br\/semhaf\/?p=1560"},"modified":"2026-04-01T11:04:54","modified_gmt":"2026-04-01T15:04:54","slug":"prefeitura-de-manaus-reabre-inscricoes-para-o-minha-casa-minha-vida-e-registra-mais-de-35-mil-cadastros-no-primeiro-dia","status":"publish","type":"post","link":"https:\/\/www.manaus.am.gov.br\/semhaf\/prefeitura-de-manaus-reabre-inscricoes-para-o-minha-casa-minha-vida-e-registra-mais-de-35-mil-cadastros-no-primeiro-dia\/","title":{"rendered":"Prefeitura de Manaus reabre inscri\u00e7\u00f5es para o \u2018Minha Casa, Minha Vida\u2019 e registra mais de 35 mil cadastros no primeiro dia"},"content":{"rendered":"\n<p>A&nbsp;<a href=\"https:\/\/www.instagram.com\/prefeiturademanaus\/\">Prefeitura de Manaus<\/a>, por meio da Secretaria Municipal de Habita\u00e7\u00e3o e Assuntos Fundi\u00e1rios&nbsp;<a href=\"https:\/\/www.manaus.am.gov.br\/\">(Semhaf)<\/a>, reabriu, nesta quarta-feira, 11\/3, as inscri\u00e7\u00f5es para o programa federal \u201cMinha Casa, Minha Vida\u201d, por meio do Sistema Municipal de Habita\u00e7\u00e3o (Simhab). Logo no primeiro dia de reabertura, a plataforma registrou mais de 35 mil novos cadastros, somando atendimentos realizados de forma presencial e on-line. Com o resultado, o banco de dados do programa j\u00e1 conta com mais de 220 mil fam\u00edlias inscritas no munic\u00edpio.<\/p>\n\n\n\n<p>A retomada das inscri\u00e7\u00f5es marca uma nova etapa na pol\u00edtica habitacional da gest\u00e3o do prefeito David Almeida, que tem no \u201cMinha Casa, Minha Vida\u201d um dos principais eixos de transforma\u00e7\u00e3o social. A reabertura atende a milhares de fam\u00edlias manauaras que aguardavam a oportunidade de garantir o sonho da casa pr\u00f3pria por meio do programa.<\/p>\n\n\n\n<p>\u201cO n\u00famero de cadastros realizados no primeiro dia \u00e9 um reflexo da confian\u00e7a que a popula\u00e7\u00e3o deposita neste programa e na gest\u00e3o do prefeito David Almeida. Reabrimos o sistema com estrutura para atender com dignidade e efici\u00eancia. Orientamos as fam\u00edlias a n\u00e3o se preocuparem com filas e a fazerem sua inscri\u00e7\u00e3o com calma, pelo site, dentro do prazo. O caminho para a casa pr\u00f3pria come\u00e7a com um cadastro e esse caminho est\u00e1 aberto para todos\u201d, afirmou o secret\u00e1rio Jesus Alves.<\/p>\n\n\n\n<p>A Semhaf orienta que as inscri\u00e7\u00f5es sejam realizadas, preferencialmente, pelo site oficial do Simhab (<a href=\"http:\/\/www.simhab.manaus.am.gov.br\/\" target=\"_blank\" rel=\"noreferrer noopener\">www.simhab.manaus.am.gov.br<\/a>). O sistema foi projetado para que o cidad\u00e3o fa\u00e7a seu cadastro sem sair de casa, pelo computador ou pelo celular. A medida visa reduzir deslocamentos desnecess\u00e1rios e evitar aglomera\u00e7\u00f5es na sede da secretaria.<\/p>\n\n\n\n<p>\u201cEu j\u00e1 estava esperando essa reabertura faz meses. Vim fazer meu cadastro aqui na secretaria. Foi bem simples. Agora \u00e9 torcer para que o meu nome saia na lista\u201d, conta Luciana Ferreira, de 34 anos, moradora do bairro Jorge Teixeira, m\u00e3e de dois filhos e que vive de aluguel h\u00e1 mais de oito anos.<\/p>\n\n\n\n<p>\u201cQuando eu soube que o sistema tinha aberto de novo, meu cora\u00e7\u00e3o disparou. Quero muito conseguir minha casa, \u00e9 um sonho antigo\u201d, disse a dom\u00e9stica Marin\u00eas Souza, de 41 anos, moradora do bairro Compensa, que cria os tr\u00eas filhos sozinha em um c\u00f4modo alugado.<\/p>\n\n\n\n<p>A secretaria refor\u00e7a que n\u00e3o \u00e9 necess\u00e1rio que as fam\u00edlias se dirijam \u00e0 sede da Semhaf, tampouco que madruguem em filas. O prazo para novas inscri\u00e7\u00f5es se estende at\u00e9 o dia 29 de maio, dando tempo suficiente para que todos se cadastrem com tranquilidade, sem correria ou risco de perder a oportunidade.<\/p>\n\n\n\n<p><strong>Atualiza\u00e7\u00e3o de Dados ou CPF j\u00e1 cadastrado<\/strong><\/p>\n\n\n\n<p>Fam\u00edlias que j\u00e1 est\u00e3o inscritas no programa e precisam atualizar seus dados cadastrais ou aquelas em que o sistema diz que o CPF j\u00e1 est\u00e1 cadastrado devem aguardar at\u00e9 o dia 25 de mar\u00e7o, quando a Semhaf passar\u00e1 a atender tamb\u00e9m esse tipo de servi\u00e7o. O intervalo inicial est\u00e1 reservado para o processamento das novas inscri\u00e7\u00f5es, garantindo que o fluxo seja organizado e que nenhum novo interessado perca o prazo.<\/p>\n\n\n\n<p><strong>Lista dos primeiros contemplados do MCMV<\/strong><\/p>\n\n\n\n<p>A pr\u00f3xima etapa aguardada pelas fam\u00edlias j\u00e1 inscritas \u00e9 a divulga\u00e7\u00e3o da lista dos primeiros contemplados, prevista para ser publicada no Di\u00e1rio Oficial do Munic\u00edpio (DOM) nesta sexta-feira, 13\/3. A sele\u00e7\u00e3o est\u00e1 sendo finalizada pela Caixa Econ\u00f4mica Federal que \u00e9&nbsp;o agente financeiro do programa \u201cMinha Casa, Minha Vida\u201d. \u00c9 a Caixa quem opera os recursos, analisa a documenta\u00e7\u00e3o, aprova os financiamentos e viabiliza a entrega dos im\u00f3veis \u00e0s fam\u00edlias.<\/p>\n\n\n\n<p>Na sequ\u00eancia, a entrega das primeiras unidades habitacionais est\u00e1 programada para o dia 24\/3, em cerim\u00f4nia que marcar\u00e1 a concretiza\u00e7\u00e3o do sonho para centenas de fam\u00edlias manauaras.<\/p>\n\n\n\n<figure class=\"wp-block-image size-large\"><img loading=\"lazy\" decoding=\"async\" width=\"1024\" height=\"768\" src=\"https:\/\/www.manaus.am.gov.br\/semhaf\/wp-content\/uploads\/sites\/28\/2026\/03\/IMG_4920.JPG-1024x768.jpeg\" alt=\"\" class=\"wp-image-1561\" srcset=\"https:\/\/www.manaus.am.gov.br\/semhaf\/wp-content\/uploads\/sites\/28\/2026\/03\/IMG_4920.JPG-1024x768.jpeg 1024w, https:\/\/www.manaus.am.gov.br\/semhaf\/wp-content\/uploads\/sites\/28\/2026\/03\/IMG_4920.JPG-300x225.jpeg 300w, https:\/\/www.manaus.am.gov.br\/semhaf\/wp-content\/uploads\/sites\/28\/2026\/03\/IMG_4920.JPG-768x576.jpeg 768w, https:\/\/www.manaus.am.gov.br\/semhaf\/wp-content\/uploads\/sites\/28\/2026\/03\/IMG_4920.JPG-1536x1152.jpeg 1536w, https:\/\/www.manaus.am.gov.br\/semhaf\/wp-content\/uploads\/sites\/28\/2026\/03\/IMG_4920.JPG-2048x1536.jpeg 2048w\" sizes=\"(max-width: 1024px) 100vw, 1024px\" \/><\/figure>\n\n\n\n<p>\u2014 \u2014 \u2014<\/p>\n\n\n\n<p><strong>Texto \u2013&nbsp;<\/strong>Leonardo Fierro\/Semhaf<\/p>\n\n\n\n<p><strong>Fotos \u2013&nbsp;<\/strong>Aston Melo\/Semhaf<\/p>\n","protected":false},"excerpt":{"rendered":"","protected":false},"author":56,"featured_media":1562,"comment_status":"closed","ping_status":"closed","sticky":false,"template":"","format":"standard","meta":{"footnotes":""},"categories":[25],"tags":[],"acf":[],"yoast_head":"<!-- This site is optimized with the Yoast SEO plugin v23.0 - https:\/\/yoast.com\/wordpress\/plugins\/seo\/ -->\n<title>Prefeitura de Manaus reabre inscri\u00e7\u00f5es para o \u2018Minha Casa, Minha Vida\u2019 e registra mais de 35 mil cadastros no primeiro dia - SEMHAF<\/title>\n<meta name=\"robots\" content=\"noindex, follow\" \/>\n<meta property=\"og:locale\" content=\"pt_BR\" \/>\n<meta property=\"og:type\" content=\"article\" \/>\n<meta property=\"og:title\" content=\"Prefeitura de Manaus reabre inscri\u00e7\u00f5es para o \u2018Minha Casa, Minha Vida\u2019 e registra mais de 35 mil cadastros no primeiro dia - SEMHAF\" \/>\n<meta property=\"og:url\" content=\"https:\/\/www.manaus.am.gov.br\/semhaf\/prefeitura-de-manaus-reabre-inscricoes-para-o-minha-casa-minha-vida-e-registra-mais-de-35-mil-cadastros-no-primeiro-dia\/\" \/>\n<meta property=\"og:site_name\" content=\"SEMHAF\" \/>\n<meta property=\"article:published_time\" content=\"2026-03-11T23:04:00+00:00\" \/>\n<meta property=\"article:modified_time\" content=\"2026-04-01T15:04:54+00:00\" \/>\n<meta property=\"og:image\" content=\"https:\/\/www.manaus.am.gov.br\/semhaf\/wp-content\/uploads\/sites\/28\/2026\/03\/IMG_4919.JPG-1024x683.jpeg\" \/>\n\t<meta property=\"og:image:width\" content=\"1024\" \/>\n\t<meta property=\"og:image:height\" content=\"683\" \/>\n\t<meta property=\"og:image:type\" content=\"image\/jpeg\" \/>\n<meta name=\"author\" content=\"leofierro\" \/>\n<meta name=\"twitter:card\" content=\"summary_large_image\" \/>\n<meta name=\"twitter:label1\" content=\"Written by\" \/>\n\t<meta name=\"twitter:data1\" content=\"leofierro\" \/>\n\t<meta name=\"twitter:label2\" content=\"Est. reading time\" \/>\n\t<meta name=\"twitter:data2\" content=\"4 minutos\" \/>\n<script type=\"application\/ld+json\" class=\"yoast-schema-graph\">{\"@context\":\"https:\/\/schema.org\",\"@graph\":[{\"@type\":\"Article\",\"@id\":\"https:\/\/www.manaus.am.gov.br\/semhaf\/prefeitura-de-manaus-reabre-inscricoes-para-o-minha-casa-minha-vida-e-registra-mais-de-35-mil-cadastros-no-primeiro-dia\/#article\",\"isPartOf\":{\"@id\":\"https:\/\/www.manaus.am.gov.br\/semhaf\/prefeitura-de-manaus-reabre-inscricoes-para-o-minha-casa-minha-vida-e-registra-mais-de-35-mil-cadastros-no-primeiro-dia\/\"},\"author\":{\"name\":\"leofierro\",\"@id\":\"https:\/\/www.manaus.am.gov.br\/semhaf\/#\/schema\/person\/68c6a77f3dcf3f40a0d6e6ad5076718c\"},\"headline\":\"Prefeitura de Manaus reabre inscri\u00e7\u00f5es para o \u2018Minha Casa, Minha Vida\u2019 e registra mais de 35 mil cadastros no primeiro dia\",\"datePublished\":\"2026-03-11T23:04:00+00:00\",\"dateModified\":\"2026-04-01T15:04:54+00:00\",\"mainEntityOfPage\":{\"@id\":\"https:\/\/www.manaus.am.gov.br\/semhaf\/prefeitura-de-manaus-reabre-inscricoes-para-o-minha-casa-minha-vida-e-registra-mais-de-35-mil-cadastros-no-primeiro-dia\/\"},\"wordCount\":674,\"publisher\":{\"@id\":\"https:\/\/www.manaus.am.gov.br\/semhaf\/#organization\"},\"image\":{\"@id\":\"https:\/\/www.manaus.am.gov.br\/semhaf\/prefeitura-de-manaus-reabre-inscricoes-para-o-minha-casa-minha-vida-e-registra-mais-de-35-mil-cadastros-no-primeiro-dia\/#primaryimage\"},\"thumbnailUrl\":\"https:\/\/www.manaus.am.gov.br\/semhaf\/wp-content\/uploads\/sites\/28\/2026\/03\/IMG_4919.JPG.jpeg\",\"articleSection\":[\"Habita\u00e7\u00e3o\"],\"inLanguage\":\"pt-BR\"},{\"@type\":\"WebPage\",\"@id\":\"https:\/\/www.manaus.am.gov.br\/semhaf\/prefeitura-de-manaus-reabre-inscricoes-para-o-minha-casa-minha-vida-e-registra-mais-de-35-mil-cadastros-no-primeiro-dia\/\",\"url\":\"https:\/\/www.manaus.am.gov.br\/semhaf\/prefeitura-de-manaus-reabre-inscricoes-para-o-minha-casa-minha-vida-e-registra-mais-de-35-mil-cadastros-no-primeiro-dia\/\",\"name\":\"Prefeitura de Manaus reabre inscri\u00e7\u00f5es para o \u2018Minha Casa, Minha Vida\u2019 e registra mais de 35 mil cadastros no primeiro dia - SEMHAF\",\"isPartOf\":{\"@id\":\"https:\/\/www.manaus.am.gov.br\/semhaf\/#website\"},\"primaryImageOfPage\":{\"@id\":\"https:\/\/www.manaus.am.gov.br\/semhaf\/prefeitura-de-manaus-reabre-inscricoes-para-o-minha-casa-minha-vida-e-registra-mais-de-35-mil-cadastros-no-primeiro-dia\/#primaryimage\"},\"image\":{\"@id\":\"https:\/\/www.manaus.am.gov.br\/semhaf\/prefeitura-de-manaus-reabre-inscricoes-para-o-minha-casa-minha-vida-e-registra-mais-de-35-mil-cadastros-no-primeiro-dia\/#primaryimage\"},\"thumbnailUrl\":\"https:\/\/www.manaus.am.gov.br\/semhaf\/wp-content\/uploads\/sites\/28\/2026\/03\/IMG_4919.JPG.jpeg\",\"datePublished\":\"2026-03-11T23:04:00+00:00\",\"dateModified\":\"2026-04-01T15:04:54+00:00\",\"breadcrumb\":{\"@id\":\"https:\/\/www.manaus.am.gov.br\/semhaf\/prefeitura-de-manaus-reabre-inscricoes-para-o-minha-casa-minha-vida-e-registra-mais-de-35-mil-cadastros-no-primeiro-dia\/#breadcrumb\"},\"inLanguage\":\"pt-BR\",\"potentialAction\":[{\"@type\":\"ReadAction\",\"target\":[\"https:\/\/www.manaus.am.gov.br\/semhaf\/prefeitura-de-manaus-reabre-inscricoes-para-o-minha-casa-minha-vida-e-registra-mais-de-35-mil-cadastros-no-primeiro-dia\/\"]}]},{\"@type\":\"ImageObject\",\"inLanguage\":\"pt-BR\",\"@id\":\"https:\/\/www.manaus.am.gov.br\/semhaf\/prefeitura-de-manaus-reabre-inscricoes-para-o-minha-casa-minha-vida-e-registra-mais-de-35-mil-cadastros-no-primeiro-dia\/#primaryimage\",\"url\":\"https:\/\/www.manaus.am.gov.br\/semhaf\/wp-content\/uploads\/sites\/28\/2026\/03\/IMG_4919.JPG.jpeg\",\"contentUrl\":\"https:\/\/www.manaus.am.gov.br\/semhaf\/wp-content\/uploads\/sites\/28\/2026\/03\/IMG_4919.JPG.jpeg\",\"width\":5472,\"height\":3648},{\"@type\":\"BreadcrumbList\",\"@id\":\"https:\/\/www.manaus.am.gov.br\/semhaf\/prefeitura-de-manaus-reabre-inscricoes-para-o-minha-casa-minha-vida-e-registra-mais-de-35-mil-cadastros-no-primeiro-dia\/#breadcrumb\",\"itemListElement\":[{\"@type\":\"ListItem\",\"position\":1,\"name\":\"Home\",\"item\":\"https:\/\/www.manaus.am.gov.br\/semhaf\/\"},{\"@type\":\"ListItem\",\"position\":2,\"name\":\"Prefeitura de Manaus reabre inscri\u00e7\u00f5es para o \u2018Minha Casa, Minha Vida\u2019 e registra mais de 35 mil cadastros no primeiro dia\"}]},{\"@type\":\"WebSite\",\"@id\":\"https:\/\/www.manaus.am.gov.br\/semhaf\/#website\",\"url\":\"https:\/\/www.manaus.am.gov.br\/semhaf\/\",\"name\":\"SENHAF\",\"description\":\"SENHAF\",\"publisher\":{\"@id\":\"https:\/\/www.manaus.am.gov.br\/semhaf\/#organization\"},\"alternateName\":\"Secretaria Municipal de Habita\u00e7\u00e3o e Assuntos Fundi\u00e1rios\",\"potentialAction\":[{\"@type\":\"SearchAction\",\"target\":{\"@type\":\"EntryPoint\",\"urlTemplate\":\"https:\/\/www.manaus.am.gov.br\/semhaf\/?s={search_term_string}\"},\"query-input\":\"required name=search_term_string\"}],\"inLanguage\":\"pt-BR\"},{\"@type\":\"Organization\",\"@id\":\"https:\/\/www.manaus.am.gov.br\/semhaf\/#organization\",\"name\":\"Prefeitura de Manaus\",\"alternateName\":\"Prefeitura Municipal de Manaus\",\"url\":\"https:\/\/www.manaus.am.gov.br\/semhaf\/\",\"logo\":{\"@type\":\"ImageObject\",\"inLanguage\":\"pt-BR\",\"@id\":\"https:\/\/www.manaus.am.gov.br\/semhaf\/#\/schema\/logo\/image\/\",\"url\":\"https:\/\/www.manaus.am.gov.br\/semhaf\/wp-content\/uploads\/sites\/28\/2023\/11\/cropped-favicon.png\",\"contentUrl\":\"https:\/\/www.manaus.am.gov.br\/semhaf\/wp-content\/uploads\/sites\/28\/2023\/11\/cropped-favicon.png\",\"width\":512,\"height\":512,\"caption\":\"Prefeitura de Manaus\"},\"image\":{\"@id\":\"https:\/\/www.manaus.am.gov.br\/semhaf\/#\/schema\/logo\/image\/\"}},{\"@type\":\"Person\",\"@id\":\"https:\/\/www.manaus.am.gov.br\/semhaf\/#\/schema\/person\/68c6a77f3dcf3f40a0d6e6ad5076718c\",\"name\":\"leofierro\",\"image\":{\"@type\":\"ImageObject\",\"inLanguage\":\"pt-BR\",\"@id\":\"https:\/\/www.manaus.am.gov.br\/semhaf\/#\/schema\/person\/image\/\",\"url\":\"https:\/\/secure.gravatar.com\/avatar\/30d8783eede7767036ae574037a3f2de?s=96&d=mm&r=g\",\"contentUrl\":\"https:\/\/secure.gravatar.com\/avatar\/30d8783eede7767036ae574037a3f2de?s=96&d=mm&r=g\",\"caption\":\"leofierro\"}}]}<\/script>\n<!-- \/ Yoast SEO plugin. -->","yoast_head_json":{"title":"Prefeitura de Manaus reabre inscri\u00e7\u00f5es para o \u2018Minha Casa, Minha Vida\u2019 e registra mais de 35 mil cadastros no primeiro dia - SEMHAF","robots":{"index":"noindex","follow":"follow"},"og_locale":"pt_BR","og_type":"article","og_title":"Prefeitura de Manaus reabre inscri\u00e7\u00f5es para o \u2018Minha Casa, Minha Vida\u2019 e registra mais de 35 mil cadastros no primeiro dia - SEMHAF","og_url":"https:\/\/www.manaus.am.gov.br\/semhaf\/prefeitura-de-manaus-reabre-inscricoes-para-o-minha-casa-minha-vida-e-registra-mais-de-35-mil-cadastros-no-primeiro-dia\/","og_site_name":"SEMHAF","article_published_time":"2026-03-11T23:04:00+00:00","article_modified_time":"2026-04-01T15:04:54+00:00","og_image":[{"width":1024,"height":683,"url":"https:\/\/www.manaus.am.gov.br\/semhaf\/wp-content\/uploads\/sites\/28\/2026\/03\/IMG_4919.JPG-1024x683.jpeg","type":"image\/jpeg"}],"author":"leofierro","twitter_card":"summary_large_image","twitter_misc":{"Written by":"leofierro","Est. reading time":"4 minutos"},"schema":{"@context":"https:\/\/schema.org","@graph":[{"@type":"Article","@id":"https:\/\/www.manaus.am.gov.br\/semhaf\/prefeitura-de-manaus-reabre-inscricoes-para-o-minha-casa-minha-vida-e-registra-mais-de-35-mil-cadastros-no-primeiro-dia\/#article","isPartOf":{"@id":"https:\/\/www.manaus.am.gov.br\/semhaf\/prefeitura-de-manaus-reabre-inscricoes-para-o-minha-casa-minha-vida-e-registra-mais-de-35-mil-cadastros-no-primeiro-dia\/"},"author":{"name":"leofierro","@id":"https:\/\/www.manaus.am.gov.br\/semhaf\/#\/schema\/person\/68c6a77f3dcf3f40a0d6e6ad5076718c"},"headline":"Prefeitura de Manaus reabre inscri\u00e7\u00f5es para o \u2018Minha Casa, Minha Vida\u2019 e registra mais de 35 mil cadastros no primeiro dia","datePublished":"2026-03-11T23:04:00+00:00","dateModified":"2026-04-01T15:04:54+00:00","mainEntityOfPage":{"@id":"https:\/\/www.manaus.am.gov.br\/semhaf\/prefeitura-de-manaus-reabre-inscricoes-para-o-minha-casa-minha-vida-e-registra-mais-de-35-mil-cadastros-no-primeiro-dia\/"},"wordCount":674,"publisher":{"@id":"https:\/\/www.manaus.am.gov.br\/semhaf\/#organization"},"image":{"@id":"https:\/\/www.manaus.am.gov.br\/semhaf\/prefeitura-de-manaus-reabre-inscricoes-para-o-minha-casa-minha-vida-e-registra-mais-de-35-mil-cadastros-no-primeiro-dia\/#primaryimage"},"thumbnailUrl":"https:\/\/www.manaus.am.gov.br\/semhaf\/wp-content\/uploads\/sites\/28\/2026\/03\/IMG_4919.JPG.jpeg","articleSection":["Habita\u00e7\u00e3o"],"inLanguage":"pt-BR"},{"@type":"WebPage","@id":"https:\/\/www.manaus.am.gov.br\/semhaf\/prefeitura-de-manaus-reabre-inscricoes-para-o-minha-casa-minha-vida-e-registra-mais-de-35-mil-cadastros-no-primeiro-dia\/","url":"https:\/\/www.manaus.am.gov.br\/semhaf\/prefeitura-de-manaus-reabre-inscricoes-para-o-minha-casa-minha-vida-e-registra-mais-de-35-mil-cadastros-no-primeiro-dia\/","name":"Prefeitura de Manaus reabre inscri\u00e7\u00f5es para o \u2018Minha Casa, Minha Vida\u2019 e registra mais de 35 mil cadastros no primeiro dia - SEMHAF","isPartOf":{"@id":"https:\/\/www.manaus.am.gov.br\/semhaf\/#website"},"primaryImageOfPage":{"@id":"https:\/\/www.manaus.am.gov.br\/semhaf\/prefeitura-de-manaus-reabre-inscricoes-para-o-minha-casa-minha-vida-e-registra-mais-de-35-mil-cadastros-no-primeiro-dia\/#primaryimage"},"image":{"@id":"https:\/\/www.manaus.am.gov.br\/semhaf\/prefeitura-de-manaus-reabre-inscricoes-para-o-minha-casa-minha-vida-e-registra-mais-de-35-mil-cadastros-no-primeiro-dia\/#primaryimage"},"thumbnailUrl":"https:\/\/www.manaus.am.gov.br\/semhaf\/wp-content\/uploads\/sites\/28\/2026\/03\/IMG_4919.JPG.jpeg","datePublished":"2026-03-11T23:04:00+00:00","dateModified":"2026-04-01T15:04:54+00:00","breadcrumb":{"@id":"https:\/\/www.manaus.am.gov.br\/semhaf\/prefeitura-de-manaus-reabre-inscricoes-para-o-minha-casa-minha-vida-e-registra-mais-de-35-mil-cadastros-no-primeiro-dia\/#breadcrumb"},"inLanguage":"pt-BR","potentialAction":[{"@type":"ReadAction","target":["https:\/\/www.manaus.am.gov.br\/semhaf\/prefeitura-de-manaus-reabre-inscricoes-para-o-minha-casa-minha-vida-e-registra-mais-de-35-mil-cadastros-no-primeiro-dia\/"]}]},{"@type":"ImageObject","inLanguage":"pt-BR","@id":"https:\/\/www.manaus.am.gov.br\/semhaf\/prefeitura-de-manaus-reabre-inscricoes-para-o-minha-casa-minha-vida-e-registra-mais-de-35-mil-cadastros-no-primeiro-dia\/#primaryimage","url":"https:\/\/www.manaus.am.gov.br\/semhaf\/wp-content\/uploads\/sites\/28\/2026\/03\/IMG_4919.JPG.jpeg","contentUrl":"https:\/\/www.manaus.am.gov.br\/semhaf\/wp-content\/uploads\/sites\/28\/2026\/03\/IMG_4919.JPG.jpeg","width":5472,"height":3648},{"@type":"BreadcrumbList","@id":"https:\/\/www.manaus.am.gov.br\/semhaf\/prefeitura-de-manaus-reabre-inscricoes-para-o-minha-casa-minha-vida-e-registra-mais-de-35-mil-cadastros-no-primeiro-dia\/#breadcrumb","itemListElement":[{"@type":"ListItem","position":1,"name":"Home","item":"https:\/\/www.manaus.am.gov.br\/semhaf\/"},{"@type":"ListItem","position":2,"name":"Prefeitura de Manaus reabre inscri\u00e7\u00f5es para o \u2018Minha Casa, Minha Vida\u2019 e registra mais de 35 mil cadastros no primeiro dia"}]},{"@type":"WebSite","@id":"https:\/\/www.manaus.am.gov.br\/semhaf\/#website","url":"https:\/\/www.manaus.am.gov.br\/semhaf\/","name":"SENHAF","description":"SENHAF","publisher":{"@id":"https:\/\/www.manaus.am.gov.br\/semhaf\/#organization"},"alternateName":"Secretaria Municipal de Habita\u00e7\u00e3o e Assuntos Fundi\u00e1rios","potentialAction":[{"@type":"SearchAction","target":{"@type":"EntryPoint","urlTemplate":"https:\/\/www.manaus.am.gov.br\/semhaf\/?s={search_term_string}"},"query-input":"required name=search_term_string"}],"inLanguage":"pt-BR"},{"@type":"Organization","@id":"https:\/\/www.manaus.am.gov.br\/semhaf\/#organization","name":"Prefeitura de Manaus","alternateName":"Prefeitura Municipal de Manaus","url":"https:\/\/www.manaus.am.gov.br\/semhaf\/","logo":{"@type":"ImageObject","inLanguage":"pt-BR","@id":"https:\/\/www.manaus.am.gov.br\/semhaf\/#\/schema\/logo\/image\/","url":"https:\/\/www.manaus.am.gov.br\/semhaf\/wp-content\/uploads\/sites\/28\/2023\/11\/cropped-favicon.png","contentUrl":"https:\/\/www.manaus.am.gov.br\/semhaf\/wp-content\/uploads\/sites\/28\/2023\/11\/cropped-favicon.png","width":512,"height":512,"caption":"Prefeitura de Manaus"},"image":{"@id":"https:\/\/www.manaus.am.gov.br\/semhaf\/#\/schema\/logo\/image\/"}},{"@type":"Person","@id":"https:\/\/www.manaus.am.gov.br\/semhaf\/#\/schema\/person\/68c6a77f3dcf3f40a0d6e6ad5076718c","name":"leofierro","image":{"@type":"ImageObject","inLanguage":"pt-BR","@id":"https:\/\/www.manaus.am.gov.br\/semhaf\/#\/schema\/person\/image\/","url":"https:\/\/secure.gravatar.com\/avatar\/30d8783eede7767036ae574037a3f2de?s=96&d=mm&r=g","contentUrl":"https:\/\/secure.gravatar.com\/avatar\/30d8783eede7767036ae574037a3f2de?s=96&d=mm&r=g","caption":"leofierro"}}]}},"_links":{"self":[{"href":"https:\/\/www.manaus.am.gov.br\/semhaf\/wp-json\/wp\/v2\/posts\/1560"}],"collection":[{"href":"https:\/\/www.manaus.am.gov.br\/semhaf\/wp-json\/wp\/v2\/posts"}],"about":[{"href":"https:\/\/www.manaus.am.gov.br\/semhaf\/wp-json\/wp\/v2\/types\/post"}],"author":[{"embeddable":true,"href":"https:\/\/www.manaus.am.gov.br\/semhaf\/wp-json\/wp\/v2\/users\/56"}],"replies":[{"embeddable":true,"href":"https:\/\/www.manaus.am.gov.br\/semhaf\/wp-json\/wp\/v2\/comments?post=1560"}],"version-history":[{"count":1,"href":"https:\/\/www.manaus.am.gov.br\/semhaf\/wp-json\/wp\/v2\/posts\/1560\/revisions"}],"predecessor-version":[{"id":1563,"href":"https:\/\/www.manaus.am.gov.br\/semhaf\/wp-json\/wp\/v2\/posts\/1560\/revisions\/1563"}],"wp:featuredmedia":[{"embeddable":true,"href":"https:\/\/www.manaus.am.gov.br\/semhaf\/wp-json\/wp\/v2\/media\/1562"}],"wp:attachment":[{"href":"https:\/\/www.manaus.am.gov.br\/semhaf\/wp-json\/wp\/v2\/media?parent=1560"}],"wp:term":[{"taxonomy":"category","embeddable":true,"href":"https:\/\/www.manaus.am.gov.br\/semhaf\/wp-json\/wp\/v2\/categories?post=1560"},{"taxonomy":"post_tag","embeddable":true,"href":"https:\/\/www.manaus.am.gov.br\/semhaf\/wp-json\/wp\/v2\/tags?post=1560"}],"curies":[{"name":"wp","href":"https:\/\/api.w.org\/{rel}","templated":true}]}}