{"id":1553,"date":"2026-03-09T17:21:00","date_gmt":"2026-03-09T21:21:00","guid":{"rendered":"https:\/\/www.manaus.am.gov.br\/semhaf\/?p=1553"},"modified":"2026-03-19T12:01:33","modified_gmt":"2026-03-19T16:01:33","slug":"prefeito-david-almeida-reabre-inscricoes-para-moradia-em-manaus-e-amplia-acesso-ao-minha-casa-minha-vida","status":"publish","type":"post","link":"https:\/\/www.manaus.am.gov.br\/semhaf\/prefeito-david-almeida-reabre-inscricoes-para-moradia-em-manaus-e-amplia-acesso-ao-minha-casa-minha-vida\/","title":{"rendered":"Prefeito David Almeida reabre inscri\u00e7\u00f5es para moradia em Manaus e amplia acesso ao \u2018Minha Casa, Minha Vida\u2019"},"content":{"rendered":"\n<p>O prefeito de&nbsp;<a href=\"https:\/\/www.manaus.am.gov.br\/\">Manaus<\/a>, David Almeida, anunciou, na manh\u00e3 desta segunda-feira, 9\/3, a reabertura das inscri\u00e7\u00f5es no Sistema Municipal de Habita\u00e7\u00e3o (Simhab), permitindo que novas fam\u00edlias se cadastrem para participar do programa \u201cMinha Casa, Minha Vida\u201d na capital amazonense. O an\u00fancio foi feito na sede da Secretaria Municipal de Habita\u00e7\u00e3o e Assuntos Fundi\u00e1rios (Semhaf).<\/p>\n\n\n\n<p>Com a medida, a&nbsp;<a href=\"https:\/\/www.instagram.com\/prefeiturademanaus\/\">Prefeitura de Manaus<\/a>&nbsp;abre uma nova etapa de cadastro para ampliar o acesso da popula\u00e7\u00e3o \u00e0s pol\u00edticas habitacionais do munic\u00edpio, integradas ao programa federal executado em parceria com a Caixa Econ\u00f4mica Federal.<\/p>\n\n\n\n<p>As inscri\u00e7\u00f5es estar\u00e3o dispon\u00edveis entre os dias 11 de mar\u00e7o e 29 de maio, per\u00edodo em que fam\u00edlias que ainda n\u00e3o conseguiram se cadastrar poder\u00e3o entrar no banco de dados habitacional da prefeitura e concorrer \u00e0s pr\u00f3ximas unidades que ser\u00e3o destinadas ao munic\u00edpio. Os interessados podem se cadastrar atrav\u00e9s do site do Simhab, no endere\u00e7o&nbsp;<a href=\"https:\/\/simhab.manaus.am.gov.br\/\">https:\/\/simhab.manaus.am.gov.br\/<\/a>, acessando a aba \u201cMinha Casa, Minha Vida\u201d; ou presencial, na sede da Semhaf, localizada na travessa Arthur Bernardes, n\u00ba 228, bairro S\u00e3o Geraldo, zona Centro-Sul da cidade.<\/p>\n\n\n\n<p>Segundo o prefeito David Almeida, a reabertura do sistema atende a uma demanda apresentada por moradores que procuraram a prefeitura relatando dificuldades para realizar o cadastro nas etapas anteriores.<\/p>\n\n\n\n<p>\u201cA partir de quarta-feira, dia 11 de mar\u00e7o, o nosso sistema vai abrir para novas inscri\u00e7\u00f5es. Quem ainda n\u00e3o conseguiu se inscrever no programa \u2018Minha Casa, Minha Vida\u2019, em parceria da prefeitura com o governo federal, ter\u00e1 uma nova oportunidade. O sistema ficar\u00e1 aberto at\u00e9 o dia 29 de maio. Basta fazer seu cadastro no Sistema Municipal de Habita\u00e7\u00e3o e concorrer a uma moradia digna\u201d, afirmou o prefeito.<\/p>\n\n\n\n<p>As fam\u00edlias que j\u00e1 est\u00e3o cadastradas no sistema municipal passam atualmente pelo processo de sele\u00e7\u00e3o e an\u00e1lise documental para envio \u00e0 Caixa Econ\u00f4mica Federal. A primeira etapa de entregas est\u00e1 prevista para 24 de mar\u00e7o, com 576 moradias distribu\u00eddas em tr\u00eas empreendimentos habitacionais. J\u00e1 as fam\u00edlias que realizarem inscri\u00e7\u00e3o nesta nova fase passar\u00e3o a concorrer \u00e0s unidades previstas no cronograma da prefeitura a partir do m\u00eas de maio.<\/p>\n\n\n\n<p>O secret\u00e1rio municipal de Habita\u00e7\u00e3o e Assuntos Fundi\u00e1rios, Jesus Alves, explicou que a sele\u00e7\u00e3o das fam\u00edlias seguir\u00e1 crit\u00e9rios estabelecidos por regulamenta\u00e7\u00f5es federais e municipais, garantindo prioridade para quem vive em situa\u00e7\u00e3o de maior vulnerabilidade social.<\/p>\n\n\n\n<p>De acordo com o secret\u00e1rio, as regras est\u00e3o previstas em duas normativas que orientam o processo de sele\u00e7\u00e3o: a Portaria n\u00ba 738, do governo federal; e a regulamenta\u00e7\u00e3o pr\u00f3pria da Secretaria Municipal de Habita\u00e7\u00e3o.<\/p>\n\n\n\n<p>Entre os crit\u00e9rios est\u00e3o renda familiar de at\u00e9 R$ 2.850, aus\u00eancia de pend\u00eancias no Cadastro Informativo de Cr\u00e9ditos n\u00e3o Quitados do Setor P\u00fablico Federal (Cadin) e prioridade para fam\u00edlias que vivem em \u00e1reas de risco, m\u00e3es solo, fam\u00edlias que tenham pessoas com defici\u00eancia ou idosos na composi\u00e7\u00e3o familiar, al\u00e9m de pessoas atingidas por situa\u00e7\u00f5es de calamidade.<\/p>\n\n\n\n<p>\u201cEsses crit\u00e9rios j\u00e1 est\u00e3o definidos e ser\u00e3o apresentados de forma transparente para garantir que as unidades habitacionais sejam destinadas a quem realmente mais precisa\u201d, explicou Jesus Alves.<\/p>\n\n\n\n<p>A pol\u00edtica habitacional conduzida pela Prefeitura de Manaus inclui a articula\u00e7\u00e3o com o programa \u201cMinha Casa, Minha Vida\u201d, aquisi\u00e7\u00e3o de \u00e1reas para novos empreendimentos e a\u00e7\u00f5es de regulariza\u00e7\u00e3o fundi\u00e1ria. A estrat\u00e9gia busca ampliar o acesso \u00e0 moradia digna e reduzir o d\u00e9ficit habitacional hist\u00f3rico da capital amazonense.<\/p>\n\n\n\n<figure class=\"wp-block-image size-full\"><img loading=\"lazy\" decoding=\"async\" width=\"1024\" height=\"768\" src=\"https:\/\/www.manaus.am.gov.br\/semhaf\/wp-content\/uploads\/sites\/28\/2026\/03\/55114587370_147b16467c_k-1024x768-1.jpg\" alt=\"\" class=\"wp-image-1554\" srcset=\"https:\/\/www.manaus.am.gov.br\/semhaf\/wp-content\/uploads\/sites\/28\/2026\/03\/55114587370_147b16467c_k-1024x768-1.jpg 1024w, https:\/\/www.manaus.am.gov.br\/semhaf\/wp-content\/uploads\/sites\/28\/2026\/03\/55114587370_147b16467c_k-1024x768-1-300x225.jpg 300w, https:\/\/www.manaus.am.gov.br\/semhaf\/wp-content\/uploads\/sites\/28\/2026\/03\/55114587370_147b16467c_k-1024x768-1-768x576.jpg 768w\" sizes=\"(max-width: 1024px) 100vw, 1024px\" \/><\/figure>\n\n\n\n<p>\u2014 \u2014 \u2014<\/p>\n\n\n\n<p><strong>Texto&nbsp;<\/strong>\u2013 Emanuelle Baires\/Semcom-Prefeito<\/p>\n\n\n\n<p><strong>Fotos \u2013<\/strong>&nbsp;Dhyeizo Lemos\/Semcom-Prefeito<\/p>\n\n\n\n<p><strong>Dispon\u00edveis em \u2013&nbsp;<\/strong><a href=\"https:\/\/flic.kr\/s\/aHBqjCMxix\">https:\/\/flic.kr\/s\/aHBqjCMxix<\/a><\/p>\n","protected":false},"excerpt":{"rendered":"","protected":false},"author":56,"featured_media":1555,"comment_status":"closed","ping_status":"closed","sticky":false,"template":"","format":"standard","meta":{"footnotes":""},"categories":[25],"tags":[],"acf":[],"yoast_head":"<!-- This site is optimized with the Yoast SEO plugin v23.0 - https:\/\/yoast.com\/wordpress\/plugins\/seo\/ -->\n<title>Prefeito David Almeida reabre inscri\u00e7\u00f5es para moradia em Manaus e amplia acesso ao \u2018Minha Casa, Minha Vida\u2019 - SEMHAF<\/title>\n<meta name=\"robots\" content=\"noindex, follow\" \/>\n<meta property=\"og:locale\" content=\"pt_BR\" \/>\n<meta property=\"og:type\" content=\"article\" \/>\n<meta property=\"og:title\" content=\"Prefeito David Almeida reabre inscri\u00e7\u00f5es para moradia em Manaus e amplia acesso ao \u2018Minha Casa, Minha Vida\u2019 - SEMHAF\" \/>\n<meta property=\"og:url\" content=\"https:\/\/www.manaus.am.gov.br\/semhaf\/prefeito-david-almeida-reabre-inscricoes-para-moradia-em-manaus-e-amplia-acesso-ao-minha-casa-minha-vida\/\" \/>\n<meta property=\"og:site_name\" content=\"SEMHAF\" \/>\n<meta property=\"article:published_time\" content=\"2026-03-09T21:21:00+00:00\" \/>\n<meta property=\"article:modified_time\" content=\"2026-03-19T16:01:33+00:00\" \/>\n<meta property=\"og:image\" content=\"https:\/\/www.manaus.am.gov.br\/semhaf\/wp-content\/uploads\/sites\/28\/2026\/03\/WhatsApp-Image-2026-03-09-at-14.26.31-1536x1024-1.jpeg\" \/>\n\t<meta property=\"og:image:width\" content=\"1536\" \/>\n\t<meta property=\"og:image:height\" content=\"1024\" \/>\n\t<meta property=\"og:image:type\" content=\"image\/jpeg\" \/>\n<meta name=\"author\" content=\"leofierro\" \/>\n<meta name=\"twitter:card\" content=\"summary_large_image\" \/>\n<meta name=\"twitter:label1\" content=\"Written by\" \/>\n\t<meta name=\"twitter:data1\" content=\"leofierro\" \/>\n\t<meta name=\"twitter:label2\" content=\"Est. reading time\" \/>\n\t<meta name=\"twitter:data2\" content=\"4 minutos\" \/>\n<script type=\"application\/ld+json\" class=\"yoast-schema-graph\">{\"@context\":\"https:\/\/schema.org\",\"@graph\":[{\"@type\":\"Article\",\"@id\":\"https:\/\/www.manaus.am.gov.br\/semhaf\/prefeito-david-almeida-reabre-inscricoes-para-moradia-em-manaus-e-amplia-acesso-ao-minha-casa-minha-vida\/#article\",\"isPartOf\":{\"@id\":\"https:\/\/www.manaus.am.gov.br\/semhaf\/prefeito-david-almeida-reabre-inscricoes-para-moradia-em-manaus-e-amplia-acesso-ao-minha-casa-minha-vida\/\"},\"author\":{\"name\":\"leofierro\",\"@id\":\"https:\/\/www.manaus.am.gov.br\/semhaf\/#\/schema\/person\/68c6a77f3dcf3f40a0d6e6ad5076718c\"},\"headline\":\"Prefeito David Almeida reabre inscri\u00e7\u00f5es para moradia em Manaus e amplia acesso ao \u2018Minha Casa, Minha Vida\u2019\",\"datePublished\":\"2026-03-09T21:21:00+00:00\",\"dateModified\":\"2026-03-19T16:01:33+00:00\",\"mainEntityOfPage\":{\"@id\":\"https:\/\/www.manaus.am.gov.br\/semhaf\/prefeito-david-almeida-reabre-inscricoes-para-moradia-em-manaus-e-amplia-acesso-ao-minha-casa-minha-vida\/\"},\"wordCount\":651,\"publisher\":{\"@id\":\"https:\/\/www.manaus.am.gov.br\/semhaf\/#organization\"},\"image\":{\"@id\":\"https:\/\/www.manaus.am.gov.br\/semhaf\/prefeito-david-almeida-reabre-inscricoes-para-moradia-em-manaus-e-amplia-acesso-ao-minha-casa-minha-vida\/#primaryimage\"},\"thumbnailUrl\":\"https:\/\/www.manaus.am.gov.br\/semhaf\/wp-content\/uploads\/sites\/28\/2026\/03\/WhatsApp-Image-2026-03-09-at-14.26.31-1536x1024-1.jpeg\",\"articleSection\":[\"Habita\u00e7\u00e3o\"],\"inLanguage\":\"pt-BR\"},{\"@type\":\"WebPage\",\"@id\":\"https:\/\/www.manaus.am.gov.br\/semhaf\/prefeito-david-almeida-reabre-inscricoes-para-moradia-em-manaus-e-amplia-acesso-ao-minha-casa-minha-vida\/\",\"url\":\"https:\/\/www.manaus.am.gov.br\/semhaf\/prefeito-david-almeida-reabre-inscricoes-para-moradia-em-manaus-e-amplia-acesso-ao-minha-casa-minha-vida\/\",\"name\":\"Prefeito David Almeida reabre inscri\u00e7\u00f5es para moradia em Manaus e amplia acesso ao \u2018Minha Casa, Minha Vida\u2019 - SEMHAF\",\"isPartOf\":{\"@id\":\"https:\/\/www.manaus.am.gov.br\/semhaf\/#website\"},\"primaryImageOfPage\":{\"@id\":\"https:\/\/www.manaus.am.gov.br\/semhaf\/prefeito-david-almeida-reabre-inscricoes-para-moradia-em-manaus-e-amplia-acesso-ao-minha-casa-minha-vida\/#primaryimage\"},\"image\":{\"@id\":\"https:\/\/www.manaus.am.gov.br\/semhaf\/prefeito-david-almeida-reabre-inscricoes-para-moradia-em-manaus-e-amplia-acesso-ao-minha-casa-minha-vida\/#primaryimage\"},\"thumbnailUrl\":\"https:\/\/www.manaus.am.gov.br\/semhaf\/wp-content\/uploads\/sites\/28\/2026\/03\/WhatsApp-Image-2026-03-09-at-14.26.31-1536x1024-1.jpeg\",\"datePublished\":\"2026-03-09T21:21:00+00:00\",\"dateModified\":\"2026-03-19T16:01:33+00:00\",\"breadcrumb\":{\"@id\":\"https:\/\/www.manaus.am.gov.br\/semhaf\/prefeito-david-almeida-reabre-inscricoes-para-moradia-em-manaus-e-amplia-acesso-ao-minha-casa-minha-vida\/#breadcrumb\"},\"inLanguage\":\"pt-BR\",\"potentialAction\":[{\"@type\":\"ReadAction\",\"target\":[\"https:\/\/www.manaus.am.gov.br\/semhaf\/prefeito-david-almeida-reabre-inscricoes-para-moradia-em-manaus-e-amplia-acesso-ao-minha-casa-minha-vida\/\"]}]},{\"@type\":\"ImageObject\",\"inLanguage\":\"pt-BR\",\"@id\":\"https:\/\/www.manaus.am.gov.br\/semhaf\/prefeito-david-almeida-reabre-inscricoes-para-moradia-em-manaus-e-amplia-acesso-ao-minha-casa-minha-vida\/#primaryimage\",\"url\":\"https:\/\/www.manaus.am.gov.br\/semhaf\/wp-content\/uploads\/sites\/28\/2026\/03\/WhatsApp-Image-2026-03-09-at-14.26.31-1536x1024-1.jpeg\",\"contentUrl\":\"https:\/\/www.manaus.am.gov.br\/semhaf\/wp-content\/uploads\/sites\/28\/2026\/03\/WhatsApp-Image-2026-03-09-at-14.26.31-1536x1024-1.jpeg\",\"width\":1536,\"height\":1024},{\"@type\":\"BreadcrumbList\",\"@id\":\"https:\/\/www.manaus.am.gov.br\/semhaf\/prefeito-david-almeida-reabre-inscricoes-para-moradia-em-manaus-e-amplia-acesso-ao-minha-casa-minha-vida\/#breadcrumb\",\"itemListElement\":[{\"@type\":\"ListItem\",\"position\":1,\"name\":\"Home\",\"item\":\"https:\/\/www.manaus.am.gov.br\/semhaf\/\"},{\"@type\":\"ListItem\",\"position\":2,\"name\":\"Prefeito David Almeida reabre inscri\u00e7\u00f5es para moradia em Manaus e amplia acesso ao \u2018Minha Casa, Minha Vida\u2019\"}]},{\"@type\":\"WebSite\",\"@id\":\"https:\/\/www.manaus.am.gov.br\/semhaf\/#website\",\"url\":\"https:\/\/www.manaus.am.gov.br\/semhaf\/\",\"name\":\"SENHAF\",\"description\":\"SENHAF\",\"publisher\":{\"@id\":\"https:\/\/www.manaus.am.gov.br\/semhaf\/#organization\"},\"alternateName\":\"Secretaria Municipal de Habita\u00e7\u00e3o e Assuntos Fundi\u00e1rios\",\"potentialAction\":[{\"@type\":\"SearchAction\",\"target\":{\"@type\":\"EntryPoint\",\"urlTemplate\":\"https:\/\/www.manaus.am.gov.br\/semhaf\/?s={search_term_string}\"},\"query-input\":\"required name=search_term_string\"}],\"inLanguage\":\"pt-BR\"},{\"@type\":\"Organization\",\"@id\":\"https:\/\/www.manaus.am.gov.br\/semhaf\/#organization\",\"name\":\"Prefeitura de Manaus\",\"alternateName\":\"Prefeitura Municipal de Manaus\",\"url\":\"https:\/\/www.manaus.am.gov.br\/semhaf\/\",\"logo\":{\"@type\":\"ImageObject\",\"inLanguage\":\"pt-BR\",\"@id\":\"https:\/\/www.manaus.am.gov.br\/semhaf\/#\/schema\/logo\/image\/\",\"url\":\"https:\/\/www.manaus.am.gov.br\/semhaf\/wp-content\/uploads\/sites\/28\/2023\/11\/cropped-favicon.png\",\"contentUrl\":\"https:\/\/www.manaus.am.gov.br\/semhaf\/wp-content\/uploads\/sites\/28\/2023\/11\/cropped-favicon.png\",\"width\":512,\"height\":512,\"caption\":\"Prefeitura de Manaus\"},\"image\":{\"@id\":\"https:\/\/www.manaus.am.gov.br\/semhaf\/#\/schema\/logo\/image\/\"}},{\"@type\":\"Person\",\"@id\":\"https:\/\/www.manaus.am.gov.br\/semhaf\/#\/schema\/person\/68c6a77f3dcf3f40a0d6e6ad5076718c\",\"name\":\"leofierro\",\"image\":{\"@type\":\"ImageObject\",\"inLanguage\":\"pt-BR\",\"@id\":\"https:\/\/www.manaus.am.gov.br\/semhaf\/#\/schema\/person\/image\/\",\"url\":\"https:\/\/secure.gravatar.com\/avatar\/30d8783eede7767036ae574037a3f2de?s=96&d=mm&r=g\",\"contentUrl\":\"https:\/\/secure.gravatar.com\/avatar\/30d8783eede7767036ae574037a3f2de?s=96&d=mm&r=g\",\"caption\":\"leofierro\"}}]}<\/script>\n<!-- \/ Yoast SEO plugin. -->","yoast_head_json":{"title":"Prefeito David Almeida reabre inscri\u00e7\u00f5es para moradia em Manaus e amplia acesso ao \u2018Minha Casa, Minha Vida\u2019 - SEMHAF","robots":{"index":"noindex","follow":"follow"},"og_locale":"pt_BR","og_type":"article","og_title":"Prefeito David Almeida reabre inscri\u00e7\u00f5es para moradia em Manaus e amplia acesso ao \u2018Minha Casa, Minha Vida\u2019 - SEMHAF","og_url":"https:\/\/www.manaus.am.gov.br\/semhaf\/prefeito-david-almeida-reabre-inscricoes-para-moradia-em-manaus-e-amplia-acesso-ao-minha-casa-minha-vida\/","og_site_name":"SEMHAF","article_published_time":"2026-03-09T21:21:00+00:00","article_modified_time":"2026-03-19T16:01:33+00:00","og_image":[{"width":1536,"height":1024,"url":"https:\/\/www.manaus.am.gov.br\/semhaf\/wp-content\/uploads\/sites\/28\/2026\/03\/WhatsApp-Image-2026-03-09-at-14.26.31-1536x1024-1.jpeg","type":"image\/jpeg"}],"author":"leofierro","twitter_card":"summary_large_image","twitter_misc":{"Written by":"leofierro","Est. reading time":"4 minutos"},"schema":{"@context":"https:\/\/schema.org","@graph":[{"@type":"Article","@id":"https:\/\/www.manaus.am.gov.br\/semhaf\/prefeito-david-almeida-reabre-inscricoes-para-moradia-em-manaus-e-amplia-acesso-ao-minha-casa-minha-vida\/#article","isPartOf":{"@id":"https:\/\/www.manaus.am.gov.br\/semhaf\/prefeito-david-almeida-reabre-inscricoes-para-moradia-em-manaus-e-amplia-acesso-ao-minha-casa-minha-vida\/"},"author":{"name":"leofierro","@id":"https:\/\/www.manaus.am.gov.br\/semhaf\/#\/schema\/person\/68c6a77f3dcf3f40a0d6e6ad5076718c"},"headline":"Prefeito David Almeida reabre inscri\u00e7\u00f5es para moradia em Manaus e amplia acesso ao \u2018Minha Casa, Minha Vida\u2019","datePublished":"2026-03-09T21:21:00+00:00","dateModified":"2026-03-19T16:01:33+00:00","mainEntityOfPage":{"@id":"https:\/\/www.manaus.am.gov.br\/semhaf\/prefeito-david-almeida-reabre-inscricoes-para-moradia-em-manaus-e-amplia-acesso-ao-minha-casa-minha-vida\/"},"wordCount":651,"publisher":{"@id":"https:\/\/www.manaus.am.gov.br\/semhaf\/#organization"},"image":{"@id":"https:\/\/www.manaus.am.gov.br\/semhaf\/prefeito-david-almeida-reabre-inscricoes-para-moradia-em-manaus-e-amplia-acesso-ao-minha-casa-minha-vida\/#primaryimage"},"thumbnailUrl":"https:\/\/www.manaus.am.gov.br\/semhaf\/wp-content\/uploads\/sites\/28\/2026\/03\/WhatsApp-Image-2026-03-09-at-14.26.31-1536x1024-1.jpeg","articleSection":["Habita\u00e7\u00e3o"],"inLanguage":"pt-BR"},{"@type":"WebPage","@id":"https:\/\/www.manaus.am.gov.br\/semhaf\/prefeito-david-almeida-reabre-inscricoes-para-moradia-em-manaus-e-amplia-acesso-ao-minha-casa-minha-vida\/","url":"https:\/\/www.manaus.am.gov.br\/semhaf\/prefeito-david-almeida-reabre-inscricoes-para-moradia-em-manaus-e-amplia-acesso-ao-minha-casa-minha-vida\/","name":"Prefeito David Almeida reabre inscri\u00e7\u00f5es para moradia em Manaus e amplia acesso ao \u2018Minha Casa, Minha Vida\u2019 - SEMHAF","isPartOf":{"@id":"https:\/\/www.manaus.am.gov.br\/semhaf\/#website"},"primaryImageOfPage":{"@id":"https:\/\/www.manaus.am.gov.br\/semhaf\/prefeito-david-almeida-reabre-inscricoes-para-moradia-em-manaus-e-amplia-acesso-ao-minha-casa-minha-vida\/#primaryimage"},"image":{"@id":"https:\/\/www.manaus.am.gov.br\/semhaf\/prefeito-david-almeida-reabre-inscricoes-para-moradia-em-manaus-e-amplia-acesso-ao-minha-casa-minha-vida\/#primaryimage"},"thumbnailUrl":"https:\/\/www.manaus.am.gov.br\/semhaf\/wp-content\/uploads\/sites\/28\/2026\/03\/WhatsApp-Image-2026-03-09-at-14.26.31-1536x1024-1.jpeg","datePublished":"2026-03-09T21:21:00+00:00","dateModified":"2026-03-19T16:01:33+00:00","breadcrumb":{"@id":"https:\/\/www.manaus.am.gov.br\/semhaf\/prefeito-david-almeida-reabre-inscricoes-para-moradia-em-manaus-e-amplia-acesso-ao-minha-casa-minha-vida\/#breadcrumb"},"inLanguage":"pt-BR","potentialAction":[{"@type":"ReadAction","target":["https:\/\/www.manaus.am.gov.br\/semhaf\/prefeito-david-almeida-reabre-inscricoes-para-moradia-em-manaus-e-amplia-acesso-ao-minha-casa-minha-vida\/"]}]},{"@type":"ImageObject","inLanguage":"pt-BR","@id":"https:\/\/www.manaus.am.gov.br\/semhaf\/prefeito-david-almeida-reabre-inscricoes-para-moradia-em-manaus-e-amplia-acesso-ao-minha-casa-minha-vida\/#primaryimage","url":"https:\/\/www.manaus.am.gov.br\/semhaf\/wp-content\/uploads\/sites\/28\/2026\/03\/WhatsApp-Image-2026-03-09-at-14.26.31-1536x1024-1.jpeg","contentUrl":"https:\/\/www.manaus.am.gov.br\/semhaf\/wp-content\/uploads\/sites\/28\/2026\/03\/WhatsApp-Image-2026-03-09-at-14.26.31-1536x1024-1.jpeg","width":1536,"height":1024},{"@type":"BreadcrumbList","@id":"https:\/\/www.manaus.am.gov.br\/semhaf\/prefeito-david-almeida-reabre-inscricoes-para-moradia-em-manaus-e-amplia-acesso-ao-minha-casa-minha-vida\/#breadcrumb","itemListElement":[{"@type":"ListItem","position":1,"name":"Home","item":"https:\/\/www.manaus.am.gov.br\/semhaf\/"},{"@type":"ListItem","position":2,"name":"Prefeito David Almeida reabre inscri\u00e7\u00f5es para moradia em Manaus e amplia acesso ao \u2018Minha Casa, Minha Vida\u2019"}]},{"@type":"WebSite","@id":"https:\/\/www.manaus.am.gov.br\/semhaf\/#website","url":"https:\/\/www.manaus.am.gov.br\/semhaf\/","name":"SENHAF","description":"SENHAF","publisher":{"@id":"https:\/\/www.manaus.am.gov.br\/semhaf\/#organization"},"alternateName":"Secretaria Municipal de Habita\u00e7\u00e3o e Assuntos Fundi\u00e1rios","potentialAction":[{"@type":"SearchAction","target":{"@type":"EntryPoint","urlTemplate":"https:\/\/www.manaus.am.gov.br\/semhaf\/?s={search_term_string}"},"query-input":"required name=search_term_string"}],"inLanguage":"pt-BR"},{"@type":"Organization","@id":"https:\/\/www.manaus.am.gov.br\/semhaf\/#organization","name":"Prefeitura de Manaus","alternateName":"Prefeitura Municipal de Manaus","url":"https:\/\/www.manaus.am.gov.br\/semhaf\/","logo":{"@type":"ImageObject","inLanguage":"pt-BR","@id":"https:\/\/www.manaus.am.gov.br\/semhaf\/#\/schema\/logo\/image\/","url":"https:\/\/www.manaus.am.gov.br\/semhaf\/wp-content\/uploads\/sites\/28\/2023\/11\/cropped-favicon.png","contentUrl":"https:\/\/www.manaus.am.gov.br\/semhaf\/wp-content\/uploads\/sites\/28\/2023\/11\/cropped-favicon.png","width":512,"height":512,"caption":"Prefeitura de Manaus"},"image":{"@id":"https:\/\/www.manaus.am.gov.br\/semhaf\/#\/schema\/logo\/image\/"}},{"@type":"Person","@id":"https:\/\/www.manaus.am.gov.br\/semhaf\/#\/schema\/person\/68c6a77f3dcf3f40a0d6e6ad5076718c","name":"leofierro","image":{"@type":"ImageObject","inLanguage":"pt-BR","@id":"https:\/\/www.manaus.am.gov.br\/semhaf\/#\/schema\/person\/image\/","url":"https:\/\/secure.gravatar.com\/avatar\/30d8783eede7767036ae574037a3f2de?s=96&d=mm&r=g","contentUrl":"https:\/\/secure.gravatar.com\/avatar\/30d8783eede7767036ae574037a3f2de?s=96&d=mm&r=g","caption":"leofierro"}}]}},"_links":{"self":[{"href":"https:\/\/www.manaus.am.gov.br\/semhaf\/wp-json\/wp\/v2\/posts\/1553"}],"collection":[{"href":"https:\/\/www.manaus.am.gov.br\/semhaf\/wp-json\/wp\/v2\/posts"}],"about":[{"href":"https:\/\/www.manaus.am.gov.br\/semhaf\/wp-json\/wp\/v2\/types\/post"}],"author":[{"embeddable":true,"href":"https:\/\/www.manaus.am.gov.br\/semhaf\/wp-json\/wp\/v2\/users\/56"}],"replies":[{"embeddable":true,"href":"https:\/\/www.manaus.am.gov.br\/semhaf\/wp-json\/wp\/v2\/comments?post=1553"}],"version-history":[{"count":1,"href":"https:\/\/www.manaus.am.gov.br\/semhaf\/wp-json\/wp\/v2\/posts\/1553\/revisions"}],"predecessor-version":[{"id":1556,"href":"https:\/\/www.manaus.am.gov.br\/semhaf\/wp-json\/wp\/v2\/posts\/1553\/revisions\/1556"}],"wp:featuredmedia":[{"embeddable":true,"href":"https:\/\/www.manaus.am.gov.br\/semhaf\/wp-json\/wp\/v2\/media\/1555"}],"wp:attachment":[{"href":"https:\/\/www.manaus.am.gov.br\/semhaf\/wp-json\/wp\/v2\/media?parent=1553"}],"wp:term":[{"taxonomy":"category","embeddable":true,"href":"https:\/\/www.manaus.am.gov.br\/semhaf\/wp-json\/wp\/v2\/categories?post=1553"},{"taxonomy":"post_tag","embeddable":true,"href":"https:\/\/www.manaus.am.gov.br\/semhaf\/wp-json\/wp\/v2\/tags?post=1553"}],"curies":[{"name":"wp","href":"https:\/\/api.w.org\/{rel}","templated":true}]}}