{"id":1549,"date":"2026-03-03T21:14:00","date_gmt":"2026-03-04T01:14:00","guid":{"rendered":"https:\/\/www.manaus.am.gov.br\/semhaf\/?p=1549"},"modified":"2026-03-19T11:58:12","modified_gmt":"2026-03-19T15:58:12","slug":"david-almeida-apresenta-modelo-de-entrega-habitacional-com-mobilias-e-consolida-maior-programa-da-historia-da-capital-amazonense","status":"publish","type":"post","link":"https:\/\/www.manaus.am.gov.br\/semhaf\/david-almeida-apresenta-modelo-de-entrega-habitacional-com-mobilias-e-consolida-maior-programa-da-historia-da-capital-amazonense\/","title":{"rendered":"David Almeida apresenta modelo de entrega habitacional com mob\u00edlias e consolida maior programa da hist\u00f3ria da capital amazonense"},"content":{"rendered":"\n<p>O prefeito de&nbsp;<a href=\"https:\/\/www.manaus.am.gov.br\/noticia\/habitacao\/apresenta-mobilias\/\" target=\"_blank\" rel=\"noreferrer noopener\">Manaus<\/a>, David Almeida, apresentou, nesta ter\u00e7a-feira, 3\/3, a mob\u00edlia que ir\u00e1 compor os apartamentos do residencial Parque das Tribos, na zona Oeste da capital amazonense. O empreendimento integra o programa federal Minha Casa, Minha Vida, na modalidade Fundo de Arrendamento Residencial, o FAR Faixa 1, mecanismo federal que financia moradias com subs\u00eddio praticamente integral para fam\u00edlias com renda mais baixa. Nessa modalidade, os recursos s\u00e3o da Uni\u00e3o e a operacionaliza\u00e7\u00e3o financeira \u00e9 realizada pela Caixa Econ\u00f4mica Federal. A previs\u00e3o \u00e9 que parte dos im\u00f3veis seja entregue no dia 24 de mar\u00e7o, se confirmada agenda do presidente da Rep\u00fablica, Luiz In\u00e1cio Lula da Silva, em Manaus.<\/p>\n\n\n\n<p>A entrega das unidades marca uma etapa estrat\u00e9gica da pol\u00edtica habitacional de Manaus. No Parque das Tribos, 576 fam\u00edlias ser\u00e3o beneficiadas nesta fase. No total, a capital amazonense possui 3.680 unidades contratadas na Faixa 1, al\u00e9m de um pacote mais amplo que alcan\u00e7a 4.700 moradias distribu\u00eddas em 15 conjuntos habitacionais, dos quais nove est\u00e3o em constru\u00e7\u00e3o.<\/p>\n\n\n\n<p>O diferencial anunciado pelo prefeito David Almeida \u00e9 a entrega dos im\u00f3veis j\u00e1 equipados com itens essenciais. Cada apartamento ser\u00e1 entregue com base box, colch\u00e3o, geladeira, fog\u00e3o, roupeiro, ventilador e TV de 32 polegadas. Segundo o prefeito, a medida foi estruturada a partir de dados que apontam alto n\u00edvel de vulnerabilidade material em parte das fam\u00edlias manauaras.<\/p>\n\n\n\n<p>\u201cS\u00e3o 576 apartamentos, divididos em tr\u00eas condom\u00ednios independentes, com \u00e1rea de conviv\u00eancia e centro comercial. Cada morador vai receber uma TV, uma geladeira, um fog\u00e3o, um ventilador, um roupeiro, uma cama e um colch\u00e3o. Com isso, a gente resgata a dignidade e eleva a autoestima dessas fam\u00edlias\u201d, afirmou o prefeito de Manaus, David Almeida.<\/p>\n\n\n\n<p>De acordo com levantamento do IBGE citado pelo prefeito, durante apresenta\u00e7\u00e3o do empreendimento \u00e0 imprensa, mais de 45 mil resid\u00eancias em Manaus n\u00e3o possuem itens b\u00e1sicos como mesa, cama ou geladeira. A decis\u00e3o de entregar os im\u00f3veis mobiliados busca reduzir o impacto financeiro inicial e garantir condi\u00e7\u00f5es imediatas de habitabilidade.<\/p>\n\n\n\n<p>A presidente do Fundo Manaus Solid\u00e1ria, Viviane Lira, tamb\u00e9m acompanhou a entrega. Ela destacou a participa\u00e7\u00e3o do fundo na articula\u00e7\u00e3o que possibilitou a aquisi\u00e7\u00e3o dos itens que ir\u00e3o equipar os apartamentos destinados \u00e0s fam\u00edlias beneficiadas pelo programa habitacional. \u201cQuantas e quantas pessoas anseiam por esse momento, de ter o seu lugar, de ter onde morar? N\u00f3s sabemos que tem fam\u00edlias que n\u00e3o t\u00eam condi\u00e7\u00f5es de ter sua cama, seu fog\u00e3o, sua geladeira. O Fundo Manaus Solid\u00e1ria, juntamente com a prefeitura, traz todo esse apoio e essa semi-mob\u00edlia, porque \u00e9 o que a popula\u00e7\u00e3o precisa\u201d, comentou.<\/p>\n\n\n\n<p>As obras f\u00edsicas do residencial j\u00e1 foram conclu\u00eddas e a empresa respons\u00e1vel iniciou a instala\u00e7\u00e3o da mob\u00edlia. A sele\u00e7\u00e3o dos benefici\u00e1rios est\u00e1 sob an\u00e1lise da Caixa Econ\u00f4mica Federal, respons\u00e1vel pela valida\u00e7\u00e3o das condicionalidades do programa, como enquadramento de renda e verifica\u00e7\u00e3o cadastral. A Prefeitura define as diretrizes sociais e encaminha os perfis \u00e0 institui\u00e7\u00e3o financeira, que realiza a an\u00e1lise t\u00e9cnica final.<\/p>\n\n\n\n<p>O secret\u00e1rio municipal de Habita\u00e7\u00e3o e Assuntos Fundi\u00e1rios, Jesus Alves, explicou que as diretrizes de sele\u00e7\u00e3o foram constru\u00eddas em conjunto com o Conselho Municipal de Habita\u00e7\u00e3o e que o processo prioriza crit\u00e9rios t\u00e9cnicos e sociais. \u201cA prefeitura estabelece as diretrizes e encaminha os perfis para a Caixa Econ\u00f4mica Federal. A Caixa faz a valida\u00e7\u00e3o da renda, verifica poss\u00edveis pend\u00eancias e devolve a lista final dos aprovados. N\u00f3s tamb\u00e9m demos prioridade \u00e0s fam\u00edlias v\u00edtimas de calamidades, como no Pingo d\u2019\u00c1gua, no bairro do C\u00e9u e em \u00e1reas atingidas por inc\u00eandios, al\u00e9m de m\u00e3es solo e m\u00e3es at\u00edpicas. A lista ser\u00e1 p\u00fablica e divulgada com total transpar\u00eancia\u201d, afirmou.<\/p>\n\n\n\n<p>Al\u00e9m das unidades da Faixa 1, Manaus tamb\u00e9m contar\u00e1 com a modalidade \u201cMinha Casa, Minha Vida Calamidades\u201d, que dever\u00e1 beneficiar mais 1.056 fam\u00edlias afetadas por desastres.<\/p>\n\n\n\n<p>A pol\u00edtica habitacional ganhou estrutura pr\u00f3pria na atual gest\u00e3o com a cria\u00e7\u00e3o da Secretaria Municipal de Habita\u00e7\u00e3o, inexistente at\u00e9 dois anos e meio atr\u00e1s. Paralelamente \u00e0 constru\u00e7\u00e3o de novas moradias, o munic\u00edpio afirma executar o maior programa de regulariza\u00e7\u00e3o fundi\u00e1ria de sua hist\u00f3ria, com mais de 14 mil t\u00edtulos j\u00e1 entregues e meta de alcan\u00e7ar 20 mil at\u00e9 2027.<\/p>\n\n\n\n<p>Com isso, a capital do Amazonas busca consolidar um modelo de pol\u00edtica habitacional que combina constru\u00e7\u00e3o em larga escala, regulariza\u00e7\u00e3o fundi\u00e1ria e assist\u00eancia social integrada, com foco na redu\u00e7\u00e3o do d\u00e9ficit habitacional na maior cidade da regi\u00e3o Norte.<\/p>\n\n\n\n<p>&#8212; &#8212; &#8212;<\/p>\n\n\n\n<p><strong>Texto<\/strong>&nbsp;&#8211; Emanuelle Baires \/ Semcom-Prefeito<\/p>\n\n\n\n<p><strong>Fotos<\/strong>&nbsp;&#8211; Dhyeizo Lemos \/ Semcom-Prefeito<\/p>\n\n\n\n<p><strong>Dispon\u00edveis em<\/strong>&nbsp;<a href=\"https:\/\/flic.kr\/s\/aHBqjCM2wF\" target=\"_blank\" rel=\"noreferrer noopener\">https:\/\/flic.kr\/s\/aHBqjCM2wF<\/a><\/p>\n","protected":false},"excerpt":{"rendered":"","protected":false},"author":56,"featured_media":1550,"comment_status":"closed","ping_status":"closed","sticky":false,"template":"","format":"standard","meta":{"footnotes":""},"categories":[25],"tags":[],"acf":[],"yoast_head":"<!-- This site is optimized with the Yoast SEO plugin v23.0 - https:\/\/yoast.com\/wordpress\/plugins\/seo\/ -->\n<title>David Almeida apresenta modelo de entrega habitacional com mob\u00edlias e consolida maior programa da hist\u00f3ria da capital amazonense - SEMHAF<\/title>\n<meta name=\"robots\" content=\"noindex, follow\" \/>\n<meta property=\"og:locale\" content=\"pt_BR\" \/>\n<meta property=\"og:type\" content=\"article\" \/>\n<meta property=\"og:title\" content=\"David Almeida apresenta modelo de entrega habitacional com mob\u00edlias e consolida maior programa da hist\u00f3ria da capital amazonense - SEMHAF\" \/>\n<meta property=\"og:url\" content=\"https:\/\/www.manaus.am.gov.br\/semhaf\/david-almeida-apresenta-modelo-de-entrega-habitacional-com-mobilias-e-consolida-maior-programa-da-historia-da-capital-amazonense\/\" \/>\n<meta property=\"og:site_name\" content=\"SEMHAF\" \/>\n<meta property=\"article:published_time\" content=\"2026-03-04T01:14:00+00:00\" \/>\n<meta property=\"article:modified_time\" content=\"2026-03-19T15:58:12+00:00\" \/>\n<meta property=\"og:image\" content=\"https:\/\/www.manaus.am.gov.br\/semhaf\/wp-content\/uploads\/sites\/28\/2026\/03\/55127826249_4d24350436_o-1024x683.jpg\" \/>\n\t<meta property=\"og:image:width\" content=\"1024\" \/>\n\t<meta property=\"og:image:height\" content=\"683\" \/>\n\t<meta property=\"og:image:type\" content=\"image\/jpeg\" \/>\n<meta name=\"author\" content=\"leofierro\" \/>\n<meta name=\"twitter:card\" content=\"summary_large_image\" \/>\n<meta name=\"twitter:label1\" content=\"Written by\" \/>\n\t<meta name=\"twitter:data1\" content=\"leofierro\" \/>\n\t<meta name=\"twitter:label2\" content=\"Est. reading time\" \/>\n\t<meta name=\"twitter:data2\" content=\"5 minutos\" \/>\n<script type=\"application\/ld+json\" class=\"yoast-schema-graph\">{\"@context\":\"https:\/\/schema.org\",\"@graph\":[{\"@type\":\"Article\",\"@id\":\"https:\/\/www.manaus.am.gov.br\/semhaf\/david-almeida-apresenta-modelo-de-entrega-habitacional-com-mobilias-e-consolida-maior-programa-da-historia-da-capital-amazonense\/#article\",\"isPartOf\":{\"@id\":\"https:\/\/www.manaus.am.gov.br\/semhaf\/david-almeida-apresenta-modelo-de-entrega-habitacional-com-mobilias-e-consolida-maior-programa-da-historia-da-capital-amazonense\/\"},\"author\":{\"name\":\"leofierro\",\"@id\":\"https:\/\/www.manaus.am.gov.br\/semhaf\/#\/schema\/person\/68c6a77f3dcf3f40a0d6e6ad5076718c\"},\"headline\":\"David Almeida apresenta modelo de entrega habitacional com mob\u00edlias e consolida maior programa da hist\u00f3ria da capital amazonense\",\"datePublished\":\"2026-03-04T01:14:00+00:00\",\"dateModified\":\"2026-03-19T15:58:12+00:00\",\"mainEntityOfPage\":{\"@id\":\"https:\/\/www.manaus.am.gov.br\/semhaf\/david-almeida-apresenta-modelo-de-entrega-habitacional-com-mobilias-e-consolida-maior-programa-da-historia-da-capital-amazonense\/\"},\"wordCount\":854,\"publisher\":{\"@id\":\"https:\/\/www.manaus.am.gov.br\/semhaf\/#organization\"},\"image\":{\"@id\":\"https:\/\/www.manaus.am.gov.br\/semhaf\/david-almeida-apresenta-modelo-de-entrega-habitacional-com-mobilias-e-consolida-maior-programa-da-historia-da-capital-amazonense\/#primaryimage\"},\"thumbnailUrl\":\"https:\/\/www.manaus.am.gov.br\/semhaf\/wp-content\/uploads\/sites\/28\/2026\/03\/55127826249_4d24350436_o.jpg\",\"articleSection\":[\"Habita\u00e7\u00e3o\"],\"inLanguage\":\"pt-BR\"},{\"@type\":\"WebPage\",\"@id\":\"https:\/\/www.manaus.am.gov.br\/semhaf\/david-almeida-apresenta-modelo-de-entrega-habitacional-com-mobilias-e-consolida-maior-programa-da-historia-da-capital-amazonense\/\",\"url\":\"https:\/\/www.manaus.am.gov.br\/semhaf\/david-almeida-apresenta-modelo-de-entrega-habitacional-com-mobilias-e-consolida-maior-programa-da-historia-da-capital-amazonense\/\",\"name\":\"David Almeida apresenta modelo de entrega habitacional com mob\u00edlias e consolida maior programa da hist\u00f3ria da capital amazonense - SEMHAF\",\"isPartOf\":{\"@id\":\"https:\/\/www.manaus.am.gov.br\/semhaf\/#website\"},\"primaryImageOfPage\":{\"@id\":\"https:\/\/www.manaus.am.gov.br\/semhaf\/david-almeida-apresenta-modelo-de-entrega-habitacional-com-mobilias-e-consolida-maior-programa-da-historia-da-capital-amazonense\/#primaryimage\"},\"image\":{\"@id\":\"https:\/\/www.manaus.am.gov.br\/semhaf\/david-almeida-apresenta-modelo-de-entrega-habitacional-com-mobilias-e-consolida-maior-programa-da-historia-da-capital-amazonense\/#primaryimage\"},\"thumbnailUrl\":\"https:\/\/www.manaus.am.gov.br\/semhaf\/wp-content\/uploads\/sites\/28\/2026\/03\/55127826249_4d24350436_o.jpg\",\"datePublished\":\"2026-03-04T01:14:00+00:00\",\"dateModified\":\"2026-03-19T15:58:12+00:00\",\"breadcrumb\":{\"@id\":\"https:\/\/www.manaus.am.gov.br\/semhaf\/david-almeida-apresenta-modelo-de-entrega-habitacional-com-mobilias-e-consolida-maior-programa-da-historia-da-capital-amazonense\/#breadcrumb\"},\"inLanguage\":\"pt-BR\",\"potentialAction\":[{\"@type\":\"ReadAction\",\"target\":[\"https:\/\/www.manaus.am.gov.br\/semhaf\/david-almeida-apresenta-modelo-de-entrega-habitacional-com-mobilias-e-consolida-maior-programa-da-historia-da-capital-amazonense\/\"]}]},{\"@type\":\"ImageObject\",\"inLanguage\":\"pt-BR\",\"@id\":\"https:\/\/www.manaus.am.gov.br\/semhaf\/david-almeida-apresenta-modelo-de-entrega-habitacional-com-mobilias-e-consolida-maior-programa-da-historia-da-capital-amazonense\/#primaryimage\",\"url\":\"https:\/\/www.manaus.am.gov.br\/semhaf\/wp-content\/uploads\/sites\/28\/2026\/03\/55127826249_4d24350436_o.jpg\",\"contentUrl\":\"https:\/\/www.manaus.am.gov.br\/semhaf\/wp-content\/uploads\/sites\/28\/2026\/03\/55127826249_4d24350436_o.jpg\",\"width\":5500,\"height\":3667},{\"@type\":\"BreadcrumbList\",\"@id\":\"https:\/\/www.manaus.am.gov.br\/semhaf\/david-almeida-apresenta-modelo-de-entrega-habitacional-com-mobilias-e-consolida-maior-programa-da-historia-da-capital-amazonense\/#breadcrumb\",\"itemListElement\":[{\"@type\":\"ListItem\",\"position\":1,\"name\":\"Home\",\"item\":\"https:\/\/www.manaus.am.gov.br\/semhaf\/\"},{\"@type\":\"ListItem\",\"position\":2,\"name\":\"David Almeida apresenta modelo de entrega habitacional com mob\u00edlias e consolida maior programa da hist\u00f3ria da capital amazonense\"}]},{\"@type\":\"WebSite\",\"@id\":\"https:\/\/www.manaus.am.gov.br\/semhaf\/#website\",\"url\":\"https:\/\/www.manaus.am.gov.br\/semhaf\/\",\"name\":\"SENHAF\",\"description\":\"SENHAF\",\"publisher\":{\"@id\":\"https:\/\/www.manaus.am.gov.br\/semhaf\/#organization\"},\"alternateName\":\"Secretaria Municipal de Habita\u00e7\u00e3o e Assuntos Fundi\u00e1rios\",\"potentialAction\":[{\"@type\":\"SearchAction\",\"target\":{\"@type\":\"EntryPoint\",\"urlTemplate\":\"https:\/\/www.manaus.am.gov.br\/semhaf\/?s={search_term_string}\"},\"query-input\":\"required name=search_term_string\"}],\"inLanguage\":\"pt-BR\"},{\"@type\":\"Organization\",\"@id\":\"https:\/\/www.manaus.am.gov.br\/semhaf\/#organization\",\"name\":\"Prefeitura de Manaus\",\"alternateName\":\"Prefeitura Municipal de Manaus\",\"url\":\"https:\/\/www.manaus.am.gov.br\/semhaf\/\",\"logo\":{\"@type\":\"ImageObject\",\"inLanguage\":\"pt-BR\",\"@id\":\"https:\/\/www.manaus.am.gov.br\/semhaf\/#\/schema\/logo\/image\/\",\"url\":\"https:\/\/www.manaus.am.gov.br\/semhaf\/wp-content\/uploads\/sites\/28\/2023\/11\/cropped-favicon.png\",\"contentUrl\":\"https:\/\/www.manaus.am.gov.br\/semhaf\/wp-content\/uploads\/sites\/28\/2023\/11\/cropped-favicon.png\",\"width\":512,\"height\":512,\"caption\":\"Prefeitura de Manaus\"},\"image\":{\"@id\":\"https:\/\/www.manaus.am.gov.br\/semhaf\/#\/schema\/logo\/image\/\"}},{\"@type\":\"Person\",\"@id\":\"https:\/\/www.manaus.am.gov.br\/semhaf\/#\/schema\/person\/68c6a77f3dcf3f40a0d6e6ad5076718c\",\"name\":\"leofierro\",\"image\":{\"@type\":\"ImageObject\",\"inLanguage\":\"pt-BR\",\"@id\":\"https:\/\/www.manaus.am.gov.br\/semhaf\/#\/schema\/person\/image\/\",\"url\":\"https:\/\/secure.gravatar.com\/avatar\/30d8783eede7767036ae574037a3f2de?s=96&d=mm&r=g\",\"contentUrl\":\"https:\/\/secure.gravatar.com\/avatar\/30d8783eede7767036ae574037a3f2de?s=96&d=mm&r=g\",\"caption\":\"leofierro\"}}]}<\/script>\n<!-- \/ Yoast SEO plugin. -->","yoast_head_json":{"title":"David Almeida apresenta modelo de entrega habitacional com mob\u00edlias e consolida maior programa da hist\u00f3ria da capital amazonense - SEMHAF","robots":{"index":"noindex","follow":"follow"},"og_locale":"pt_BR","og_type":"article","og_title":"David Almeida apresenta modelo de entrega habitacional com mob\u00edlias e consolida maior programa da hist\u00f3ria da capital amazonense - SEMHAF","og_url":"https:\/\/www.manaus.am.gov.br\/semhaf\/david-almeida-apresenta-modelo-de-entrega-habitacional-com-mobilias-e-consolida-maior-programa-da-historia-da-capital-amazonense\/","og_site_name":"SEMHAF","article_published_time":"2026-03-04T01:14:00+00:00","article_modified_time":"2026-03-19T15:58:12+00:00","og_image":[{"width":1024,"height":683,"url":"https:\/\/www.manaus.am.gov.br\/semhaf\/wp-content\/uploads\/sites\/28\/2026\/03\/55127826249_4d24350436_o-1024x683.jpg","type":"image\/jpeg"}],"author":"leofierro","twitter_card":"summary_large_image","twitter_misc":{"Written by":"leofierro","Est. reading time":"5 minutos"},"schema":{"@context":"https:\/\/schema.org","@graph":[{"@type":"Article","@id":"https:\/\/www.manaus.am.gov.br\/semhaf\/david-almeida-apresenta-modelo-de-entrega-habitacional-com-mobilias-e-consolida-maior-programa-da-historia-da-capital-amazonense\/#article","isPartOf":{"@id":"https:\/\/www.manaus.am.gov.br\/semhaf\/david-almeida-apresenta-modelo-de-entrega-habitacional-com-mobilias-e-consolida-maior-programa-da-historia-da-capital-amazonense\/"},"author":{"name":"leofierro","@id":"https:\/\/www.manaus.am.gov.br\/semhaf\/#\/schema\/person\/68c6a77f3dcf3f40a0d6e6ad5076718c"},"headline":"David Almeida apresenta modelo de entrega habitacional com mob\u00edlias e consolida maior programa da hist\u00f3ria da capital amazonense","datePublished":"2026-03-04T01:14:00+00:00","dateModified":"2026-03-19T15:58:12+00:00","mainEntityOfPage":{"@id":"https:\/\/www.manaus.am.gov.br\/semhaf\/david-almeida-apresenta-modelo-de-entrega-habitacional-com-mobilias-e-consolida-maior-programa-da-historia-da-capital-amazonense\/"},"wordCount":854,"publisher":{"@id":"https:\/\/www.manaus.am.gov.br\/semhaf\/#organization"},"image":{"@id":"https:\/\/www.manaus.am.gov.br\/semhaf\/david-almeida-apresenta-modelo-de-entrega-habitacional-com-mobilias-e-consolida-maior-programa-da-historia-da-capital-amazonense\/#primaryimage"},"thumbnailUrl":"https:\/\/www.manaus.am.gov.br\/semhaf\/wp-content\/uploads\/sites\/28\/2026\/03\/55127826249_4d24350436_o.jpg","articleSection":["Habita\u00e7\u00e3o"],"inLanguage":"pt-BR"},{"@type":"WebPage","@id":"https:\/\/www.manaus.am.gov.br\/semhaf\/david-almeida-apresenta-modelo-de-entrega-habitacional-com-mobilias-e-consolida-maior-programa-da-historia-da-capital-amazonense\/","url":"https:\/\/www.manaus.am.gov.br\/semhaf\/david-almeida-apresenta-modelo-de-entrega-habitacional-com-mobilias-e-consolida-maior-programa-da-historia-da-capital-amazonense\/","name":"David Almeida apresenta modelo de entrega habitacional com mob\u00edlias e consolida maior programa da hist\u00f3ria da capital amazonense - SEMHAF","isPartOf":{"@id":"https:\/\/www.manaus.am.gov.br\/semhaf\/#website"},"primaryImageOfPage":{"@id":"https:\/\/www.manaus.am.gov.br\/semhaf\/david-almeida-apresenta-modelo-de-entrega-habitacional-com-mobilias-e-consolida-maior-programa-da-historia-da-capital-amazonense\/#primaryimage"},"image":{"@id":"https:\/\/www.manaus.am.gov.br\/semhaf\/david-almeida-apresenta-modelo-de-entrega-habitacional-com-mobilias-e-consolida-maior-programa-da-historia-da-capital-amazonense\/#primaryimage"},"thumbnailUrl":"https:\/\/www.manaus.am.gov.br\/semhaf\/wp-content\/uploads\/sites\/28\/2026\/03\/55127826249_4d24350436_o.jpg","datePublished":"2026-03-04T01:14:00+00:00","dateModified":"2026-03-19T15:58:12+00:00","breadcrumb":{"@id":"https:\/\/www.manaus.am.gov.br\/semhaf\/david-almeida-apresenta-modelo-de-entrega-habitacional-com-mobilias-e-consolida-maior-programa-da-historia-da-capital-amazonense\/#breadcrumb"},"inLanguage":"pt-BR","potentialAction":[{"@type":"ReadAction","target":["https:\/\/www.manaus.am.gov.br\/semhaf\/david-almeida-apresenta-modelo-de-entrega-habitacional-com-mobilias-e-consolida-maior-programa-da-historia-da-capital-amazonense\/"]}]},{"@type":"ImageObject","inLanguage":"pt-BR","@id":"https:\/\/www.manaus.am.gov.br\/semhaf\/david-almeida-apresenta-modelo-de-entrega-habitacional-com-mobilias-e-consolida-maior-programa-da-historia-da-capital-amazonense\/#primaryimage","url":"https:\/\/www.manaus.am.gov.br\/semhaf\/wp-content\/uploads\/sites\/28\/2026\/03\/55127826249_4d24350436_o.jpg","contentUrl":"https:\/\/www.manaus.am.gov.br\/semhaf\/wp-content\/uploads\/sites\/28\/2026\/03\/55127826249_4d24350436_o.jpg","width":5500,"height":3667},{"@type":"BreadcrumbList","@id":"https:\/\/www.manaus.am.gov.br\/semhaf\/david-almeida-apresenta-modelo-de-entrega-habitacional-com-mobilias-e-consolida-maior-programa-da-historia-da-capital-amazonense\/#breadcrumb","itemListElement":[{"@type":"ListItem","position":1,"name":"Home","item":"https:\/\/www.manaus.am.gov.br\/semhaf\/"},{"@type":"ListItem","position":2,"name":"David Almeida apresenta modelo de entrega habitacional com mob\u00edlias e consolida maior programa da hist\u00f3ria da capital amazonense"}]},{"@type":"WebSite","@id":"https:\/\/www.manaus.am.gov.br\/semhaf\/#website","url":"https:\/\/www.manaus.am.gov.br\/semhaf\/","name":"SENHAF","description":"SENHAF","publisher":{"@id":"https:\/\/www.manaus.am.gov.br\/semhaf\/#organization"},"alternateName":"Secretaria Municipal de Habita\u00e7\u00e3o e Assuntos Fundi\u00e1rios","potentialAction":[{"@type":"SearchAction","target":{"@type":"EntryPoint","urlTemplate":"https:\/\/www.manaus.am.gov.br\/semhaf\/?s={search_term_string}"},"query-input":"required name=search_term_string"}],"inLanguage":"pt-BR"},{"@type":"Organization","@id":"https:\/\/www.manaus.am.gov.br\/semhaf\/#organization","name":"Prefeitura de Manaus","alternateName":"Prefeitura Municipal de Manaus","url":"https:\/\/www.manaus.am.gov.br\/semhaf\/","logo":{"@type":"ImageObject","inLanguage":"pt-BR","@id":"https:\/\/www.manaus.am.gov.br\/semhaf\/#\/schema\/logo\/image\/","url":"https:\/\/www.manaus.am.gov.br\/semhaf\/wp-content\/uploads\/sites\/28\/2023\/11\/cropped-favicon.png","contentUrl":"https:\/\/www.manaus.am.gov.br\/semhaf\/wp-content\/uploads\/sites\/28\/2023\/11\/cropped-favicon.png","width":512,"height":512,"caption":"Prefeitura de Manaus"},"image":{"@id":"https:\/\/www.manaus.am.gov.br\/semhaf\/#\/schema\/logo\/image\/"}},{"@type":"Person","@id":"https:\/\/www.manaus.am.gov.br\/semhaf\/#\/schema\/person\/68c6a77f3dcf3f40a0d6e6ad5076718c","name":"leofierro","image":{"@type":"ImageObject","inLanguage":"pt-BR","@id":"https:\/\/www.manaus.am.gov.br\/semhaf\/#\/schema\/person\/image\/","url":"https:\/\/secure.gravatar.com\/avatar\/30d8783eede7767036ae574037a3f2de?s=96&d=mm&r=g","contentUrl":"https:\/\/secure.gravatar.com\/avatar\/30d8783eede7767036ae574037a3f2de?s=96&d=mm&r=g","caption":"leofierro"}}]}},"_links":{"self":[{"href":"https:\/\/www.manaus.am.gov.br\/semhaf\/wp-json\/wp\/v2\/posts\/1549"}],"collection":[{"href":"https:\/\/www.manaus.am.gov.br\/semhaf\/wp-json\/wp\/v2\/posts"}],"about":[{"href":"https:\/\/www.manaus.am.gov.br\/semhaf\/wp-json\/wp\/v2\/types\/post"}],"author":[{"embeddable":true,"href":"https:\/\/www.manaus.am.gov.br\/semhaf\/wp-json\/wp\/v2\/users\/56"}],"replies":[{"embeddable":true,"href":"https:\/\/www.manaus.am.gov.br\/semhaf\/wp-json\/wp\/v2\/comments?post=1549"}],"version-history":[{"count":1,"href":"https:\/\/www.manaus.am.gov.br\/semhaf\/wp-json\/wp\/v2\/posts\/1549\/revisions"}],"predecessor-version":[{"id":1551,"href":"https:\/\/www.manaus.am.gov.br\/semhaf\/wp-json\/wp\/v2\/posts\/1549\/revisions\/1551"}],"wp:featuredmedia":[{"embeddable":true,"href":"https:\/\/www.manaus.am.gov.br\/semhaf\/wp-json\/wp\/v2\/media\/1550"}],"wp:attachment":[{"href":"https:\/\/www.manaus.am.gov.br\/semhaf\/wp-json\/wp\/v2\/media?parent=1549"}],"wp:term":[{"taxonomy":"category","embeddable":true,"href":"https:\/\/www.manaus.am.gov.br\/semhaf\/wp-json\/wp\/v2\/categories?post=1549"},{"taxonomy":"post_tag","embeddable":true,"href":"https:\/\/www.manaus.am.gov.br\/semhaf\/wp-json\/wp\/v2\/tags?post=1549"}],"curies":[{"name":"wp","href":"https:\/\/api.w.org\/{rel}","templated":true}]}}