{"id":1452,"date":"2025-11-10T11:15:00","date_gmt":"2025-11-10T15:15:00","guid":{"rendered":"https:\/\/www.manaus.am.gov.br\/semhaf\/?p=1452"},"modified":"2025-12-12T11:17:20","modified_gmt":"2025-12-12T15:17:20","slug":"prefeitura-de-manaus-e-reconhecida-pelo-tj-am-por-avancos-na-regularizacao-fundiaria","status":"publish","type":"post","link":"https:\/\/www.manaus.am.gov.br\/semhaf\/prefeitura-de-manaus-e-reconhecida-pelo-tj-am-por-avancos-na-regularizacao-fundiaria\/","title":{"rendered":"Prefeitura de Manaus \u00e9 reconhecida pelo TJ-AM por avan\u00e7os na regulariza\u00e7\u00e3o fundi\u00e1ria"},"content":{"rendered":"\n<blockquote class=\"wp-block-quote\">\n<p><\/p>\n<cite><span style=\", sans-serif;font-size: 14px;font-style: normal;letter-spacing: -0.1134px\">#paratodosverem \u2013 Titular da Semhaf, Jesus Alves, recebendo premia\u00e7\u00e3o das m\u00e3os do corregedor-geral de Justi\u00e7a, desembargador Hamilton Saraiva, durante a solenidade de entrega do \u201cPr\u00eamio Solo Seguro TJ-AM 2025\u201d e do \u201cPr\u00eamio de Qualidade dos Cart\u00f3rios Extrajudiciais do Amazonas\u201d<\/span><\/cite><\/blockquote>\n\n\n\n<p>A Prefeitura de Manaus foi homenageada nesta segunda-feira, 10\/11, durante a solenidade de entrega do \u201cPr\u00eamio Solo Seguro TJ-AM 2025\u201d e do \u201cPr\u00eamio de Qualidade dos Cart\u00f3rios Extrajudiciais do Amazonas\u201d, promovida pela Corregedoria-Geral de Justi\u00e7a do Amazonas (CGJ-AM). A cerim\u00f4nia ocorreu no sal\u00e3o Solim\u00f5es, no centro cultural Pal\u00e1cio Rio Negro, e reuniu autoridades estaduais, municipais e representantes do poder judici\u00e1rio.<\/p>\n\n\n\n<p>A homenagem reconhece o destaque da capital amazonense em a\u00e7\u00f5es de regulariza\u00e7\u00e3o fundi\u00e1ria e habita\u00e7\u00e3o popular, executadas por meio da Secretaria Municipal de Habita\u00e7\u00e3o e Assuntos Fundi\u00e1rios (Semhaf). O secret\u00e1rio de Habita\u00e7\u00e3o, Jesus Alves, representou o prefeito David Almeida na cerim\u00f4nia e destacou os resultados alcan\u00e7ados pela pasta em pouco mais de dois anos de cria\u00e7\u00e3o.<\/p>\n\n\n\n<p>\u201cManaus foi uma das capitais do pa\u00eds que mais cresceu em popula\u00e7\u00e3o nos \u00faltimos anos. Esse avan\u00e7o trouxe tamb\u00e9m desafios sociais, como o d\u00e9ficit habitacional e as ocupa\u00e7\u00f5es em \u00e1reas de risco. Com o programa \u2018Manaus Legal\u2019 e o \u2018Manaus Minha Terra\u2019, estamos transformando a realidade de milhares de fam\u00edlias, garantindo seguran\u00e7a jur\u00eddica, dignidade e cidadania\u201d, ressaltou o secret\u00e1rio.<\/p>\n\n\n\n<p>Criada em 2023, a Semhaf j\u00e1 expediu mais de 12 mil registros definitivos de im\u00f3veis na capital amazonense. Al\u00e9m das titula\u00e7\u00f5es, o \u00f3rg\u00e3o vem implementando novas frentes de urbaniza\u00e7\u00e3o e ordenamento territorial, com a previs\u00e3o de entrega de 3.600 lotes urbanizados no in\u00edcio de 2026.<\/p>\n\n\n\n<p>O corregedor-geral de Justi\u00e7a, desembargador Hamilton Saraiva, enfatizou que o pr\u00eamio representa a consagra\u00e7\u00e3o de um compromisso republicano com a efici\u00eancia, a legalidade, a transpar\u00eancia e a dignidade fundi\u00e1ria no Amazonas.<\/p>\n\n\n\n<p>\u201cCada cart\u00f3rio fortalecido, cada registro emitido e cada pol\u00edtica p\u00fablica implementada significam passos concretos rumo ao desenvolvimento econ\u00f4mico, ao ordenamento territorial sustent\u00e1vel e \u00e0 cidadania plena\u201d, afirmou o magistrado.<\/p>\n\n\n\n<p>Para o juiz-corregedor auxiliar Igor Campagnolli, coordenador do programa Solo Seguro no Amazonas, a iniciativa tem um car\u00e1ter transformador que incentiva a cria\u00e7\u00e3o de novas pol\u00edticas. \u201cEste pr\u00eamio reconhece o trabalho de quem promove o direito \u00e0 moradia e o desenvolvimento sustent\u00e1vel na Amaz\u00f4nia. \u00c9 um est\u00edmulo para que novas a\u00e7\u00f5es transformadoras continuem sendo realizadas em todo o estado\u201d, comentou.<\/p>\n\n\n\n<p><strong>Avan\u00e7o coletivo<\/strong><\/p>\n\n\n\n<p>O \u201cPr\u00eamio Solo Seguro TJ-AM 2025\u201d reconhece boas pr\u00e1ticas e iniciativas inovadoras de regulariza\u00e7\u00e3o fundi\u00e1ria em \u00e1reas urbanas e rurais, enquanto o \u201cPr\u00eamio de Qualidade dos Cart\u00f3rios Extrajudiciais do Amazonas\u201d premia serventias com os melhores \u00edndices de produtividade e excel\u00eancia nos servi\u00e7os prestados ao cidad\u00e3o.<\/p>\n\n\n\n<p>Com a premia\u00e7\u00e3o, Manaus se consolida como refer\u00eancia nacional em pol\u00edticas p\u00fablicas de habita\u00e7\u00e3o e ordenamento territorial, reafirmando o compromisso da gest\u00e3o municipal em oferecer um futuro com moradia digna, seguran\u00e7a jur\u00eddica e justi\u00e7a social para milhares de fam\u00edlias manauaras.<\/p>\n\n\n\n<figure class=\"wp-block-image size-full\"><img loading=\"lazy\" decoding=\"async\" width=\"1024\" height=\"683\" src=\"https:\/\/www.manaus.am.gov.br\/semhaf\/wp-content\/uploads\/sites\/28\/2025\/11\/54914750498_aac81d9a75_k-1024x683-1.jpg\" alt=\"\" class=\"wp-image-1454\" srcset=\"https:\/\/www.manaus.am.gov.br\/semhaf\/wp-content\/uploads\/sites\/28\/2025\/11\/54914750498_aac81d9a75_k-1024x683-1.jpg 1024w, https:\/\/www.manaus.am.gov.br\/semhaf\/wp-content\/uploads\/sites\/28\/2025\/11\/54914750498_aac81d9a75_k-1024x683-1-300x200.jpg 300w, https:\/\/www.manaus.am.gov.br\/semhaf\/wp-content\/uploads\/sites\/28\/2025\/11\/54914750498_aac81d9a75_k-1024x683-1-768x512.jpg 768w\" sizes=\"(max-width: 1024px) 100vw, 1024px\" \/><\/figure>\n\n\n\n<p>\u2014 \u2014 \u2014<\/p>\n\n\n\n<p><strong>Texto \u2013&nbsp;<\/strong>Leonardo Fierro\/Semhaf<\/p>\n\n\n\n<p><strong>Fotos \u2013<\/strong>&nbsp;Jo\u00e3o Viana\/Semcom<\/p>\n\n\n\n<p><strong>Dispon\u00edveis em \u2013&nbsp;<\/strong><a href=\"https:\/\/flic.kr\/s\/aHBqjCAjDu\">https:\/\/flic.kr\/s\/aHBqjCAjDu<\/a><\/p>\n","protected":false},"excerpt":{"rendered":"","protected":false},"author":56,"featured_media":1453,"comment_status":"closed","ping_status":"closed","sticky":false,"template":"","format":"standard","meta":{"footnotes":""},"categories":[336],"tags":[],"acf":[],"yoast_head":"<!-- This site is optimized with the Yoast SEO plugin v23.0 - https:\/\/yoast.com\/wordpress\/plugins\/seo\/ -->\n<title>Prefeitura de Manaus \u00e9 reconhecida pelo TJ-AM por avan\u00e7os na regulariza\u00e7\u00e3o fundi\u00e1ria - SEMHAF<\/title>\n<meta name=\"robots\" content=\"noindex, follow\" \/>\n<meta property=\"og:locale\" content=\"pt_BR\" \/>\n<meta property=\"og:type\" content=\"article\" \/>\n<meta property=\"og:title\" content=\"Prefeitura de Manaus \u00e9 reconhecida pelo TJ-AM por avan\u00e7os na regulariza\u00e7\u00e3o fundi\u00e1ria - SEMHAF\" \/>\n<meta property=\"og:url\" content=\"https:\/\/www.manaus.am.gov.br\/semhaf\/prefeitura-de-manaus-e-reconhecida-pelo-tj-am-por-avancos-na-regularizacao-fundiaria\/\" \/>\n<meta property=\"og:site_name\" content=\"SEMHAF\" \/>\n<meta property=\"article:published_time\" content=\"2025-11-10T15:15:00+00:00\" \/>\n<meta property=\"article:modified_time\" content=\"2025-12-12T15:17:20+00:00\" \/>\n<meta property=\"og:image\" content=\"https:\/\/www.manaus.am.gov.br\/semhaf\/wp-content\/uploads\/sites\/28\/2025\/11\/54913674207_b7fbfe039e_k-1536x1024-1.jpg\" \/>\n\t<meta property=\"og:image:width\" content=\"1536\" \/>\n\t<meta property=\"og:image:height\" content=\"1024\" \/>\n\t<meta property=\"og:image:type\" content=\"image\/jpeg\" \/>\n<meta name=\"author\" content=\"leofierro\" \/>\n<meta name=\"twitter:card\" content=\"summary_large_image\" \/>\n<meta name=\"twitter:label1\" content=\"Written by\" \/>\n\t<meta name=\"twitter:data1\" content=\"leofierro\" \/>\n\t<meta name=\"twitter:label2\" content=\"Est. reading time\" \/>\n\t<meta name=\"twitter:data2\" content=\"3 minutos\" \/>\n<script type=\"application\/ld+json\" class=\"yoast-schema-graph\">{\"@context\":\"https:\/\/schema.org\",\"@graph\":[{\"@type\":\"Article\",\"@id\":\"https:\/\/www.manaus.am.gov.br\/semhaf\/prefeitura-de-manaus-e-reconhecida-pelo-tj-am-por-avancos-na-regularizacao-fundiaria\/#article\",\"isPartOf\":{\"@id\":\"https:\/\/www.manaus.am.gov.br\/semhaf\/prefeitura-de-manaus-e-reconhecida-pelo-tj-am-por-avancos-na-regularizacao-fundiaria\/\"},\"author\":{\"name\":\"leofierro\",\"@id\":\"https:\/\/www.manaus.am.gov.br\/semhaf\/#\/schema\/person\/68c6a77f3dcf3f40a0d6e6ad5076718c\"},\"headline\":\"Prefeitura de Manaus \u00e9 reconhecida pelo TJ-AM por avan\u00e7os na regulariza\u00e7\u00e3o fundi\u00e1ria\",\"datePublished\":\"2025-11-10T15:15:00+00:00\",\"dateModified\":\"2025-12-12T15:17:20+00:00\",\"mainEntityOfPage\":{\"@id\":\"https:\/\/www.manaus.am.gov.br\/semhaf\/prefeitura-de-manaus-e-reconhecida-pelo-tj-am-por-avancos-na-regularizacao-fundiaria\/\"},\"wordCount\":570,\"publisher\":{\"@id\":\"https:\/\/www.manaus.am.gov.br\/semhaf\/#organization\"},\"image\":{\"@id\":\"https:\/\/www.manaus.am.gov.br\/semhaf\/prefeitura-de-manaus-e-reconhecida-pelo-tj-am-por-avancos-na-regularizacao-fundiaria\/#primaryimage\"},\"thumbnailUrl\":\"https:\/\/www.manaus.am.gov.br\/semhaf\/wp-content\/uploads\/sites\/28\/2025\/11\/54913674207_b7fbfe039e_k-1536x1024-1.jpg\",\"articleSection\":[\"Homenagem\"],\"inLanguage\":\"pt-BR\"},{\"@type\":\"WebPage\",\"@id\":\"https:\/\/www.manaus.am.gov.br\/semhaf\/prefeitura-de-manaus-e-reconhecida-pelo-tj-am-por-avancos-na-regularizacao-fundiaria\/\",\"url\":\"https:\/\/www.manaus.am.gov.br\/semhaf\/prefeitura-de-manaus-e-reconhecida-pelo-tj-am-por-avancos-na-regularizacao-fundiaria\/\",\"name\":\"Prefeitura de Manaus \u00e9 reconhecida pelo TJ-AM por avan\u00e7os na regulariza\u00e7\u00e3o fundi\u00e1ria - SEMHAF\",\"isPartOf\":{\"@id\":\"https:\/\/www.manaus.am.gov.br\/semhaf\/#website\"},\"primaryImageOfPage\":{\"@id\":\"https:\/\/www.manaus.am.gov.br\/semhaf\/prefeitura-de-manaus-e-reconhecida-pelo-tj-am-por-avancos-na-regularizacao-fundiaria\/#primaryimage\"},\"image\":{\"@id\":\"https:\/\/www.manaus.am.gov.br\/semhaf\/prefeitura-de-manaus-e-reconhecida-pelo-tj-am-por-avancos-na-regularizacao-fundiaria\/#primaryimage\"},\"thumbnailUrl\":\"https:\/\/www.manaus.am.gov.br\/semhaf\/wp-content\/uploads\/sites\/28\/2025\/11\/54913674207_b7fbfe039e_k-1536x1024-1.jpg\",\"datePublished\":\"2025-11-10T15:15:00+00:00\",\"dateModified\":\"2025-12-12T15:17:20+00:00\",\"breadcrumb\":{\"@id\":\"https:\/\/www.manaus.am.gov.br\/semhaf\/prefeitura-de-manaus-e-reconhecida-pelo-tj-am-por-avancos-na-regularizacao-fundiaria\/#breadcrumb\"},\"inLanguage\":\"pt-BR\",\"potentialAction\":[{\"@type\":\"ReadAction\",\"target\":[\"https:\/\/www.manaus.am.gov.br\/semhaf\/prefeitura-de-manaus-e-reconhecida-pelo-tj-am-por-avancos-na-regularizacao-fundiaria\/\"]}]},{\"@type\":\"ImageObject\",\"inLanguage\":\"pt-BR\",\"@id\":\"https:\/\/www.manaus.am.gov.br\/semhaf\/prefeitura-de-manaus-e-reconhecida-pelo-tj-am-por-avancos-na-regularizacao-fundiaria\/#primaryimage\",\"url\":\"https:\/\/www.manaus.am.gov.br\/semhaf\/wp-content\/uploads\/sites\/28\/2025\/11\/54913674207_b7fbfe039e_k-1536x1024-1.jpg\",\"contentUrl\":\"https:\/\/www.manaus.am.gov.br\/semhaf\/wp-content\/uploads\/sites\/28\/2025\/11\/54913674207_b7fbfe039e_k-1536x1024-1.jpg\",\"width\":1536,\"height\":1024},{\"@type\":\"BreadcrumbList\",\"@id\":\"https:\/\/www.manaus.am.gov.br\/semhaf\/prefeitura-de-manaus-e-reconhecida-pelo-tj-am-por-avancos-na-regularizacao-fundiaria\/#breadcrumb\",\"itemListElement\":[{\"@type\":\"ListItem\",\"position\":1,\"name\":\"Home\",\"item\":\"https:\/\/www.manaus.am.gov.br\/semhaf\/\"},{\"@type\":\"ListItem\",\"position\":2,\"name\":\"Prefeitura de Manaus \u00e9 reconhecida pelo TJ-AM por avan\u00e7os na regulariza\u00e7\u00e3o fundi\u00e1ria\"}]},{\"@type\":\"WebSite\",\"@id\":\"https:\/\/www.manaus.am.gov.br\/semhaf\/#website\",\"url\":\"https:\/\/www.manaus.am.gov.br\/semhaf\/\",\"name\":\"SENHAF\",\"description\":\"SENHAF\",\"publisher\":{\"@id\":\"https:\/\/www.manaus.am.gov.br\/semhaf\/#organization\"},\"alternateName\":\"Secretaria Municipal de Habita\u00e7\u00e3o e Assuntos Fundi\u00e1rios\",\"potentialAction\":[{\"@type\":\"SearchAction\",\"target\":{\"@type\":\"EntryPoint\",\"urlTemplate\":\"https:\/\/www.manaus.am.gov.br\/semhaf\/?s={search_term_string}\"},\"query-input\":\"required name=search_term_string\"}],\"inLanguage\":\"pt-BR\"},{\"@type\":\"Organization\",\"@id\":\"https:\/\/www.manaus.am.gov.br\/semhaf\/#organization\",\"name\":\"Prefeitura de Manaus\",\"alternateName\":\"Prefeitura Municipal de Manaus\",\"url\":\"https:\/\/www.manaus.am.gov.br\/semhaf\/\",\"logo\":{\"@type\":\"ImageObject\",\"inLanguage\":\"pt-BR\",\"@id\":\"https:\/\/www.manaus.am.gov.br\/semhaf\/#\/schema\/logo\/image\/\",\"url\":\"https:\/\/www.manaus.am.gov.br\/semhaf\/wp-content\/uploads\/sites\/28\/2023\/11\/cropped-favicon.png\",\"contentUrl\":\"https:\/\/www.manaus.am.gov.br\/semhaf\/wp-content\/uploads\/sites\/28\/2023\/11\/cropped-favicon.png\",\"width\":512,\"height\":512,\"caption\":\"Prefeitura de Manaus\"},\"image\":{\"@id\":\"https:\/\/www.manaus.am.gov.br\/semhaf\/#\/schema\/logo\/image\/\"}},{\"@type\":\"Person\",\"@id\":\"https:\/\/www.manaus.am.gov.br\/semhaf\/#\/schema\/person\/68c6a77f3dcf3f40a0d6e6ad5076718c\",\"name\":\"leofierro\",\"image\":{\"@type\":\"ImageObject\",\"inLanguage\":\"pt-BR\",\"@id\":\"https:\/\/www.manaus.am.gov.br\/semhaf\/#\/schema\/person\/image\/\",\"url\":\"https:\/\/secure.gravatar.com\/avatar\/30d8783eede7767036ae574037a3f2de?s=96&d=mm&r=g\",\"contentUrl\":\"https:\/\/secure.gravatar.com\/avatar\/30d8783eede7767036ae574037a3f2de?s=96&d=mm&r=g\",\"caption\":\"leofierro\"}}]}<\/script>\n<!-- \/ Yoast SEO plugin. -->","yoast_head_json":{"title":"Prefeitura de Manaus \u00e9 reconhecida pelo TJ-AM por avan\u00e7os na regulariza\u00e7\u00e3o fundi\u00e1ria - SEMHAF","robots":{"index":"noindex","follow":"follow"},"og_locale":"pt_BR","og_type":"article","og_title":"Prefeitura de Manaus \u00e9 reconhecida pelo TJ-AM por avan\u00e7os na regulariza\u00e7\u00e3o fundi\u00e1ria - SEMHAF","og_url":"https:\/\/www.manaus.am.gov.br\/semhaf\/prefeitura-de-manaus-e-reconhecida-pelo-tj-am-por-avancos-na-regularizacao-fundiaria\/","og_site_name":"SEMHAF","article_published_time":"2025-11-10T15:15:00+00:00","article_modified_time":"2025-12-12T15:17:20+00:00","og_image":[{"width":1536,"height":1024,"url":"https:\/\/www.manaus.am.gov.br\/semhaf\/wp-content\/uploads\/sites\/28\/2025\/11\/54913674207_b7fbfe039e_k-1536x1024-1.jpg","type":"image\/jpeg"}],"author":"leofierro","twitter_card":"summary_large_image","twitter_misc":{"Written by":"leofierro","Est. reading time":"3 minutos"},"schema":{"@context":"https:\/\/schema.org","@graph":[{"@type":"Article","@id":"https:\/\/www.manaus.am.gov.br\/semhaf\/prefeitura-de-manaus-e-reconhecida-pelo-tj-am-por-avancos-na-regularizacao-fundiaria\/#article","isPartOf":{"@id":"https:\/\/www.manaus.am.gov.br\/semhaf\/prefeitura-de-manaus-e-reconhecida-pelo-tj-am-por-avancos-na-regularizacao-fundiaria\/"},"author":{"name":"leofierro","@id":"https:\/\/www.manaus.am.gov.br\/semhaf\/#\/schema\/person\/68c6a77f3dcf3f40a0d6e6ad5076718c"},"headline":"Prefeitura de Manaus \u00e9 reconhecida pelo TJ-AM por avan\u00e7os na regulariza\u00e7\u00e3o fundi\u00e1ria","datePublished":"2025-11-10T15:15:00+00:00","dateModified":"2025-12-12T15:17:20+00:00","mainEntityOfPage":{"@id":"https:\/\/www.manaus.am.gov.br\/semhaf\/prefeitura-de-manaus-e-reconhecida-pelo-tj-am-por-avancos-na-regularizacao-fundiaria\/"},"wordCount":570,"publisher":{"@id":"https:\/\/www.manaus.am.gov.br\/semhaf\/#organization"},"image":{"@id":"https:\/\/www.manaus.am.gov.br\/semhaf\/prefeitura-de-manaus-e-reconhecida-pelo-tj-am-por-avancos-na-regularizacao-fundiaria\/#primaryimage"},"thumbnailUrl":"https:\/\/www.manaus.am.gov.br\/semhaf\/wp-content\/uploads\/sites\/28\/2025\/11\/54913674207_b7fbfe039e_k-1536x1024-1.jpg","articleSection":["Homenagem"],"inLanguage":"pt-BR"},{"@type":"WebPage","@id":"https:\/\/www.manaus.am.gov.br\/semhaf\/prefeitura-de-manaus-e-reconhecida-pelo-tj-am-por-avancos-na-regularizacao-fundiaria\/","url":"https:\/\/www.manaus.am.gov.br\/semhaf\/prefeitura-de-manaus-e-reconhecida-pelo-tj-am-por-avancos-na-regularizacao-fundiaria\/","name":"Prefeitura de Manaus \u00e9 reconhecida pelo TJ-AM por avan\u00e7os na regulariza\u00e7\u00e3o fundi\u00e1ria - SEMHAF","isPartOf":{"@id":"https:\/\/www.manaus.am.gov.br\/semhaf\/#website"},"primaryImageOfPage":{"@id":"https:\/\/www.manaus.am.gov.br\/semhaf\/prefeitura-de-manaus-e-reconhecida-pelo-tj-am-por-avancos-na-regularizacao-fundiaria\/#primaryimage"},"image":{"@id":"https:\/\/www.manaus.am.gov.br\/semhaf\/prefeitura-de-manaus-e-reconhecida-pelo-tj-am-por-avancos-na-regularizacao-fundiaria\/#primaryimage"},"thumbnailUrl":"https:\/\/www.manaus.am.gov.br\/semhaf\/wp-content\/uploads\/sites\/28\/2025\/11\/54913674207_b7fbfe039e_k-1536x1024-1.jpg","datePublished":"2025-11-10T15:15:00+00:00","dateModified":"2025-12-12T15:17:20+00:00","breadcrumb":{"@id":"https:\/\/www.manaus.am.gov.br\/semhaf\/prefeitura-de-manaus-e-reconhecida-pelo-tj-am-por-avancos-na-regularizacao-fundiaria\/#breadcrumb"},"inLanguage":"pt-BR","potentialAction":[{"@type":"ReadAction","target":["https:\/\/www.manaus.am.gov.br\/semhaf\/prefeitura-de-manaus-e-reconhecida-pelo-tj-am-por-avancos-na-regularizacao-fundiaria\/"]}]},{"@type":"ImageObject","inLanguage":"pt-BR","@id":"https:\/\/www.manaus.am.gov.br\/semhaf\/prefeitura-de-manaus-e-reconhecida-pelo-tj-am-por-avancos-na-regularizacao-fundiaria\/#primaryimage","url":"https:\/\/www.manaus.am.gov.br\/semhaf\/wp-content\/uploads\/sites\/28\/2025\/11\/54913674207_b7fbfe039e_k-1536x1024-1.jpg","contentUrl":"https:\/\/www.manaus.am.gov.br\/semhaf\/wp-content\/uploads\/sites\/28\/2025\/11\/54913674207_b7fbfe039e_k-1536x1024-1.jpg","width":1536,"height":1024},{"@type":"BreadcrumbList","@id":"https:\/\/www.manaus.am.gov.br\/semhaf\/prefeitura-de-manaus-e-reconhecida-pelo-tj-am-por-avancos-na-regularizacao-fundiaria\/#breadcrumb","itemListElement":[{"@type":"ListItem","position":1,"name":"Home","item":"https:\/\/www.manaus.am.gov.br\/semhaf\/"},{"@type":"ListItem","position":2,"name":"Prefeitura de Manaus \u00e9 reconhecida pelo TJ-AM por avan\u00e7os na regulariza\u00e7\u00e3o fundi\u00e1ria"}]},{"@type":"WebSite","@id":"https:\/\/www.manaus.am.gov.br\/semhaf\/#website","url":"https:\/\/www.manaus.am.gov.br\/semhaf\/","name":"SENHAF","description":"SENHAF","publisher":{"@id":"https:\/\/www.manaus.am.gov.br\/semhaf\/#organization"},"alternateName":"Secretaria Municipal de Habita\u00e7\u00e3o e Assuntos Fundi\u00e1rios","potentialAction":[{"@type":"SearchAction","target":{"@type":"EntryPoint","urlTemplate":"https:\/\/www.manaus.am.gov.br\/semhaf\/?s={search_term_string}"},"query-input":"required name=search_term_string"}],"inLanguage":"pt-BR"},{"@type":"Organization","@id":"https:\/\/www.manaus.am.gov.br\/semhaf\/#organization","name":"Prefeitura de Manaus","alternateName":"Prefeitura Municipal de Manaus","url":"https:\/\/www.manaus.am.gov.br\/semhaf\/","logo":{"@type":"ImageObject","inLanguage":"pt-BR","@id":"https:\/\/www.manaus.am.gov.br\/semhaf\/#\/schema\/logo\/image\/","url":"https:\/\/www.manaus.am.gov.br\/semhaf\/wp-content\/uploads\/sites\/28\/2023\/11\/cropped-favicon.png","contentUrl":"https:\/\/www.manaus.am.gov.br\/semhaf\/wp-content\/uploads\/sites\/28\/2023\/11\/cropped-favicon.png","width":512,"height":512,"caption":"Prefeitura de Manaus"},"image":{"@id":"https:\/\/www.manaus.am.gov.br\/semhaf\/#\/schema\/logo\/image\/"}},{"@type":"Person","@id":"https:\/\/www.manaus.am.gov.br\/semhaf\/#\/schema\/person\/68c6a77f3dcf3f40a0d6e6ad5076718c","name":"leofierro","image":{"@type":"ImageObject","inLanguage":"pt-BR","@id":"https:\/\/www.manaus.am.gov.br\/semhaf\/#\/schema\/person\/image\/","url":"https:\/\/secure.gravatar.com\/avatar\/30d8783eede7767036ae574037a3f2de?s=96&d=mm&r=g","contentUrl":"https:\/\/secure.gravatar.com\/avatar\/30d8783eede7767036ae574037a3f2de?s=96&d=mm&r=g","caption":"leofierro"}}]}},"_links":{"self":[{"href":"https:\/\/www.manaus.am.gov.br\/semhaf\/wp-json\/wp\/v2\/posts\/1452"}],"collection":[{"href":"https:\/\/www.manaus.am.gov.br\/semhaf\/wp-json\/wp\/v2\/posts"}],"about":[{"href":"https:\/\/www.manaus.am.gov.br\/semhaf\/wp-json\/wp\/v2\/types\/post"}],"author":[{"embeddable":true,"href":"https:\/\/www.manaus.am.gov.br\/semhaf\/wp-json\/wp\/v2\/users\/56"}],"replies":[{"embeddable":true,"href":"https:\/\/www.manaus.am.gov.br\/semhaf\/wp-json\/wp\/v2\/comments?post=1452"}],"version-history":[{"count":3,"href":"https:\/\/www.manaus.am.gov.br\/semhaf\/wp-json\/wp\/v2\/posts\/1452\/revisions"}],"predecessor-version":[{"id":1458,"href":"https:\/\/www.manaus.am.gov.br\/semhaf\/wp-json\/wp\/v2\/posts\/1452\/revisions\/1458"}],"wp:featuredmedia":[{"embeddable":true,"href":"https:\/\/www.manaus.am.gov.br\/semhaf\/wp-json\/wp\/v2\/media\/1453"}],"wp:attachment":[{"href":"https:\/\/www.manaus.am.gov.br\/semhaf\/wp-json\/wp\/v2\/media?parent=1452"}],"wp:term":[{"taxonomy":"category","embeddable":true,"href":"https:\/\/www.manaus.am.gov.br\/semhaf\/wp-json\/wp\/v2\/categories?post=1452"},{"taxonomy":"post_tag","embeddable":true,"href":"https:\/\/www.manaus.am.gov.br\/semhaf\/wp-json\/wp\/v2\/tags?post=1452"}],"curies":[{"name":"wp","href":"https:\/\/api.w.org\/{rel}","templated":true}]}}