{"id":1418,"date":"2025-09-19T16:19:08","date_gmt":"2025-09-19T20:19:08","guid":{"rendered":"https:\/\/www.manaus.am.gov.br\/semhaf\/pingo-dagua-entrega-de-moradias\/"},"modified":"2025-11-12T10:21:18","modified_gmt":"2025-11-12T14:21:18","slug":"pingo-dagua-entrega-de-moradias","status":"publish","type":"post","link":"https:\/\/www.manaus.am.gov.br\/semhaf\/pingo-dagua-entrega-de-moradias\/","title":{"rendered":"Prefeito David Almeida visita comunidade Pingo D\u2019\u00e1gua e anuncia in\u00edcio da entrega das moradias para as fam\u00edlias atingidas por deslizamento de terra"},"content":{"rendered":"\n<p>O prefeito de <a href=\"https:\/\/www.instagram.com\/prefeiturademanaus\/\">Manaus<\/a>, David Almeida, anunciou, nesta sexta-feira, 19\/9, durante visita realizada a comunidade Pingo D\u2019\u00c1gua, no bairro Jorge Teixeira, zona Leste, o in\u00edcio da entrega das primeiras unidades habitacionais do programa \u201cMinha Casa, Minha Vida\u201d para as fam\u00edlias atingidas pela trag\u00e9dia de 2023.<\/p>\n\n\n\n<p>O primeiro residencial, localizado no Parque das Tribos, na zona Oeste, j\u00e1 est\u00e1 com 85% das obras conclu\u00eddas. Segundo David Almeida, a a\u00e7\u00e3o representa a concretiza\u00e7\u00e3o de um sonho coletivo. \u201cNaquele momento nem secretaria de <a href=\"https:\/\/www.manaus.am.gov.br\/semhaf\/\">Habita\u00e7\u00e3o <\/a>n\u00f3s t\u00ednhamos, mas conseguimos viabilizar o projeto em conjunto com o governo federal. Hoje estamos realizando o sonho de fam\u00edlias que tanto precisam do apoio do poder p\u00fablico\u201d, destacou.<\/p>\n\n\n\n<p>O prefeito ressaltou que a pol\u00edtica habitacional desenvolvida pela Secretaria Municipal de Habita\u00e7\u00e3o e Assuntos Fundi\u00e1rios (Semhaf) est\u00e1 em plena expans\u00e3o. Al\u00e9m do empreendimento do Parque das Tribos, a previs\u00e3o \u00e9 de que outro residencial seja entregue no in\u00edcio de novembro deste ano e mais um em fevereiro de 2026. At\u00e9 o fim do pr\u00f3ximo ano, pelo menos tr\u00eas dos 11 condom\u00ednios planejados devem ser conclu\u00eddos, totalizando 4.700 novas moradias. O objetivo \u00e9 reduzir o d\u00e9ficit habitacional e retirar fam\u00edlias de \u00e1reas de risco.<\/p>\n\n\n\n<p>O secret\u00e1rio da Semhaf, Jesus Alves, destacou a import\u00e2ncia desse marco ap\u00f3s o longo processo desde a trag\u00e9dia. \u201cForam praticamente dois anos e meio de muito trabalho, de capta\u00e7\u00e3o de recursos, elabora\u00e7\u00e3o e aprova\u00e7\u00e3o de projetos at\u00e9 a execu\u00e7\u00e3o das obras. Agora \u00e9 um momento de alegria, porque a primeira lista de fam\u00edlias beneficiadas est\u00e1 sendo confirmada. Trata-se de uma verdadeira virada de chave na vida dessas pessoas, que ter\u00e3o um futuro muito mais digno\u201d, afirmou.<\/p>\n\n\n\n<p>Desde mar\u00e7o de 2023, quando um deslizamento de terra deixou casas soterradas na comunidade, a Prefeitura de Manaus vem prestando assist\u00eancia para fam\u00edlias com o pagamento do Aux\u00edlio Aluguel.<\/p>\n\n\n\n<p>&#8212; &#8212; &#8212;<\/p>\n\n\n\n<p><strong>Texto &#8211;<\/strong> Emanuelle Baires \/ Semcom-Prefeito<\/p>\n\n\n\n<p><strong>Fotos &#8211;<\/strong> Jo\u00e3o Viana \/ Semcom-Prefeito<\/p>\n\n\n\n<p><strong>Dispon\u00edveis em \u2013 https:\/\/flic.kr\/s\/aHBqjCuC5W<\/strong><\/p>\n","protected":false},"excerpt":{"rendered":"","protected":false},"author":57,"featured_media":1419,"comment_status":"closed","ping_status":"closed","sticky":false,"template":"","format":"standard","meta":{"footnotes":""},"categories":[25],"tags":[17,13,332,5,6],"acf":[],"yoast_head":"<!-- This site is optimized with the Yoast SEO plugin v23.0 - https:\/\/yoast.com\/wordpress\/plugins\/seo\/ -->\n<title>David visita Pingo D\u2019\u00e1gua e anuncia entrega das moradias<\/title>\n<meta name=\"description\" content=\"David Almeida anunciou o in\u00edcio da entrega das primeiras moradias para as fam\u00edlias atingidas pela trag\u00e9dia de 2023 na Pingo D\u2019\u00c1gua.\" \/>\n<meta name=\"robots\" content=\"noindex, follow\" \/>\n<meta property=\"og:locale\" content=\"pt_BR\" \/>\n<meta property=\"og:type\" content=\"article\" \/>\n<meta property=\"og:title\" content=\"David visita Pingo D\u2019\u00e1gua e anuncia entrega das moradias\" \/>\n<meta property=\"og:description\" content=\"David Almeida anunciou o in\u00edcio da entrega das primeiras moradias para as fam\u00edlias atingidas pela trag\u00e9dia de 2023 na Pingo D\u2019\u00c1gua.\" \/>\n<meta property=\"og:url\" content=\"https:\/\/www.manaus.am.gov.br\/semhaf\/pingo-dagua-entrega-de-moradias\/\" \/>\n<meta property=\"og:site_name\" content=\"SEMHAF\" \/>\n<meta property=\"article:published_time\" content=\"2025-09-19T20:19:08+00:00\" \/>\n<meta property=\"article:modified_time\" content=\"2025-11-12T14:21:18+00:00\" \/>\n<meta property=\"og:image\" content=\"https:\/\/www.manaus.am.gov.br\/semhaf\/wp-content\/uploads\/sites\/28\/2025\/09\/Pingo-DAgua-1.jpeg\" \/>\n\t<meta property=\"og:image:width\" content=\"1280\" \/>\n\t<meta property=\"og:image:height\" content=\"854\" \/>\n\t<meta property=\"og:image:type\" content=\"image\/jpeg\" \/>\n<meta name=\"author\" content=\"Thiago Fernando\" \/>\n<meta name=\"twitter:card\" content=\"summary_large_image\" \/>\n<meta name=\"twitter:label1\" content=\"Written by\" \/>\n\t<meta name=\"twitter:data1\" content=\"Thiago Fernando\" \/>\n\t<meta name=\"twitter:label2\" content=\"Est. reading time\" \/>\n\t<meta name=\"twitter:data2\" content=\"2 minutos\" \/>\n<script type=\"application\/ld+json\" class=\"yoast-schema-graph\">{\"@context\":\"https:\/\/schema.org\",\"@graph\":[{\"@type\":\"Article\",\"@id\":\"https:\/\/www.manaus.am.gov.br\/semhaf\/pingo-dagua-entrega-de-moradias\/#article\",\"isPartOf\":{\"@id\":\"https:\/\/www.manaus.am.gov.br\/semhaf\/pingo-dagua-entrega-de-moradias\/\"},\"author\":{\"name\":\"Thiago Fernando\",\"@id\":\"https:\/\/www.manaus.am.gov.br\/semhaf\/#\/schema\/person\/a5ee5376db6e21af026374b369f30882\"},\"headline\":\"Prefeito David Almeida visita comunidade Pingo D\u2019\u00e1gua e anuncia in\u00edcio da entrega das moradias para as fam\u00edlias atingidas por deslizamento de terra\",\"datePublished\":\"2025-09-19T20:19:08+00:00\",\"dateModified\":\"2025-11-12T14:21:18+00:00\",\"mainEntityOfPage\":{\"@id\":\"https:\/\/www.manaus.am.gov.br\/semhaf\/pingo-dagua-entrega-de-moradias\/\"},\"wordCount\":376,\"publisher\":{\"@id\":\"https:\/\/www.manaus.am.gov.br\/semhaf\/#organization\"},\"image\":{\"@id\":\"https:\/\/www.manaus.am.gov.br\/semhaf\/pingo-dagua-entrega-de-moradias\/#primaryimage\"},\"thumbnailUrl\":\"https:\/\/www.manaus.am.gov.br\/semhaf\/wp-content\/uploads\/sites\/28\/2025\/09\/Pingo-DAgua-1.jpeg\",\"keywords\":[\"David Almeida\",\"habita\u00e7\u00e3o\",\"Pingo D\u2019\u00c1gua\",\"prefeitura de manaus\",\"Semhaf\"],\"articleSection\":[\"Habita\u00e7\u00e3o\"],\"inLanguage\":\"pt-BR\"},{\"@type\":\"WebPage\",\"@id\":\"https:\/\/www.manaus.am.gov.br\/semhaf\/pingo-dagua-entrega-de-moradias\/\",\"url\":\"https:\/\/www.manaus.am.gov.br\/semhaf\/pingo-dagua-entrega-de-moradias\/\",\"name\":\"David visita Pingo D\u2019\u00e1gua e anuncia entrega das moradias\",\"isPartOf\":{\"@id\":\"https:\/\/www.manaus.am.gov.br\/semhaf\/#website\"},\"primaryImageOfPage\":{\"@id\":\"https:\/\/www.manaus.am.gov.br\/semhaf\/pingo-dagua-entrega-de-moradias\/#primaryimage\"},\"image\":{\"@id\":\"https:\/\/www.manaus.am.gov.br\/semhaf\/pingo-dagua-entrega-de-moradias\/#primaryimage\"},\"thumbnailUrl\":\"https:\/\/www.manaus.am.gov.br\/semhaf\/wp-content\/uploads\/sites\/28\/2025\/09\/Pingo-DAgua-1.jpeg\",\"datePublished\":\"2025-09-19T20:19:08+00:00\",\"dateModified\":\"2025-11-12T14:21:18+00:00\",\"description\":\"David Almeida anunciou o in\u00edcio da entrega das primeiras moradias para as fam\u00edlias atingidas pela trag\u00e9dia de 2023 na Pingo D\u2019\u00c1gua.\",\"breadcrumb\":{\"@id\":\"https:\/\/www.manaus.am.gov.br\/semhaf\/pingo-dagua-entrega-de-moradias\/#breadcrumb\"},\"inLanguage\":\"pt-BR\",\"potentialAction\":[{\"@type\":\"ReadAction\",\"target\":[\"https:\/\/www.manaus.am.gov.br\/semhaf\/pingo-dagua-entrega-de-moradias\/\"]}]},{\"@type\":\"ImageObject\",\"inLanguage\":\"pt-BR\",\"@id\":\"https:\/\/www.manaus.am.gov.br\/semhaf\/pingo-dagua-entrega-de-moradias\/#primaryimage\",\"url\":\"https:\/\/www.manaus.am.gov.br\/semhaf\/wp-content\/uploads\/sites\/28\/2025\/09\/Pingo-DAgua-1.jpeg\",\"contentUrl\":\"https:\/\/www.manaus.am.gov.br\/semhaf\/wp-content\/uploads\/sites\/28\/2025\/09\/Pingo-DAgua-1.jpeg\",\"width\":1280,\"height\":854,\"caption\":\"#paratodosverem - Prefeito David Almeida discursando ao lado do secret\u00e1rio Jesus Alves\"},{\"@type\":\"BreadcrumbList\",\"@id\":\"https:\/\/www.manaus.am.gov.br\/semhaf\/pingo-dagua-entrega-de-moradias\/#breadcrumb\",\"itemListElement\":[{\"@type\":\"ListItem\",\"position\":1,\"name\":\"Home\",\"item\":\"https:\/\/www.manaus.am.gov.br\/semhaf\/\"},{\"@type\":\"ListItem\",\"position\":2,\"name\":\"Prefeito David Almeida visita comunidade Pingo D\u2019\u00e1gua e anuncia in\u00edcio da entrega das moradias para as fam\u00edlias atingidas por deslizamento de terra\"}]},{\"@type\":\"WebSite\",\"@id\":\"https:\/\/www.manaus.am.gov.br\/semhaf\/#website\",\"url\":\"https:\/\/www.manaus.am.gov.br\/semhaf\/\",\"name\":\"SENHAF\",\"description\":\"SENHAF\",\"publisher\":{\"@id\":\"https:\/\/www.manaus.am.gov.br\/semhaf\/#organization\"},\"alternateName\":\"Secretaria Municipal de Habita\u00e7\u00e3o e Assuntos Fundi\u00e1rios\",\"potentialAction\":[{\"@type\":\"SearchAction\",\"target\":{\"@type\":\"EntryPoint\",\"urlTemplate\":\"https:\/\/www.manaus.am.gov.br\/semhaf\/?s={search_term_string}\"},\"query-input\":\"required name=search_term_string\"}],\"inLanguage\":\"pt-BR\"},{\"@type\":\"Organization\",\"@id\":\"https:\/\/www.manaus.am.gov.br\/semhaf\/#organization\",\"name\":\"Prefeitura de Manaus\",\"alternateName\":\"Prefeitura Municipal de Manaus\",\"url\":\"https:\/\/www.manaus.am.gov.br\/semhaf\/\",\"logo\":{\"@type\":\"ImageObject\",\"inLanguage\":\"pt-BR\",\"@id\":\"https:\/\/www.manaus.am.gov.br\/semhaf\/#\/schema\/logo\/image\/\",\"url\":\"https:\/\/www.manaus.am.gov.br\/semhaf\/wp-content\/uploads\/sites\/28\/2023\/11\/cropped-favicon.png\",\"contentUrl\":\"https:\/\/www.manaus.am.gov.br\/semhaf\/wp-content\/uploads\/sites\/28\/2023\/11\/cropped-favicon.png\",\"width\":512,\"height\":512,\"caption\":\"Prefeitura de Manaus\"},\"image\":{\"@id\":\"https:\/\/www.manaus.am.gov.br\/semhaf\/#\/schema\/logo\/image\/\"}},{\"@type\":\"Person\",\"@id\":\"https:\/\/www.manaus.am.gov.br\/semhaf\/#\/schema\/person\/a5ee5376db6e21af026374b369f30882\",\"name\":\"Thiago Fernando\",\"image\":{\"@type\":\"ImageObject\",\"inLanguage\":\"pt-BR\",\"@id\":\"https:\/\/www.manaus.am.gov.br\/semhaf\/#\/schema\/person\/image\/\",\"url\":\"https:\/\/secure.gravatar.com\/avatar\/f5aab8722444041451501c077052ac07?s=96&d=mm&r=g\",\"contentUrl\":\"https:\/\/secure.gravatar.com\/avatar\/f5aab8722444041451501c077052ac07?s=96&d=mm&r=g\",\"caption\":\"Thiago Fernando\"}}]}<\/script>\n<!-- \/ Yoast SEO plugin. -->","yoast_head_json":{"title":"David visita Pingo D\u2019\u00e1gua e anuncia entrega das moradias","description":"David Almeida anunciou o in\u00edcio da entrega das primeiras moradias para as fam\u00edlias atingidas pela trag\u00e9dia de 2023 na Pingo D\u2019\u00c1gua.","robots":{"index":"noindex","follow":"follow"},"og_locale":"pt_BR","og_type":"article","og_title":"David visita Pingo D\u2019\u00e1gua e anuncia entrega das moradias","og_description":"David Almeida anunciou o in\u00edcio da entrega das primeiras moradias para as fam\u00edlias atingidas pela trag\u00e9dia de 2023 na Pingo D\u2019\u00c1gua.","og_url":"https:\/\/www.manaus.am.gov.br\/semhaf\/pingo-dagua-entrega-de-moradias\/","og_site_name":"SEMHAF","article_published_time":"2025-09-19T20:19:08+00:00","article_modified_time":"2025-11-12T14:21:18+00:00","og_image":[{"width":1280,"height":854,"url":"https:\/\/www.manaus.am.gov.br\/semhaf\/wp-content\/uploads\/sites\/28\/2025\/09\/Pingo-DAgua-1.jpeg","type":"image\/jpeg"}],"author":"Thiago Fernando","twitter_card":"summary_large_image","twitter_misc":{"Written by":"Thiago Fernando","Est. reading time":"2 minutos"},"schema":{"@context":"https:\/\/schema.org","@graph":[{"@type":"Article","@id":"https:\/\/www.manaus.am.gov.br\/semhaf\/pingo-dagua-entrega-de-moradias\/#article","isPartOf":{"@id":"https:\/\/www.manaus.am.gov.br\/semhaf\/pingo-dagua-entrega-de-moradias\/"},"author":{"name":"Thiago Fernando","@id":"https:\/\/www.manaus.am.gov.br\/semhaf\/#\/schema\/person\/a5ee5376db6e21af026374b369f30882"},"headline":"Prefeito David Almeida visita comunidade Pingo D\u2019\u00e1gua e anuncia in\u00edcio da entrega das moradias para as fam\u00edlias atingidas por deslizamento de terra","datePublished":"2025-09-19T20:19:08+00:00","dateModified":"2025-11-12T14:21:18+00:00","mainEntityOfPage":{"@id":"https:\/\/www.manaus.am.gov.br\/semhaf\/pingo-dagua-entrega-de-moradias\/"},"wordCount":376,"publisher":{"@id":"https:\/\/www.manaus.am.gov.br\/semhaf\/#organization"},"image":{"@id":"https:\/\/www.manaus.am.gov.br\/semhaf\/pingo-dagua-entrega-de-moradias\/#primaryimage"},"thumbnailUrl":"https:\/\/www.manaus.am.gov.br\/semhaf\/wp-content\/uploads\/sites\/28\/2025\/09\/Pingo-DAgua-1.jpeg","keywords":["David Almeida","habita\u00e7\u00e3o","Pingo D\u2019\u00c1gua","prefeitura de manaus","Semhaf"],"articleSection":["Habita\u00e7\u00e3o"],"inLanguage":"pt-BR"},{"@type":"WebPage","@id":"https:\/\/www.manaus.am.gov.br\/semhaf\/pingo-dagua-entrega-de-moradias\/","url":"https:\/\/www.manaus.am.gov.br\/semhaf\/pingo-dagua-entrega-de-moradias\/","name":"David visita Pingo D\u2019\u00e1gua e anuncia entrega das moradias","isPartOf":{"@id":"https:\/\/www.manaus.am.gov.br\/semhaf\/#website"},"primaryImageOfPage":{"@id":"https:\/\/www.manaus.am.gov.br\/semhaf\/pingo-dagua-entrega-de-moradias\/#primaryimage"},"image":{"@id":"https:\/\/www.manaus.am.gov.br\/semhaf\/pingo-dagua-entrega-de-moradias\/#primaryimage"},"thumbnailUrl":"https:\/\/www.manaus.am.gov.br\/semhaf\/wp-content\/uploads\/sites\/28\/2025\/09\/Pingo-DAgua-1.jpeg","datePublished":"2025-09-19T20:19:08+00:00","dateModified":"2025-11-12T14:21:18+00:00","description":"David Almeida anunciou o in\u00edcio da entrega das primeiras moradias para as fam\u00edlias atingidas pela trag\u00e9dia de 2023 na Pingo D\u2019\u00c1gua.","breadcrumb":{"@id":"https:\/\/www.manaus.am.gov.br\/semhaf\/pingo-dagua-entrega-de-moradias\/#breadcrumb"},"inLanguage":"pt-BR","potentialAction":[{"@type":"ReadAction","target":["https:\/\/www.manaus.am.gov.br\/semhaf\/pingo-dagua-entrega-de-moradias\/"]}]},{"@type":"ImageObject","inLanguage":"pt-BR","@id":"https:\/\/www.manaus.am.gov.br\/semhaf\/pingo-dagua-entrega-de-moradias\/#primaryimage","url":"https:\/\/www.manaus.am.gov.br\/semhaf\/wp-content\/uploads\/sites\/28\/2025\/09\/Pingo-DAgua-1.jpeg","contentUrl":"https:\/\/www.manaus.am.gov.br\/semhaf\/wp-content\/uploads\/sites\/28\/2025\/09\/Pingo-DAgua-1.jpeg","width":1280,"height":854,"caption":"#paratodosverem - Prefeito David Almeida discursando ao lado do secret\u00e1rio Jesus Alves"},{"@type":"BreadcrumbList","@id":"https:\/\/www.manaus.am.gov.br\/semhaf\/pingo-dagua-entrega-de-moradias\/#breadcrumb","itemListElement":[{"@type":"ListItem","position":1,"name":"Home","item":"https:\/\/www.manaus.am.gov.br\/semhaf\/"},{"@type":"ListItem","position":2,"name":"Prefeito David Almeida visita comunidade Pingo D\u2019\u00e1gua e anuncia in\u00edcio da entrega das moradias para as fam\u00edlias atingidas por deslizamento de terra"}]},{"@type":"WebSite","@id":"https:\/\/www.manaus.am.gov.br\/semhaf\/#website","url":"https:\/\/www.manaus.am.gov.br\/semhaf\/","name":"SENHAF","description":"SENHAF","publisher":{"@id":"https:\/\/www.manaus.am.gov.br\/semhaf\/#organization"},"alternateName":"Secretaria Municipal de Habita\u00e7\u00e3o e Assuntos Fundi\u00e1rios","potentialAction":[{"@type":"SearchAction","target":{"@type":"EntryPoint","urlTemplate":"https:\/\/www.manaus.am.gov.br\/semhaf\/?s={search_term_string}"},"query-input":"required name=search_term_string"}],"inLanguage":"pt-BR"},{"@type":"Organization","@id":"https:\/\/www.manaus.am.gov.br\/semhaf\/#organization","name":"Prefeitura de Manaus","alternateName":"Prefeitura Municipal de Manaus","url":"https:\/\/www.manaus.am.gov.br\/semhaf\/","logo":{"@type":"ImageObject","inLanguage":"pt-BR","@id":"https:\/\/www.manaus.am.gov.br\/semhaf\/#\/schema\/logo\/image\/","url":"https:\/\/www.manaus.am.gov.br\/semhaf\/wp-content\/uploads\/sites\/28\/2023\/11\/cropped-favicon.png","contentUrl":"https:\/\/www.manaus.am.gov.br\/semhaf\/wp-content\/uploads\/sites\/28\/2023\/11\/cropped-favicon.png","width":512,"height":512,"caption":"Prefeitura de Manaus"},"image":{"@id":"https:\/\/www.manaus.am.gov.br\/semhaf\/#\/schema\/logo\/image\/"}},{"@type":"Person","@id":"https:\/\/www.manaus.am.gov.br\/semhaf\/#\/schema\/person\/a5ee5376db6e21af026374b369f30882","name":"Thiago Fernando","image":{"@type":"ImageObject","inLanguage":"pt-BR","@id":"https:\/\/www.manaus.am.gov.br\/semhaf\/#\/schema\/person\/image\/","url":"https:\/\/secure.gravatar.com\/avatar\/f5aab8722444041451501c077052ac07?s=96&d=mm&r=g","contentUrl":"https:\/\/secure.gravatar.com\/avatar\/f5aab8722444041451501c077052ac07?s=96&d=mm&r=g","caption":"Thiago Fernando"}}]}},"_links":{"self":[{"href":"https:\/\/www.manaus.am.gov.br\/semhaf\/wp-json\/wp\/v2\/posts\/1418"}],"collection":[{"href":"https:\/\/www.manaus.am.gov.br\/semhaf\/wp-json\/wp\/v2\/posts"}],"about":[{"href":"https:\/\/www.manaus.am.gov.br\/semhaf\/wp-json\/wp\/v2\/types\/post"}],"author":[{"embeddable":true,"href":"https:\/\/www.manaus.am.gov.br\/semhaf\/wp-json\/wp\/v2\/users\/57"}],"replies":[{"embeddable":true,"href":"https:\/\/www.manaus.am.gov.br\/semhaf\/wp-json\/wp\/v2\/comments?post=1418"}],"version-history":[{"count":1,"href":"https:\/\/www.manaus.am.gov.br\/semhaf\/wp-json\/wp\/v2\/posts\/1418\/revisions"}],"predecessor-version":[{"id":1420,"href":"https:\/\/www.manaus.am.gov.br\/semhaf\/wp-json\/wp\/v2\/posts\/1418\/revisions\/1420"}],"wp:featuredmedia":[{"embeddable":true,"href":"https:\/\/www.manaus.am.gov.br\/semhaf\/wp-json\/wp\/v2\/media\/1419"}],"wp:attachment":[{"href":"https:\/\/www.manaus.am.gov.br\/semhaf\/wp-json\/wp\/v2\/media?parent=1418"}],"wp:term":[{"taxonomy":"category","embeddable":true,"href":"https:\/\/www.manaus.am.gov.br\/semhaf\/wp-json\/wp\/v2\/categories?post=1418"},{"taxonomy":"post_tag","embeddable":true,"href":"https:\/\/www.manaus.am.gov.br\/semhaf\/wp-json\/wp\/v2\/tags?post=1418"}],"curies":[{"name":"wp","href":"https:\/\/api.w.org\/{rel}","templated":true}]}}