{"id":5170,"date":"2026-04-22T12:10:32","date_gmt":"2026-04-22T16:10:32","guid":{"rendered":"https:\/\/www.manaus.am.gov.br\/semef\/2026\/04\/22\/prefeitura-semef-notadepesar\/"},"modified":"2026-04-22T13:23:20","modified_gmt":"2026-04-22T17:23:20","slug":"prefeitura-semef-notadepesar","status":"publish","type":"post","link":"https:\/\/www.manaus.am.gov.br\/semef\/2026\/04\/22\/prefeitura-semef-notadepesar\/","title":{"rendered":"Alamiro Cruz de Almeida"},"content":{"rendered":"\n<p>A Prefeitura de Manaus, por meio da Secretaria Municipal de Finan\u00e7as, Planejamento e Tecnologia da Informa\u00e7\u00e3o (Semef), manifesta profundo pesar pela morte, nesta quarta-feira, 22\/4, de Alamiro Cruz de Almeida, aos 84 anos, pai do servidor Alamiro Cruz de Almeida J\u00fanior, diretor do Departamento de Inspetoria da Semef.<\/p>\n\n\n\n<p>Alamiro deixa um legado de dedica\u00e7\u00e3o \u00e0 fam\u00edlia e de valores que certamente seguir\u00e3o presentes na vida de todos que tiveram o privil\u00e9gio de conhec\u00ea-lo.<\/p>\n\n\n\n<p>\u201cNeste momento de dor, eu e toda a equipe da Semef nos solidarizamos com familiares e amigos, desejando for\u00e7a e conforto para enfrentar esta perda irrepar\u00e1vel\u201d, disse o secret\u00e1rio da Semef, Alessandro Ribeiro.<\/p>\n\n\n\n<p>O sepultamento ocorrer\u00e1 em sua cidade natal, Oriximin\u00e1, no Estado do Par\u00e1, nesta sexta-feira, 24\/4.<\/p>\n\n\n\n<p>&#8212; &#8212; &#8212;<\/p>\n\n\n\n<p>Texto \u2013 Divulga\u00e7\u00e3o\/Semef<\/p>\n","protected":false},"excerpt":{"rendered":"","protected":false},"author":23,"featured_media":5171,"comment_status":"closed","ping_status":"closed","sticky":false,"template":"","format":"standard","meta":{"footnotes":""},"categories":[422],"tags":[746,425,14,16],"acf":[],"yoast_head":"<!-- This site is optimized with the Yoast SEO plugin v23.0 - https:\/\/yoast.com\/wordpress\/plugins\/seo\/ -->\n<title>Alamiro Cruz de Almeida<\/title>\n<meta name=\"description\" content=\"A Prefeitura de Manaus, por meio da Secretaria Municipal de Finan\u00e7as, Planejamento e Tecnologia da Informa\u00e7\u00e3o (Semef), manifesta profundo pesar pela morte, nesta quarta-feira, 22\/4, de Alamiro Cruz de Almeida, aos 84 anos, pai do servidor Alamiro Cruz de Almeida J\u00fanior, diretor do Departamento de Inspetoria da Semef.\" \/>\n<meta name=\"robots\" content=\"index, follow, max-snippet:-1, max-image-preview:large, max-video-preview:-1\" \/>\n<link rel=\"canonical\" href=\"https:\/\/www.manaus.am.gov.br\/semef\/2026\/04\/22\/prefeitura-semef-notadepesar\/\" \/>\n<meta property=\"og:locale\" content=\"pt_BR\" \/>\n<meta property=\"og:type\" content=\"article\" \/>\n<meta property=\"og:title\" content=\"Alamiro Cruz de Almeida\" \/>\n<meta property=\"og:description\" content=\"A Prefeitura de Manaus, por meio da Secretaria Municipal de Finan\u00e7as, Planejamento e Tecnologia da Informa\u00e7\u00e3o (Semef), manifesta profundo pesar pela morte, nesta quarta-feira, 22\/4, de Alamiro Cruz de Almeida, aos 84 anos, pai do servidor Alamiro Cruz de Almeida J\u00fanior, diretor do Departamento de Inspetoria da Semef.\" \/>\n<meta property=\"og:url\" content=\"https:\/\/www.manaus.am.gov.br\/semef\/2026\/04\/22\/prefeitura-semef-notadepesar\/\" \/>\n<meta property=\"og:site_name\" content=\"SEMEF\" \/>\n<meta property=\"article:published_time\" content=\"2026-04-22T16:10:32+00:00\" \/>\n<meta property=\"article:modified_time\" content=\"2026-04-22T17:23:20+00:00\" \/>\n<meta property=\"og:image\" content=\"https:\/\/www.manaus.am.gov.br\/semef\/wp-content\/uploads\/sites\/7\/2026\/04\/Nota-de-Pesar_Deslizamento-Redencao.png\" \/>\n\t<meta property=\"og:image:width\" content=\"900\" \/>\n\t<meta property=\"og:image:height\" content=\"509\" \/>\n\t<meta property=\"og:image:type\" content=\"image\/png\" \/>\n<meta name=\"author\" content=\"Adriana Costa\" \/>\n<meta name=\"twitter:card\" content=\"summary_large_image\" \/>\n<meta name=\"twitter:label1\" content=\"Written by\" \/>\n\t<meta name=\"twitter:data1\" content=\"Adriana Costa\" \/>\n\t<meta name=\"twitter:label2\" content=\"Est. reading time\" \/>\n\t<meta name=\"twitter:data2\" content=\"1 minuto\" \/>\n<script type=\"application\/ld+json\" class=\"yoast-schema-graph\">{\"@context\":\"https:\/\/schema.org\",\"@graph\":[{\"@type\":\"WebPage\",\"@id\":\"https:\/\/www.manaus.am.gov.br\/semef\/2026\/04\/22\/prefeitura-semef-notadepesar\/\",\"url\":\"https:\/\/www.manaus.am.gov.br\/semef\/2026\/04\/22\/prefeitura-semef-notadepesar\/\",\"name\":\"Alamiro Cruz de Almeida\",\"isPartOf\":{\"@id\":\"https:\/\/www.manaus.am.gov.br\/semef\/#website\"},\"primaryImageOfPage\":{\"@id\":\"https:\/\/www.manaus.am.gov.br\/semef\/2026\/04\/22\/prefeitura-semef-notadepesar\/#primaryimage\"},\"image\":{\"@id\":\"https:\/\/www.manaus.am.gov.br\/semef\/2026\/04\/22\/prefeitura-semef-notadepesar\/#primaryimage\"},\"thumbnailUrl\":\"https:\/\/www.manaus.am.gov.br\/semef\/wp-content\/uploads\/sites\/7\/2026\/04\/Nota-de-Pesar_Deslizamento-Redencao.png\",\"datePublished\":\"2026-04-22T16:10:32+00:00\",\"dateModified\":\"2026-04-22T17:23:20+00:00\",\"author\":{\"@id\":\"https:\/\/www.manaus.am.gov.br\/semef\/#\/schema\/person\/4e49f4e267757a06ca072ec61b2b9968\"},\"description\":\"A Prefeitura de Manaus, por meio da Secretaria Municipal de Finan\u00e7as, Planejamento e Tecnologia da Informa\u00e7\u00e3o (Semef), manifesta profundo pesar pela morte, nesta quarta-feira, 22\/4, de Alamiro Cruz de Almeida, aos 84 anos, pai do servidor Alamiro Cruz de Almeida J\u00fanior, diretor do Departamento de Inspetoria da Semef.\",\"inLanguage\":\"pt-BR\",\"potentialAction\":[{\"@type\":\"ReadAction\",\"target\":[\"https:\/\/www.manaus.am.gov.br\/semef\/2026\/04\/22\/prefeitura-semef-notadepesar\/\"]}]},{\"@type\":\"ImageObject\",\"inLanguage\":\"pt-BR\",\"@id\":\"https:\/\/www.manaus.am.gov.br\/semef\/2026\/04\/22\/prefeitura-semef-notadepesar\/#primaryimage\",\"url\":\"https:\/\/www.manaus.am.gov.br\/semef\/wp-content\/uploads\/sites\/7\/2026\/04\/Nota-de-Pesar_Deslizamento-Redencao.png\",\"contentUrl\":\"https:\/\/www.manaus.am.gov.br\/semef\/wp-content\/uploads\/sites\/7\/2026\/04\/Nota-de-Pesar_Deslizamento-Redencao.png\",\"width\":900,\"height\":509,\"caption\":\"Francelio Gon\u00e7alves da Silva\"},{\"@type\":\"WebSite\",\"@id\":\"https:\/\/www.manaus.am.gov.br\/semef\/#website\",\"url\":\"https:\/\/www.manaus.am.gov.br\/semef\/\",\"name\":\"SEMEF\",\"description\":\"Secretaria Municipal de Finan\u00e7as e Tecnologia da Informa\u00e7\u00e3o\",\"potentialAction\":[{\"@type\":\"SearchAction\",\"target\":{\"@type\":\"EntryPoint\",\"urlTemplate\":\"https:\/\/www.manaus.am.gov.br\/semef\/?s={search_term_string}\"},\"query-input\":\"required name=search_term_string\"}],\"inLanguage\":\"pt-BR\"},{\"@type\":\"Person\",\"@id\":\"https:\/\/www.manaus.am.gov.br\/semef\/#\/schema\/person\/4e49f4e267757a06ca072ec61b2b9968\",\"name\":\"Adriana Costa\",\"image\":{\"@type\":\"ImageObject\",\"inLanguage\":\"pt-BR\",\"@id\":\"https:\/\/www.manaus.am.gov.br\/semef\/#\/schema\/person\/image\/\",\"url\":\"https:\/\/secure.gravatar.com\/avatar\/576258617ef7194f718179e766d57bd4?s=96&d=mm&r=g\",\"contentUrl\":\"https:\/\/secure.gravatar.com\/avatar\/576258617ef7194f718179e766d57bd4?s=96&d=mm&r=g\",\"caption\":\"Adriana Costa\"}}]}<\/script>\n<!-- \/ Yoast SEO plugin. -->","yoast_head_json":{"title":"Alamiro Cruz de Almeida","description":"A Prefeitura de Manaus, por meio da Secretaria Municipal de Finan\u00e7as, Planejamento e Tecnologia da Informa\u00e7\u00e3o (Semef), manifesta profundo pesar pela morte, nesta quarta-feira, 22\/4, de Alamiro Cruz de Almeida, aos 84 anos, pai do servidor Alamiro Cruz de Almeida J\u00fanior, diretor do Departamento de Inspetoria da Semef.","robots":{"index":"index","follow":"follow","max-snippet":"max-snippet:-1","max-image-preview":"max-image-preview:large","max-video-preview":"max-video-preview:-1"},"canonical":"https:\/\/www.manaus.am.gov.br\/semef\/2026\/04\/22\/prefeitura-semef-notadepesar\/","og_locale":"pt_BR","og_type":"article","og_title":"Alamiro Cruz de Almeida","og_description":"A Prefeitura de Manaus, por meio da Secretaria Municipal de Finan\u00e7as, Planejamento e Tecnologia da Informa\u00e7\u00e3o (Semef), manifesta profundo pesar pela morte, nesta quarta-feira, 22\/4, de Alamiro Cruz de Almeida, aos 84 anos, pai do servidor Alamiro Cruz de Almeida J\u00fanior, diretor do Departamento de Inspetoria da Semef.","og_url":"https:\/\/www.manaus.am.gov.br\/semef\/2026\/04\/22\/prefeitura-semef-notadepesar\/","og_site_name":"SEMEF","article_published_time":"2026-04-22T16:10:32+00:00","article_modified_time":"2026-04-22T17:23:20+00:00","og_image":[{"width":900,"height":509,"url":"https:\/\/www.manaus.am.gov.br\/semef\/wp-content\/uploads\/sites\/7\/2026\/04\/Nota-de-Pesar_Deslizamento-Redencao.png","type":"image\/png"}],"author":"Adriana Costa","twitter_card":"summary_large_image","twitter_misc":{"Written by":"Adriana Costa","Est. reading time":"1 minuto"},"schema":{"@context":"https:\/\/schema.org","@graph":[{"@type":"WebPage","@id":"https:\/\/www.manaus.am.gov.br\/semef\/2026\/04\/22\/prefeitura-semef-notadepesar\/","url":"https:\/\/www.manaus.am.gov.br\/semef\/2026\/04\/22\/prefeitura-semef-notadepesar\/","name":"Alamiro Cruz de Almeida","isPartOf":{"@id":"https:\/\/www.manaus.am.gov.br\/semef\/#website"},"primaryImageOfPage":{"@id":"https:\/\/www.manaus.am.gov.br\/semef\/2026\/04\/22\/prefeitura-semef-notadepesar\/#primaryimage"},"image":{"@id":"https:\/\/www.manaus.am.gov.br\/semef\/2026\/04\/22\/prefeitura-semef-notadepesar\/#primaryimage"},"thumbnailUrl":"https:\/\/www.manaus.am.gov.br\/semef\/wp-content\/uploads\/sites\/7\/2026\/04\/Nota-de-Pesar_Deslizamento-Redencao.png","datePublished":"2026-04-22T16:10:32+00:00","dateModified":"2026-04-22T17:23:20+00:00","author":{"@id":"https:\/\/www.manaus.am.gov.br\/semef\/#\/schema\/person\/4e49f4e267757a06ca072ec61b2b9968"},"description":"A Prefeitura de Manaus, por meio da Secretaria Municipal de Finan\u00e7as, Planejamento e Tecnologia da Informa\u00e7\u00e3o (Semef), manifesta profundo pesar pela morte, nesta quarta-feira, 22\/4, de Alamiro Cruz de Almeida, aos 84 anos, pai do servidor Alamiro Cruz de Almeida J\u00fanior, diretor do Departamento de Inspetoria da Semef.","inLanguage":"pt-BR","potentialAction":[{"@type":"ReadAction","target":["https:\/\/www.manaus.am.gov.br\/semef\/2026\/04\/22\/prefeitura-semef-notadepesar\/"]}]},{"@type":"ImageObject","inLanguage":"pt-BR","@id":"https:\/\/www.manaus.am.gov.br\/semef\/2026\/04\/22\/prefeitura-semef-notadepesar\/#primaryimage","url":"https:\/\/www.manaus.am.gov.br\/semef\/wp-content\/uploads\/sites\/7\/2026\/04\/Nota-de-Pesar_Deslizamento-Redencao.png","contentUrl":"https:\/\/www.manaus.am.gov.br\/semef\/wp-content\/uploads\/sites\/7\/2026\/04\/Nota-de-Pesar_Deslizamento-Redencao.png","width":900,"height":509,"caption":"Francelio Gon\u00e7alves da Silva"},{"@type":"WebSite","@id":"https:\/\/www.manaus.am.gov.br\/semef\/#website","url":"https:\/\/www.manaus.am.gov.br\/semef\/","name":"SEMEF","description":"Secretaria Municipal de Finan\u00e7as e Tecnologia da Informa\u00e7\u00e3o","potentialAction":[{"@type":"SearchAction","target":{"@type":"EntryPoint","urlTemplate":"https:\/\/www.manaus.am.gov.br\/semef\/?s={search_term_string}"},"query-input":"required name=search_term_string"}],"inLanguage":"pt-BR"},{"@type":"Person","@id":"https:\/\/www.manaus.am.gov.br\/semef\/#\/schema\/person\/4e49f4e267757a06ca072ec61b2b9968","name":"Adriana Costa","image":{"@type":"ImageObject","inLanguage":"pt-BR","@id":"https:\/\/www.manaus.am.gov.br\/semef\/#\/schema\/person\/image\/","url":"https:\/\/secure.gravatar.com\/avatar\/576258617ef7194f718179e766d57bd4?s=96&d=mm&r=g","contentUrl":"https:\/\/secure.gravatar.com\/avatar\/576258617ef7194f718179e766d57bd4?s=96&d=mm&r=g","caption":"Adriana Costa"}}]}},"_links":{"self":[{"href":"https:\/\/www.manaus.am.gov.br\/semef\/wp-json\/wp\/v2\/posts\/5170"}],"collection":[{"href":"https:\/\/www.manaus.am.gov.br\/semef\/wp-json\/wp\/v2\/posts"}],"about":[{"href":"https:\/\/www.manaus.am.gov.br\/semef\/wp-json\/wp\/v2\/types\/post"}],"author":[{"embeddable":true,"href":"https:\/\/www.manaus.am.gov.br\/semef\/wp-json\/wp\/v2\/users\/23"}],"replies":[{"embeddable":true,"href":"https:\/\/www.manaus.am.gov.br\/semef\/wp-json\/wp\/v2\/comments?post=5170"}],"version-history":[{"count":1,"href":"https:\/\/www.manaus.am.gov.br\/semef\/wp-json\/wp\/v2\/posts\/5170\/revisions"}],"predecessor-version":[{"id":5172,"href":"https:\/\/www.manaus.am.gov.br\/semef\/wp-json\/wp\/v2\/posts\/5170\/revisions\/5172"}],"wp:featuredmedia":[{"embeddable":true,"href":"https:\/\/www.manaus.am.gov.br\/semef\/wp-json\/wp\/v2\/media\/5171"}],"wp:attachment":[{"href":"https:\/\/www.manaus.am.gov.br\/semef\/wp-json\/wp\/v2\/media?parent=5170"}],"wp:term":[{"taxonomy":"category","embeddable":true,"href":"https:\/\/www.manaus.am.gov.br\/semef\/wp-json\/wp\/v2\/categories?post=5170"},{"taxonomy":"post_tag","embeddable":true,"href":"https:\/\/www.manaus.am.gov.br\/semef\/wp-json\/wp\/v2\/tags?post=5170"}],"curies":[{"name":"wp","href":"https:\/\/api.w.org\/{rel}","templated":true}]}}