{"id":5076,"date":"2026-03-12T08:34:52","date_gmt":"2026-03-12T12:34:52","guid":{"rendered":"https:\/\/www.manaus.am.gov.br\/semef\/2026\/03\/12\/prefeitura-semef-iptu-cotaunica\/"},"modified":"2026-03-12T11:14:21","modified_gmt":"2026-03-12T15:14:21","slug":"prefeitura-semef-iptu-cotaunica","status":"publish","type":"post","link":"https:\/\/www.manaus.am.gov.br\/semef\/2026\/03\/12\/prefeitura-semef-iptu-cotaunica\/","title":{"rendered":"Pagamento do IPTU 2026 em cota \u00fanica garante at\u00e9 10% de abatimento at\u00e9 16 de mar\u00e7o"},"content":{"rendered":"\n<p>A<a href=\"https:\/\/www.instagram.com\/prefeiturademanaus\/\"> Prefeitura de Manaus<\/a> alerta que os contribuintes devem ficar atentos ao prazo final para o pagamento do Imposto Predial e Territorial Urbano (IPTU) 2026 em cota \u00fanica. O vencimento ocorre no dia 16 de mar\u00e7o, data que tamb\u00e9m marca o t\u00e9rmino do per\u00edodo para quem deseja garantir o desconto no imposto.<\/p>\n\n\n\n<p>O maior abatimento \u00e9 concedido a quem optar pelo pagamento por meio do carn\u00ea digital, dispon\u00edvel no aplicativo Manaus Atende. Nessa modalidade, o contribuinte que emitir o boleto diretamente pelo aplicativo tem direito a 10% de desconto na cota \u00fanica at\u00e9 o dia 16 de mar\u00e7o.<\/p>\n\n\n\n<p>Segundo o subsecret\u00e1rio da Receita da Secretaria Municipal de Finan\u00e7as, Planejamento e Tecnologia da Informa\u00e7\u00e3o<a href=\"https:\/\/www.manaus.am.gov.br\/\"> (Semef)<\/a>, Arminio Pontes, a utiliza\u00e7\u00e3o da plataforma digital garante condi\u00e7\u00f5es mais vantajosas e refor\u00e7a a moderniza\u00e7\u00e3o dos servi\u00e7os oferecidos pela prefeitura.<\/p>\n\n\n\n<p>\u201cO aplicativo concentra os principais servi\u00e7os tribut\u00e1rios do munic\u00edpio e oferece benef\u00edcios exclusivos, como descontos diferenciados tanto na cota \u00fanica quanto no parcelamento. \u00c9 fundamental que o contribuinte realize todo o procedimento pelo aplicativo para assegurar o abatimento\u201d, destacou o subsecret\u00e1rio.<\/p>\n\n\n\n<p>Al\u00e9m do desconto de 10% na cota \u00fanica pelo carn\u00ea digital, quem optar pelo parcelamento via aplicativo tamb\u00e9m conta com benef\u00edcio: cada parcela paga at\u00e9 a data de vencimento garante desconto de 2%.<\/p>\n\n\n\n<p>Para os contribuintes que escolherem o carn\u00ea f\u00edsico, seja o entregue pelos Correios ou o emitido pelo portal de servi\u00e7os (<a href=\"http:\/\/manausatende.manaus.am.gov.br\/\" target=\"_blank\" rel=\"noreferrer noopener\">manausatende.manaus.am.gov.br<\/a>), o desconto na cota \u00fanica \u00e9 de 8%, tamb\u00e9m com vencimento em 16 de mar\u00e7o. J\u00e1 no caso do parcelamento nessas modalidades, n\u00e3o h\u00e1 abatimento nas parcelas.<\/p>\n\n\n\n<p>Quem quitar o imposto em cota \u00fanica at\u00e9 o vencimento tamb\u00e9m participa da campanha IPTU Premiado, que prev\u00ea sorteios ao longo do ano, com pr\u00eamios que podem chegar a R$ 1 milh\u00e3o, al\u00e9m de premia\u00e7\u00f5es mensais como incentivo \u00e0 adimpl\u00eancia.<\/p>\n\n\n\n<p>Em caso de d\u00favidas, a Central de Atendimento 156 funciona de segunda a sexta-feira, das 8h \u00e0s 17h.<\/p>\n\n\n\n<p>&#8212; &#8212; &#8212;<\/p>\n\n\n\n<p><strong>Texto&nbsp;<\/strong>\u2013&nbsp;Anderson Farias&nbsp;\/ Semef<\/p>\n\n\n\n<p><strong>Fotos&nbsp;<\/strong>&#8211; Divulga\u00e7\u00e3o<\/p>\n","protected":false},"excerpt":{"rendered":"","protected":false},"author":23,"featured_media":5077,"comment_status":"closed","ping_status":"closed","sticky":false,"template":"","format":"standard","meta":{"footnotes":""},"categories":[44],"tags":[728,512,101,60,14,114],"acf":[],"yoast_head":"<!-- This site is optimized with the Yoast SEO plugin v23.0 - https:\/\/yoast.com\/wordpress\/plugins\/seo\/ -->\n<title>Pagamento do IPTU 2026 em cota \u00fanica garante at\u00e9 10% de abatimento at\u00e9 16 de mar\u00e7o<\/title>\n<meta name=\"description\" content=\"A Prefeitura de Manaus alerta que os contribuintes devem ficar atentos ao prazo final para o pagamento do Imposto Predial e Territorial Urbano (IPTU) 2026 em cota \u00fanica. O vencimento ocorre no dia 16 de mar\u00e7o, data que tamb\u00e9m marca o t\u00e9rmino do per\u00edodo para quem deseja garantir o desconto no imposto.\" \/>\n<meta name=\"robots\" content=\"index, follow, max-snippet:-1, max-image-preview:large, max-video-preview:-1\" \/>\n<link rel=\"canonical\" href=\"https:\/\/www.manaus.am.gov.br\/semef\/2026\/03\/12\/prefeitura-semef-iptu-cotaunica\/\" \/>\n<meta property=\"og:locale\" content=\"pt_BR\" \/>\n<meta property=\"og:type\" content=\"article\" \/>\n<meta property=\"og:title\" content=\"Pagamento do IPTU 2026 em cota \u00fanica garante at\u00e9 10% de abatimento at\u00e9 16 de mar\u00e7o\" \/>\n<meta property=\"og:description\" content=\"A Prefeitura de Manaus alerta que os contribuintes devem ficar atentos ao prazo final para o pagamento do Imposto Predial e Territorial Urbano (IPTU) 2026 em cota \u00fanica. O vencimento ocorre no dia 16 de mar\u00e7o, data que tamb\u00e9m marca o t\u00e9rmino do per\u00edodo para quem deseja garantir o desconto no imposto.\" \/>\n<meta property=\"og:url\" content=\"https:\/\/www.manaus.am.gov.br\/semef\/2026\/03\/12\/prefeitura-semef-iptu-cotaunica\/\" \/>\n<meta property=\"og:site_name\" content=\"SEMEF\" \/>\n<meta property=\"article:published_time\" content=\"2026-03-12T12:34:52+00:00\" \/>\n<meta property=\"article:modified_time\" content=\"2026-03-12T15:14:21+00:00\" \/>\n<meta property=\"og:image\" content=\"https:\/\/www.manaus.am.gov.br\/semef\/wp-content\/uploads\/sites\/7\/2026\/03\/IMG_1517-1024x683.jpg\" \/>\n\t<meta property=\"og:image:width\" content=\"1024\" \/>\n\t<meta property=\"og:image:height\" content=\"683\" \/>\n\t<meta property=\"og:image:type\" content=\"image\/jpeg\" \/>\n<meta name=\"author\" content=\"Adriana Costa\" \/>\n<meta name=\"twitter:card\" content=\"summary_large_image\" \/>\n<meta name=\"twitter:label1\" content=\"Written by\" \/>\n\t<meta name=\"twitter:data1\" content=\"Adriana Costa\" \/>\n\t<meta name=\"twitter:label2\" content=\"Est. reading time\" \/>\n\t<meta name=\"twitter:data2\" content=\"2 minutos\" \/>\n<script type=\"application\/ld+json\" class=\"yoast-schema-graph\">{\"@context\":\"https:\/\/schema.org\",\"@graph\":[{\"@type\":\"WebPage\",\"@id\":\"https:\/\/www.manaus.am.gov.br\/semef\/2026\/03\/12\/prefeitura-semef-iptu-cotaunica\/\",\"url\":\"https:\/\/www.manaus.am.gov.br\/semef\/2026\/03\/12\/prefeitura-semef-iptu-cotaunica\/\",\"name\":\"Pagamento do IPTU 2026 em cota \u00fanica garante at\u00e9 10% de abatimento at\u00e9 16 de mar\u00e7o\",\"isPartOf\":{\"@id\":\"https:\/\/www.manaus.am.gov.br\/semef\/#website\"},\"primaryImageOfPage\":{\"@id\":\"https:\/\/www.manaus.am.gov.br\/semef\/2026\/03\/12\/prefeitura-semef-iptu-cotaunica\/#primaryimage\"},\"image\":{\"@id\":\"https:\/\/www.manaus.am.gov.br\/semef\/2026\/03\/12\/prefeitura-semef-iptu-cotaunica\/#primaryimage\"},\"thumbnailUrl\":\"https:\/\/www.manaus.am.gov.br\/semef\/wp-content\/uploads\/sites\/7\/2026\/03\/IMG_1517.jpg\",\"datePublished\":\"2026-03-12T12:34:52+00:00\",\"dateModified\":\"2026-03-12T15:14:21+00:00\",\"author\":{\"@id\":\"https:\/\/www.manaus.am.gov.br\/semef\/#\/schema\/person\/4e49f4e267757a06ca072ec61b2b9968\"},\"description\":\"A Prefeitura de Manaus alerta que os contribuintes devem ficar atentos ao prazo final para o pagamento do Imposto Predial e Territorial Urbano (IPTU) 2026 em cota \u00fanica. O vencimento ocorre no dia 16 de mar\u00e7o, data que tamb\u00e9m marca o t\u00e9rmino do per\u00edodo para quem deseja garantir o desconto no imposto.\",\"inLanguage\":\"pt-BR\",\"potentialAction\":[{\"@type\":\"ReadAction\",\"target\":[\"https:\/\/www.manaus.am.gov.br\/semef\/2026\/03\/12\/prefeitura-semef-iptu-cotaunica\/\"]}]},{\"@type\":\"ImageObject\",\"inLanguage\":\"pt-BR\",\"@id\":\"https:\/\/www.manaus.am.gov.br\/semef\/2026\/03\/12\/prefeitura-semef-iptu-cotaunica\/#primaryimage\",\"url\":\"https:\/\/www.manaus.am.gov.br\/semef\/wp-content\/uploads\/sites\/7\/2026\/03\/IMG_1517.jpg\",\"contentUrl\":\"https:\/\/www.manaus.am.gov.br\/semef\/wp-content\/uploads\/sites\/7\/2026\/03\/IMG_1517.jpg\",\"width\":6000,\"height\":4000,\"caption\":\"#PraTodosVerem: m\u00e3o segura um celular; na tela, o aplicativo Manaus Atende para pagamento do IPTU pelo carn\u00ea digital.\"},{\"@type\":\"WebSite\",\"@id\":\"https:\/\/www.manaus.am.gov.br\/semef\/#website\",\"url\":\"https:\/\/www.manaus.am.gov.br\/semef\/\",\"name\":\"SEMEF\",\"description\":\"Secretaria Municipal de Finan\u00e7as e Tecnologia da Informa\u00e7\u00e3o\",\"potentialAction\":[{\"@type\":\"SearchAction\",\"target\":{\"@type\":\"EntryPoint\",\"urlTemplate\":\"https:\/\/www.manaus.am.gov.br\/semef\/?s={search_term_string}\"},\"query-input\":\"required name=search_term_string\"}],\"inLanguage\":\"pt-BR\"},{\"@type\":\"Person\",\"@id\":\"https:\/\/www.manaus.am.gov.br\/semef\/#\/schema\/person\/4e49f4e267757a06ca072ec61b2b9968\",\"name\":\"Adriana Costa\",\"image\":{\"@type\":\"ImageObject\",\"inLanguage\":\"pt-BR\",\"@id\":\"https:\/\/www.manaus.am.gov.br\/semef\/#\/schema\/person\/image\/\",\"url\":\"https:\/\/secure.gravatar.com\/avatar\/576258617ef7194f718179e766d57bd4?s=96&d=mm&r=g\",\"contentUrl\":\"https:\/\/secure.gravatar.com\/avatar\/576258617ef7194f718179e766d57bd4?s=96&d=mm&r=g\",\"caption\":\"Adriana Costa\"}}]}<\/script>\n<!-- \/ Yoast SEO plugin. -->","yoast_head_json":{"title":"Pagamento do IPTU 2026 em cota \u00fanica garante at\u00e9 10% de abatimento at\u00e9 16 de mar\u00e7o","description":"A Prefeitura de Manaus alerta que os contribuintes devem ficar atentos ao prazo final para o pagamento do Imposto Predial e Territorial Urbano (IPTU) 2026 em cota \u00fanica. O vencimento ocorre no dia 16 de mar\u00e7o, data que tamb\u00e9m marca o t\u00e9rmino do per\u00edodo para quem deseja garantir o desconto no imposto.","robots":{"index":"index","follow":"follow","max-snippet":"max-snippet:-1","max-image-preview":"max-image-preview:large","max-video-preview":"max-video-preview:-1"},"canonical":"https:\/\/www.manaus.am.gov.br\/semef\/2026\/03\/12\/prefeitura-semef-iptu-cotaunica\/","og_locale":"pt_BR","og_type":"article","og_title":"Pagamento do IPTU 2026 em cota \u00fanica garante at\u00e9 10% de abatimento at\u00e9 16 de mar\u00e7o","og_description":"A Prefeitura de Manaus alerta que os contribuintes devem ficar atentos ao prazo final para o pagamento do Imposto Predial e Territorial Urbano (IPTU) 2026 em cota \u00fanica. O vencimento ocorre no dia 16 de mar\u00e7o, data que tamb\u00e9m marca o t\u00e9rmino do per\u00edodo para quem deseja garantir o desconto no imposto.","og_url":"https:\/\/www.manaus.am.gov.br\/semef\/2026\/03\/12\/prefeitura-semef-iptu-cotaunica\/","og_site_name":"SEMEF","article_published_time":"2026-03-12T12:34:52+00:00","article_modified_time":"2026-03-12T15:14:21+00:00","og_image":[{"width":1024,"height":683,"url":"https:\/\/www.manaus.am.gov.br\/semef\/wp-content\/uploads\/sites\/7\/2026\/03\/IMG_1517-1024x683.jpg","type":"image\/jpeg"}],"author":"Adriana Costa","twitter_card":"summary_large_image","twitter_misc":{"Written by":"Adriana Costa","Est. reading time":"2 minutos"},"schema":{"@context":"https:\/\/schema.org","@graph":[{"@type":"WebPage","@id":"https:\/\/www.manaus.am.gov.br\/semef\/2026\/03\/12\/prefeitura-semef-iptu-cotaunica\/","url":"https:\/\/www.manaus.am.gov.br\/semef\/2026\/03\/12\/prefeitura-semef-iptu-cotaunica\/","name":"Pagamento do IPTU 2026 em cota \u00fanica garante at\u00e9 10% de abatimento at\u00e9 16 de mar\u00e7o","isPartOf":{"@id":"https:\/\/www.manaus.am.gov.br\/semef\/#website"},"primaryImageOfPage":{"@id":"https:\/\/www.manaus.am.gov.br\/semef\/2026\/03\/12\/prefeitura-semef-iptu-cotaunica\/#primaryimage"},"image":{"@id":"https:\/\/www.manaus.am.gov.br\/semef\/2026\/03\/12\/prefeitura-semef-iptu-cotaunica\/#primaryimage"},"thumbnailUrl":"https:\/\/www.manaus.am.gov.br\/semef\/wp-content\/uploads\/sites\/7\/2026\/03\/IMG_1517.jpg","datePublished":"2026-03-12T12:34:52+00:00","dateModified":"2026-03-12T15:14:21+00:00","author":{"@id":"https:\/\/www.manaus.am.gov.br\/semef\/#\/schema\/person\/4e49f4e267757a06ca072ec61b2b9968"},"description":"A Prefeitura de Manaus alerta que os contribuintes devem ficar atentos ao prazo final para o pagamento do Imposto Predial e Territorial Urbano (IPTU) 2026 em cota \u00fanica. O vencimento ocorre no dia 16 de mar\u00e7o, data que tamb\u00e9m marca o t\u00e9rmino do per\u00edodo para quem deseja garantir o desconto no imposto.","inLanguage":"pt-BR","potentialAction":[{"@type":"ReadAction","target":["https:\/\/www.manaus.am.gov.br\/semef\/2026\/03\/12\/prefeitura-semef-iptu-cotaunica\/"]}]},{"@type":"ImageObject","inLanguage":"pt-BR","@id":"https:\/\/www.manaus.am.gov.br\/semef\/2026\/03\/12\/prefeitura-semef-iptu-cotaunica\/#primaryimage","url":"https:\/\/www.manaus.am.gov.br\/semef\/wp-content\/uploads\/sites\/7\/2026\/03\/IMG_1517.jpg","contentUrl":"https:\/\/www.manaus.am.gov.br\/semef\/wp-content\/uploads\/sites\/7\/2026\/03\/IMG_1517.jpg","width":6000,"height":4000,"caption":"#PraTodosVerem: m\u00e3o segura um celular; na tela, o aplicativo Manaus Atende para pagamento do IPTU pelo carn\u00ea digital."},{"@type":"WebSite","@id":"https:\/\/www.manaus.am.gov.br\/semef\/#website","url":"https:\/\/www.manaus.am.gov.br\/semef\/","name":"SEMEF","description":"Secretaria Municipal de Finan\u00e7as e Tecnologia da Informa\u00e7\u00e3o","potentialAction":[{"@type":"SearchAction","target":{"@type":"EntryPoint","urlTemplate":"https:\/\/www.manaus.am.gov.br\/semef\/?s={search_term_string}"},"query-input":"required name=search_term_string"}],"inLanguage":"pt-BR"},{"@type":"Person","@id":"https:\/\/www.manaus.am.gov.br\/semef\/#\/schema\/person\/4e49f4e267757a06ca072ec61b2b9968","name":"Adriana Costa","image":{"@type":"ImageObject","inLanguage":"pt-BR","@id":"https:\/\/www.manaus.am.gov.br\/semef\/#\/schema\/person\/image\/","url":"https:\/\/secure.gravatar.com\/avatar\/576258617ef7194f718179e766d57bd4?s=96&d=mm&r=g","contentUrl":"https:\/\/secure.gravatar.com\/avatar\/576258617ef7194f718179e766d57bd4?s=96&d=mm&r=g","caption":"Adriana Costa"}}]}},"_links":{"self":[{"href":"https:\/\/www.manaus.am.gov.br\/semef\/wp-json\/wp\/v2\/posts\/5076"}],"collection":[{"href":"https:\/\/www.manaus.am.gov.br\/semef\/wp-json\/wp\/v2\/posts"}],"about":[{"href":"https:\/\/www.manaus.am.gov.br\/semef\/wp-json\/wp\/v2\/types\/post"}],"author":[{"embeddable":true,"href":"https:\/\/www.manaus.am.gov.br\/semef\/wp-json\/wp\/v2\/users\/23"}],"replies":[{"embeddable":true,"href":"https:\/\/www.manaus.am.gov.br\/semef\/wp-json\/wp\/v2\/comments?post=5076"}],"version-history":[{"count":1,"href":"https:\/\/www.manaus.am.gov.br\/semef\/wp-json\/wp\/v2\/posts\/5076\/revisions"}],"predecessor-version":[{"id":5078,"href":"https:\/\/www.manaus.am.gov.br\/semef\/wp-json\/wp\/v2\/posts\/5076\/revisions\/5078"}],"wp:featuredmedia":[{"embeddable":true,"href":"https:\/\/www.manaus.am.gov.br\/semef\/wp-json\/wp\/v2\/media\/5077"}],"wp:attachment":[{"href":"https:\/\/www.manaus.am.gov.br\/semef\/wp-json\/wp\/v2\/media?parent=5076"}],"wp:term":[{"taxonomy":"category","embeddable":true,"href":"https:\/\/www.manaus.am.gov.br\/semef\/wp-json\/wp\/v2\/categories?post=5076"},{"taxonomy":"post_tag","embeddable":true,"href":"https:\/\/www.manaus.am.gov.br\/semef\/wp-json\/wp\/v2\/tags?post=5076"}],"curies":[{"name":"wp","href":"https:\/\/api.w.org\/{rel}","templated":true}]}}