{"id":5034,"date":"2026-03-04T08:32:20","date_gmt":"2026-03-04T12:32:20","guid":{"rendered":"https:\/\/www.manaus.am.gov.br\/semef\/2026\/03\/04\/prefeitura-semef-segundaparcelaalvara\/"},"modified":"2026-03-04T13:44:41","modified_gmt":"2026-03-04T17:44:41","slug":"prefeitura-semef-segundaparcelaalvara","status":"publish","type":"post","link":"https:\/\/www.manaus.am.gov.br\/semef\/2026\/03\/04\/prefeitura-semef-segundaparcelaalvara\/","title":{"rendered":"Prazo da segunda parcela do Alvar\u00e1 termina quinta-feira com desconto maior pelo App Manaus Atende"},"content":{"rendered":"\n<p>A segunda parcela da Taxa de Verifica\u00e7\u00e3o de Funcionamento (TVF), o Alvar\u00e1 2026, vence nesta quinta-feira, 5\/3. A <a href=\"https:\/\/www.manaus.am.gov.br\/\">Prefeitura de Manaus<\/a>, por meio da <a href=\"https:\/\/www.instagram.com\/semefmanaus\/\">Secretaria Municipal de Finan\u00e7as, Planejamento e Tecnologia da Informa\u00e7\u00e3o<\/a> (Semef), orienta os contribuintes a ficarem atentos ao prazo para evitar acr\u00e9scimos legais. O pagamento pelo aplicativo Manaus Atende garante condi\u00e7\u00f5es mais vantajosas.<\/p>\n\n\n\n<p>Mesmo quem n\u00e3o estiver com o boleto em m\u00e3os pode emitir a segunda via de forma r\u00e1pida e segura pelos canais digitais. A op\u00e7\u00e3o mais vantajosa \u00e9 aderir ao carn\u00ea digital pelo aplicativo Manaus Atende, dispon\u00edvel para os sistemas iOS e Android. Nessa modalidade,&nbsp;o contribuinte tem 2% de desconto&nbsp;em cada parcela paga at\u00e9 a data do vencimento.<\/p>\n\n\n\n<p>Para ter acesso ao benef\u00edcio maior, \u00e9 necess\u00e1rio baixar o aplicativo, realizar o cadastro, optar pelo carn\u00ea digital e emitir o boleto diretamente na plataforma. O pagamento pode ser feito em qualquer institui\u00e7\u00e3o banc\u00e1ria, inclusive bancos digitais, o que amplia a praticidade para as empresas.<\/p>\n\n\n\n<p>O subsecret\u00e1rio da Receita da Semef, Arm\u00ednio Pontes, refor\u00e7a que \u00e9 poss\u00edvel garantir o desconto mais atrativo por meio do aplicativo. \u201cQuem deseja desconto nas parcelas precisa baixar o aplicativo Manaus Atende, fazer a ades\u00e3o ao carn\u00ea digital e emitir o boleto pela plataforma. Assim, pode obter 2% em cada parcela paga at\u00e9 o vencimento\u201d, destacou.<\/p>\n\n\n\n<p>J\u00e1 quem optar pelo carn\u00ea f\u00edsico ou emitir a guia pelo portal de servi\u00e7os (<a href=\"http:\/\/manausatende.manaus.am.gov.br\/\" target=\"_blank\" rel=\"noreferrer noopener\">manausatende.manaus.am.gov.br<\/a>), n\u00e3o ter\u00e1 desconto no pagamento parcelado.<\/p>\n\n\n\n<p>O n\u00e3o pagamento da TVF at\u00e9 o vencimento da segunda parcela, nesta quinta-feira, 5\/3, pode gerar juros e multa. Em caso de d\u00favidas, os contribuintes podem buscar atendimento pelos canais digitais do Manaus Atende ou entrar em contato com a Central 156, de segunda a sexta-feira, das 8h \u00e0s 17h.<\/p>\n\n\n\n<p>&#8212; &#8212; &#8212;<\/p>\n\n\n\n<p><strong>Texto&nbsp;<\/strong>\u2013&nbsp;Anderson Farias&nbsp;\/ Semef<\/p>\n","protected":false},"excerpt":{"rendered":"","protected":false},"author":23,"featured_media":4209,"comment_status":"closed","ping_status":"closed","sticky":false,"template":"","format":"standard","meta":{"footnotes":""},"categories":[84],"tags":[342,400,86,14,417,16],"acf":[],"yoast_head":"<!-- This site is optimized with the Yoast SEO plugin v23.0 - https:\/\/yoast.com\/wordpress\/plugins\/seo\/ -->\n<title>Prazo da segunda parcela do Alvar\u00e1 termina quinta-feira com desconto maior pelo App Manaus Atende<\/title>\n<meta name=\"description\" content=\"A segunda parcela da Taxa de Verifica\u00e7\u00e3o de Funcionamento (TVF), o Alvar\u00e1 2026, vence nesta quinta-feira, 5\/3.\" \/>\n<meta name=\"robots\" content=\"index, follow, max-snippet:-1, max-image-preview:large, max-video-preview:-1\" \/>\n<link rel=\"canonical\" href=\"https:\/\/www.manaus.am.gov.br\/semef\/2026\/03\/04\/prefeitura-semef-segundaparcelaalvara\/\" \/>\n<meta property=\"og:locale\" content=\"pt_BR\" \/>\n<meta property=\"og:type\" content=\"article\" \/>\n<meta property=\"og:title\" content=\"Prazo da segunda parcela do Alvar\u00e1 termina quinta-feira com desconto maior pelo App Manaus Atende\" \/>\n<meta property=\"og:description\" content=\"A segunda parcela da Taxa de Verifica\u00e7\u00e3o de Funcionamento (TVF), o Alvar\u00e1 2026, vence nesta quinta-feira, 5\/3.\" \/>\n<meta property=\"og:url\" content=\"https:\/\/www.manaus.am.gov.br\/semef\/2026\/03\/04\/prefeitura-semef-segundaparcelaalvara\/\" \/>\n<meta property=\"og:site_name\" content=\"SEMEF\" \/>\n<meta property=\"article:published_time\" content=\"2026-03-04T12:32:20+00:00\" \/>\n<meta property=\"article:modified_time\" content=\"2026-03-04T17:44:41+00:00\" \/>\n<meta property=\"og:image\" content=\"https:\/\/www.manaus.am.gov.br\/semef\/wp-content\/uploads\/sites\/7\/2025\/06\/BANNER-NOTA.png\" \/>\n\t<meta property=\"og:image:width\" content=\"900\" \/>\n\t<meta property=\"og:image:height\" content=\"509\" \/>\n\t<meta property=\"og:image:type\" content=\"image\/png\" \/>\n<meta name=\"author\" content=\"Adriana Costa\" \/>\n<meta name=\"twitter:card\" content=\"summary_large_image\" \/>\n<meta name=\"twitter:label1\" content=\"Written by\" \/>\n\t<meta name=\"twitter:data1\" content=\"Adriana Costa\" \/>\n\t<meta name=\"twitter:label2\" content=\"Est. reading time\" \/>\n\t<meta name=\"twitter:data2\" content=\"2 minutos\" \/>\n<script type=\"application\/ld+json\" class=\"yoast-schema-graph\">{\"@context\":\"https:\/\/schema.org\",\"@graph\":[{\"@type\":\"WebPage\",\"@id\":\"https:\/\/www.manaus.am.gov.br\/semef\/2026\/03\/04\/prefeitura-semef-segundaparcelaalvara\/\",\"url\":\"https:\/\/www.manaus.am.gov.br\/semef\/2026\/03\/04\/prefeitura-semef-segundaparcelaalvara\/\",\"name\":\"Prazo da segunda parcela do Alvar\u00e1 termina quinta-feira com desconto maior pelo App Manaus Atende\",\"isPartOf\":{\"@id\":\"https:\/\/www.manaus.am.gov.br\/semef\/#website\"},\"primaryImageOfPage\":{\"@id\":\"https:\/\/www.manaus.am.gov.br\/semef\/2026\/03\/04\/prefeitura-semef-segundaparcelaalvara\/#primaryimage\"},\"image\":{\"@id\":\"https:\/\/www.manaus.am.gov.br\/semef\/2026\/03\/04\/prefeitura-semef-segundaparcelaalvara\/#primaryimage\"},\"thumbnailUrl\":\"https:\/\/www.manaus.am.gov.br\/semef\/wp-content\/uploads\/sites\/7\/2025\/06\/BANNER-NOTA.png\",\"datePublished\":\"2026-03-04T12:32:20+00:00\",\"dateModified\":\"2026-03-04T17:44:41+00:00\",\"author\":{\"@id\":\"https:\/\/www.manaus.am.gov.br\/semef\/#\/schema\/person\/4e49f4e267757a06ca072ec61b2b9968\"},\"description\":\"A segunda parcela da Taxa de Verifica\u00e7\u00e3o de Funcionamento (TVF), o Alvar\u00e1 2026, vence nesta quinta-feira, 5\/3.\",\"inLanguage\":\"pt-BR\",\"potentialAction\":[{\"@type\":\"ReadAction\",\"target\":[\"https:\/\/www.manaus.am.gov.br\/semef\/2026\/03\/04\/prefeitura-semef-segundaparcelaalvara\/\"]}]},{\"@type\":\"ImageObject\",\"inLanguage\":\"pt-BR\",\"@id\":\"https:\/\/www.manaus.am.gov.br\/semef\/2026\/03\/04\/prefeitura-semef-segundaparcelaalvara\/#primaryimage\",\"url\":\"https:\/\/www.manaus.am.gov.br\/semef\/wp-content\/uploads\/sites\/7\/2025\/06\/BANNER-NOTA.png\",\"contentUrl\":\"https:\/\/www.manaus.am.gov.br\/semef\/wp-content\/uploads\/sites\/7\/2025\/06\/BANNER-NOTA.png\",\"width\":900,\"height\":509},{\"@type\":\"WebSite\",\"@id\":\"https:\/\/www.manaus.am.gov.br\/semef\/#website\",\"url\":\"https:\/\/www.manaus.am.gov.br\/semef\/\",\"name\":\"SEMEF\",\"description\":\"Secretaria Municipal de Finan\u00e7as e Tecnologia da Informa\u00e7\u00e3o\",\"potentialAction\":[{\"@type\":\"SearchAction\",\"target\":{\"@type\":\"EntryPoint\",\"urlTemplate\":\"https:\/\/www.manaus.am.gov.br\/semef\/?s={search_term_string}\"},\"query-input\":\"required name=search_term_string\"}],\"inLanguage\":\"pt-BR\"},{\"@type\":\"Person\",\"@id\":\"https:\/\/www.manaus.am.gov.br\/semef\/#\/schema\/person\/4e49f4e267757a06ca072ec61b2b9968\",\"name\":\"Adriana Costa\",\"image\":{\"@type\":\"ImageObject\",\"inLanguage\":\"pt-BR\",\"@id\":\"https:\/\/www.manaus.am.gov.br\/semef\/#\/schema\/person\/image\/\",\"url\":\"https:\/\/secure.gravatar.com\/avatar\/576258617ef7194f718179e766d57bd4?s=96&d=mm&r=g\",\"contentUrl\":\"https:\/\/secure.gravatar.com\/avatar\/576258617ef7194f718179e766d57bd4?s=96&d=mm&r=g\",\"caption\":\"Adriana Costa\"}}]}<\/script>\n<!-- \/ Yoast SEO plugin. -->","yoast_head_json":{"title":"Prazo da segunda parcela do Alvar\u00e1 termina quinta-feira com desconto maior pelo App Manaus Atende","description":"A segunda parcela da Taxa de Verifica\u00e7\u00e3o de Funcionamento (TVF), o Alvar\u00e1 2026, vence nesta quinta-feira, 5\/3.","robots":{"index":"index","follow":"follow","max-snippet":"max-snippet:-1","max-image-preview":"max-image-preview:large","max-video-preview":"max-video-preview:-1"},"canonical":"https:\/\/www.manaus.am.gov.br\/semef\/2026\/03\/04\/prefeitura-semef-segundaparcelaalvara\/","og_locale":"pt_BR","og_type":"article","og_title":"Prazo da segunda parcela do Alvar\u00e1 termina quinta-feira com desconto maior pelo App Manaus Atende","og_description":"A segunda parcela da Taxa de Verifica\u00e7\u00e3o de Funcionamento (TVF), o Alvar\u00e1 2026, vence nesta quinta-feira, 5\/3.","og_url":"https:\/\/www.manaus.am.gov.br\/semef\/2026\/03\/04\/prefeitura-semef-segundaparcelaalvara\/","og_site_name":"SEMEF","article_published_time":"2026-03-04T12:32:20+00:00","article_modified_time":"2026-03-04T17:44:41+00:00","og_image":[{"width":900,"height":509,"url":"https:\/\/www.manaus.am.gov.br\/semef\/wp-content\/uploads\/sites\/7\/2025\/06\/BANNER-NOTA.png","type":"image\/png"}],"author":"Adriana Costa","twitter_card":"summary_large_image","twitter_misc":{"Written by":"Adriana Costa","Est. reading time":"2 minutos"},"schema":{"@context":"https:\/\/schema.org","@graph":[{"@type":"WebPage","@id":"https:\/\/www.manaus.am.gov.br\/semef\/2026\/03\/04\/prefeitura-semef-segundaparcelaalvara\/","url":"https:\/\/www.manaus.am.gov.br\/semef\/2026\/03\/04\/prefeitura-semef-segundaparcelaalvara\/","name":"Prazo da segunda parcela do Alvar\u00e1 termina quinta-feira com desconto maior pelo App Manaus Atende","isPartOf":{"@id":"https:\/\/www.manaus.am.gov.br\/semef\/#website"},"primaryImageOfPage":{"@id":"https:\/\/www.manaus.am.gov.br\/semef\/2026\/03\/04\/prefeitura-semef-segundaparcelaalvara\/#primaryimage"},"image":{"@id":"https:\/\/www.manaus.am.gov.br\/semef\/2026\/03\/04\/prefeitura-semef-segundaparcelaalvara\/#primaryimage"},"thumbnailUrl":"https:\/\/www.manaus.am.gov.br\/semef\/wp-content\/uploads\/sites\/7\/2025\/06\/BANNER-NOTA.png","datePublished":"2026-03-04T12:32:20+00:00","dateModified":"2026-03-04T17:44:41+00:00","author":{"@id":"https:\/\/www.manaus.am.gov.br\/semef\/#\/schema\/person\/4e49f4e267757a06ca072ec61b2b9968"},"description":"A segunda parcela da Taxa de Verifica\u00e7\u00e3o de Funcionamento (TVF), o Alvar\u00e1 2026, vence nesta quinta-feira, 5\/3.","inLanguage":"pt-BR","potentialAction":[{"@type":"ReadAction","target":["https:\/\/www.manaus.am.gov.br\/semef\/2026\/03\/04\/prefeitura-semef-segundaparcelaalvara\/"]}]},{"@type":"ImageObject","inLanguage":"pt-BR","@id":"https:\/\/www.manaus.am.gov.br\/semef\/2026\/03\/04\/prefeitura-semef-segundaparcelaalvara\/#primaryimage","url":"https:\/\/www.manaus.am.gov.br\/semef\/wp-content\/uploads\/sites\/7\/2025\/06\/BANNER-NOTA.png","contentUrl":"https:\/\/www.manaus.am.gov.br\/semef\/wp-content\/uploads\/sites\/7\/2025\/06\/BANNER-NOTA.png","width":900,"height":509},{"@type":"WebSite","@id":"https:\/\/www.manaus.am.gov.br\/semef\/#website","url":"https:\/\/www.manaus.am.gov.br\/semef\/","name":"SEMEF","description":"Secretaria Municipal de Finan\u00e7as e Tecnologia da Informa\u00e7\u00e3o","potentialAction":[{"@type":"SearchAction","target":{"@type":"EntryPoint","urlTemplate":"https:\/\/www.manaus.am.gov.br\/semef\/?s={search_term_string}"},"query-input":"required name=search_term_string"}],"inLanguage":"pt-BR"},{"@type":"Person","@id":"https:\/\/www.manaus.am.gov.br\/semef\/#\/schema\/person\/4e49f4e267757a06ca072ec61b2b9968","name":"Adriana Costa","image":{"@type":"ImageObject","inLanguage":"pt-BR","@id":"https:\/\/www.manaus.am.gov.br\/semef\/#\/schema\/person\/image\/","url":"https:\/\/secure.gravatar.com\/avatar\/576258617ef7194f718179e766d57bd4?s=96&d=mm&r=g","contentUrl":"https:\/\/secure.gravatar.com\/avatar\/576258617ef7194f718179e766d57bd4?s=96&d=mm&r=g","caption":"Adriana Costa"}}]}},"_links":{"self":[{"href":"https:\/\/www.manaus.am.gov.br\/semef\/wp-json\/wp\/v2\/posts\/5034"}],"collection":[{"href":"https:\/\/www.manaus.am.gov.br\/semef\/wp-json\/wp\/v2\/posts"}],"about":[{"href":"https:\/\/www.manaus.am.gov.br\/semef\/wp-json\/wp\/v2\/types\/post"}],"author":[{"embeddable":true,"href":"https:\/\/www.manaus.am.gov.br\/semef\/wp-json\/wp\/v2\/users\/23"}],"replies":[{"embeddable":true,"href":"https:\/\/www.manaus.am.gov.br\/semef\/wp-json\/wp\/v2\/comments?post=5034"}],"version-history":[{"count":1,"href":"https:\/\/www.manaus.am.gov.br\/semef\/wp-json\/wp\/v2\/posts\/5034\/revisions"}],"predecessor-version":[{"id":5039,"href":"https:\/\/www.manaus.am.gov.br\/semef\/wp-json\/wp\/v2\/posts\/5034\/revisions\/5039"}],"wp:featuredmedia":[{"embeddable":true,"href":"https:\/\/www.manaus.am.gov.br\/semef\/wp-json\/wp\/v2\/media\/4209"}],"wp:attachment":[{"href":"https:\/\/www.manaus.am.gov.br\/semef\/wp-json\/wp\/v2\/media?parent=5034"}],"wp:term":[{"taxonomy":"category","embeddable":true,"href":"https:\/\/www.manaus.am.gov.br\/semef\/wp-json\/wp\/v2\/categories?post=5034"},{"taxonomy":"post_tag","embeddable":true,"href":"https:\/\/www.manaus.am.gov.br\/semef\/wp-json\/wp\/v2\/tags?post=5034"}],"curies":[{"name":"wp","href":"https:\/\/api.w.org\/{rel}","templated":true}]}}