{"id":4737,"date":"2025-11-18T15:50:11","date_gmt":"2025-11-18T19:50:11","guid":{"rendered":"https:\/\/www.manaus.am.gov.br\/semef\/2025\/11\/18\/iptu-premiado-3\/"},"modified":"2025-11-18T15:50:13","modified_gmt":"2025-11-18T19:50:13","slug":"iptu-premiado-3","status":"publish","type":"post","link":"https:\/\/www.manaus.am.gov.br\/semef\/2025\/11\/18\/iptu-premiado-3\/","title":{"rendered":"Prefeitura entrega cheques simb\u00f3licos aos ganhadores do oitavo sorteio do IPTU Premiado 2025"},"content":{"rendered":"\n<p>Em clima de comemora\u00e7\u00e3o e reconhecimento ao contribuinte que mant\u00e9m seus tributos em dia, a Prefeitura de Manaus, por meio da Secretaria Municipal de Finan\u00e7as, Planejamento e Tecnologia da Informa\u00e7\u00e3o (Semef), realizou, nesta ter\u00e7a-feira, 18\/11, a entrega dos cheques simb\u00f3licos aos ganhadores do oitavo sorteio do IPTU Premiado 2025, no audit\u00f3rio da Subsecretaria da Receita da Semef, localizado na avenida Japur\u00e1, 493, Centro, zona Sul.<br><br>Participaram do sorteio contribuintes pessoa f\u00edsica que efetuaram o pagamento da cota \u00fanica do IPTU ou que estavam adimplentes at\u00e9 a oitava parcela do exerc\u00edcio de 2025. Lan\u00e7ada em 2022, a campanha integra o Programa Municipal de Educa\u00e7\u00e3o Fiscal, que busca estimular a regularidade tribut\u00e1ria e refor\u00e7ar o papel do cidad\u00e3o na constru\u00e7\u00e3o de uma cidade mais justa, equilibrada e com melhores servi\u00e7os p\u00fablicos.<br><br>A premia\u00e7\u00e3o foi conduzida pelo coordenador do Grupo de Educa\u00e7\u00e3o Fiscal do Munic\u00edpio (GEFM), Edson Fernandes, que estava acompanhado pelos demais membros do grupo. Durante a cerim\u00f4nia, ele destacou a import\u00e2ncia da participa\u00e7\u00e3o dos contribuintes. \u201cObrigado a todos que est\u00e3o aqui hoje para receber os pr\u00eamios do oitavo sorteio do ano. Isso significa que voc\u00eas cumpriram seus pap\u00e9is de cidad\u00e3os, pagando seus tributos em dia, e agora est\u00e3o sendo contemplados\u201d, afirmou.<br><br>Fernandes tamb\u00e9m chamou a aten\u00e7\u00e3o para os sorteios especiais de fim de ano. De acordo com ele, contribuintes adimplentes com o IPTU 2025 concorrer\u00e3o ao pr\u00eamio de R$ 200 mil. J\u00e1 aqueles que n\u00e3o possuem qualquer d\u00e9bito com o munic\u00edpio, inclusive de exerc\u00edcios anteriores, disputar\u00e3o um pr\u00eamio extra de R$ 300 mil. \u201cContinuem acreditando e mantendo o IPTU em dia. Ainda teremos mais sorteios at\u00e9 o fim do ano\u201d, refor\u00e7ou.<\/p>\n\n\n\n<p><strong>Ganhadores<br><\/strong><br>Entre os contemplados desta edi\u00e7\u00e3o est\u00e1 Kerolayne Barreto, vencedora do pr\u00eamio de R$ 30 mil. Ela n\u00e3o p\u00f4de estar presente na premia\u00e7\u00e3o, mas esteve representada pelo seu companheiro, o coordenador de Materiais, Richardson Silva, que comemorou bastante e elogiou os frutos que a campanha IPTU Premiado tem dado \u00e0 cidade de Manaus.<br><br>\u201cSabemos dos desafios de uma metr\u00f3pole como Manaus e da import\u00e2ncia de uma boa gest\u00e3o dos impostos municipais. A prefeitura vem realizando um trabalho sensacional. Vale a pena honrar nosso compromisso de cidad\u00e3o e ainda ser premiado\u201d, afirmou Richardson. Ele ressaltou que, com o pr\u00eamio, o Natal da fam\u00edlia ser\u00e1 \u201cainda mais especial\u201d.<\/p>\n\n\n\n<p>A campanha IPTU Premiado segue at\u00e9 dezembro, com novas oportunidades para contribuintes que mantiverem sua situa\u00e7\u00e3o fiscal regular junto ao munic\u00edpio.<\/p>\n\n\n\n<p>\u2014- \u2014- \u2014-<br><strong>Texto &#8211;<\/strong> Anderson Farias \/ Semef<br><strong>Fotos &#8211; <\/strong>Valdo Le\u00e3o \/ Semcom<br><strong>Dispon\u00edveis em &#8211; <\/strong><a href=\"https:\/\/flic.kr\/s\/aHBqjCB9g7\">https:\/\/flic.kr\/s\/aHBqjCB9g7<\/a><\/p>\n","protected":false},"excerpt":{"rendered":"","protected":false},"author":68,"featured_media":4738,"comment_status":"closed","ping_status":"closed","sticky":false,"template":"","format":"standard","meta":{"footnotes":""},"categories":[42],"tags":[650,651,14,80,16],"acf":[],"yoast_head":"<!-- This site is optimized with the Yoast SEO plugin v23.0 - https:\/\/yoast.com\/wordpress\/plugins\/seo\/ -->\n<title>Prefeitura entrega cheques simb\u00f3licos do IPTU Premiado<\/title>\n<meta name=\"description\" content=\"A Prefeitura de Manaus, realizou, nesta ter\u00e7a, a entrega dos cheques simb\u00f3licos aos ganhadores do oitavo sorteio do IPTU Premiado 2025.\" \/>\n<meta name=\"robots\" content=\"index, follow, max-snippet:-1, max-image-preview:large, max-video-preview:-1\" \/>\n<link rel=\"canonical\" href=\"https:\/\/www.manaus.am.gov.br\/semef\/2025\/11\/18\/iptu-premiado-3\/\" \/>\n<meta property=\"og:locale\" content=\"pt_BR\" \/>\n<meta property=\"og:type\" content=\"article\" \/>\n<meta property=\"og:title\" content=\"Prefeitura entrega cheques simb\u00f3licos do IPTU Premiado\" \/>\n<meta property=\"og:description\" content=\"A Prefeitura de Manaus, realizou, nesta ter\u00e7a, a entrega dos cheques simb\u00f3licos aos ganhadores do oitavo sorteio do IPTU Premiado 2025.\" \/>\n<meta property=\"og:url\" content=\"https:\/\/www.manaus.am.gov.br\/semef\/2025\/11\/18\/iptu-premiado-3\/\" \/>\n<meta property=\"og:site_name\" content=\"SEMEF\" \/>\n<meta property=\"article:published_time\" content=\"2025-11-18T19:50:11+00:00\" \/>\n<meta property=\"article:modified_time\" content=\"2025-11-18T19:50:13+00:00\" \/>\n<meta property=\"og:image\" content=\"https:\/\/www.manaus.am.gov.br\/semef\/wp-content\/uploads\/sites\/7\/2025\/11\/54932260584_d21d76a53b_c.jpg\" \/>\n\t<meta property=\"og:image:width\" content=\"799\" \/>\n\t<meta property=\"og:image:height\" content=\"533\" \/>\n\t<meta property=\"og:image:type\" content=\"image\/jpeg\" \/>\n<meta name=\"author\" content=\"bvalente\" \/>\n<meta name=\"twitter:card\" content=\"summary_large_image\" \/>\n<meta name=\"twitter:label1\" content=\"Written by\" \/>\n\t<meta name=\"twitter:data1\" content=\"bvalente\" \/>\n\t<meta name=\"twitter:label2\" content=\"Est. reading time\" \/>\n\t<meta name=\"twitter:data2\" content=\"3 minutos\" \/>\n<script type=\"application\/ld+json\" class=\"yoast-schema-graph\">{\"@context\":\"https:\/\/schema.org\",\"@graph\":[{\"@type\":\"WebPage\",\"@id\":\"https:\/\/www.manaus.am.gov.br\/semef\/2025\/11\/18\/iptu-premiado-3\/\",\"url\":\"https:\/\/www.manaus.am.gov.br\/semef\/2025\/11\/18\/iptu-premiado-3\/\",\"name\":\"Prefeitura entrega cheques simb\u00f3licos do IPTU Premiado\",\"isPartOf\":{\"@id\":\"https:\/\/www.manaus.am.gov.br\/semef\/#website\"},\"primaryImageOfPage\":{\"@id\":\"https:\/\/www.manaus.am.gov.br\/semef\/2025\/11\/18\/iptu-premiado-3\/#primaryimage\"},\"image\":{\"@id\":\"https:\/\/www.manaus.am.gov.br\/semef\/2025\/11\/18\/iptu-premiado-3\/#primaryimage\"},\"thumbnailUrl\":\"https:\/\/www.manaus.am.gov.br\/semef\/wp-content\/uploads\/sites\/7\/2025\/11\/54932260584_d21d76a53b_c.jpg\",\"datePublished\":\"2025-11-18T19:50:11+00:00\",\"dateModified\":\"2025-11-18T19:50:13+00:00\",\"author\":{\"@id\":\"https:\/\/www.manaus.am.gov.br\/semef\/#\/schema\/person\/466a0e03ae4b6062809046bd560ac955\"},\"description\":\"A Prefeitura de Manaus, realizou, nesta ter\u00e7a, a entrega dos cheques simb\u00f3licos aos ganhadores do oitavo sorteio do IPTU Premiado 2025.\",\"inLanguage\":\"pt-BR\",\"potentialAction\":[{\"@type\":\"ReadAction\",\"target\":[\"https:\/\/www.manaus.am.gov.br\/semef\/2025\/11\/18\/iptu-premiado-3\/\"]}]},{\"@type\":\"ImageObject\",\"inLanguage\":\"pt-BR\",\"@id\":\"https:\/\/www.manaus.am.gov.br\/semef\/2025\/11\/18\/iptu-premiado-3\/#primaryimage\",\"url\":\"https:\/\/www.manaus.am.gov.br\/semef\/wp-content\/uploads\/sites\/7\/2025\/11\/54932260584_d21d76a53b_c.jpg\",\"contentUrl\":\"https:\/\/www.manaus.am.gov.br\/semef\/wp-content\/uploads\/sites\/7\/2025\/11\/54932260584_d21d76a53b_c.jpg\",\"width\":799,\"height\":533,\"caption\":\"#paratodosverem \u2013 Ganhadores durante a entrega dos cheques simb\u00f3licos do oitavo sorteio do IPTU Premiado 2025\"},{\"@type\":\"WebSite\",\"@id\":\"https:\/\/www.manaus.am.gov.br\/semef\/#website\",\"url\":\"https:\/\/www.manaus.am.gov.br\/semef\/\",\"name\":\"SEMEF\",\"description\":\"Secretaria Municipal de Finan\u00e7as e Tecnologia da Informa\u00e7\u00e3o\",\"potentialAction\":[{\"@type\":\"SearchAction\",\"target\":{\"@type\":\"EntryPoint\",\"urlTemplate\":\"https:\/\/www.manaus.am.gov.br\/semef\/?s={search_term_string}\"},\"query-input\":\"required name=search_term_string\"}],\"inLanguage\":\"pt-BR\"},{\"@type\":\"Person\",\"@id\":\"https:\/\/www.manaus.am.gov.br\/semef\/#\/schema\/person\/466a0e03ae4b6062809046bd560ac955\",\"name\":\"bvalente\",\"image\":{\"@type\":\"ImageObject\",\"inLanguage\":\"pt-BR\",\"@id\":\"https:\/\/www.manaus.am.gov.br\/semef\/#\/schema\/person\/image\/\",\"url\":\"https:\/\/secure.gravatar.com\/avatar\/3e69bc2b014bdad41adfec3a39de07d2?s=96&d=mm&r=g\",\"contentUrl\":\"https:\/\/secure.gravatar.com\/avatar\/3e69bc2b014bdad41adfec3a39de07d2?s=96&d=mm&r=g\",\"caption\":\"bvalente\"}}]}<\/script>\n<!-- \/ Yoast SEO plugin. -->","yoast_head_json":{"title":"Prefeitura entrega cheques simb\u00f3licos do IPTU Premiado","description":"A Prefeitura de Manaus, realizou, nesta ter\u00e7a, a entrega dos cheques simb\u00f3licos aos ganhadores do oitavo sorteio do IPTU Premiado 2025.","robots":{"index":"index","follow":"follow","max-snippet":"max-snippet:-1","max-image-preview":"max-image-preview:large","max-video-preview":"max-video-preview:-1"},"canonical":"https:\/\/www.manaus.am.gov.br\/semef\/2025\/11\/18\/iptu-premiado-3\/","og_locale":"pt_BR","og_type":"article","og_title":"Prefeitura entrega cheques simb\u00f3licos do IPTU Premiado","og_description":"A Prefeitura de Manaus, realizou, nesta ter\u00e7a, a entrega dos cheques simb\u00f3licos aos ganhadores do oitavo sorteio do IPTU Premiado 2025.","og_url":"https:\/\/www.manaus.am.gov.br\/semef\/2025\/11\/18\/iptu-premiado-3\/","og_site_name":"SEMEF","article_published_time":"2025-11-18T19:50:11+00:00","article_modified_time":"2025-11-18T19:50:13+00:00","og_image":[{"width":799,"height":533,"url":"https:\/\/www.manaus.am.gov.br\/semef\/wp-content\/uploads\/sites\/7\/2025\/11\/54932260584_d21d76a53b_c.jpg","type":"image\/jpeg"}],"author":"bvalente","twitter_card":"summary_large_image","twitter_misc":{"Written by":"bvalente","Est. reading time":"3 minutos"},"schema":{"@context":"https:\/\/schema.org","@graph":[{"@type":"WebPage","@id":"https:\/\/www.manaus.am.gov.br\/semef\/2025\/11\/18\/iptu-premiado-3\/","url":"https:\/\/www.manaus.am.gov.br\/semef\/2025\/11\/18\/iptu-premiado-3\/","name":"Prefeitura entrega cheques simb\u00f3licos do IPTU Premiado","isPartOf":{"@id":"https:\/\/www.manaus.am.gov.br\/semef\/#website"},"primaryImageOfPage":{"@id":"https:\/\/www.manaus.am.gov.br\/semef\/2025\/11\/18\/iptu-premiado-3\/#primaryimage"},"image":{"@id":"https:\/\/www.manaus.am.gov.br\/semef\/2025\/11\/18\/iptu-premiado-3\/#primaryimage"},"thumbnailUrl":"https:\/\/www.manaus.am.gov.br\/semef\/wp-content\/uploads\/sites\/7\/2025\/11\/54932260584_d21d76a53b_c.jpg","datePublished":"2025-11-18T19:50:11+00:00","dateModified":"2025-11-18T19:50:13+00:00","author":{"@id":"https:\/\/www.manaus.am.gov.br\/semef\/#\/schema\/person\/466a0e03ae4b6062809046bd560ac955"},"description":"A Prefeitura de Manaus, realizou, nesta ter\u00e7a, a entrega dos cheques simb\u00f3licos aos ganhadores do oitavo sorteio do IPTU Premiado 2025.","inLanguage":"pt-BR","potentialAction":[{"@type":"ReadAction","target":["https:\/\/www.manaus.am.gov.br\/semef\/2025\/11\/18\/iptu-premiado-3\/"]}]},{"@type":"ImageObject","inLanguage":"pt-BR","@id":"https:\/\/www.manaus.am.gov.br\/semef\/2025\/11\/18\/iptu-premiado-3\/#primaryimage","url":"https:\/\/www.manaus.am.gov.br\/semef\/wp-content\/uploads\/sites\/7\/2025\/11\/54932260584_d21d76a53b_c.jpg","contentUrl":"https:\/\/www.manaus.am.gov.br\/semef\/wp-content\/uploads\/sites\/7\/2025\/11\/54932260584_d21d76a53b_c.jpg","width":799,"height":533,"caption":"#paratodosverem \u2013 Ganhadores durante a entrega dos cheques simb\u00f3licos do oitavo sorteio do IPTU Premiado 2025"},{"@type":"WebSite","@id":"https:\/\/www.manaus.am.gov.br\/semef\/#website","url":"https:\/\/www.manaus.am.gov.br\/semef\/","name":"SEMEF","description":"Secretaria Municipal de Finan\u00e7as e Tecnologia da Informa\u00e7\u00e3o","potentialAction":[{"@type":"SearchAction","target":{"@type":"EntryPoint","urlTemplate":"https:\/\/www.manaus.am.gov.br\/semef\/?s={search_term_string}"},"query-input":"required name=search_term_string"}],"inLanguage":"pt-BR"},{"@type":"Person","@id":"https:\/\/www.manaus.am.gov.br\/semef\/#\/schema\/person\/466a0e03ae4b6062809046bd560ac955","name":"bvalente","image":{"@type":"ImageObject","inLanguage":"pt-BR","@id":"https:\/\/www.manaus.am.gov.br\/semef\/#\/schema\/person\/image\/","url":"https:\/\/secure.gravatar.com\/avatar\/3e69bc2b014bdad41adfec3a39de07d2?s=96&d=mm&r=g","contentUrl":"https:\/\/secure.gravatar.com\/avatar\/3e69bc2b014bdad41adfec3a39de07d2?s=96&d=mm&r=g","caption":"bvalente"}}]}},"_links":{"self":[{"href":"https:\/\/www.manaus.am.gov.br\/semef\/wp-json\/wp\/v2\/posts\/4737"}],"collection":[{"href":"https:\/\/www.manaus.am.gov.br\/semef\/wp-json\/wp\/v2\/posts"}],"about":[{"href":"https:\/\/www.manaus.am.gov.br\/semef\/wp-json\/wp\/v2\/types\/post"}],"author":[{"embeddable":true,"href":"https:\/\/www.manaus.am.gov.br\/semef\/wp-json\/wp\/v2\/users\/68"}],"replies":[{"embeddable":true,"href":"https:\/\/www.manaus.am.gov.br\/semef\/wp-json\/wp\/v2\/comments?post=4737"}],"version-history":[{"count":0,"href":"https:\/\/www.manaus.am.gov.br\/semef\/wp-json\/wp\/v2\/posts\/4737\/revisions"}],"wp:featuredmedia":[{"embeddable":true,"href":"https:\/\/www.manaus.am.gov.br\/semef\/wp-json\/wp\/v2\/media\/4738"}],"wp:attachment":[{"href":"https:\/\/www.manaus.am.gov.br\/semef\/wp-json\/wp\/v2\/media?parent=4737"}],"wp:term":[{"taxonomy":"category","embeddable":true,"href":"https:\/\/www.manaus.am.gov.br\/semef\/wp-json\/wp\/v2\/categories?post=4737"},{"taxonomy":"post_tag","embeddable":true,"href":"https:\/\/www.manaus.am.gov.br\/semef\/wp-json\/wp\/v2\/tags?post=4737"}],"curies":[{"name":"wp","href":"https:\/\/api.w.org\/{rel}","templated":true}]}}