{"id":3950,"date":"2025-04-10T22:07:38","date_gmt":"2025-04-11T02:07:38","guid":{"rendered":"https:\/\/www.manaus.am.gov.br\/semef\/2025\/04\/10\/valorizacao-dos-servidores\/"},"modified":"2025-04-10T22:07:39","modified_gmt":"2025-04-11T02:07:39","slug":"valorizacao-dos-servidores","status":"publish","type":"post","link":"https:\/\/www.manaus.am.gov.br\/semef\/2025\/04\/10\/valorizacao-dos-servidores\/","title":{"rendered":"Prefeitura investe em modernidade, transpar\u00eancia e valoriza\u00e7\u00e3o dos servidores"},"content":{"rendered":"\n<p><br><br>Nos 100 primeiros dias da segunda gest\u00e3o do prefeito David Almeida, Manaus modernizou a administra\u00e7\u00e3o municipal, promoveu ainda mais transpar\u00eancia e valorizou os servidores. Entre os marcos est\u00e3o o lan\u00e7amento do aplicativo \u201cManaus Atende Digital\u201d e do \u201cAlvar\u00e1 da Constru\u00e7\u00e3o Civil Mais F\u00e1cil\u201d, que facilitam o acesso da popula\u00e7\u00e3o aos servi\u00e7os p\u00fablicos e tamb\u00e9m a recomposi\u00e7\u00e3o salarial e a unifica\u00e7\u00e3o das datas-bases das categorias da administra\u00e7\u00e3o direta e indireta<br><br>\u201cA excel\u00eancia administrativa \u00e9 uma busca constante da nossa gest\u00e3o. Queremos que o cidad\u00e3o tenha mais agilidade e praticidade ao acessar os servi\u00e7os da prefeitura, para isso buscamos criar novas plataformas e servi\u00e7os on-line, para que Manaus se torne verdadeiramente uma cidade digital\u201d, afirmou o prefeito David Almeida.<br><br>O aplicativo \u201cManaus Atende Digital\u201d foi idealizado pela Secretaria Municipal de Finan\u00e7as e Tecnologia da Inova\u00e7\u00e3o (Semef) com uma nova ferramenta permitindo \u00e0 popula\u00e7\u00e3o acesso a servi\u00e7os p\u00fablicos na palma de sua m\u00e3o, especialmente em dois servi\u00e7os essenciais: pagamento de tributos municipais e a ades\u00e3o ao IPTU Digital, com o segundo oferecendo desconto de 2% na fatura.<br><br>Com o IPTU Digital, a emiss\u00e3o de carn\u00eas ser\u00e1 reduzida, com o aplicativo sendo uma iniciativa sustent\u00e1vel. \u201cEstamos saindo da era anal\u00f3gica e entrando na era digital, promovendo n\u00e3o apenas uma revolu\u00e7\u00e3o tecnol\u00f3gica, mas tamb\u00e9m ambiental, ao reduzir significativamente o uso de papel\u201d, destacou o secret\u00e1rio da Semef, Cl\u00e9cio Freire.<br><br>O \u201cAlvar\u00e1 de Constru\u00e7\u00e3o Mais F\u00e1cil\u201d, sistema inovador desenvolvido pelo Instituto Municipal de Planejamento Urbano (Implurb), moderniza o processo de licenciamento urbano na cidade. O sistema \u00e9 inteiramente digital e autodeclarat\u00f3rio, oferecendo taxas reduzidas e emiss\u00e3o em at\u00e9 duas horas, para constru\u00e7\u00f5es de baixo impacto.\u00a0 O novo processo impacta diretamente 52% dos processos que tramitam no Implurb, atualmente, que levam at\u00e9 23 dias para serem aprovados.<br><br>O diretor-presidente do Implurb, Carlos Valente, destaca que j\u00e1 est\u00e1 em planejamento a amplia\u00e7\u00e3o do sistema. \u201cCom o Alvar\u00e1 de Constru\u00e7\u00e3o Mais F\u00e1cil, obras de at\u00e9 750 metros quadrados ter\u00e3o agilidade e menos burocracia. E tem mais: j\u00e1 estamos trabalhando para expandir este sistema para todas as obras e empreendimentos de Manaus\u201d, afirmou.<br><br><strong>Reajuste salarial<\/strong><br><br>Servidores sob Regime de Direito Administrativo (RDA), Consolida\u00e7\u00e3o das Leis do Trabalho (CLT) e \u00f3rg\u00e3os como a Controladoria-Geral do Munic\u00edpio (CGM), o Instituto Municipal de Mobilidade Urbana (IMMU), a Procuradoria-Geral do Munic\u00edpio (PGM), a Manaus Previd\u00eancia e a Semef receberam nestes 100 primeiros dias da segunda gest\u00e3o David Almeida a recomposi\u00e7\u00e3o salarial e a unifica\u00e7\u00e3o das datas-bases das categorias da administra\u00e7\u00e3o direta e indireta.<br><br>Segundo o secret\u00e1rio-chefe da Casa Civil, Marcos Rotta, a unifica\u00e7\u00e3o das datas-bases traz mais efici\u00eancia ao processo de reajuste salarial dos servidores. \u201cHoje, praticamente cada secretaria tem seu pr\u00f3prio calend\u00e1rio, o que gera discuss\u00f5es frequentes ao longo do ano. Agora, com a padroniza\u00e7\u00e3o, teremos uma \u00fanica negocia\u00e7\u00e3o geral, o que otimiza os tr\u00e2mites administrativos e reduz a burocracia. Apenas os servidores da Semsa (Secretaria Municipal de Sa\u00fade) e da Semed (Secretaria Municipal de Educa\u00e7\u00e3o) ter\u00e3o um calend\u00e1rio diferenciado, com a recomposi\u00e7\u00e3o prevista para junho\u201d, explicou Rotta.<br><br><strong>Nova sede da Ageman e UGPM Energia<\/strong><br><br>Outra a\u00e7\u00e3o de valoriza\u00e7\u00e3o dos servidores \u00e9 a entrega da nova sede da Ag\u00eancia Reguladora dos Servi\u00e7os P\u00fablicos Delegados do Munic\u00edpio de Manaus (Ageman) em um pr\u00e9dio na avenida Cosme Ferreira, bairro Aleixo, zona Centro-Sul, com \u00e1rea constru\u00edda de 854,53 metros quadrados. A mudan\u00e7a representa um avan\u00e7o para o funcionamento das institui\u00e7\u00f5es, garantindo um espa\u00e7o mais moderno, seguro e integrado para os servidores.<br><br>\u201cEssa nova estrutura fortalece ainda mais nosso trabalho, garantindo que possamos atuar com mais efici\u00eancia e assegurar que as empresas cumpram suas responsabilidades com a popula\u00e7\u00e3o\u201d, explicou o diretor-presidente da Ageman, Elson Ferreira.<br><br>Estas inova\u00e7\u00f5es refor\u00e7am o compromisso da Prefeitura de Manaus com a moderniza\u00e7\u00e3o dos servi\u00e7os p\u00fablicos, oferecendo mais praticidade aos cidad\u00e3os e consolidando Manaus como uma cidade cada vez mais digital e conectada.<\/p>\n\n\n\n<p>&#8212; &#8212; \u2013<br><strong>Texto \u2013 <\/strong>Divulga\u00e7\u00e3o \/ Semcom<br><strong>Fotos \u2013<\/strong> Arquivo \/ Semcom<\/p>\n","protected":false},"excerpt":{"rendered":"","protected":false},"author":68,"featured_media":3951,"comment_status":"closed","ping_status":"closed","sticky":false,"template":"","format":"standard","meta":{"footnotes":""},"categories":[514],"tags":[14,515,516],"acf":[],"yoast_head":"<!-- This site is optimized with the Yoast SEO plugin v23.0 - https:\/\/yoast.com\/wordpress\/plugins\/seo\/ -->\n<title>Prefeitura investe em modernidade, transpar\u00eancia e valoriza\u00e7\u00e3o dos servidores<\/title>\n<meta name=\"description\" content=\"Nos 100 primeiros dias da segunda gest\u00e3o do prefeito David Almeida, Manaus modernizou a administra\u00e7\u00e3o municipal, promoveu ainda mais transpar\u00eancia e valorizou os servidores. Entre os marcos est\u00e3o o lan\u00e7amento do aplicativo \u201cManaus Atende Digital\u201d e do \u201cAlvar\u00e1 da Constru\u00e7\u00e3o Civil Mais F\u00e1cil\u201d, que facilitam o acesso da popula\u00e7\u00e3o aos servi\u00e7os p\u00fablicos e tamb\u00e9m a recomposi\u00e7\u00e3o salarial e a unifica\u00e7\u00e3o das datas-bases das categorias da administra\u00e7\u00e3o direta e indireta.\" \/>\n<meta name=\"robots\" content=\"index, follow, max-snippet:-1, max-image-preview:large, max-video-preview:-1\" \/>\n<link rel=\"canonical\" href=\"https:\/\/www.manaus.am.gov.br\/semef\/2025\/04\/10\/valorizacao-dos-servidores\/\" \/>\n<meta property=\"og:locale\" content=\"pt_BR\" \/>\n<meta property=\"og:type\" content=\"article\" \/>\n<meta property=\"og:title\" content=\"Prefeitura investe em modernidade, transpar\u00eancia e valoriza\u00e7\u00e3o dos servidores\" \/>\n<meta property=\"og:description\" content=\"Nos 100 primeiros dias da segunda gest\u00e3o do prefeito David Almeida, Manaus modernizou a administra\u00e7\u00e3o municipal, promoveu ainda mais transpar\u00eancia e valorizou os servidores. Entre os marcos est\u00e3o o lan\u00e7amento do aplicativo \u201cManaus Atende Digital\u201d e do \u201cAlvar\u00e1 da Constru\u00e7\u00e3o Civil Mais F\u00e1cil\u201d, que facilitam o acesso da popula\u00e7\u00e3o aos servi\u00e7os p\u00fablicos e tamb\u00e9m a recomposi\u00e7\u00e3o salarial e a unifica\u00e7\u00e3o das datas-bases das categorias da administra\u00e7\u00e3o direta e indireta.\" \/>\n<meta property=\"og:url\" content=\"https:\/\/www.manaus.am.gov.br\/semef\/2025\/04\/10\/valorizacao-dos-servidores\/\" \/>\n<meta property=\"og:site_name\" content=\"SEMEF\" \/>\n<meta property=\"article:published_time\" content=\"2025-04-11T02:07:38+00:00\" \/>\n<meta property=\"article:modified_time\" content=\"2025-04-11T02:07:39+00:00\" \/>\n<meta property=\"og:image\" content=\"https:\/\/www.manaus.am.gov.br\/semef\/wp-content\/uploads\/sites\/7\/2025\/04\/WhatsApp-Image-2025-04-10-at-21.58.30.jpeg\" \/>\n\t<meta property=\"og:image:width\" content=\"799\" \/>\n\t<meta property=\"og:image:height\" content=\"533\" \/>\n\t<meta property=\"og:image:type\" content=\"image\/jpeg\" \/>\n<meta name=\"author\" content=\"bvalente\" \/>\n<meta name=\"twitter:card\" content=\"summary_large_image\" \/>\n<meta name=\"twitter:label1\" content=\"Written by\" \/>\n\t<meta name=\"twitter:data1\" content=\"bvalente\" \/>\n\t<meta name=\"twitter:label2\" content=\"Est. reading time\" \/>\n\t<meta name=\"twitter:data2\" content=\"4 minutos\" \/>\n<script type=\"application\/ld+json\" class=\"yoast-schema-graph\">{\"@context\":\"https:\/\/schema.org\",\"@graph\":[{\"@type\":\"WebPage\",\"@id\":\"https:\/\/www.manaus.am.gov.br\/semef\/2025\/04\/10\/valorizacao-dos-servidores\/\",\"url\":\"https:\/\/www.manaus.am.gov.br\/semef\/2025\/04\/10\/valorizacao-dos-servidores\/\",\"name\":\"Prefeitura investe em modernidade, transpar\u00eancia e valoriza\u00e7\u00e3o dos servidores\",\"isPartOf\":{\"@id\":\"https:\/\/www.manaus.am.gov.br\/semef\/#website\"},\"primaryImageOfPage\":{\"@id\":\"https:\/\/www.manaus.am.gov.br\/semef\/2025\/04\/10\/valorizacao-dos-servidores\/#primaryimage\"},\"image\":{\"@id\":\"https:\/\/www.manaus.am.gov.br\/semef\/2025\/04\/10\/valorizacao-dos-servidores\/#primaryimage\"},\"thumbnailUrl\":\"https:\/\/www.manaus.am.gov.br\/semef\/wp-content\/uploads\/sites\/7\/2025\/04\/WhatsApp-Image-2025-04-10-at-21.58.30.jpeg\",\"datePublished\":\"2025-04-11T02:07:38+00:00\",\"dateModified\":\"2025-04-11T02:07:39+00:00\",\"author\":{\"@id\":\"https:\/\/www.manaus.am.gov.br\/semef\/#\/schema\/person\/466a0e03ae4b6062809046bd560ac955\"},\"description\":\"Nos 100 primeiros dias da segunda gest\u00e3o do prefeito David Almeida, Manaus modernizou a administra\u00e7\u00e3o municipal, promoveu ainda mais transpar\u00eancia e valorizou os servidores. Entre os marcos est\u00e3o o lan\u00e7amento do aplicativo \u201cManaus Atende Digital\u201d e do \u201cAlvar\u00e1 da Constru\u00e7\u00e3o Civil Mais F\u00e1cil\u201d, que facilitam o acesso da popula\u00e7\u00e3o aos servi\u00e7os p\u00fablicos e tamb\u00e9m a recomposi\u00e7\u00e3o salarial e a unifica\u00e7\u00e3o das datas-bases das categorias da administra\u00e7\u00e3o direta e indireta.\",\"inLanguage\":\"pt-BR\",\"potentialAction\":[{\"@type\":\"ReadAction\",\"target\":[\"https:\/\/www.manaus.am.gov.br\/semef\/2025\/04\/10\/valorizacao-dos-servidores\/\"]}]},{\"@type\":\"ImageObject\",\"inLanguage\":\"pt-BR\",\"@id\":\"https:\/\/www.manaus.am.gov.br\/semef\/2025\/04\/10\/valorizacao-dos-servidores\/#primaryimage\",\"url\":\"https:\/\/www.manaus.am.gov.br\/semef\/wp-content\/uploads\/sites\/7\/2025\/04\/WhatsApp-Image-2025-04-10-at-21.58.30.jpeg\",\"contentUrl\":\"https:\/\/www.manaus.am.gov.br\/semef\/wp-content\/uploads\/sites\/7\/2025\/04\/WhatsApp-Image-2025-04-10-at-21.58.30.jpeg\",\"width\":799,\"height\":533},{\"@type\":\"WebSite\",\"@id\":\"https:\/\/www.manaus.am.gov.br\/semef\/#website\",\"url\":\"https:\/\/www.manaus.am.gov.br\/semef\/\",\"name\":\"SEMEF\",\"description\":\"Secretaria Municipal de Finan\u00e7as e Tecnologia da Informa\u00e7\u00e3o\",\"potentialAction\":[{\"@type\":\"SearchAction\",\"target\":{\"@type\":\"EntryPoint\",\"urlTemplate\":\"https:\/\/www.manaus.am.gov.br\/semef\/?s={search_term_string}\"},\"query-input\":\"required name=search_term_string\"}],\"inLanguage\":\"pt-BR\"},{\"@type\":\"Person\",\"@id\":\"https:\/\/www.manaus.am.gov.br\/semef\/#\/schema\/person\/466a0e03ae4b6062809046bd560ac955\",\"name\":\"bvalente\",\"image\":{\"@type\":\"ImageObject\",\"inLanguage\":\"pt-BR\",\"@id\":\"https:\/\/www.manaus.am.gov.br\/semef\/#\/schema\/person\/image\/\",\"url\":\"https:\/\/secure.gravatar.com\/avatar\/3e69bc2b014bdad41adfec3a39de07d2?s=96&d=mm&r=g\",\"contentUrl\":\"https:\/\/secure.gravatar.com\/avatar\/3e69bc2b014bdad41adfec3a39de07d2?s=96&d=mm&r=g\",\"caption\":\"bvalente\"}}]}<\/script>\n<!-- \/ Yoast SEO plugin. -->","yoast_head_json":{"title":"Prefeitura investe em modernidade, transpar\u00eancia e valoriza\u00e7\u00e3o dos servidores","description":"Nos 100 primeiros dias da segunda gest\u00e3o do prefeito David Almeida, Manaus modernizou a administra\u00e7\u00e3o municipal, promoveu ainda mais transpar\u00eancia e valorizou os servidores. Entre os marcos est\u00e3o o lan\u00e7amento do aplicativo \u201cManaus Atende Digital\u201d e do \u201cAlvar\u00e1 da Constru\u00e7\u00e3o Civil Mais F\u00e1cil\u201d, que facilitam o acesso da popula\u00e7\u00e3o aos servi\u00e7os p\u00fablicos e tamb\u00e9m a recomposi\u00e7\u00e3o salarial e a unifica\u00e7\u00e3o das datas-bases das categorias da administra\u00e7\u00e3o direta e indireta.","robots":{"index":"index","follow":"follow","max-snippet":"max-snippet:-1","max-image-preview":"max-image-preview:large","max-video-preview":"max-video-preview:-1"},"canonical":"https:\/\/www.manaus.am.gov.br\/semef\/2025\/04\/10\/valorizacao-dos-servidores\/","og_locale":"pt_BR","og_type":"article","og_title":"Prefeitura investe em modernidade, transpar\u00eancia e valoriza\u00e7\u00e3o dos servidores","og_description":"Nos 100 primeiros dias da segunda gest\u00e3o do prefeito David Almeida, Manaus modernizou a administra\u00e7\u00e3o municipal, promoveu ainda mais transpar\u00eancia e valorizou os servidores. Entre os marcos est\u00e3o o lan\u00e7amento do aplicativo \u201cManaus Atende Digital\u201d e do \u201cAlvar\u00e1 da Constru\u00e7\u00e3o Civil Mais F\u00e1cil\u201d, que facilitam o acesso da popula\u00e7\u00e3o aos servi\u00e7os p\u00fablicos e tamb\u00e9m a recomposi\u00e7\u00e3o salarial e a unifica\u00e7\u00e3o das datas-bases das categorias da administra\u00e7\u00e3o direta e indireta.","og_url":"https:\/\/www.manaus.am.gov.br\/semef\/2025\/04\/10\/valorizacao-dos-servidores\/","og_site_name":"SEMEF","article_published_time":"2025-04-11T02:07:38+00:00","article_modified_time":"2025-04-11T02:07:39+00:00","og_image":[{"width":799,"height":533,"url":"https:\/\/www.manaus.am.gov.br\/semef\/wp-content\/uploads\/sites\/7\/2025\/04\/WhatsApp-Image-2025-04-10-at-21.58.30.jpeg","type":"image\/jpeg"}],"author":"bvalente","twitter_card":"summary_large_image","twitter_misc":{"Written by":"bvalente","Est. reading time":"4 minutos"},"schema":{"@context":"https:\/\/schema.org","@graph":[{"@type":"WebPage","@id":"https:\/\/www.manaus.am.gov.br\/semef\/2025\/04\/10\/valorizacao-dos-servidores\/","url":"https:\/\/www.manaus.am.gov.br\/semef\/2025\/04\/10\/valorizacao-dos-servidores\/","name":"Prefeitura investe em modernidade, transpar\u00eancia e valoriza\u00e7\u00e3o dos servidores","isPartOf":{"@id":"https:\/\/www.manaus.am.gov.br\/semef\/#website"},"primaryImageOfPage":{"@id":"https:\/\/www.manaus.am.gov.br\/semef\/2025\/04\/10\/valorizacao-dos-servidores\/#primaryimage"},"image":{"@id":"https:\/\/www.manaus.am.gov.br\/semef\/2025\/04\/10\/valorizacao-dos-servidores\/#primaryimage"},"thumbnailUrl":"https:\/\/www.manaus.am.gov.br\/semef\/wp-content\/uploads\/sites\/7\/2025\/04\/WhatsApp-Image-2025-04-10-at-21.58.30.jpeg","datePublished":"2025-04-11T02:07:38+00:00","dateModified":"2025-04-11T02:07:39+00:00","author":{"@id":"https:\/\/www.manaus.am.gov.br\/semef\/#\/schema\/person\/466a0e03ae4b6062809046bd560ac955"},"description":"Nos 100 primeiros dias da segunda gest\u00e3o do prefeito David Almeida, Manaus modernizou a administra\u00e7\u00e3o municipal, promoveu ainda mais transpar\u00eancia e valorizou os servidores. Entre os marcos est\u00e3o o lan\u00e7amento do aplicativo \u201cManaus Atende Digital\u201d e do \u201cAlvar\u00e1 da Constru\u00e7\u00e3o Civil Mais F\u00e1cil\u201d, que facilitam o acesso da popula\u00e7\u00e3o aos servi\u00e7os p\u00fablicos e tamb\u00e9m a recomposi\u00e7\u00e3o salarial e a unifica\u00e7\u00e3o das datas-bases das categorias da administra\u00e7\u00e3o direta e indireta.","inLanguage":"pt-BR","potentialAction":[{"@type":"ReadAction","target":["https:\/\/www.manaus.am.gov.br\/semef\/2025\/04\/10\/valorizacao-dos-servidores\/"]}]},{"@type":"ImageObject","inLanguage":"pt-BR","@id":"https:\/\/www.manaus.am.gov.br\/semef\/2025\/04\/10\/valorizacao-dos-servidores\/#primaryimage","url":"https:\/\/www.manaus.am.gov.br\/semef\/wp-content\/uploads\/sites\/7\/2025\/04\/WhatsApp-Image-2025-04-10-at-21.58.30.jpeg","contentUrl":"https:\/\/www.manaus.am.gov.br\/semef\/wp-content\/uploads\/sites\/7\/2025\/04\/WhatsApp-Image-2025-04-10-at-21.58.30.jpeg","width":799,"height":533},{"@type":"WebSite","@id":"https:\/\/www.manaus.am.gov.br\/semef\/#website","url":"https:\/\/www.manaus.am.gov.br\/semef\/","name":"SEMEF","description":"Secretaria Municipal de Finan\u00e7as e Tecnologia da Informa\u00e7\u00e3o","potentialAction":[{"@type":"SearchAction","target":{"@type":"EntryPoint","urlTemplate":"https:\/\/www.manaus.am.gov.br\/semef\/?s={search_term_string}"},"query-input":"required name=search_term_string"}],"inLanguage":"pt-BR"},{"@type":"Person","@id":"https:\/\/www.manaus.am.gov.br\/semef\/#\/schema\/person\/466a0e03ae4b6062809046bd560ac955","name":"bvalente","image":{"@type":"ImageObject","inLanguage":"pt-BR","@id":"https:\/\/www.manaus.am.gov.br\/semef\/#\/schema\/person\/image\/","url":"https:\/\/secure.gravatar.com\/avatar\/3e69bc2b014bdad41adfec3a39de07d2?s=96&d=mm&r=g","contentUrl":"https:\/\/secure.gravatar.com\/avatar\/3e69bc2b014bdad41adfec3a39de07d2?s=96&d=mm&r=g","caption":"bvalente"}}]}},"_links":{"self":[{"href":"https:\/\/www.manaus.am.gov.br\/semef\/wp-json\/wp\/v2\/posts\/3950"}],"collection":[{"href":"https:\/\/www.manaus.am.gov.br\/semef\/wp-json\/wp\/v2\/posts"}],"about":[{"href":"https:\/\/www.manaus.am.gov.br\/semef\/wp-json\/wp\/v2\/types\/post"}],"author":[{"embeddable":true,"href":"https:\/\/www.manaus.am.gov.br\/semef\/wp-json\/wp\/v2\/users\/68"}],"replies":[{"embeddable":true,"href":"https:\/\/www.manaus.am.gov.br\/semef\/wp-json\/wp\/v2\/comments?post=3950"}],"version-history":[{"count":0,"href":"https:\/\/www.manaus.am.gov.br\/semef\/wp-json\/wp\/v2\/posts\/3950\/revisions"}],"wp:featuredmedia":[{"embeddable":true,"href":"https:\/\/www.manaus.am.gov.br\/semef\/wp-json\/wp\/v2\/media\/3951"}],"wp:attachment":[{"href":"https:\/\/www.manaus.am.gov.br\/semef\/wp-json\/wp\/v2\/media?parent=3950"}],"wp:term":[{"taxonomy":"category","embeddable":true,"href":"https:\/\/www.manaus.am.gov.br\/semef\/wp-json\/wp\/v2\/categories?post=3950"},{"taxonomy":"post_tag","embeddable":true,"href":"https:\/\/www.manaus.am.gov.br\/semef\/wp-json\/wp\/v2\/tags?post=3950"}],"curies":[{"name":"wp","href":"https:\/\/api.w.org\/{rel}","templated":true}]}}