{"id":3791,"date":"2025-02-20T15:05:30","date_gmt":"2025-02-20T19:05:30","guid":{"rendered":"https:\/\/www.manaus.am.gov.br\/semef\/2025\/02\/20\/manaus-atende-digital-david-almeida\/"},"modified":"2025-02-20T15:11:04","modified_gmt":"2025-02-20T19:11:04","slug":"manaus-atende-digital-david-almeida","status":"publish","type":"post","link":"https:\/\/www.manaus.am.gov.br\/semef\/2025\/02\/20\/manaus-atende-digital-david-almeida\/","title":{"rendered":"Prefeito David Almeida lan\u00e7a aplicativo \u201cManaus Atende Digital\u201d para modernizar servi\u00e7os municipais"},"content":{"rendered":"\n<p>Em mais um passo rumo \u00e0 moderniza\u00e7\u00e3o da gest\u00e3o p\u00fablica, o prefeito de <a href=\"https:\/\/www.instagram.com\/prefeiturademanaus\/\">Manaus<\/a>, David Almeida, lan\u00e7ou, nesta quinta-feira, 20\/2, o aplicativo \u201cManaus Atende Digital\u201d, no audit\u00f3rio Isabel Victoria de Mattos Pereira do Carmo Ribeiro, localizado na sede da prefeitura, no bairro Compensa, zona Oeste de Manaus. A nova ferramenta digital permite aos cidad\u00e3os acessarem servi\u00e7os municipais de forma r\u00e1pida, segura e sem a necessidade de deslocamento at\u00e9 as unidades f\u00edsicas.<\/p>\n\n\n\n<p>O aplicativo est\u00e1 dispon\u00edvel para download nas plataformas Google Play (Android) e Apple Store (iOS), oferecendo, inicialmente, dois servi\u00e7os essenciais: o pagamento de tributos municipais e a ades\u00e3o ao IPTU Digital, e vai entrar em funcionamento a partir deste s\u00e1bado, 22\/2.<\/p>\n\n\n\n<p>Durante o evento, o prefeito David Almeida destacou os benef\u00edcios da inova\u00e7\u00e3o, ressaltando a praticidade do sistema e a amplia\u00e7\u00e3o dos descontos para quem optar pelo uso do aplicativo.<\/p>\n\n\n\n<p>\u201cCom o aplicativo \u2018Manaus Atende Digital\u2019, estamos trazendo mais agilidade e praticidade para o servi\u00e7o de cobran\u00e7a. Agora, voc\u00ea pode resolver tudo de forma digital, diretamente da sua casa, na palma da sua m\u00e3o. E tem mais, estamos ampliando os benef\u00edcios para voc\u00ea. Os descontos, que antes eram de 10%, agora passam para 12% para quem realiza o cadastro pelo aplicativo\u201d, afirmou o prefeito.<\/p>\n\n\n\n<p>Al\u00e9m de facilitar a emiss\u00e3o de guias de pagamento, o IPTU Digital surge como uma op\u00e7\u00e3o sustent\u00e1vel e vantajosa. Os contribuintes que aderirem \u00e0 nova modalidade at\u00e9 o dia 30 de mar\u00e7o de 2025 ter\u00e3o um desconto adicional de 2% sobre o imposto do deste ano. Ap\u00f3s essa data, o benef\u00edcio ser\u00e1 aplicado no IPTU de 2026.<\/p>\n\n\n\n<p>O desconto do IPTU Digital \u00e9 v\u00e1lido para pagamento parcelado e pode ser somado ao abatimento de 10% j\u00e1 concedido para quem paga em cota \u00fanica os impostos de im\u00f3veis residenciais.<\/p>\n\n\n\n<p>O titular da <a href=\"https:\/\/www.manaus.am.gov.br\/semef\/\">Secretaria Municipal de Finan\u00e7as e Tecnologia da Informa\u00e7\u00e3o (Semef)<\/a>, Cl\u00e9cio Freire, enfatizou que o lan\u00e7amento do aplicativo \u00e9 um marco na transforma\u00e7\u00e3o digital da gest\u00e3o do prefeito David Almeida.<\/p>\n\n\n\n<p>\u201cQuando o prefeito me chamou, ele disse: \u2018N\u00f3s n\u00e3o vamos fazer gest\u00e3o, n\u00f3s vamos fazer hist\u00f3ria.\u2019 E \u00e9 exatamente isso que estamos celebrando hoje: mais uma etapa dessa trajet\u00f3ria transformadora. Estamos saindo da era anal\u00f3gica e entrando na era digital, promovendo n\u00e3o apenas uma revolu\u00e7\u00e3o tecnol\u00f3gica, mas tamb\u00e9m ambiental, ao reduzir significativamente o uso de papel\u201d, destacou Freire.<\/p>\n\n\n\n<p>Segundo o secret\u00e1rio, a proposta \u00e9 ampliar gradualmente os servi\u00e7os dispon\u00edveis no aplicativo, proporcionando aos cidad\u00e3os uma experi\u00eancia mais eficiente e sustent\u00e1vel.<\/p>\n\n\n\n<p>O subsecret\u00e1rio de Receita da Semef, Arm\u00ednio Pontes, informou que a popula\u00e7\u00e3o ter\u00e1 acesso ao \u201cManaus Atende Digital\u201d por meio do CPF.<\/p>\n\n\n\n<p>\u201cPara come\u00e7ar a usar, basta fazer o cadastro com o CPF. Ap\u00f3s isso, todos os IPTUs vinculados \u00e0 pessoa ser\u00e3o exibidos na tela, permitindo que o contribuinte visualize e pague seus boletos de forma r\u00e1pida e descomplicada. Inicialmente, o aplicativo oferecer\u00e1 dois servi\u00e7os, mas, em breve, dezenas de funcionalidades estar\u00e3o dispon\u00edveis gratuitamente, permitindo que os cidad\u00e3os resolvam suas demandas de qualquer lugar\u201d, explicou Pontes.<\/p>\n\n\n\n<p>Com essa iniciativa, a gest\u00e3o do prefeito David Almeida refor\u00e7a seu compromisso com a moderniza\u00e7\u00e3o dos servi\u00e7os p\u00fablicos, proporcionando mais praticidade aos cidad\u00e3os e consolidando Manaus como uma cidade cada vez mais digital e conectada.<\/p>\n\n\n\n<p>&#8212; &#8212; &#8212;<\/p>\n\n\n\n<p><strong>Texto &#8211;<\/strong> D\u00e1rio Avelino \/ Semcom<\/p>\n\n\n\n<p><strong>Foto &#8211;<\/strong> Dhyeizo Lemos \/ Semcom<\/p>\n\n\n\n<p><strong>Dispon\u00edveis em <\/strong>\u2013 <a href=\"https:\/\/flic.kr\/s\/aHBqjC37CN\">https:\/\/flic.kr\/s\/aHBqjC37CN<\/a><\/p>\n","protected":false},"excerpt":{"rendered":"","protected":false},"author":57,"featured_media":3792,"comment_status":"closed","ping_status":"closed","sticky":false,"template":"","format":"standard","meta":{"footnotes":""},"categories":[415],"tags":[12,472,14,16],"acf":[],"yoast_head":"<!-- This site is optimized with the Yoast SEO plugin v23.0 - https:\/\/yoast.com\/wordpress\/plugins\/seo\/ -->\n<title>David Almeida lan\u00e7a aplicativo \u201cManaus Atende Digital\u201d<\/title>\n<meta name=\"description\" content=\"David Almeida, lan\u00e7ou o aplicativo \u201cManaus Atende Digital\u201d que permite aos cidad\u00e3os acessarem servi\u00e7os municipais de forma r\u00e1pida e segura.\" \/>\n<meta name=\"robots\" content=\"index, follow, max-snippet:-1, max-image-preview:large, max-video-preview:-1\" \/>\n<link rel=\"canonical\" href=\"https:\/\/www.manaus.am.gov.br\/semef\/2025\/02\/20\/manaus-atende-digital-david-almeida\/\" \/>\n<meta property=\"og:locale\" content=\"pt_BR\" \/>\n<meta property=\"og:type\" content=\"article\" \/>\n<meta property=\"og:title\" content=\"David Almeida lan\u00e7a aplicativo \u201cManaus Atende Digital\u201d\" \/>\n<meta property=\"og:description\" content=\"David Almeida, lan\u00e7ou o aplicativo \u201cManaus Atende Digital\u201d que permite aos cidad\u00e3os acessarem servi\u00e7os municipais de forma r\u00e1pida e segura.\" \/>\n<meta property=\"og:url\" content=\"https:\/\/www.manaus.am.gov.br\/semef\/2025\/02\/20\/manaus-atende-digital-david-almeida\/\" \/>\n<meta property=\"og:site_name\" content=\"SEMEF\" \/>\n<meta property=\"article:published_time\" content=\"2025-02-20T19:05:30+00:00\" \/>\n<meta property=\"article:modified_time\" content=\"2025-02-20T19:11:04+00:00\" \/>\n<meta property=\"og:image\" content=\"https:\/\/www.manaus.am.gov.br\/semef\/wp-content\/uploads\/sites\/7\/2025\/02\/Manaus-Atende-Digital-3.jpg\" \/>\n\t<meta property=\"og:image:width\" content=\"799\" \/>\n\t<meta property=\"og:image:height\" content=\"533\" \/>\n\t<meta property=\"og:image:type\" content=\"image\/jpeg\" \/>\n<meta name=\"author\" content=\"Thiago Fernando\" \/>\n<meta name=\"twitter:card\" content=\"summary_large_image\" \/>\n<meta name=\"twitter:label1\" content=\"Written by\" \/>\n\t<meta name=\"twitter:data1\" content=\"Thiago Fernando\" \/>\n\t<meta name=\"twitter:label2\" content=\"Est. reading time\" \/>\n\t<meta name=\"twitter:data2\" content=\"4 minutos\" \/>\n<script type=\"application\/ld+json\" class=\"yoast-schema-graph\">{\"@context\":\"https:\/\/schema.org\",\"@graph\":[{\"@type\":\"WebPage\",\"@id\":\"https:\/\/www.manaus.am.gov.br\/semef\/2025\/02\/20\/manaus-atende-digital-david-almeida\/\",\"url\":\"https:\/\/www.manaus.am.gov.br\/semef\/2025\/02\/20\/manaus-atende-digital-david-almeida\/\",\"name\":\"David Almeida lan\u00e7a aplicativo \u201cManaus Atende Digital\u201d\",\"isPartOf\":{\"@id\":\"https:\/\/www.manaus.am.gov.br\/semef\/#website\"},\"primaryImageOfPage\":{\"@id\":\"https:\/\/www.manaus.am.gov.br\/semef\/2025\/02\/20\/manaus-atende-digital-david-almeida\/#primaryimage\"},\"image\":{\"@id\":\"https:\/\/www.manaus.am.gov.br\/semef\/2025\/02\/20\/manaus-atende-digital-david-almeida\/#primaryimage\"},\"thumbnailUrl\":\"https:\/\/www.manaus.am.gov.br\/semef\/wp-content\/uploads\/sites\/7\/2025\/02\/Manaus-Atende-Digital-3.jpg\",\"datePublished\":\"2025-02-20T19:05:30+00:00\",\"dateModified\":\"2025-02-20T19:11:04+00:00\",\"author\":{\"@id\":\"https:\/\/www.manaus.am.gov.br\/semef\/#\/schema\/person\/a5ee5376db6e21af026374b369f30882\"},\"description\":\"David Almeida, lan\u00e7ou o aplicativo \u201cManaus Atende Digital\u201d que permite aos cidad\u00e3os acessarem servi\u00e7os municipais de forma r\u00e1pida e segura.\",\"inLanguage\":\"pt-BR\",\"potentialAction\":[{\"@type\":\"ReadAction\",\"target\":[\"https:\/\/www.manaus.am.gov.br\/semef\/2025\/02\/20\/manaus-atende-digital-david-almeida\/\"]}]},{\"@type\":\"ImageObject\",\"inLanguage\":\"pt-BR\",\"@id\":\"https:\/\/www.manaus.am.gov.br\/semef\/2025\/02\/20\/manaus-atende-digital-david-almeida\/#primaryimage\",\"url\":\"https:\/\/www.manaus.am.gov.br\/semef\/wp-content\/uploads\/sites\/7\/2025\/02\/Manaus-Atende-Digital-3.jpg\",\"contentUrl\":\"https:\/\/www.manaus.am.gov.br\/semef\/wp-content\/uploads\/sites\/7\/2025\/02\/Manaus-Atende-Digital-3.jpg\",\"width\":799,\"height\":533,\"caption\":\"#paratodosverem - David Almeida no lan\u00e7amento do novo aplicativo\"},{\"@type\":\"WebSite\",\"@id\":\"https:\/\/www.manaus.am.gov.br\/semef\/#website\",\"url\":\"https:\/\/www.manaus.am.gov.br\/semef\/\",\"name\":\"SEMEF\",\"description\":\"Secretaria Municipal de Finan\u00e7as e Tecnologia da Informa\u00e7\u00e3o\",\"potentialAction\":[{\"@type\":\"SearchAction\",\"target\":{\"@type\":\"EntryPoint\",\"urlTemplate\":\"https:\/\/www.manaus.am.gov.br\/semef\/?s={search_term_string}\"},\"query-input\":\"required name=search_term_string\"}],\"inLanguage\":\"pt-BR\"},{\"@type\":\"Person\",\"@id\":\"https:\/\/www.manaus.am.gov.br\/semef\/#\/schema\/person\/a5ee5376db6e21af026374b369f30882\",\"name\":\"Thiago Fernando\",\"image\":{\"@type\":\"ImageObject\",\"inLanguage\":\"pt-BR\",\"@id\":\"https:\/\/www.manaus.am.gov.br\/semef\/#\/schema\/person\/image\/\",\"url\":\"https:\/\/secure.gravatar.com\/avatar\/f5aab8722444041451501c077052ac07?s=96&d=mm&r=g\",\"contentUrl\":\"https:\/\/secure.gravatar.com\/avatar\/f5aab8722444041451501c077052ac07?s=96&d=mm&r=g\",\"caption\":\"Thiago Fernando\"}}]}<\/script>\n<!-- \/ Yoast SEO plugin. -->","yoast_head_json":{"title":"David Almeida lan\u00e7a aplicativo \u201cManaus Atende Digital\u201d","description":"David Almeida, lan\u00e7ou o aplicativo \u201cManaus Atende Digital\u201d que permite aos cidad\u00e3os acessarem servi\u00e7os municipais de forma r\u00e1pida e segura.","robots":{"index":"index","follow":"follow","max-snippet":"max-snippet:-1","max-image-preview":"max-image-preview:large","max-video-preview":"max-video-preview:-1"},"canonical":"https:\/\/www.manaus.am.gov.br\/semef\/2025\/02\/20\/manaus-atende-digital-david-almeida\/","og_locale":"pt_BR","og_type":"article","og_title":"David Almeida lan\u00e7a aplicativo \u201cManaus Atende Digital\u201d","og_description":"David Almeida, lan\u00e7ou o aplicativo \u201cManaus Atende Digital\u201d que permite aos cidad\u00e3os acessarem servi\u00e7os municipais de forma r\u00e1pida e segura.","og_url":"https:\/\/www.manaus.am.gov.br\/semef\/2025\/02\/20\/manaus-atende-digital-david-almeida\/","og_site_name":"SEMEF","article_published_time":"2025-02-20T19:05:30+00:00","article_modified_time":"2025-02-20T19:11:04+00:00","og_image":[{"width":799,"height":533,"url":"https:\/\/www.manaus.am.gov.br\/semef\/wp-content\/uploads\/sites\/7\/2025\/02\/Manaus-Atende-Digital-3.jpg","type":"image\/jpeg"}],"author":"Thiago Fernando","twitter_card":"summary_large_image","twitter_misc":{"Written by":"Thiago Fernando","Est. reading time":"4 minutos"},"schema":{"@context":"https:\/\/schema.org","@graph":[{"@type":"WebPage","@id":"https:\/\/www.manaus.am.gov.br\/semef\/2025\/02\/20\/manaus-atende-digital-david-almeida\/","url":"https:\/\/www.manaus.am.gov.br\/semef\/2025\/02\/20\/manaus-atende-digital-david-almeida\/","name":"David Almeida lan\u00e7a aplicativo \u201cManaus Atende Digital\u201d","isPartOf":{"@id":"https:\/\/www.manaus.am.gov.br\/semef\/#website"},"primaryImageOfPage":{"@id":"https:\/\/www.manaus.am.gov.br\/semef\/2025\/02\/20\/manaus-atende-digital-david-almeida\/#primaryimage"},"image":{"@id":"https:\/\/www.manaus.am.gov.br\/semef\/2025\/02\/20\/manaus-atende-digital-david-almeida\/#primaryimage"},"thumbnailUrl":"https:\/\/www.manaus.am.gov.br\/semef\/wp-content\/uploads\/sites\/7\/2025\/02\/Manaus-Atende-Digital-3.jpg","datePublished":"2025-02-20T19:05:30+00:00","dateModified":"2025-02-20T19:11:04+00:00","author":{"@id":"https:\/\/www.manaus.am.gov.br\/semef\/#\/schema\/person\/a5ee5376db6e21af026374b369f30882"},"description":"David Almeida, lan\u00e7ou o aplicativo \u201cManaus Atende Digital\u201d que permite aos cidad\u00e3os acessarem servi\u00e7os municipais de forma r\u00e1pida e segura.","inLanguage":"pt-BR","potentialAction":[{"@type":"ReadAction","target":["https:\/\/www.manaus.am.gov.br\/semef\/2025\/02\/20\/manaus-atende-digital-david-almeida\/"]}]},{"@type":"ImageObject","inLanguage":"pt-BR","@id":"https:\/\/www.manaus.am.gov.br\/semef\/2025\/02\/20\/manaus-atende-digital-david-almeida\/#primaryimage","url":"https:\/\/www.manaus.am.gov.br\/semef\/wp-content\/uploads\/sites\/7\/2025\/02\/Manaus-Atende-Digital-3.jpg","contentUrl":"https:\/\/www.manaus.am.gov.br\/semef\/wp-content\/uploads\/sites\/7\/2025\/02\/Manaus-Atende-Digital-3.jpg","width":799,"height":533,"caption":"#paratodosverem - David Almeida no lan\u00e7amento do novo aplicativo"},{"@type":"WebSite","@id":"https:\/\/www.manaus.am.gov.br\/semef\/#website","url":"https:\/\/www.manaus.am.gov.br\/semef\/","name":"SEMEF","description":"Secretaria Municipal de Finan\u00e7as e Tecnologia da Informa\u00e7\u00e3o","potentialAction":[{"@type":"SearchAction","target":{"@type":"EntryPoint","urlTemplate":"https:\/\/www.manaus.am.gov.br\/semef\/?s={search_term_string}"},"query-input":"required name=search_term_string"}],"inLanguage":"pt-BR"},{"@type":"Person","@id":"https:\/\/www.manaus.am.gov.br\/semef\/#\/schema\/person\/a5ee5376db6e21af026374b369f30882","name":"Thiago Fernando","image":{"@type":"ImageObject","inLanguage":"pt-BR","@id":"https:\/\/www.manaus.am.gov.br\/semef\/#\/schema\/person\/image\/","url":"https:\/\/secure.gravatar.com\/avatar\/f5aab8722444041451501c077052ac07?s=96&d=mm&r=g","contentUrl":"https:\/\/secure.gravatar.com\/avatar\/f5aab8722444041451501c077052ac07?s=96&d=mm&r=g","caption":"Thiago Fernando"}}]}},"_links":{"self":[{"href":"https:\/\/www.manaus.am.gov.br\/semef\/wp-json\/wp\/v2\/posts\/3791"}],"collection":[{"href":"https:\/\/www.manaus.am.gov.br\/semef\/wp-json\/wp\/v2\/posts"}],"about":[{"href":"https:\/\/www.manaus.am.gov.br\/semef\/wp-json\/wp\/v2\/types\/post"}],"author":[{"embeddable":true,"href":"https:\/\/www.manaus.am.gov.br\/semef\/wp-json\/wp\/v2\/users\/57"}],"replies":[{"embeddable":true,"href":"https:\/\/www.manaus.am.gov.br\/semef\/wp-json\/wp\/v2\/comments?post=3791"}],"version-history":[{"count":1,"href":"https:\/\/www.manaus.am.gov.br\/semef\/wp-json\/wp\/v2\/posts\/3791\/revisions"}],"predecessor-version":[{"id":3793,"href":"https:\/\/www.manaus.am.gov.br\/semef\/wp-json\/wp\/v2\/posts\/3791\/revisions\/3793"}],"wp:featuredmedia":[{"embeddable":true,"href":"https:\/\/www.manaus.am.gov.br\/semef\/wp-json\/wp\/v2\/media\/3792"}],"wp:attachment":[{"href":"https:\/\/www.manaus.am.gov.br\/semef\/wp-json\/wp\/v2\/media?parent=3791"}],"wp:term":[{"taxonomy":"category","embeddable":true,"href":"https:\/\/www.manaus.am.gov.br\/semef\/wp-json\/wp\/v2\/categories?post=3791"},{"taxonomy":"post_tag","embeddable":true,"href":"https:\/\/www.manaus.am.gov.br\/semef\/wp-json\/wp\/v2\/tags?post=3791"}],"curies":[{"name":"wp","href":"https:\/\/api.w.org\/{rel}","templated":true}]}}