{"id":3638,"date":"2024-12-13T17:17:14","date_gmt":"2024-12-13T21:17:14","guid":{"rendered":"https:\/\/www.manaus.am.gov.br\/semef\/2024\/12\/13\/lei-orcamentaria-aprovada\/"},"modified":"2024-12-13T17:17:15","modified_gmt":"2024-12-13T21:17:15","slug":"lei-orcamentaria-aprovada","status":"publish","type":"post","link":"https:\/\/www.manaus.am.gov.br\/semef\/2024\/12\/13\/lei-orcamentaria-aprovada\/","title":{"rendered":"Lei Or\u00e7ament\u00e1ria da Prefeitura de Manaus \u00e9 aprovada com a previs\u00e3o de R$ 10,5 bilh\u00f5es para 2025"},"content":{"rendered":"\n<p>Com a previs\u00e3o de R$ 10,5 bilh\u00f5es, a Lei Or\u00e7ament\u00e1ria Anual (LOA) da Prefeitura de Manaus foi aprovada, nesta sexta-feira, 13\/12, em sess\u00e3o extraordin\u00e1ria da C\u00e2mara Municipal de Manaus (CMM). O projeto de lei, de autoria do Executivo municipal, recebeu 225 Emendas Impositivas Individuais, 31 Emendas Impositivas de Bancada e uma Emenda Modificativa Aditiva de Texto, todas apreciadas pela 2\u00aa Comiss\u00e3o de Constitui\u00e7\u00e3o, Justi\u00e7a e Reda\u00e7\u00e3o (CCJR) da Casa Legislativa.<\/p>\n\n\n\n<p>Segundo a subsecret\u00e1ria de Or\u00e7amento e Projetos da Secretaria Municipal de Finan\u00e7as e Tecnologia da Informa\u00e7\u00e3o (Semef), Karliley Capucho, agora, a LOA segue para a sua \u00faltima fase, onde o texto \u00e9 submetido \u00e0 san\u00e7\u00e3o do prefeito de Manaus, David Almeida, e publica\u00e7\u00e3o no Di\u00e1rio Oficial do Munic\u00edpio (DOM) antes do final deste ano.<\/p>\n\n\n\n<p>\u201cOs n\u00fameros submetidos para avalia\u00e7\u00e3o da C\u00e2mara foram definidos em outubro deste ano, durante audi\u00eancia p\u00fablica realizada pela Prefeitura de Manaus, que contou com a participa\u00e7\u00e3o da sociedade em geral e secretarias final\u00edsticas do munic\u00edpio. Levamos em considera\u00e7\u00e3o os par\u00e2metros estabelecidos no \u00faltimo Boletim Focus, al\u00e9m da avalia\u00e7\u00e3o dos analistas de mercado do Banco Central sobre a expectativa do PIB nacional, estimado na ordem de 1,28%, e expectativa de infla\u00e7\u00e3o de 3,92%\u201d, pontuou a subsecret\u00e1ria da Semef.<\/p>\n\n\n\n<p><strong>Fun\u00e7\u00f5es<\/strong><\/p>\n\n\n\n<p>Dos R$ 10,5 bilh\u00f5es previstos na LOA 2025, R$ 2,8 bilh\u00f5es dever\u00e3o ser aplicados em a\u00e7\u00f5es e projetos voltados para a \u00e1rea de educa\u00e7\u00e3o. Como \u00e9 praxe, a fun\u00e7\u00e3o Educa\u00e7\u00e3o representa a maior fatia do or\u00e7amento da Prefeitura de Manaus, o que equivale a mais de R$ 26% do total de recursos previstos para 2025.<\/p>\n\n\n\n<p>A segunda maior fatia do or\u00e7amento municipal dever\u00e1 ir para os projetos que comp\u00f5em a fun\u00e7\u00e3o Sa\u00fade do munic\u00edpio, onde dever\u00e1 ser aplicado R$ 1,9 bilh\u00e3o.<\/p>\n\n\n\n<p>J\u00e1 as receitas do tesouro municipal, que incluem os repasses constitucionais, t\u00eam previs\u00e3o de alcan\u00e7ar a marca dos R$ 6 bilh\u00f5es. Um crescimento de 12% se comparado com o PLOA de 2024.<\/p>\n\n\n\n<p>&#8212; &#8212; &#8212;<\/p>\n\n\n\n<p><strong>Texto <\/strong>\u2013 Anderson Farias \/ Semef<\/p>\n\n\n\n<p><strong>Fotos<\/strong> \u2013 Divulga\u00e7\u00e3o \/ Semcom<\/p>\n","protected":false},"excerpt":{"rendered":"","protected":false},"author":61,"featured_media":3639,"comment_status":"closed","ping_status":"closed","sticky":false,"template":"","format":"standard","meta":{"footnotes":""},"categories":[205],"tags":[460,352,14,315,16],"acf":[],"yoast_head":"<!-- This site is optimized with the Yoast SEO plugin v23.0 - https:\/\/yoast.com\/wordpress\/plugins\/seo\/ -->\n<title>Lei Or\u00e7ament\u00e1ria da Prefeitura de Manaus \u00e9 aprovada com a previs\u00e3o de R$ 10,5 bilh\u00f5es para 2025<\/title>\n<meta name=\"description\" content=\"Com a previs\u00e3o de R$ 10,5 bilh\u00f5es, a Lei Or\u00e7ament\u00e1ria Anual (LOA) da Prefeitura de Manaus foi aprovada, nesta sexta-feira, 13\/12, em sess\u00e3o extraordin\u00e1ria da C\u00e2mara Municipal de Manaus (CMM).\" \/>\n<meta name=\"robots\" content=\"index, follow, max-snippet:-1, max-image-preview:large, max-video-preview:-1\" \/>\n<link rel=\"canonical\" href=\"https:\/\/www.manaus.am.gov.br\/semef\/2024\/12\/13\/lei-orcamentaria-aprovada\/\" \/>\n<meta property=\"og:locale\" content=\"pt_BR\" \/>\n<meta property=\"og:type\" content=\"article\" \/>\n<meta property=\"og:title\" content=\"Lei Or\u00e7ament\u00e1ria da Prefeitura de Manaus \u00e9 aprovada com a previs\u00e3o de R$ 10,5 bilh\u00f5es para 2025\" \/>\n<meta property=\"og:description\" content=\"Com a previs\u00e3o de R$ 10,5 bilh\u00f5es, a Lei Or\u00e7ament\u00e1ria Anual (LOA) da Prefeitura de Manaus foi aprovada, nesta sexta-feira, 13\/12, em sess\u00e3o extraordin\u00e1ria da C\u00e2mara Municipal de Manaus (CMM).\" \/>\n<meta property=\"og:url\" content=\"https:\/\/www.manaus.am.gov.br\/semef\/2024\/12\/13\/lei-orcamentaria-aprovada\/\" \/>\n<meta property=\"og:site_name\" content=\"SEMEF\" \/>\n<meta property=\"article:published_time\" content=\"2024-12-13T21:17:14+00:00\" \/>\n<meta property=\"article:modified_time\" content=\"2024-12-13T21:17:15+00:00\" \/>\n<meta property=\"og:image\" content=\"https:\/\/www.manaus.am.gov.br\/semef\/wp-content\/uploads\/sites\/7\/2024\/12\/Sede-da-Prefeitura-de-Manaus-2.jpeg\" \/>\n\t<meta property=\"og:image:width\" content=\"2560\" \/>\n\t<meta property=\"og:image:height\" content=\"1706\" \/>\n\t<meta property=\"og:image:type\" content=\"image\/jpeg\" \/>\n<meta name=\"author\" content=\"smonteiro\" \/>\n<meta name=\"twitter:card\" content=\"summary_large_image\" \/>\n<meta name=\"twitter:label1\" content=\"Written by\" \/>\n\t<meta name=\"twitter:data1\" content=\"smonteiro\" \/>\n\t<meta name=\"twitter:label2\" content=\"Est. reading time\" \/>\n\t<meta name=\"twitter:data2\" content=\"2 minutos\" \/>\n<script type=\"application\/ld+json\" class=\"yoast-schema-graph\">{\"@context\":\"https:\/\/schema.org\",\"@graph\":[{\"@type\":\"WebPage\",\"@id\":\"https:\/\/www.manaus.am.gov.br\/semef\/2024\/12\/13\/lei-orcamentaria-aprovada\/\",\"url\":\"https:\/\/www.manaus.am.gov.br\/semef\/2024\/12\/13\/lei-orcamentaria-aprovada\/\",\"name\":\"Lei Or\u00e7ament\u00e1ria da Prefeitura de Manaus \u00e9 aprovada com a previs\u00e3o de R$ 10,5 bilh\u00f5es para 2025\",\"isPartOf\":{\"@id\":\"https:\/\/www.manaus.am.gov.br\/semef\/#website\"},\"primaryImageOfPage\":{\"@id\":\"https:\/\/www.manaus.am.gov.br\/semef\/2024\/12\/13\/lei-orcamentaria-aprovada\/#primaryimage\"},\"image\":{\"@id\":\"https:\/\/www.manaus.am.gov.br\/semef\/2024\/12\/13\/lei-orcamentaria-aprovada\/#primaryimage\"},\"thumbnailUrl\":\"https:\/\/www.manaus.am.gov.br\/semef\/wp-content\/uploads\/sites\/7\/2024\/12\/Sede-da-Prefeitura-de-Manaus-2.jpeg\",\"datePublished\":\"2024-12-13T21:17:14+00:00\",\"dateModified\":\"2024-12-13T21:17:15+00:00\",\"author\":{\"@id\":\"https:\/\/www.manaus.am.gov.br\/semef\/#\/schema\/person\/ab4dcf766a54dff74e8d267f5c591961\"},\"description\":\"Com a previs\u00e3o de R$ 10,5 bilh\u00f5es, a Lei Or\u00e7ament\u00e1ria Anual (LOA) da Prefeitura de Manaus foi aprovada, nesta sexta-feira, 13\/12, em sess\u00e3o extraordin\u00e1ria da C\u00e2mara Municipal de Manaus (CMM).\",\"inLanguage\":\"pt-BR\",\"potentialAction\":[{\"@type\":\"ReadAction\",\"target\":[\"https:\/\/www.manaus.am.gov.br\/semef\/2024\/12\/13\/lei-orcamentaria-aprovada\/\"]}]},{\"@type\":\"ImageObject\",\"inLanguage\":\"pt-BR\",\"@id\":\"https:\/\/www.manaus.am.gov.br\/semef\/2024\/12\/13\/lei-orcamentaria-aprovada\/#primaryimage\",\"url\":\"https:\/\/www.manaus.am.gov.br\/semef\/wp-content\/uploads\/sites\/7\/2024\/12\/Sede-da-Prefeitura-de-Manaus-2.jpeg\",\"contentUrl\":\"https:\/\/www.manaus.am.gov.br\/semef\/wp-content\/uploads\/sites\/7\/2024\/12\/Sede-da-Prefeitura-de-Manaus-2.jpeg\",\"width\":2560,\"height\":1706,\"caption\":\"#paratodosverem - imagem do pr\u00e9dio sede da Prefeitura de Manaus\"},{\"@type\":\"WebSite\",\"@id\":\"https:\/\/www.manaus.am.gov.br\/semef\/#website\",\"url\":\"https:\/\/www.manaus.am.gov.br\/semef\/\",\"name\":\"SEMEF\",\"description\":\"Secretaria Municipal de Finan\u00e7as e Tecnologia da Informa\u00e7\u00e3o\",\"potentialAction\":[{\"@type\":\"SearchAction\",\"target\":{\"@type\":\"EntryPoint\",\"urlTemplate\":\"https:\/\/www.manaus.am.gov.br\/semef\/?s={search_term_string}\"},\"query-input\":\"required name=search_term_string\"}],\"inLanguage\":\"pt-BR\"},{\"@type\":\"Person\",\"@id\":\"https:\/\/www.manaus.am.gov.br\/semef\/#\/schema\/person\/ab4dcf766a54dff74e8d267f5c591961\",\"name\":\"smonteiro\",\"image\":{\"@type\":\"ImageObject\",\"inLanguage\":\"pt-BR\",\"@id\":\"https:\/\/www.manaus.am.gov.br\/semef\/#\/schema\/person\/image\/\",\"url\":\"https:\/\/secure.gravatar.com\/avatar\/21c8776ef61d9272c73322052e042d77?s=96&d=mm&r=g\",\"contentUrl\":\"https:\/\/secure.gravatar.com\/avatar\/21c8776ef61d9272c73322052e042d77?s=96&d=mm&r=g\",\"caption\":\"smonteiro\"}}]}<\/script>\n<!-- \/ Yoast SEO plugin. -->","yoast_head_json":{"title":"Lei Or\u00e7ament\u00e1ria da Prefeitura de Manaus \u00e9 aprovada com a previs\u00e3o de R$ 10,5 bilh\u00f5es para 2025","description":"Com a previs\u00e3o de R$ 10,5 bilh\u00f5es, a Lei Or\u00e7ament\u00e1ria Anual (LOA) da Prefeitura de Manaus foi aprovada, nesta sexta-feira, 13\/12, em sess\u00e3o extraordin\u00e1ria da C\u00e2mara Municipal de Manaus (CMM).","robots":{"index":"index","follow":"follow","max-snippet":"max-snippet:-1","max-image-preview":"max-image-preview:large","max-video-preview":"max-video-preview:-1"},"canonical":"https:\/\/www.manaus.am.gov.br\/semef\/2024\/12\/13\/lei-orcamentaria-aprovada\/","og_locale":"pt_BR","og_type":"article","og_title":"Lei Or\u00e7ament\u00e1ria da Prefeitura de Manaus \u00e9 aprovada com a previs\u00e3o de R$ 10,5 bilh\u00f5es para 2025","og_description":"Com a previs\u00e3o de R$ 10,5 bilh\u00f5es, a Lei Or\u00e7ament\u00e1ria Anual (LOA) da Prefeitura de Manaus foi aprovada, nesta sexta-feira, 13\/12, em sess\u00e3o extraordin\u00e1ria da C\u00e2mara Municipal de Manaus (CMM).","og_url":"https:\/\/www.manaus.am.gov.br\/semef\/2024\/12\/13\/lei-orcamentaria-aprovada\/","og_site_name":"SEMEF","article_published_time":"2024-12-13T21:17:14+00:00","article_modified_time":"2024-12-13T21:17:15+00:00","og_image":[{"width":2560,"height":1706,"url":"https:\/\/www.manaus.am.gov.br\/semef\/wp-content\/uploads\/sites\/7\/2024\/12\/Sede-da-Prefeitura-de-Manaus-2.jpeg","type":"image\/jpeg"}],"author":"smonteiro","twitter_card":"summary_large_image","twitter_misc":{"Written by":"smonteiro","Est. reading time":"2 minutos"},"schema":{"@context":"https:\/\/schema.org","@graph":[{"@type":"WebPage","@id":"https:\/\/www.manaus.am.gov.br\/semef\/2024\/12\/13\/lei-orcamentaria-aprovada\/","url":"https:\/\/www.manaus.am.gov.br\/semef\/2024\/12\/13\/lei-orcamentaria-aprovada\/","name":"Lei Or\u00e7ament\u00e1ria da Prefeitura de Manaus \u00e9 aprovada com a previs\u00e3o de R$ 10,5 bilh\u00f5es para 2025","isPartOf":{"@id":"https:\/\/www.manaus.am.gov.br\/semef\/#website"},"primaryImageOfPage":{"@id":"https:\/\/www.manaus.am.gov.br\/semef\/2024\/12\/13\/lei-orcamentaria-aprovada\/#primaryimage"},"image":{"@id":"https:\/\/www.manaus.am.gov.br\/semef\/2024\/12\/13\/lei-orcamentaria-aprovada\/#primaryimage"},"thumbnailUrl":"https:\/\/www.manaus.am.gov.br\/semef\/wp-content\/uploads\/sites\/7\/2024\/12\/Sede-da-Prefeitura-de-Manaus-2.jpeg","datePublished":"2024-12-13T21:17:14+00:00","dateModified":"2024-12-13T21:17:15+00:00","author":{"@id":"https:\/\/www.manaus.am.gov.br\/semef\/#\/schema\/person\/ab4dcf766a54dff74e8d267f5c591961"},"description":"Com a previs\u00e3o de R$ 10,5 bilh\u00f5es, a Lei Or\u00e7ament\u00e1ria Anual (LOA) da Prefeitura de Manaus foi aprovada, nesta sexta-feira, 13\/12, em sess\u00e3o extraordin\u00e1ria da C\u00e2mara Municipal de Manaus (CMM).","inLanguage":"pt-BR","potentialAction":[{"@type":"ReadAction","target":["https:\/\/www.manaus.am.gov.br\/semef\/2024\/12\/13\/lei-orcamentaria-aprovada\/"]}]},{"@type":"ImageObject","inLanguage":"pt-BR","@id":"https:\/\/www.manaus.am.gov.br\/semef\/2024\/12\/13\/lei-orcamentaria-aprovada\/#primaryimage","url":"https:\/\/www.manaus.am.gov.br\/semef\/wp-content\/uploads\/sites\/7\/2024\/12\/Sede-da-Prefeitura-de-Manaus-2.jpeg","contentUrl":"https:\/\/www.manaus.am.gov.br\/semef\/wp-content\/uploads\/sites\/7\/2024\/12\/Sede-da-Prefeitura-de-Manaus-2.jpeg","width":2560,"height":1706,"caption":"#paratodosverem - imagem do pr\u00e9dio sede da Prefeitura de Manaus"},{"@type":"WebSite","@id":"https:\/\/www.manaus.am.gov.br\/semef\/#website","url":"https:\/\/www.manaus.am.gov.br\/semef\/","name":"SEMEF","description":"Secretaria Municipal de Finan\u00e7as e Tecnologia da Informa\u00e7\u00e3o","potentialAction":[{"@type":"SearchAction","target":{"@type":"EntryPoint","urlTemplate":"https:\/\/www.manaus.am.gov.br\/semef\/?s={search_term_string}"},"query-input":"required name=search_term_string"}],"inLanguage":"pt-BR"},{"@type":"Person","@id":"https:\/\/www.manaus.am.gov.br\/semef\/#\/schema\/person\/ab4dcf766a54dff74e8d267f5c591961","name":"smonteiro","image":{"@type":"ImageObject","inLanguage":"pt-BR","@id":"https:\/\/www.manaus.am.gov.br\/semef\/#\/schema\/person\/image\/","url":"https:\/\/secure.gravatar.com\/avatar\/21c8776ef61d9272c73322052e042d77?s=96&d=mm&r=g","contentUrl":"https:\/\/secure.gravatar.com\/avatar\/21c8776ef61d9272c73322052e042d77?s=96&d=mm&r=g","caption":"smonteiro"}}]}},"_links":{"self":[{"href":"https:\/\/www.manaus.am.gov.br\/semef\/wp-json\/wp\/v2\/posts\/3638"}],"collection":[{"href":"https:\/\/www.manaus.am.gov.br\/semef\/wp-json\/wp\/v2\/posts"}],"about":[{"href":"https:\/\/www.manaus.am.gov.br\/semef\/wp-json\/wp\/v2\/types\/post"}],"author":[{"embeddable":true,"href":"https:\/\/www.manaus.am.gov.br\/semef\/wp-json\/wp\/v2\/users\/61"}],"replies":[{"embeddable":true,"href":"https:\/\/www.manaus.am.gov.br\/semef\/wp-json\/wp\/v2\/comments?post=3638"}],"version-history":[{"count":0,"href":"https:\/\/www.manaus.am.gov.br\/semef\/wp-json\/wp\/v2\/posts\/3638\/revisions"}],"wp:featuredmedia":[{"embeddable":true,"href":"https:\/\/www.manaus.am.gov.br\/semef\/wp-json\/wp\/v2\/media\/3639"}],"wp:attachment":[{"href":"https:\/\/www.manaus.am.gov.br\/semef\/wp-json\/wp\/v2\/media?parent=3638"}],"wp:term":[{"taxonomy":"category","embeddable":true,"href":"https:\/\/www.manaus.am.gov.br\/semef\/wp-json\/wp\/v2\/categories?post=3638"},{"taxonomy":"post_tag","embeddable":true,"href":"https:\/\/www.manaus.am.gov.br\/semef\/wp-json\/wp\/v2\/tags?post=3638"}],"curies":[{"name":"wp","href":"https:\/\/api.w.org\/{rel}","templated":true}]}}