{"id":3630,"date":"2024-12-12T09:46:57","date_gmt":"2024-12-12T13:46:57","guid":{"rendered":"https:\/\/www.manaus.am.gov.br\/semef\/2024\/12\/12\/decisao-justica-duodecimo\/"},"modified":"2024-12-12T09:46:58","modified_gmt":"2024-12-12T13:46:58","slug":"decisao-justica-duodecimo","status":"publish","type":"post","link":"https:\/\/www.manaus.am.gov.br\/semef\/2024\/12\/12\/decisao-justica-duodecimo\/","title":{"rendered":"Decis\u00e3o da Justi\u00e7a suspende liminar sobre duod\u00e9cimo"},"content":{"rendered":"\n<p>A Prefeitura de Manaus conseguiu, em decis\u00e3o monocr\u00e1tica da desembargadora N\u00e9lia Caminha Jorge, suspender os efeitos de uma liminar que tratava do c\u00e1lculo do duod\u00e9cimo repassado \u00e0 C\u00e2mara Municipal de Manaus (CMM). A decis\u00e3o se refere ao Mandado de Seguran\u00e7a n\u00ba 4013275-23.2024.8.04.0000, cujo efeito permanecer\u00e1 suspenso at\u00e9 o tr\u00e2nsito em julgado da decis\u00e3o do m\u00e9rito.<\/p>\n\n\n\n<p>No pedido de suspens\u00e3o da liminar, apresentado pela municipalidade com car\u00e1ter de urg\u00eancia, foi demonstrado que os valores relativos ao Fundo de Manuten\u00e7\u00e3o e Desenvolvimento da Educa\u00e7\u00e3o B\u00e1sica (Fundeb) j\u00e1 est\u00e3o inclu\u00eddos na base de c\u00e1lculo do duod\u00e9cimo. O munic\u00edpio tamb\u00e9m destacou o interesse p\u00fablico e o risco de grave impacto \u00e0 economia p\u00fablica, caso a liminar fosse mantida.<\/p>\n\n\n\n<p>A decis\u00e3o, comunicada oficialmente pela prefeitura, refor\u00e7a que o tema ainda est\u00e1 em an\u00e1lise na esfera judicial e reafirma que o efeito da liminar permanece suspenso at\u00e9 a resolu\u00e7\u00e3o definitiva do m\u00e9rito.<\/p>\n\n\n\n<p>&#8212; &#8212; &#8212;<\/p>\n\n\n\n<p><strong>Texto<\/strong>&nbsp;\u2013 Anderson Farias\/Semef<\/p>\n","protected":false},"excerpt":{"rendered":"","protected":false},"author":23,"featured_media":2867,"comment_status":"closed","ping_status":"closed","sticky":false,"template":"","format":"standard","meta":{"footnotes":""},"categories":[84],"tags":[],"acf":[],"yoast_head":"<!-- This site is optimized with the Yoast SEO plugin v23.0 - https:\/\/yoast.com\/wordpress\/plugins\/seo\/ -->\n<title>Decis\u00e3o da Justi\u00e7a suspende liminar sobre duod\u00e9cimo<\/title>\n<meta name=\"description\" content=\"A Prefeitura de Manaus conseguiu, em decis\u00e3o monocr\u00e1tica da desembargadora N\u00e9lia Caminha Jorge, suspender os efeitos de uma liminar que tratava do c\u00e1lculo do duod\u00e9cimo repassado \u00e0 C\u00e2mara Municipal de Manaus (CMM).\" \/>\n<meta name=\"robots\" content=\"index, follow, max-snippet:-1, max-image-preview:large, max-video-preview:-1\" \/>\n<link rel=\"canonical\" href=\"https:\/\/www.manaus.am.gov.br\/semef\/2024\/12\/12\/decisao-justica-duodecimo\/\" \/>\n<meta property=\"og:locale\" content=\"pt_BR\" \/>\n<meta property=\"og:type\" content=\"article\" \/>\n<meta property=\"og:title\" content=\"Decis\u00e3o da Justi\u00e7a suspende liminar sobre duod\u00e9cimo\" \/>\n<meta property=\"og:description\" content=\"A Prefeitura de Manaus conseguiu, em decis\u00e3o monocr\u00e1tica da desembargadora N\u00e9lia Caminha Jorge, suspender os efeitos de uma liminar que tratava do c\u00e1lculo do duod\u00e9cimo repassado \u00e0 C\u00e2mara Municipal de Manaus (CMM).\" \/>\n<meta property=\"og:url\" content=\"https:\/\/www.manaus.am.gov.br\/semef\/2024\/12\/12\/decisao-justica-duodecimo\/\" \/>\n<meta property=\"og:site_name\" content=\"SEMEF\" \/>\n<meta property=\"article:published_time\" content=\"2024-12-12T13:46:57+00:00\" \/>\n<meta property=\"article:modified_time\" content=\"2024-12-12T13:46:58+00:00\" \/>\n<meta property=\"og:image\" content=\"https:\/\/www.manaus.am.gov.br\/semef\/wp-content\/uploads\/sites\/7\/2024\/11\/BANNER-NOTA.png\" \/>\n\t<meta property=\"og:image:width\" content=\"900\" \/>\n\t<meta property=\"og:image:height\" content=\"509\" \/>\n\t<meta property=\"og:image:type\" content=\"image\/png\" \/>\n<meta name=\"author\" content=\"Adriana Costa\" \/>\n<meta name=\"twitter:card\" content=\"summary_large_image\" \/>\n<meta name=\"twitter:label1\" content=\"Written by\" \/>\n\t<meta name=\"twitter:data1\" content=\"Adriana Costa\" \/>\n\t<meta name=\"twitter:label2\" content=\"Est. reading time\" \/>\n\t<meta name=\"twitter:data2\" content=\"1 minuto\" \/>\n<script type=\"application\/ld+json\" class=\"yoast-schema-graph\">{\"@context\":\"https:\/\/schema.org\",\"@graph\":[{\"@type\":\"WebPage\",\"@id\":\"https:\/\/www.manaus.am.gov.br\/semef\/2024\/12\/12\/decisao-justica-duodecimo\/\",\"url\":\"https:\/\/www.manaus.am.gov.br\/semef\/2024\/12\/12\/decisao-justica-duodecimo\/\",\"name\":\"Decis\u00e3o da Justi\u00e7a suspende liminar sobre duod\u00e9cimo\",\"isPartOf\":{\"@id\":\"https:\/\/www.manaus.am.gov.br\/semef\/#website\"},\"primaryImageOfPage\":{\"@id\":\"https:\/\/www.manaus.am.gov.br\/semef\/2024\/12\/12\/decisao-justica-duodecimo\/#primaryimage\"},\"image\":{\"@id\":\"https:\/\/www.manaus.am.gov.br\/semef\/2024\/12\/12\/decisao-justica-duodecimo\/#primaryimage\"},\"thumbnailUrl\":\"https:\/\/www.manaus.am.gov.br\/semef\/wp-content\/uploads\/sites\/7\/2024\/11\/BANNER-NOTA.png\",\"datePublished\":\"2024-12-12T13:46:57+00:00\",\"dateModified\":\"2024-12-12T13:46:58+00:00\",\"author\":{\"@id\":\"https:\/\/www.manaus.am.gov.br\/semef\/#\/schema\/person\/4e49f4e267757a06ca072ec61b2b9968\"},\"description\":\"A Prefeitura de Manaus conseguiu, em decis\u00e3o monocr\u00e1tica da desembargadora N\u00e9lia Caminha Jorge, suspender os efeitos de uma liminar que tratava do c\u00e1lculo do duod\u00e9cimo repassado \u00e0 C\u00e2mara Municipal de Manaus (CMM).\",\"inLanguage\":\"pt-BR\",\"potentialAction\":[{\"@type\":\"ReadAction\",\"target\":[\"https:\/\/www.manaus.am.gov.br\/semef\/2024\/12\/12\/decisao-justica-duodecimo\/\"]}]},{\"@type\":\"ImageObject\",\"inLanguage\":\"pt-BR\",\"@id\":\"https:\/\/www.manaus.am.gov.br\/semef\/2024\/12\/12\/decisao-justica-duodecimo\/#primaryimage\",\"url\":\"https:\/\/www.manaus.am.gov.br\/semef\/wp-content\/uploads\/sites\/7\/2024\/11\/BANNER-NOTA.png\",\"contentUrl\":\"https:\/\/www.manaus.am.gov.br\/semef\/wp-content\/uploads\/sites\/7\/2024\/11\/BANNER-NOTA.png\",\"width\":900,\"height\":509},{\"@type\":\"WebSite\",\"@id\":\"https:\/\/www.manaus.am.gov.br\/semef\/#website\",\"url\":\"https:\/\/www.manaus.am.gov.br\/semef\/\",\"name\":\"SEMEF\",\"description\":\"Secretaria Municipal de Finan\u00e7as e Tecnologia da Informa\u00e7\u00e3o\",\"potentialAction\":[{\"@type\":\"SearchAction\",\"target\":{\"@type\":\"EntryPoint\",\"urlTemplate\":\"https:\/\/www.manaus.am.gov.br\/semef\/?s={search_term_string}\"},\"query-input\":\"required name=search_term_string\"}],\"inLanguage\":\"pt-BR\"},{\"@type\":\"Person\",\"@id\":\"https:\/\/www.manaus.am.gov.br\/semef\/#\/schema\/person\/4e49f4e267757a06ca072ec61b2b9968\",\"name\":\"Adriana Costa\",\"image\":{\"@type\":\"ImageObject\",\"inLanguage\":\"pt-BR\",\"@id\":\"https:\/\/www.manaus.am.gov.br\/semef\/#\/schema\/person\/image\/\",\"url\":\"https:\/\/secure.gravatar.com\/avatar\/576258617ef7194f718179e766d57bd4?s=96&d=mm&r=g\",\"contentUrl\":\"https:\/\/secure.gravatar.com\/avatar\/576258617ef7194f718179e766d57bd4?s=96&d=mm&r=g\",\"caption\":\"Adriana Costa\"}}]}<\/script>\n<!-- \/ Yoast SEO plugin. -->","yoast_head_json":{"title":"Decis\u00e3o da Justi\u00e7a suspende liminar sobre duod\u00e9cimo","description":"A Prefeitura de Manaus conseguiu, em decis\u00e3o monocr\u00e1tica da desembargadora N\u00e9lia Caminha Jorge, suspender os efeitos de uma liminar que tratava do c\u00e1lculo do duod\u00e9cimo repassado \u00e0 C\u00e2mara Municipal de Manaus (CMM).","robots":{"index":"index","follow":"follow","max-snippet":"max-snippet:-1","max-image-preview":"max-image-preview:large","max-video-preview":"max-video-preview:-1"},"canonical":"https:\/\/www.manaus.am.gov.br\/semef\/2024\/12\/12\/decisao-justica-duodecimo\/","og_locale":"pt_BR","og_type":"article","og_title":"Decis\u00e3o da Justi\u00e7a suspende liminar sobre duod\u00e9cimo","og_description":"A Prefeitura de Manaus conseguiu, em decis\u00e3o monocr\u00e1tica da desembargadora N\u00e9lia Caminha Jorge, suspender os efeitos de uma liminar que tratava do c\u00e1lculo do duod\u00e9cimo repassado \u00e0 C\u00e2mara Municipal de Manaus (CMM).","og_url":"https:\/\/www.manaus.am.gov.br\/semef\/2024\/12\/12\/decisao-justica-duodecimo\/","og_site_name":"SEMEF","article_published_time":"2024-12-12T13:46:57+00:00","article_modified_time":"2024-12-12T13:46:58+00:00","og_image":[{"width":900,"height":509,"url":"https:\/\/www.manaus.am.gov.br\/semef\/wp-content\/uploads\/sites\/7\/2024\/11\/BANNER-NOTA.png","type":"image\/png"}],"author":"Adriana Costa","twitter_card":"summary_large_image","twitter_misc":{"Written by":"Adriana Costa","Est. reading time":"1 minuto"},"schema":{"@context":"https:\/\/schema.org","@graph":[{"@type":"WebPage","@id":"https:\/\/www.manaus.am.gov.br\/semef\/2024\/12\/12\/decisao-justica-duodecimo\/","url":"https:\/\/www.manaus.am.gov.br\/semef\/2024\/12\/12\/decisao-justica-duodecimo\/","name":"Decis\u00e3o da Justi\u00e7a suspende liminar sobre duod\u00e9cimo","isPartOf":{"@id":"https:\/\/www.manaus.am.gov.br\/semef\/#website"},"primaryImageOfPage":{"@id":"https:\/\/www.manaus.am.gov.br\/semef\/2024\/12\/12\/decisao-justica-duodecimo\/#primaryimage"},"image":{"@id":"https:\/\/www.manaus.am.gov.br\/semef\/2024\/12\/12\/decisao-justica-duodecimo\/#primaryimage"},"thumbnailUrl":"https:\/\/www.manaus.am.gov.br\/semef\/wp-content\/uploads\/sites\/7\/2024\/11\/BANNER-NOTA.png","datePublished":"2024-12-12T13:46:57+00:00","dateModified":"2024-12-12T13:46:58+00:00","author":{"@id":"https:\/\/www.manaus.am.gov.br\/semef\/#\/schema\/person\/4e49f4e267757a06ca072ec61b2b9968"},"description":"A Prefeitura de Manaus conseguiu, em decis\u00e3o monocr\u00e1tica da desembargadora N\u00e9lia Caminha Jorge, suspender os efeitos de uma liminar que tratava do c\u00e1lculo do duod\u00e9cimo repassado \u00e0 C\u00e2mara Municipal de Manaus (CMM).","inLanguage":"pt-BR","potentialAction":[{"@type":"ReadAction","target":["https:\/\/www.manaus.am.gov.br\/semef\/2024\/12\/12\/decisao-justica-duodecimo\/"]}]},{"@type":"ImageObject","inLanguage":"pt-BR","@id":"https:\/\/www.manaus.am.gov.br\/semef\/2024\/12\/12\/decisao-justica-duodecimo\/#primaryimage","url":"https:\/\/www.manaus.am.gov.br\/semef\/wp-content\/uploads\/sites\/7\/2024\/11\/BANNER-NOTA.png","contentUrl":"https:\/\/www.manaus.am.gov.br\/semef\/wp-content\/uploads\/sites\/7\/2024\/11\/BANNER-NOTA.png","width":900,"height":509},{"@type":"WebSite","@id":"https:\/\/www.manaus.am.gov.br\/semef\/#website","url":"https:\/\/www.manaus.am.gov.br\/semef\/","name":"SEMEF","description":"Secretaria Municipal de Finan\u00e7as e Tecnologia da Informa\u00e7\u00e3o","potentialAction":[{"@type":"SearchAction","target":{"@type":"EntryPoint","urlTemplate":"https:\/\/www.manaus.am.gov.br\/semef\/?s={search_term_string}"},"query-input":"required name=search_term_string"}],"inLanguage":"pt-BR"},{"@type":"Person","@id":"https:\/\/www.manaus.am.gov.br\/semef\/#\/schema\/person\/4e49f4e267757a06ca072ec61b2b9968","name":"Adriana Costa","image":{"@type":"ImageObject","inLanguage":"pt-BR","@id":"https:\/\/www.manaus.am.gov.br\/semef\/#\/schema\/person\/image\/","url":"https:\/\/secure.gravatar.com\/avatar\/576258617ef7194f718179e766d57bd4?s=96&d=mm&r=g","contentUrl":"https:\/\/secure.gravatar.com\/avatar\/576258617ef7194f718179e766d57bd4?s=96&d=mm&r=g","caption":"Adriana Costa"}}]}},"_links":{"self":[{"href":"https:\/\/www.manaus.am.gov.br\/semef\/wp-json\/wp\/v2\/posts\/3630"}],"collection":[{"href":"https:\/\/www.manaus.am.gov.br\/semef\/wp-json\/wp\/v2\/posts"}],"about":[{"href":"https:\/\/www.manaus.am.gov.br\/semef\/wp-json\/wp\/v2\/types\/post"}],"author":[{"embeddable":true,"href":"https:\/\/www.manaus.am.gov.br\/semef\/wp-json\/wp\/v2\/users\/23"}],"replies":[{"embeddable":true,"href":"https:\/\/www.manaus.am.gov.br\/semef\/wp-json\/wp\/v2\/comments?post=3630"}],"version-history":[{"count":0,"href":"https:\/\/www.manaus.am.gov.br\/semef\/wp-json\/wp\/v2\/posts\/3630\/revisions"}],"wp:featuredmedia":[{"embeddable":true,"href":"https:\/\/www.manaus.am.gov.br\/semef\/wp-json\/wp\/v2\/media\/2867"}],"wp:attachment":[{"href":"https:\/\/www.manaus.am.gov.br\/semef\/wp-json\/wp\/v2\/media?parent=3630"}],"wp:term":[{"taxonomy":"category","embeddable":true,"href":"https:\/\/www.manaus.am.gov.br\/semef\/wp-json\/wp\/v2\/categories?post=3630"},{"taxonomy":"post_tag","embeddable":true,"href":"https:\/\/www.manaus.am.gov.br\/semef\/wp-json\/wp\/v2\/tags?post=3630"}],"curies":[{"name":"wp","href":"https:\/\/api.w.org\/{rel}","templated":true}]}}