{"id":2630,"date":"2024-06-12T16:57:06","date_gmt":"2024-06-12T20:57:06","guid":{"rendered":"https:\/\/www.manaus.am.gov.br\/semef\/2024\/06\/12\/nota-premiad\/"},"modified":"2024-06-12T16:58:05","modified_gmt":"2024-06-12T20:58:05","slug":"nota-premiada","status":"publish","type":"post","link":"https:\/\/www.manaus.am.gov.br\/semef\/2024\/06\/12\/nota-premiada\/","title":{"rendered":"Prefeitura de Manaus entrega premia\u00e7\u00f5es do quarto sorteio do ano da Nota Premiada"},"content":{"rendered":"\n<p>Nesta quarta-feira, 12\/6, a prefeitura premiou mais 27 sortudos cadastrados na campanha Nota Premiada Manaus para quem tem o h\u00e1bito de pedir o CPF na Nota Fiscal de Servi\u00e7o Eletr\u00f4nica (NFS-e). A entrega dos cheques simb\u00f3licos deste que \u00e9 o quarto sorteio do ano ocorreu no audit\u00f3rio da Subsecretaria da Receita da Secretaria Municipal de Finan\u00e7as e Tecnologia da Informa\u00e7\u00e3o (Semef), localizado na avenida Japur\u00e1, 493, Centro.<\/p>\n\n\n\n<p>\u201cMais uma vez estamos aqui para premiar os cidad\u00e3os que acreditam nessa campanha da Prefeitura de Manaus e que fazem dela um sucesso. Al\u00e9m dos pr\u00eamios mensais em dinheiro, esses participantes, que exigem seu CPF na Nota Fiscal de Servi\u00e7o, tamb\u00e9m acumulam cr\u00e9ditos para abatimento no IPTU. Quem se inscreve s\u00f3 tem a ganhar\u201d, declarou o presidente em exerc\u00edcio do Grupo de Educa\u00e7\u00e3o Fiscal do Munic\u00edpio, Francisco Moreira, durante a entrega.<\/p>\n\n\n\n<p>As premia\u00e7\u00f5es somaram um total de R$ 150 mil, incluindo os pr\u00eamios das institui\u00e7\u00f5es sociais indicadas pelos sorteados. Entre os ganhadores presentes estava a servidora do judici\u00e1rio federal, Suelen de Souza, que levou o pr\u00eamio principal de R$ 30 mil. Ela disse que fez sua inscri\u00e7\u00e3o logo no in\u00edcio da campanha e, frequentemente, solicita a nota de servi\u00e7os na academia.<\/p>\n\n\n\n<p>\u201cConfesso que n\u00e3o esperava ser contemplada, mas como servidora p\u00fablica tenho consci\u00eancia da import\u00e2ncia da campanha na arrecada\u00e7\u00e3o de imposto para a prefeitura. Sem contar com o lado social em colaborar com as ONGs e pessoas que se disp\u00f5em a ajudar o pr\u00f3ximo. Indico muito. Cadastrem-se e pe\u00e7am a nota fiscal de servi\u00e7os. Assim eu ganhei um baita pr\u00eamio\u201d, relatou a felizarda.<\/p>\n\n\n\n<p>Suelen indicou a Associa\u00e7\u00e3o Beneficente O Pequeno Nazareno para receber o pr\u00eamio social de R$ 15 mil. A representante da entidade, Gerlane Almeida, recebeu a premia\u00e7\u00e3o e contou que o recurso ajudar\u00e1 210 crian\u00e7as em vulnerabilidade social assistidas pela associa\u00e7\u00e3o.<\/p>\n\n\n\n<p><strong>Cadastro<\/strong><\/p>\n\n\n\n<p>Para concorrer \u00e0s premia\u00e7\u00f5es em dinheiro, \u00e9 necess\u00e1rio realizar um breve cadastro no site da campanha (<a href=\"https:\/\/notapremiada.manaus.am.gov.br\">https:\/\/notapremiada.manaus.am.gov.br<\/a>) e, toda vez que pagar por algum servi\u00e7o, exigir a Nota Fiscal de Servi\u00e7o Eletr\u00f4nica (NFS-e) registrada com o CPF.<\/p>\n\n\n\n<p>A cada R$ 15 acumulados em servi\u00e7os acobertados por documentos fiscais registrados com o CPF, o participante receber\u00e1 um cupom eletr\u00f4nico para participar dos sorteios. Poder\u00e1 ser acumulada a quantidade m\u00e1xima de 200 cupons eletr\u00f4nicos por per\u00edodo de apura\u00e7\u00e3o. O sorteio dos cupons contemplados \u00e9 efetuado de forma eletr\u00f4nica, com base nos n\u00fameros sorteados nas extra\u00e7\u00f5es da Loteria Federal.<\/p>\n\n\n\n<p>S\u00e3o v\u00e1lidas as notas de estacionamento, cl\u00ednicas m\u00e9dicas, academia, oficinas mec\u00e2nicas, sal\u00f5es de beleza e est\u00e9tica etc. A lista completa dos prestadores de servi\u00e7os que emitem a NFS-est\u00e1 dispon\u00edvel no site da campanha.<\/p>\n\n\n\n<p>&#8212; &#8212; &#8212;<\/p>\n\n\n\n<p><strong>Texto<\/strong> \u2013 Divulga\u00e7\u00e3o \/ Semef<\/p>\n\n\n\n<p><strong>Fotos<\/strong> \u2013 Divulga\u00e7\u00e3o \/ Semef<\/p>\n","protected":false},"excerpt":{"rendered":"","protected":false},"author":61,"featured_media":2631,"comment_status":"closed","ping_status":"closed","sticky":false,"template":"","format":"standard","meta":{"footnotes":""},"categories":[44],"tags":[135,14,80,16],"acf":[],"yoast_head":"<!-- This site is optimized with the Yoast SEO plugin v23.0 - https:\/\/yoast.com\/wordpress\/plugins\/seo\/ -->\n<title>Prefeitura de Manaus entrega premia\u00e7\u00f5es do quarto sorteio do ano da Nota Premiada<\/title>\n<meta name=\"description\" content=\"A prefeitura premiou mais 27 sortudos cadastrados na campanha Nota Premiada Manaus para quem tem o h\u00e1bito de pedir o CPF na Nota Fiscal de Servi\u00e7o Eletr\u00f4nica (NFS-e).\" \/>\n<meta name=\"robots\" content=\"index, follow, max-snippet:-1, max-image-preview:large, max-video-preview:-1\" \/>\n<link rel=\"canonical\" href=\"https:\/\/www.manaus.am.gov.br\/semef\/2024\/06\/12\/nota-premiada\/\" \/>\n<meta property=\"og:locale\" content=\"pt_BR\" \/>\n<meta property=\"og:type\" content=\"article\" \/>\n<meta property=\"og:title\" content=\"Prefeitura de Manaus entrega premia\u00e7\u00f5es do quarto sorteio do ano da Nota Premiada\" \/>\n<meta property=\"og:description\" content=\"A prefeitura premiou mais 27 sortudos cadastrados na campanha Nota Premiada Manaus para quem tem o h\u00e1bito de pedir o CPF na Nota Fiscal de Servi\u00e7o Eletr\u00f4nica (NFS-e).\" \/>\n<meta property=\"og:url\" content=\"https:\/\/www.manaus.am.gov.br\/semef\/2024\/06\/12\/nota-premiada\/\" \/>\n<meta property=\"og:site_name\" content=\"SEMEF\" \/>\n<meta property=\"article:published_time\" content=\"2024-06-12T20:57:06+00:00\" \/>\n<meta property=\"article:modified_time\" content=\"2024-06-12T20:58:05+00:00\" \/>\n<meta property=\"og:image\" content=\"https:\/\/www.manaus.am.gov.br\/semef\/wp-content\/uploads\/sites\/7\/2024\/06\/Nota-Premiada-Manaus-3.jpg\" \/>\n\t<meta property=\"og:image:width\" content=\"800\" \/>\n\t<meta property=\"og:image:height\" content=\"450\" \/>\n\t<meta property=\"og:image:type\" content=\"image\/jpeg\" \/>\n<meta name=\"author\" content=\"smonteiro\" \/>\n<meta name=\"twitter:card\" content=\"summary_large_image\" \/>\n<meta name=\"twitter:label1\" content=\"Written by\" \/>\n\t<meta name=\"twitter:data1\" content=\"smonteiro\" \/>\n\t<meta name=\"twitter:label2\" content=\"Est. reading time\" \/>\n\t<meta name=\"twitter:data2\" content=\"3 minutos\" \/>\n<script type=\"application\/ld+json\" class=\"yoast-schema-graph\">{\"@context\":\"https:\/\/schema.org\",\"@graph\":[{\"@type\":\"WebPage\",\"@id\":\"https:\/\/www.manaus.am.gov.br\/semef\/2024\/06\/12\/nota-premiada\/\",\"url\":\"https:\/\/www.manaus.am.gov.br\/semef\/2024\/06\/12\/nota-premiada\/\",\"name\":\"Prefeitura de Manaus entrega premia\u00e7\u00f5es do quarto sorteio do ano da Nota Premiada\",\"isPartOf\":{\"@id\":\"https:\/\/www.manaus.am.gov.br\/semef\/#website\"},\"primaryImageOfPage\":{\"@id\":\"https:\/\/www.manaus.am.gov.br\/semef\/2024\/06\/12\/nota-premiada\/#primaryimage\"},\"image\":{\"@id\":\"https:\/\/www.manaus.am.gov.br\/semef\/2024\/06\/12\/nota-premiada\/#primaryimage\"},\"thumbnailUrl\":\"https:\/\/www.manaus.am.gov.br\/semef\/wp-content\/uploads\/sites\/7\/2024\/06\/Nota-Premiada-Manaus-3.jpg\",\"datePublished\":\"2024-06-12T20:57:06+00:00\",\"dateModified\":\"2024-06-12T20:58:05+00:00\",\"author\":{\"@id\":\"https:\/\/www.manaus.am.gov.br\/semef\/#\/schema\/person\/ab4dcf766a54dff74e8d267f5c591961\"},\"description\":\"A prefeitura premiou mais 27 sortudos cadastrados na campanha Nota Premiada Manaus para quem tem o h\u00e1bito de pedir o CPF na Nota Fiscal de Servi\u00e7o Eletr\u00f4nica (NFS-e).\",\"inLanguage\":\"pt-BR\",\"potentialAction\":[{\"@type\":\"ReadAction\",\"target\":[\"https:\/\/www.manaus.am.gov.br\/semef\/2024\/06\/12\/nota-premiada\/\"]}]},{\"@type\":\"ImageObject\",\"inLanguage\":\"pt-BR\",\"@id\":\"https:\/\/www.manaus.am.gov.br\/semef\/2024\/06\/12\/nota-premiada\/#primaryimage\",\"url\":\"https:\/\/www.manaus.am.gov.br\/semef\/wp-content\/uploads\/sites\/7\/2024\/06\/Nota-Premiada-Manaus-3.jpg\",\"contentUrl\":\"https:\/\/www.manaus.am.gov.br\/semef\/wp-content\/uploads\/sites\/7\/2024\/06\/Nota-Premiada-Manaus-3.jpg\",\"width\":800,\"height\":450,\"caption\":\"#paratodosverem - imagem dos contemplados no sorteio\"},{\"@type\":\"WebSite\",\"@id\":\"https:\/\/www.manaus.am.gov.br\/semef\/#website\",\"url\":\"https:\/\/www.manaus.am.gov.br\/semef\/\",\"name\":\"SEMEF\",\"description\":\"Secretaria Municipal de Finan\u00e7as e Tecnologia da Informa\u00e7\u00e3o\",\"potentialAction\":[{\"@type\":\"SearchAction\",\"target\":{\"@type\":\"EntryPoint\",\"urlTemplate\":\"https:\/\/www.manaus.am.gov.br\/semef\/?s={search_term_string}\"},\"query-input\":\"required name=search_term_string\"}],\"inLanguage\":\"pt-BR\"},{\"@type\":\"Person\",\"@id\":\"https:\/\/www.manaus.am.gov.br\/semef\/#\/schema\/person\/ab4dcf766a54dff74e8d267f5c591961\",\"name\":\"smonteiro\",\"image\":{\"@type\":\"ImageObject\",\"inLanguage\":\"pt-BR\",\"@id\":\"https:\/\/www.manaus.am.gov.br\/semef\/#\/schema\/person\/image\/\",\"url\":\"https:\/\/secure.gravatar.com\/avatar\/21c8776ef61d9272c73322052e042d77?s=96&d=mm&r=g\",\"contentUrl\":\"https:\/\/secure.gravatar.com\/avatar\/21c8776ef61d9272c73322052e042d77?s=96&d=mm&r=g\",\"caption\":\"smonteiro\"}}]}<\/script>\n<!-- \/ Yoast SEO plugin. -->","yoast_head_json":{"title":"Prefeitura de Manaus entrega premia\u00e7\u00f5es do quarto sorteio do ano da Nota Premiada","description":"A prefeitura premiou mais 27 sortudos cadastrados na campanha Nota Premiada Manaus para quem tem o h\u00e1bito de pedir o CPF na Nota Fiscal de Servi\u00e7o Eletr\u00f4nica (NFS-e).","robots":{"index":"index","follow":"follow","max-snippet":"max-snippet:-1","max-image-preview":"max-image-preview:large","max-video-preview":"max-video-preview:-1"},"canonical":"https:\/\/www.manaus.am.gov.br\/semef\/2024\/06\/12\/nota-premiada\/","og_locale":"pt_BR","og_type":"article","og_title":"Prefeitura de Manaus entrega premia\u00e7\u00f5es do quarto sorteio do ano da Nota Premiada","og_description":"A prefeitura premiou mais 27 sortudos cadastrados na campanha Nota Premiada Manaus para quem tem o h\u00e1bito de pedir o CPF na Nota Fiscal de Servi\u00e7o Eletr\u00f4nica (NFS-e).","og_url":"https:\/\/www.manaus.am.gov.br\/semef\/2024\/06\/12\/nota-premiada\/","og_site_name":"SEMEF","article_published_time":"2024-06-12T20:57:06+00:00","article_modified_time":"2024-06-12T20:58:05+00:00","og_image":[{"width":800,"height":450,"url":"https:\/\/www.manaus.am.gov.br\/semef\/wp-content\/uploads\/sites\/7\/2024\/06\/Nota-Premiada-Manaus-3.jpg","type":"image\/jpeg"}],"author":"smonteiro","twitter_card":"summary_large_image","twitter_misc":{"Written by":"smonteiro","Est. reading time":"3 minutos"},"schema":{"@context":"https:\/\/schema.org","@graph":[{"@type":"WebPage","@id":"https:\/\/www.manaus.am.gov.br\/semef\/2024\/06\/12\/nota-premiada\/","url":"https:\/\/www.manaus.am.gov.br\/semef\/2024\/06\/12\/nota-premiada\/","name":"Prefeitura de Manaus entrega premia\u00e7\u00f5es do quarto sorteio do ano da Nota Premiada","isPartOf":{"@id":"https:\/\/www.manaus.am.gov.br\/semef\/#website"},"primaryImageOfPage":{"@id":"https:\/\/www.manaus.am.gov.br\/semef\/2024\/06\/12\/nota-premiada\/#primaryimage"},"image":{"@id":"https:\/\/www.manaus.am.gov.br\/semef\/2024\/06\/12\/nota-premiada\/#primaryimage"},"thumbnailUrl":"https:\/\/www.manaus.am.gov.br\/semef\/wp-content\/uploads\/sites\/7\/2024\/06\/Nota-Premiada-Manaus-3.jpg","datePublished":"2024-06-12T20:57:06+00:00","dateModified":"2024-06-12T20:58:05+00:00","author":{"@id":"https:\/\/www.manaus.am.gov.br\/semef\/#\/schema\/person\/ab4dcf766a54dff74e8d267f5c591961"},"description":"A prefeitura premiou mais 27 sortudos cadastrados na campanha Nota Premiada Manaus para quem tem o h\u00e1bito de pedir o CPF na Nota Fiscal de Servi\u00e7o Eletr\u00f4nica (NFS-e).","inLanguage":"pt-BR","potentialAction":[{"@type":"ReadAction","target":["https:\/\/www.manaus.am.gov.br\/semef\/2024\/06\/12\/nota-premiada\/"]}]},{"@type":"ImageObject","inLanguage":"pt-BR","@id":"https:\/\/www.manaus.am.gov.br\/semef\/2024\/06\/12\/nota-premiada\/#primaryimage","url":"https:\/\/www.manaus.am.gov.br\/semef\/wp-content\/uploads\/sites\/7\/2024\/06\/Nota-Premiada-Manaus-3.jpg","contentUrl":"https:\/\/www.manaus.am.gov.br\/semef\/wp-content\/uploads\/sites\/7\/2024\/06\/Nota-Premiada-Manaus-3.jpg","width":800,"height":450,"caption":"#paratodosverem - imagem dos contemplados no sorteio"},{"@type":"WebSite","@id":"https:\/\/www.manaus.am.gov.br\/semef\/#website","url":"https:\/\/www.manaus.am.gov.br\/semef\/","name":"SEMEF","description":"Secretaria Municipal de Finan\u00e7as e Tecnologia da Informa\u00e7\u00e3o","potentialAction":[{"@type":"SearchAction","target":{"@type":"EntryPoint","urlTemplate":"https:\/\/www.manaus.am.gov.br\/semef\/?s={search_term_string}"},"query-input":"required name=search_term_string"}],"inLanguage":"pt-BR"},{"@type":"Person","@id":"https:\/\/www.manaus.am.gov.br\/semef\/#\/schema\/person\/ab4dcf766a54dff74e8d267f5c591961","name":"smonteiro","image":{"@type":"ImageObject","inLanguage":"pt-BR","@id":"https:\/\/www.manaus.am.gov.br\/semef\/#\/schema\/person\/image\/","url":"https:\/\/secure.gravatar.com\/avatar\/21c8776ef61d9272c73322052e042d77?s=96&d=mm&r=g","contentUrl":"https:\/\/secure.gravatar.com\/avatar\/21c8776ef61d9272c73322052e042d77?s=96&d=mm&r=g","caption":"smonteiro"}}]}},"_links":{"self":[{"href":"https:\/\/www.manaus.am.gov.br\/semef\/wp-json\/wp\/v2\/posts\/2630"}],"collection":[{"href":"https:\/\/www.manaus.am.gov.br\/semef\/wp-json\/wp\/v2\/posts"}],"about":[{"href":"https:\/\/www.manaus.am.gov.br\/semef\/wp-json\/wp\/v2\/types\/post"}],"author":[{"embeddable":true,"href":"https:\/\/www.manaus.am.gov.br\/semef\/wp-json\/wp\/v2\/users\/61"}],"replies":[{"embeddable":true,"href":"https:\/\/www.manaus.am.gov.br\/semef\/wp-json\/wp\/v2\/comments?post=2630"}],"version-history":[{"count":1,"href":"https:\/\/www.manaus.am.gov.br\/semef\/wp-json\/wp\/v2\/posts\/2630\/revisions"}],"predecessor-version":[{"id":2632,"href":"https:\/\/www.manaus.am.gov.br\/semef\/wp-json\/wp\/v2\/posts\/2630\/revisions\/2632"}],"wp:featuredmedia":[{"embeddable":true,"href":"https:\/\/www.manaus.am.gov.br\/semef\/wp-json\/wp\/v2\/media\/2631"}],"wp:attachment":[{"href":"https:\/\/www.manaus.am.gov.br\/semef\/wp-json\/wp\/v2\/media?parent=2630"}],"wp:term":[{"taxonomy":"category","embeddable":true,"href":"https:\/\/www.manaus.am.gov.br\/semef\/wp-json\/wp\/v2\/categories?post=2630"},{"taxonomy":"post_tag","embeddable":true,"href":"https:\/\/www.manaus.am.gov.br\/semef\/wp-json\/wp\/v2\/tags?post=2630"}],"curies":[{"name":"wp","href":"https:\/\/api.w.org\/{rel}","templated":true}]}}