{"id":258,"date":"2022-08-23T17:34:27","date_gmt":"2022-08-23T21:34:27","guid":{"rendered":"https:\/\/www.manaus.am.gov.br\/semef\/2022\/08\/23\/prefeitura-de-manaus-convoca-mais-25-aprovados-para-o-concurso-da-semef\/"},"modified":"2022-12-23T16:40:49","modified_gmt":"2022-12-23T20:40:49","slug":"prefeitura-de-manaus-convoca-mais-25-aprovados-para-o-concurso-da-semef","status":"publish","type":"post","link":"https:\/\/www.manaus.am.gov.br\/semef\/2022\/08\/23\/prefeitura-de-manaus-convoca-mais-25-aprovados-para-o-concurso-da-semef\/","title":{"rendered":"Prefeitura de Manaus convoca mais 25 aprovados para o concurso da Semef"},"content":{"rendered":"\n<p>A Prefeitura de Manaus divulgou, nesta segunda-feira, 22\/8, por meio do Di\u00e1rio Oficial do Munic\u00edpio (DOM), o edital para convoca\u00e7\u00e3o de mais 25 aprovados no concurso p\u00fablico da Secretaria Municipal de Finan\u00e7as e Tecnologia da Informa\u00e7\u00e3o (Semef), realizado em 2019. O chamamento segue a ordem de classifica\u00e7\u00e3o final do concurso, homologado pelo decreto do dia 4 de mar\u00e7o do ano de 2020, publicado na edi\u00e7\u00e3o n\u00ba 4.791 do DOM. O decreto de nomea\u00e7\u00e3o ser\u00e1 assinado pelo prefeito David Almeida nos pr\u00f3ximos dias.<\/p>\n\n\n\n<p>Os novos concursados ocupar\u00e3o os cargos de t\u00e9cnicos de tecnologia da informa\u00e7\u00e3o, assistentes t\u00e9cnicos de tecnologia da informa\u00e7\u00e3o, programador e assistentes t\u00e9cnicos de tecnologia suporte. \u201cEsses profissionais vir\u00e3o para contribuir muito com os servi\u00e7os de tecnologia municipal, uma \u00e1rea que tem avan\u00e7ado bastante na gest\u00e3o do prefeito David Almeida, levando cada vez mais facilidade e acessibilidade aos usu\u00e1rios dos servi\u00e7os da Prefeitura de Manaus\u201d, destacou o secret\u00e1rio da Semef, Cl\u00e9cio Freire.<\/p>\n\n\n\n<p>De acordo com o edital, os aprovados dever\u00e3o comparecer, at\u00e9 o dia 20\/9, na sede da Semef, bloco 1, no Departamento de Administra\u00e7\u00e3o da secretaria, localizada no t\u00e9rreo da Prefeitura de Manaus, na avenida Brasil, n\u00ba 2.971, bairro Compensa, zona Oeste.<\/p>\n\n\n\n<div style=\"height:30px\" aria-hidden=\"true\" class=\"wp-block-spacer\"><\/div>\n\n\n\n<h2 class=\"wp-block-heading\">Lista de Convocados:<\/h2>\n\n\n\n<figure class=\"wp-block-table\"><table><tbody><tr><td><strong>CARGO: C03 \u2013 T\u00c9CNICO DE TECNOLOGIA DA INFORMA\u00c7\u00c3O DA FAZENDA MUNICIPAL<\/strong><\/td><\/tr><tr><td>CLASSIFICA\u00c7\u00c3O<\/td><td>INSCRI\u00c7\u00c3O<\/td><td>CANDIDATO<\/td><\/tr><tr><td>5\u00ba<\/td><td>0022930b<\/td><td>CARLOS ROBERTO SANTOS DAMASCENO<\/td><\/tr><tr><td>6\u00ba<\/td><td>0023266k<\/td><td>MAURICIO CARVALHO MARINHO<\/td><\/tr><tr><td>7\u00ba<\/td><td>0023394i<\/td><td>GUILHERME DE LIMA MANSO<\/td><\/tr><tr><td>8\u00ba<\/td><td>0023339a<\/td><td>ISRAEL FERNANDES BEZERRA DOS SANTOS<\/td><\/tr><tr><td><strong>CARGO: F06 \u2013 ASSISTENTE T\u00c9CNICO DE TECNOLOGIA DA INFORMA\u00c7\u00c3O DA FAZENDA MUNICIPAL \u2013 PROGRAMADOR<\/strong><\/td><\/tr><tr><td>CLASSIFICA\u00c7\u00c3O<\/td><td>INSCRI\u00c7\u00c3O<\/td><td>CANDIDATO<\/td><\/tr><tr><td>2\u00ba<\/td><td>0020312j<\/td><td>JARLAN CASTRO DA COSTA<\/td><\/tr><tr><td>3\u00ba<\/td><td>0021113i<\/td><td>AMANDA RAMOS DA COSTA<\/td><\/tr><tr><td>4\u00ba<\/td><td>0020351i<\/td><td>SAVIO MOREIRA TORQUATO<\/td><\/tr><tr><td>5\u00ba<\/td><td>0020862a<\/td><td>ALEX KEITI NOSSE<\/td><\/tr><tr><td>6\u00ba<\/td><td>0020274f<\/td><td>MARCELO RAMOS PEREIRA<\/td><\/tr><tr><td>7\u00ba<\/td><td>0020309j<\/td><td>GUSTAVO SIMONETTI BOMFIM<\/td><\/tr><tr><td>8\u00ba<\/td><td>0020285k<\/td><td>RONEI MACEDO GUALBERTO<\/td><\/tr><tr><td>9\u00ba<\/td><td>0020320i<\/td><td>MARCOS ANTONIO DA SILVA GOMES<\/td><\/tr><tr><td>10\u00ba<\/td><td>0020277a<\/td><td>MIKAEL FONSECA PINTO<\/td><\/tr><tr><td>11\u00ba<\/td><td>0020318k<\/td><td>MAGNOLUZ SANCELMO DE MENEZES DA SILVA<\/td><\/tr><tr><td>12\u00ba<\/td><td>0020349k<\/td><td>JOAO RUFINO DA COSTA NETO<\/td><\/tr><tr><td><strong>CARGO: G07 \u2013 ASSISTENTE T\u00c9CNICO DE TECNOLOGIA DA INFORMA\u00c7\u00c3O DA FAZENDA MUNICIPAL \u2013 SUPORTE<\/strong><\/td><\/tr><tr><td>CLASSIFICA\u00c7\u00c3O<\/td><td>INSCRI\u00c7\u00c3O<\/td><td>CANDIDATO<\/td><\/tr><tr><td>3\u00ba<\/td><td>0020610g<\/td><td>CARLOS ROBERTO SANTOS DAMASCENO<\/td><\/tr><tr><td>4\u00ba<\/td><td>0020558i<\/td><td>ADELMO CAMPOS NETO<\/td><\/tr><tr><td>5\u00ba<\/td><td>0020680f<\/td><td>JULIO CESAR LINS SENA<\/td><\/tr><tr><td>6\u00ba<\/td><td>0020550d<\/td><td>SERGIO ROBERTO PINTO DE OLIVEIRA<\/td><\/tr><tr><td>7\u00ba<\/td><td>0020620j<\/td><td>JOSE FRANCISCO BRANDAO DE SOUSA<\/td><\/tr><tr><td>8\u00ba<\/td><td>0020611i<\/td><td>CLAUDIA SUZANY LOURENCO DE SOUZA<\/td><\/tr><tr><td>9\u00ba<\/td><td>0021999k<\/td><td>ERIVALDO ALVES DA SILVA<\/td><\/tr><tr><td>10\u00ba<\/td><td>0022179k<\/td><td>BRENO SILVA LIMA<\/td><\/tr><tr><td>11\u00ba<\/td><td>0022296d<\/td><td>LUCIO MATHEUS FERREIRA DO REGO<\/td><\/tr><tr><td>12\u00ba<\/td><td>0020519j<\/td><td>EDUARDO SANTIAGO TRINDADE DA SILVA<\/td><\/tr><\/tbody><\/table><\/figure>\n\n\n\n<p>&#8212; &#8212; &#8212;<\/p>\n\n\n\n<p><strong>Texto \u2013<\/strong>&nbsp;Anderson Farias \/ Semef<\/p>\n\n\n\n<p><strong>Fotos \u2013<\/strong>&nbsp;Ruan Souza \/ Arquivo Semcom<\/p>\n\n\n\n<p><strong>Dispon\u00edveis em &#8211;<\/strong>&nbsp;<a href=\"https:\/\/flic.kr\/p\/2ne5Gii\">https:\/\/flic.kr\/p\/2ne5Gii<\/a><\/p>\n","protected":false},"excerpt":{"rendered":"","protected":false},"author":24,"featured_media":259,"comment_status":"closed","ping_status":"closed","sticky":false,"template":"","format":"standard","meta":{"footnotes":""},"categories":[8],"tags":[9,10,11,12,13,14,15,16],"acf":[],"yoast_head":"<!-- This site is optimized with the Yoast SEO plugin v23.0 - https:\/\/yoast.com\/wordpress\/plugins\/seo\/ -->\n<title>Prefeitura de Manaus convoca mais 25 aprovados para o concurso da Semef - SEMEF<\/title>\n<meta name=\"robots\" content=\"index, follow, max-snippet:-1, max-image-preview:large, max-video-preview:-1\" \/>\n<link rel=\"canonical\" href=\"https:\/\/www.manaus.am.gov.br\/semef\/2022\/08\/23\/prefeitura-de-manaus-convoca-mais-25-aprovados-para-o-concurso-da-semef\/\" \/>\n<meta property=\"og:locale\" content=\"pt_BR\" \/>\n<meta property=\"og:type\" content=\"article\" \/>\n<meta property=\"og:title\" content=\"Prefeitura de Manaus convoca mais 25 aprovados para o concurso da Semef - SEMEF\" \/>\n<meta property=\"og:url\" content=\"https:\/\/www.manaus.am.gov.br\/semef\/2022\/08\/23\/prefeitura-de-manaus-convoca-mais-25-aprovados-para-o-concurso-da-semef\/\" \/>\n<meta property=\"og:site_name\" content=\"SEMEF\" \/>\n<meta property=\"article:published_time\" content=\"2022-08-23T21:34:27+00:00\" \/>\n<meta property=\"article:modified_time\" content=\"2022-12-23T20:40:49+00:00\" \/>\n<meta property=\"og:image\" content=\"https:\/\/www.manaus.am.gov.br\/semef\/wp-content\/uploads\/sites\/7\/2022\/12\/Prefeitura-de-Manaus-convoca-mais-25-aprovados-para-o-concurso-da-Semef.jpg\" \/>\n\t<meta property=\"og:image:width\" content=\"720\" \/>\n\t<meta property=\"og:image:height\" content=\"407\" \/>\n\t<meta property=\"og:image:type\" content=\"image\/jpeg\" \/>\n<meta name=\"author\" content=\"Cl\u00e1udia Barbosa\" \/>\n<meta name=\"twitter:card\" content=\"summary_large_image\" \/>\n<meta name=\"twitter:label1\" content=\"Written by\" \/>\n\t<meta name=\"twitter:data1\" content=\"Cl\u00e1udia Barbosa\" \/>\n\t<meta name=\"twitter:label2\" content=\"Est. reading time\" \/>\n\t<meta name=\"twitter:data2\" content=\"3 minutos\" \/>\n<script type=\"application\/ld+json\" class=\"yoast-schema-graph\">{\"@context\":\"https:\/\/schema.org\",\"@graph\":[{\"@type\":\"WebPage\",\"@id\":\"https:\/\/www.manaus.am.gov.br\/semef\/2022\/08\/23\/prefeitura-de-manaus-convoca-mais-25-aprovados-para-o-concurso-da-semef\/\",\"url\":\"https:\/\/www.manaus.am.gov.br\/semef\/2022\/08\/23\/prefeitura-de-manaus-convoca-mais-25-aprovados-para-o-concurso-da-semef\/\",\"name\":\"Prefeitura de Manaus convoca mais 25 aprovados para o concurso da Semef - SEMEF\",\"isPartOf\":{\"@id\":\"https:\/\/www.manaus.am.gov.br\/semef\/#website\"},\"primaryImageOfPage\":{\"@id\":\"https:\/\/www.manaus.am.gov.br\/semef\/2022\/08\/23\/prefeitura-de-manaus-convoca-mais-25-aprovados-para-o-concurso-da-semef\/#primaryimage\"},\"image\":{\"@id\":\"https:\/\/www.manaus.am.gov.br\/semef\/2022\/08\/23\/prefeitura-de-manaus-convoca-mais-25-aprovados-para-o-concurso-da-semef\/#primaryimage\"},\"thumbnailUrl\":\"https:\/\/www.manaus.am.gov.br\/semef\/wp-content\/uploads\/sites\/7\/2022\/12\/Prefeitura-de-Manaus-convoca-mais-25-aprovados-para-o-concurso-da-Semef.jpg\",\"datePublished\":\"2022-08-23T21:34:27+00:00\",\"dateModified\":\"2022-12-23T20:40:49+00:00\",\"author\":{\"@id\":\"https:\/\/www.manaus.am.gov.br\/semef\/#\/schema\/person\/d0a166b5031154c33c77794ddc9a827e\"},\"inLanguage\":\"pt-BR\",\"potentialAction\":[{\"@type\":\"ReadAction\",\"target\":[\"https:\/\/www.manaus.am.gov.br\/semef\/2022\/08\/23\/prefeitura-de-manaus-convoca-mais-25-aprovados-para-o-concurso-da-semef\/\"]}]},{\"@type\":\"ImageObject\",\"inLanguage\":\"pt-BR\",\"@id\":\"https:\/\/www.manaus.am.gov.br\/semef\/2022\/08\/23\/prefeitura-de-manaus-convoca-mais-25-aprovados-para-o-concurso-da-semef\/#primaryimage\",\"url\":\"https:\/\/www.manaus.am.gov.br\/semef\/wp-content\/uploads\/sites\/7\/2022\/12\/Prefeitura-de-Manaus-convoca-mais-25-aprovados-para-o-concurso-da-Semef.jpg\",\"contentUrl\":\"https:\/\/www.manaus.am.gov.br\/semef\/wp-content\/uploads\/sites\/7\/2022\/12\/Prefeitura-de-Manaus-convoca-mais-25-aprovados-para-o-concurso-da-Semef.jpg\",\"width\":720,\"height\":407,\"caption\":\"Prefeitura de Manaus convoca mais 25 aprovados para o concurso da Semef\"},{\"@type\":\"WebSite\",\"@id\":\"https:\/\/www.manaus.am.gov.br\/semef\/#website\",\"url\":\"https:\/\/www.manaus.am.gov.br\/semef\/\",\"name\":\"SEMEF\",\"description\":\"Secretaria Municipal de Finan\u00e7as e Tecnologia da Informa\u00e7\u00e3o\",\"potentialAction\":[{\"@type\":\"SearchAction\",\"target\":{\"@type\":\"EntryPoint\",\"urlTemplate\":\"https:\/\/www.manaus.am.gov.br\/semef\/?s={search_term_string}\"},\"query-input\":\"required name=search_term_string\"}],\"inLanguage\":\"pt-BR\"},{\"@type\":\"Person\",\"@id\":\"https:\/\/www.manaus.am.gov.br\/semef\/#\/schema\/person\/d0a166b5031154c33c77794ddc9a827e\",\"name\":\"Cl\u00e1udia Barbosa\",\"image\":{\"@type\":\"ImageObject\",\"inLanguage\":\"pt-BR\",\"@id\":\"https:\/\/www.manaus.am.gov.br\/semef\/#\/schema\/person\/image\/\",\"url\":\"https:\/\/secure.gravatar.com\/avatar\/42958a1cf007f1a00534009218c72590?s=96&d=mm&r=g\",\"contentUrl\":\"https:\/\/secure.gravatar.com\/avatar\/42958a1cf007f1a00534009218c72590?s=96&d=mm&r=g\",\"caption\":\"Cl\u00e1udia Barbosa\"}}]}<\/script>\n<!-- \/ Yoast SEO plugin. -->","yoast_head_json":{"title":"Prefeitura de Manaus convoca mais 25 aprovados para o concurso da Semef - SEMEF","robots":{"index":"index","follow":"follow","max-snippet":"max-snippet:-1","max-image-preview":"max-image-preview:large","max-video-preview":"max-video-preview:-1"},"canonical":"https:\/\/www.manaus.am.gov.br\/semef\/2022\/08\/23\/prefeitura-de-manaus-convoca-mais-25-aprovados-para-o-concurso-da-semef\/","og_locale":"pt_BR","og_type":"article","og_title":"Prefeitura de Manaus convoca mais 25 aprovados para o concurso da Semef - SEMEF","og_url":"https:\/\/www.manaus.am.gov.br\/semef\/2022\/08\/23\/prefeitura-de-manaus-convoca-mais-25-aprovados-para-o-concurso-da-semef\/","og_site_name":"SEMEF","article_published_time":"2022-08-23T21:34:27+00:00","article_modified_time":"2022-12-23T20:40:49+00:00","og_image":[{"width":720,"height":407,"url":"https:\/\/www.manaus.am.gov.br\/semef\/wp-content\/uploads\/sites\/7\/2022\/12\/Prefeitura-de-Manaus-convoca-mais-25-aprovados-para-o-concurso-da-Semef.jpg","type":"image\/jpeg"}],"author":"Cl\u00e1udia Barbosa","twitter_card":"summary_large_image","twitter_misc":{"Written by":"Cl\u00e1udia Barbosa","Est. reading time":"3 minutos"},"schema":{"@context":"https:\/\/schema.org","@graph":[{"@type":"WebPage","@id":"https:\/\/www.manaus.am.gov.br\/semef\/2022\/08\/23\/prefeitura-de-manaus-convoca-mais-25-aprovados-para-o-concurso-da-semef\/","url":"https:\/\/www.manaus.am.gov.br\/semef\/2022\/08\/23\/prefeitura-de-manaus-convoca-mais-25-aprovados-para-o-concurso-da-semef\/","name":"Prefeitura de Manaus convoca mais 25 aprovados para o concurso da Semef - SEMEF","isPartOf":{"@id":"https:\/\/www.manaus.am.gov.br\/semef\/#website"},"primaryImageOfPage":{"@id":"https:\/\/www.manaus.am.gov.br\/semef\/2022\/08\/23\/prefeitura-de-manaus-convoca-mais-25-aprovados-para-o-concurso-da-semef\/#primaryimage"},"image":{"@id":"https:\/\/www.manaus.am.gov.br\/semef\/2022\/08\/23\/prefeitura-de-manaus-convoca-mais-25-aprovados-para-o-concurso-da-semef\/#primaryimage"},"thumbnailUrl":"https:\/\/www.manaus.am.gov.br\/semef\/wp-content\/uploads\/sites\/7\/2022\/12\/Prefeitura-de-Manaus-convoca-mais-25-aprovados-para-o-concurso-da-Semef.jpg","datePublished":"2022-08-23T21:34:27+00:00","dateModified":"2022-12-23T20:40:49+00:00","author":{"@id":"https:\/\/www.manaus.am.gov.br\/semef\/#\/schema\/person\/d0a166b5031154c33c77794ddc9a827e"},"inLanguage":"pt-BR","potentialAction":[{"@type":"ReadAction","target":["https:\/\/www.manaus.am.gov.br\/semef\/2022\/08\/23\/prefeitura-de-manaus-convoca-mais-25-aprovados-para-o-concurso-da-semef\/"]}]},{"@type":"ImageObject","inLanguage":"pt-BR","@id":"https:\/\/www.manaus.am.gov.br\/semef\/2022\/08\/23\/prefeitura-de-manaus-convoca-mais-25-aprovados-para-o-concurso-da-semef\/#primaryimage","url":"https:\/\/www.manaus.am.gov.br\/semef\/wp-content\/uploads\/sites\/7\/2022\/12\/Prefeitura-de-Manaus-convoca-mais-25-aprovados-para-o-concurso-da-Semef.jpg","contentUrl":"https:\/\/www.manaus.am.gov.br\/semef\/wp-content\/uploads\/sites\/7\/2022\/12\/Prefeitura-de-Manaus-convoca-mais-25-aprovados-para-o-concurso-da-Semef.jpg","width":720,"height":407,"caption":"Prefeitura de Manaus convoca mais 25 aprovados para o concurso da Semef"},{"@type":"WebSite","@id":"https:\/\/www.manaus.am.gov.br\/semef\/#website","url":"https:\/\/www.manaus.am.gov.br\/semef\/","name":"SEMEF","description":"Secretaria Municipal de Finan\u00e7as e Tecnologia da Informa\u00e7\u00e3o","potentialAction":[{"@type":"SearchAction","target":{"@type":"EntryPoint","urlTemplate":"https:\/\/www.manaus.am.gov.br\/semef\/?s={search_term_string}"},"query-input":"required name=search_term_string"}],"inLanguage":"pt-BR"},{"@type":"Person","@id":"https:\/\/www.manaus.am.gov.br\/semef\/#\/schema\/person\/d0a166b5031154c33c77794ddc9a827e","name":"Cl\u00e1udia Barbosa","image":{"@type":"ImageObject","inLanguage":"pt-BR","@id":"https:\/\/www.manaus.am.gov.br\/semef\/#\/schema\/person\/image\/","url":"https:\/\/secure.gravatar.com\/avatar\/42958a1cf007f1a00534009218c72590?s=96&d=mm&r=g","contentUrl":"https:\/\/secure.gravatar.com\/avatar\/42958a1cf007f1a00534009218c72590?s=96&d=mm&r=g","caption":"Cl\u00e1udia Barbosa"}}]}},"_links":{"self":[{"href":"https:\/\/www.manaus.am.gov.br\/semef\/wp-json\/wp\/v2\/posts\/258"}],"collection":[{"href":"https:\/\/www.manaus.am.gov.br\/semef\/wp-json\/wp\/v2\/posts"}],"about":[{"href":"https:\/\/www.manaus.am.gov.br\/semef\/wp-json\/wp\/v2\/types\/post"}],"author":[{"embeddable":true,"href":"https:\/\/www.manaus.am.gov.br\/semef\/wp-json\/wp\/v2\/users\/24"}],"replies":[{"embeddable":true,"href":"https:\/\/www.manaus.am.gov.br\/semef\/wp-json\/wp\/v2\/comments?post=258"}],"version-history":[{"count":0,"href":"https:\/\/www.manaus.am.gov.br\/semef\/wp-json\/wp\/v2\/posts\/258\/revisions"}],"wp:featuredmedia":[{"embeddable":true,"href":"https:\/\/www.manaus.am.gov.br\/semef\/wp-json\/wp\/v2\/media\/259"}],"wp:attachment":[{"href":"https:\/\/www.manaus.am.gov.br\/semef\/wp-json\/wp\/v2\/media?parent=258"}],"wp:term":[{"taxonomy":"category","embeddable":true,"href":"https:\/\/www.manaus.am.gov.br\/semef\/wp-json\/wp\/v2\/categories?post=258"},{"taxonomy":"post_tag","embeddable":true,"href":"https:\/\/www.manaus.am.gov.br\/semef\/wp-json\/wp\/v2\/tags?post=258"}],"curies":[{"name":"wp","href":"https:\/\/api.w.org\/{rel}","templated":true}]}}