{"id":2563,"date":"2024-05-17T18:05:20","date_gmt":"2024-05-17T22:05:20","guid":{"rendered":"https:\/\/www.manaus.am.gov.br\/semef\/2024\/05\/17\/premiacoes-sorteio\/"},"modified":"2024-05-17T18:30:03","modified_gmt":"2024-05-17T22:30:03","slug":"premiacoes-sorteio","status":"publish","type":"post","link":"https:\/\/www.manaus.am.gov.br\/semef\/2024\/05\/17\/premiacoes-sorteio\/","title":{"rendered":"Prefeitura entrega R$ 150 mil em premia\u00e7\u00f5es do terceiro sorteio de 2024 da Campanha Nota Premiada"},"content":{"rendered":"\n<p>Os contemplados do sorteio n\u00ba 2024-03 da campanha Nota Premiada Manaus foram premiados nesta sexta-feira, 17\/5. Como de praxe, a Prefeitura de Manaus, por meio da Secretaria Municipal de Finan\u00e7as e Tecnologia da Informa\u00e7\u00e3o (Semef) realizou cerim\u00f4nia para entrega dos cheques simb\u00f3licos, ocorrida no audit\u00f3rio da subsecretaria da Receita, localizado na Rua Japur\u00e1, 493, Centro.<\/p>\n\n\n\n<p>No total, 27 cidad\u00e3os inscritos na campanha e que pediram seu CPF na Nota Fiscal de Servi\u00e7o Eletr\u00f4nica (NFS-e) foram sorteados, o que somou um total de R$ 150 mil em premia\u00e7\u00f5es. Somente este ano os tr\u00eas sorteios j\u00e1 realizados somaram um total de R$ 450 mil, incluindo os pr\u00eamios sociais indicados pelos ganhadores.<\/p>\n\n\n\n<p>\u201cEssa \u00e9 uma campanha de Educa\u00e7\u00e3o Fiscal da Prefeitura de Manaus que concede muitos benef\u00edcios aos cidad\u00e3os, al\u00e9m de um alcance muito grande na esfera social. Sem contar que, ao pedir sua nota fiscal, o contribuinte tamb\u00e9m acumula cr\u00e9ditos para descontos de at\u00e9 50% no IPTU\u201d, explicou o subcoordenador do Grupo de Educa\u00e7\u00e3o Fiscal do Munic\u00edpio, Francisco Moreira, durante a cerim\u00f4nia de premia\u00e7\u00e3o.<\/p>\n\n\n\n<p><strong>Ganhadores<\/strong><\/p>\n\n\n\n<p>A servidora p\u00fablica estadual, B\u00e1rbara Mendon\u00e7a, foi a grande ganhadora do pr\u00eamio principal de R$ 30 mil e esteve presente para receber seu cheque simb\u00f3lico. Conforme contou, desde o in\u00edcio da campanha ela j\u00e1 acreditava, tanto que fez seu cadastro, no ano final do ano de 2019. \u201cCostumo pedir sempre minhas Notas Fiscais de Servi\u00e7os em cl\u00ednicas m\u00e9dicas e de exames, servi\u00e7os que utilizo bastante principalmente por conta dos meus dois filhos\u201d, disse.<\/p>\n\n\n\n<p>O Cora\u00e7\u00e3o do Pai, abrigo localizado no bairro Japiim, zona Sul, que d\u00e1 assist\u00eancia a crian\u00e7as resgatadas de situa\u00e7\u00f5es de rua e vulnerabilidade, recebeu a indica\u00e7\u00e3o da ganhadora para a premia\u00e7\u00e3o de R$ 15 mil. \u201c\u00c9 uma institui\u00e7\u00e3o que eu respeito e admiro muito o trabalho com as crian\u00e7as desamparadas. Estou muito feliz em poder destinar esse apoio\u201d, concluiu a ganhadora.<\/p>\n\n\n\n<p>A lista completa de ganhadores do sorteio de outubro da Nota Fiscal Premiada pode ser consultada no endere\u00e7o eletr\u00f4nico: <a href=\"https:\/\/notapremiada.manaus.am.gov.br\">https:\/\/notapremiada.manaus.am.gov.br<\/a>.<\/p>\n\n\n\n<p><strong>Cadastro<\/strong><\/p>\n\n\n\n<p>O cadastro para participar da campanha Nota Premiada Manaus pode ser realizado no site <a href=\"https:\/\/notapremiada.manaus.am.gov.br\">https:\/\/notapremiada.manaus.am.gov.br<\/a>. Ap\u00f3s esse processo, o participante que exige o CPF na NFS-e, concorre mensalmente \u00e0s premia\u00e7\u00f5es e pode usufruir de outras vantagens, como a utiliza\u00e7\u00e3o de cr\u00e9dito do Imposto sobre Servi\u00e7os de Qualquer Natureza (ISS) para abatimento do Imposto Predial e Territorial Urbano (IPTU) do pr\u00f3ximo exerc\u00edcio.<\/p>\n","protected":false},"excerpt":{"rendered":"","protected":false},"author":61,"featured_media":2564,"comment_status":"closed","ping_status":"closed","sticky":false,"template":"","format":"standard","meta":{"footnotes":""},"categories":[44],"tags":[60,429,14,80,16,63],"acf":[],"yoast_head":"<!-- This site is optimized with the Yoast SEO plugin v23.0 - https:\/\/yoast.com\/wordpress\/plugins\/seo\/ -->\n<title>Prefeitura entrega R$ 150 mil em premia\u00e7\u00f5es do terceiro sorteio de 2024<\/title>\n<meta name=\"description\" content=\"Os contemplados do sorteio n\u00ba 2024-03 da campanha Nota Premiada Manaus foram premiados nesta sexta-feira, 17\/5.\" \/>\n<meta name=\"robots\" content=\"index, follow, max-snippet:-1, max-image-preview:large, max-video-preview:-1\" \/>\n<link rel=\"canonical\" href=\"https:\/\/www.manaus.am.gov.br\/semef\/2024\/05\/17\/premiacoes-sorteio\/\" \/>\n<meta property=\"og:locale\" content=\"pt_BR\" \/>\n<meta property=\"og:type\" content=\"article\" \/>\n<meta property=\"og:title\" content=\"Prefeitura entrega R$ 150 mil em premia\u00e7\u00f5es do terceiro sorteio de 2024\" \/>\n<meta property=\"og:description\" content=\"Os contemplados do sorteio n\u00ba 2024-03 da campanha Nota Premiada Manaus foram premiados nesta sexta-feira, 17\/5.\" \/>\n<meta property=\"og:url\" content=\"https:\/\/www.manaus.am.gov.br\/semef\/2024\/05\/17\/premiacoes-sorteio\/\" \/>\n<meta property=\"og:site_name\" content=\"SEMEF\" \/>\n<meta property=\"article:published_time\" content=\"2024-05-17T22:05:20+00:00\" \/>\n<meta property=\"article:modified_time\" content=\"2024-05-17T22:30:03+00:00\" \/>\n<meta property=\"og:image\" content=\"https:\/\/www.manaus.am.gov.br\/semef\/wp-content\/uploads\/sites\/7\/2024\/05\/IPTU-Premiado-2.jpg\" \/>\n\t<meta property=\"og:image:width\" content=\"799\" \/>\n\t<meta property=\"og:image:height\" content=\"533\" \/>\n\t<meta property=\"og:image:type\" content=\"image\/jpeg\" \/>\n<meta name=\"author\" content=\"smonteiro\" \/>\n<meta name=\"twitter:card\" content=\"summary_large_image\" \/>\n<meta name=\"twitter:label1\" content=\"Written by\" \/>\n\t<meta name=\"twitter:data1\" content=\"smonteiro\" \/>\n\t<meta name=\"twitter:label2\" content=\"Est. reading time\" \/>\n\t<meta name=\"twitter:data2\" content=\"3 minutos\" \/>\n<script type=\"application\/ld+json\" class=\"yoast-schema-graph\">{\"@context\":\"https:\/\/schema.org\",\"@graph\":[{\"@type\":\"WebPage\",\"@id\":\"https:\/\/www.manaus.am.gov.br\/semef\/2024\/05\/17\/premiacoes-sorteio\/\",\"url\":\"https:\/\/www.manaus.am.gov.br\/semef\/2024\/05\/17\/premiacoes-sorteio\/\",\"name\":\"Prefeitura entrega R$ 150 mil em premia\u00e7\u00f5es do terceiro sorteio de 2024\",\"isPartOf\":{\"@id\":\"https:\/\/www.manaus.am.gov.br\/semef\/#website\"},\"primaryImageOfPage\":{\"@id\":\"https:\/\/www.manaus.am.gov.br\/semef\/2024\/05\/17\/premiacoes-sorteio\/#primaryimage\"},\"image\":{\"@id\":\"https:\/\/www.manaus.am.gov.br\/semef\/2024\/05\/17\/premiacoes-sorteio\/#primaryimage\"},\"thumbnailUrl\":\"https:\/\/www.manaus.am.gov.br\/semef\/wp-content\/uploads\/sites\/7\/2024\/05\/IPTU-Premiado-2.jpg\",\"datePublished\":\"2024-05-17T22:05:20+00:00\",\"dateModified\":\"2024-05-17T22:30:03+00:00\",\"author\":{\"@id\":\"https:\/\/www.manaus.am.gov.br\/semef\/#\/schema\/person\/ab4dcf766a54dff74e8d267f5c591961\"},\"description\":\"Os contemplados do sorteio n\u00ba 2024-03 da campanha Nota Premiada Manaus foram premiados nesta sexta-feira, 17\/5.\",\"inLanguage\":\"pt-BR\",\"potentialAction\":[{\"@type\":\"ReadAction\",\"target\":[\"https:\/\/www.manaus.am.gov.br\/semef\/2024\/05\/17\/premiacoes-sorteio\/\"]}]},{\"@type\":\"ImageObject\",\"inLanguage\":\"pt-BR\",\"@id\":\"https:\/\/www.manaus.am.gov.br\/semef\/2024\/05\/17\/premiacoes-sorteio\/#primaryimage\",\"url\":\"https:\/\/www.manaus.am.gov.br\/semef\/wp-content\/uploads\/sites\/7\/2024\/05\/IPTU-Premiado-2.jpg\",\"contentUrl\":\"https:\/\/www.manaus.am.gov.br\/semef\/wp-content\/uploads\/sites\/7\/2024\/05\/IPTU-Premiado-2.jpg\",\"width\":799,\"height\":533,\"caption\":\"#paratodosverem - imagem dos ganhadores do sorteio e institui\u00e7\u00f5es beneficiadas\"},{\"@type\":\"WebSite\",\"@id\":\"https:\/\/www.manaus.am.gov.br\/semef\/#website\",\"url\":\"https:\/\/www.manaus.am.gov.br\/semef\/\",\"name\":\"SEMEF\",\"description\":\"Secretaria Municipal de Finan\u00e7as e Tecnologia da Informa\u00e7\u00e3o\",\"potentialAction\":[{\"@type\":\"SearchAction\",\"target\":{\"@type\":\"EntryPoint\",\"urlTemplate\":\"https:\/\/www.manaus.am.gov.br\/semef\/?s={search_term_string}\"},\"query-input\":\"required name=search_term_string\"}],\"inLanguage\":\"pt-BR\"},{\"@type\":\"Person\",\"@id\":\"https:\/\/www.manaus.am.gov.br\/semef\/#\/schema\/person\/ab4dcf766a54dff74e8d267f5c591961\",\"name\":\"smonteiro\",\"image\":{\"@type\":\"ImageObject\",\"inLanguage\":\"pt-BR\",\"@id\":\"https:\/\/www.manaus.am.gov.br\/semef\/#\/schema\/person\/image\/\",\"url\":\"https:\/\/secure.gravatar.com\/avatar\/21c8776ef61d9272c73322052e042d77?s=96&d=mm&r=g\",\"contentUrl\":\"https:\/\/secure.gravatar.com\/avatar\/21c8776ef61d9272c73322052e042d77?s=96&d=mm&r=g\",\"caption\":\"smonteiro\"}}]}<\/script>\n<!-- \/ Yoast SEO plugin. -->","yoast_head_json":{"title":"Prefeitura entrega R$ 150 mil em premia\u00e7\u00f5es do terceiro sorteio de 2024","description":"Os contemplados do sorteio n\u00ba 2024-03 da campanha Nota Premiada Manaus foram premiados nesta sexta-feira, 17\/5.","robots":{"index":"index","follow":"follow","max-snippet":"max-snippet:-1","max-image-preview":"max-image-preview:large","max-video-preview":"max-video-preview:-1"},"canonical":"https:\/\/www.manaus.am.gov.br\/semef\/2024\/05\/17\/premiacoes-sorteio\/","og_locale":"pt_BR","og_type":"article","og_title":"Prefeitura entrega R$ 150 mil em premia\u00e7\u00f5es do terceiro sorteio de 2024","og_description":"Os contemplados do sorteio n\u00ba 2024-03 da campanha Nota Premiada Manaus foram premiados nesta sexta-feira, 17\/5.","og_url":"https:\/\/www.manaus.am.gov.br\/semef\/2024\/05\/17\/premiacoes-sorteio\/","og_site_name":"SEMEF","article_published_time":"2024-05-17T22:05:20+00:00","article_modified_time":"2024-05-17T22:30:03+00:00","og_image":[{"width":799,"height":533,"url":"https:\/\/www.manaus.am.gov.br\/semef\/wp-content\/uploads\/sites\/7\/2024\/05\/IPTU-Premiado-2.jpg","type":"image\/jpeg"}],"author":"smonteiro","twitter_card":"summary_large_image","twitter_misc":{"Written by":"smonteiro","Est. reading time":"3 minutos"},"schema":{"@context":"https:\/\/schema.org","@graph":[{"@type":"WebPage","@id":"https:\/\/www.manaus.am.gov.br\/semef\/2024\/05\/17\/premiacoes-sorteio\/","url":"https:\/\/www.manaus.am.gov.br\/semef\/2024\/05\/17\/premiacoes-sorteio\/","name":"Prefeitura entrega R$ 150 mil em premia\u00e7\u00f5es do terceiro sorteio de 2024","isPartOf":{"@id":"https:\/\/www.manaus.am.gov.br\/semef\/#website"},"primaryImageOfPage":{"@id":"https:\/\/www.manaus.am.gov.br\/semef\/2024\/05\/17\/premiacoes-sorteio\/#primaryimage"},"image":{"@id":"https:\/\/www.manaus.am.gov.br\/semef\/2024\/05\/17\/premiacoes-sorteio\/#primaryimage"},"thumbnailUrl":"https:\/\/www.manaus.am.gov.br\/semef\/wp-content\/uploads\/sites\/7\/2024\/05\/IPTU-Premiado-2.jpg","datePublished":"2024-05-17T22:05:20+00:00","dateModified":"2024-05-17T22:30:03+00:00","author":{"@id":"https:\/\/www.manaus.am.gov.br\/semef\/#\/schema\/person\/ab4dcf766a54dff74e8d267f5c591961"},"description":"Os contemplados do sorteio n\u00ba 2024-03 da campanha Nota Premiada Manaus foram premiados nesta sexta-feira, 17\/5.","inLanguage":"pt-BR","potentialAction":[{"@type":"ReadAction","target":["https:\/\/www.manaus.am.gov.br\/semef\/2024\/05\/17\/premiacoes-sorteio\/"]}]},{"@type":"ImageObject","inLanguage":"pt-BR","@id":"https:\/\/www.manaus.am.gov.br\/semef\/2024\/05\/17\/premiacoes-sorteio\/#primaryimage","url":"https:\/\/www.manaus.am.gov.br\/semef\/wp-content\/uploads\/sites\/7\/2024\/05\/IPTU-Premiado-2.jpg","contentUrl":"https:\/\/www.manaus.am.gov.br\/semef\/wp-content\/uploads\/sites\/7\/2024\/05\/IPTU-Premiado-2.jpg","width":799,"height":533,"caption":"#paratodosverem - imagem dos ganhadores do sorteio e institui\u00e7\u00f5es beneficiadas"},{"@type":"WebSite","@id":"https:\/\/www.manaus.am.gov.br\/semef\/#website","url":"https:\/\/www.manaus.am.gov.br\/semef\/","name":"SEMEF","description":"Secretaria Municipal de Finan\u00e7as e Tecnologia da Informa\u00e7\u00e3o","potentialAction":[{"@type":"SearchAction","target":{"@type":"EntryPoint","urlTemplate":"https:\/\/www.manaus.am.gov.br\/semef\/?s={search_term_string}"},"query-input":"required name=search_term_string"}],"inLanguage":"pt-BR"},{"@type":"Person","@id":"https:\/\/www.manaus.am.gov.br\/semef\/#\/schema\/person\/ab4dcf766a54dff74e8d267f5c591961","name":"smonteiro","image":{"@type":"ImageObject","inLanguage":"pt-BR","@id":"https:\/\/www.manaus.am.gov.br\/semef\/#\/schema\/person\/image\/","url":"https:\/\/secure.gravatar.com\/avatar\/21c8776ef61d9272c73322052e042d77?s=96&d=mm&r=g","contentUrl":"https:\/\/secure.gravatar.com\/avatar\/21c8776ef61d9272c73322052e042d77?s=96&d=mm&r=g","caption":"smonteiro"}}]}},"_links":{"self":[{"href":"https:\/\/www.manaus.am.gov.br\/semef\/wp-json\/wp\/v2\/posts\/2563"}],"collection":[{"href":"https:\/\/www.manaus.am.gov.br\/semef\/wp-json\/wp\/v2\/posts"}],"about":[{"href":"https:\/\/www.manaus.am.gov.br\/semef\/wp-json\/wp\/v2\/types\/post"}],"author":[{"embeddable":true,"href":"https:\/\/www.manaus.am.gov.br\/semef\/wp-json\/wp\/v2\/users\/61"}],"replies":[{"embeddable":true,"href":"https:\/\/www.manaus.am.gov.br\/semef\/wp-json\/wp\/v2\/comments?post=2563"}],"version-history":[{"count":1,"href":"https:\/\/www.manaus.am.gov.br\/semef\/wp-json\/wp\/v2\/posts\/2563\/revisions"}],"predecessor-version":[{"id":2565,"href":"https:\/\/www.manaus.am.gov.br\/semef\/wp-json\/wp\/v2\/posts\/2563\/revisions\/2565"}],"wp:featuredmedia":[{"embeddable":true,"href":"https:\/\/www.manaus.am.gov.br\/semef\/wp-json\/wp\/v2\/media\/2564"}],"wp:attachment":[{"href":"https:\/\/www.manaus.am.gov.br\/semef\/wp-json\/wp\/v2\/media?parent=2563"}],"wp:term":[{"taxonomy":"category","embeddable":true,"href":"https:\/\/www.manaus.am.gov.br\/semef\/wp-json\/wp\/v2\/categories?post=2563"},{"taxonomy":"post_tag","embeddable":true,"href":"https:\/\/www.manaus.am.gov.br\/semef\/wp-json\/wp\/v2\/tags?post=2563"}],"curies":[{"name":"wp","href":"https:\/\/api.w.org\/{rel}","templated":true}]}}