{"id":2350,"date":"2024-03-06T18:25:09","date_gmt":"2024-03-06T22:25:09","guid":{"rendered":"https:\/\/www.manaus.am.gov.br\/semef\/2024\/03\/06\/correcao-salarial-aprovada-cmm\/"},"modified":"2024-03-06T18:32:58","modified_gmt":"2024-03-06T22:32:58","slug":"correcao-salarial-aprovada-cmm","status":"publish","type":"post","link":"https:\/\/www.manaus.am.gov.br\/semef\/2024\/03\/06\/correcao-salarial-aprovada-cmm\/","title":{"rendered":"Corre\u00e7\u00e3o salarial dos servidores da \u00c1rea n\u00e3o Espec\u00edfica, Semef e PGM \u00e9 aprovada pela CMM"},"content":{"rendered":"\n<p>Os servidores da \u00e1rea n\u00e3o espec\u00edfica da Prefeitura de Manaus ter\u00e3o reajuste salarial de 4,5%, referentes \u00e0 data-base de 2022\/2023. O Projeto de Lei n\u00ba 137, de autoria do Executivo, foi aprovado nesta quarta-feira, 6\/3, na C\u00e2mara Municipal de Manaus (CMM). Essa ser\u00e1 a primeira corre\u00e7\u00e3o estabelecida no Plano de Cargos, Carreiras e Remunera\u00e7\u00e3o (PCCR), implantado no ano passado.<\/p>\n\n\n\n<p>A \u00c1rea N\u00e3o Espec\u00edfica foi beneficiada pela cria\u00e7\u00e3o do PCCR, por determina\u00e7\u00e3o do prefeito David Almeida. \u201cEsses servidores eram os \u00fanicos na prefeitura que n\u00e3o tinham um instrumento que possibilitasse o desenvolvimento e a progress\u00e3o na carreira por n\u00e3o estarem vinculados a nenhuma das \u00e1reas com planos pr\u00f3prios como finan\u00e7as, educa\u00e7\u00e3o e sa\u00fade. Agora, efetivamente, eles estar\u00e3o em igualdade de condi\u00e7\u00f5es com as outras categorias do servi\u00e7o p\u00fablico municipal\u201d, destaca o secret\u00e1rio municipal de Administra\u00e7\u00e3o, Planejamento e Gest\u00e3o, Ebenezer Bezerra.<\/p>\n\n\n\n<p>Na mesma sess\u00e3o foi aprovado o Projeto de Lei n\u00ba 136\/2024, tamb\u00e9m de autoria da Prefeitura de Manaus, que trata do \u00edndice de reajuste salarial (5,93%) para 2023 dos servidores da Procuradoria-Geral do Munic\u00edpio (PGM).<\/p>\n\n\n\n<p>A C\u00e2mara tamb\u00e9m deliberou o Projeto de Lei do Executivo n\u00ba 135\/2024, que fixa em 5,93% o \u00edndice de reajuste salarial dos servidores da Secretaria Municipal de Finan\u00e7as e Tecnologia da Informa\u00e7\u00e3o (Semef), tendo como base o \u00edndice inflacion\u00e1rio acumulado de janeiro a dezembro de 2022.<\/p>\n\n\n\n<p>O texto define o valor do ponto fazend\u00e1rio dos servidores da Semef, referente \u00e0 recomposi\u00e7\u00e3o do poder aquisitivo das remunera\u00e7\u00f5es, que passar\u00e1 a ser de R$ 10,94, com efeito financeiro a partir de 1\u00ba de janeiro de 2024 e Gratifica\u00e7\u00e3o T\u00e9cnica Fazend\u00e1ria (GTF), com efeito financeiro a partir da data da publica\u00e7\u00e3o da Lei pela Prefeitura de Manaus.<\/p>\n\n\n\n<p>O secret\u00e1rio da Semef, Cl\u00e9cio Freire, acompanhou a aprova\u00e7\u00e3o dos projetos de Lei e destacou a import\u00e2ncia da valoriza\u00e7\u00e3o dos servidores que trabalham dia a dia pelo bem comum da popula\u00e7\u00e3o manauara. \u201cO executivo Municipal viabilizou os recursos necess\u00e1rios para oferecer aos servidores municipais recomposi\u00e7\u00e3o salarial. Essa valoriza\u00e7\u00e3o \u00e9 um dos compromissos da gest\u00e3o David Almeida\u201d, citou o gestor ao informar que, agora, os textos seguem para san\u00e7\u00e3o do prefeito.<\/p>\n\n\n\n<p><strong>Unifica\u00e7\u00e3o<\/strong><\/p>\n\n\n\n<p>Al\u00e9m disso, come\u00e7ou a tramitar na C\u00e2mara, nesta quarta-feira, o projeto de lei n\u00ba 138\/2024, oriundo da mensagem n\u00ba 009\/2024, tamb\u00e9m encaminhada pelo prefeito David Almeida, que estabelece a unifica\u00e7\u00e3o da data-base dos servidores p\u00fablicos municipais, passando a ser o dia 1\u00ba de junho de cada ano.<\/p>\n\n\n\n<p>O projeto prev\u00ea, ainda, que no ano das elei\u00e7\u00f5es municipais, a data-base dos vencimentos, sal\u00e1rios e subs\u00eddios dos servidores ser\u00e1 efetivada em duas parcelas, sendo a primeira no dia 1\u00ba de abril e a segunda em 1\u00ba de junho.<\/p>\n\n\n\n<p>A medida, segundo Ebenezer Bezerra, \u00e9 a melhor forma de compatibilizar a capacidade or\u00e7ament\u00e1ria e financeira do munic\u00edpio, aos interesses dos servidores.<\/p>\n\n\n\n<p>\u201cA unifica\u00e7\u00e3o da data-base permite um melhor planejamento e possibilita ao Executivo municipal disponibilizar recursos para oferecer ao servidor uma recomposi\u00e7\u00e3o salarial que mantenha o seu poder aquisitivo frente \u00e0 infla\u00e7\u00e3o\u201d, explica o secret\u00e1rio.<\/p>\n\n\n\n<p>&#8212; &#8212; &#8212;<\/p>\n\n\n\n<p><strong>Texto<\/strong>&nbsp;\u2013 Sandra Monteiro \/ Semad e Anderson Farias \/ Semef<\/p>\n\n\n\n<p><strong>Foto<\/strong>&nbsp;\u2013 Thelson Souza \/ Semad&nbsp;<\/p>\n","protected":false},"excerpt":{"rendered":"","protected":false},"author":61,"featured_media":2351,"comment_status":"closed","ping_status":"closed","sticky":false,"template":"","format":"standard","meta":{"footnotes":""},"categories":[23],"tags":[393,129,14,394,16,395],"acf":[],"yoast_head":"<!-- This site is optimized with the Yoast SEO plugin v23.0 - https:\/\/yoast.com\/wordpress\/plugins\/seo\/ -->\n<title>Corre\u00e7\u00e3o salarial da \u00c1rea n\u00e3o Espec\u00edfica, Semef e PGM \u00e9 aprovada pela CMM<\/title>\n<meta name=\"description\" content=\"Os servidores da \u00e1rea n\u00e3o espec\u00edfica da Prefeitura de Manaus ter\u00e3o reajuste salarial de 4,5%, referentes \u00e0 data-base de 2022\/2023.\" \/>\n<meta name=\"robots\" content=\"index, follow, max-snippet:-1, max-image-preview:large, max-video-preview:-1\" \/>\n<link rel=\"canonical\" href=\"https:\/\/www.manaus.am.gov.br\/semef\/2024\/03\/06\/correcao-salarial-aprovada-cmm\/\" \/>\n<meta property=\"og:locale\" content=\"pt_BR\" \/>\n<meta property=\"og:type\" content=\"article\" \/>\n<meta property=\"og:title\" content=\"Corre\u00e7\u00e3o salarial da \u00c1rea n\u00e3o Espec\u00edfica, Semef e PGM \u00e9 aprovada pela CMM\" \/>\n<meta property=\"og:description\" content=\"Os servidores da \u00e1rea n\u00e3o espec\u00edfica da Prefeitura de Manaus ter\u00e3o reajuste salarial de 4,5%, referentes \u00e0 data-base de 2022\/2023.\" \/>\n<meta property=\"og:url\" content=\"https:\/\/www.manaus.am.gov.br\/semef\/2024\/03\/06\/correcao-salarial-aprovada-cmm\/\" \/>\n<meta property=\"og:site_name\" content=\"SEMEF\" \/>\n<meta property=\"article:published_time\" content=\"2024-03-06T22:25:09+00:00\" \/>\n<meta property=\"article:modified_time\" content=\"2024-03-06T22:32:58+00:00\" \/>\n<meta property=\"og:image\" content=\"https:\/\/www.manaus.am.gov.br\/semef\/wp-content\/uploads\/sites\/7\/2024\/03\/Aprovacao-Reajuste-PCCR-ANE-1-1024x768.jpg\" \/>\n\t<meta property=\"og:image:width\" content=\"1024\" \/>\n\t<meta property=\"og:image:height\" content=\"768\" \/>\n\t<meta property=\"og:image:type\" content=\"image\/jpeg\" \/>\n<meta name=\"author\" content=\"smonteiro\" \/>\n<meta name=\"twitter:card\" content=\"summary_large_image\" \/>\n<meta name=\"twitter:label1\" content=\"Written by\" \/>\n\t<meta name=\"twitter:data1\" content=\"smonteiro\" \/>\n\t<meta name=\"twitter:label2\" content=\"Est. reading time\" \/>\n\t<meta name=\"twitter:data2\" content=\"3 minutos\" \/>\n<script type=\"application\/ld+json\" class=\"yoast-schema-graph\">{\"@context\":\"https:\/\/schema.org\",\"@graph\":[{\"@type\":\"WebPage\",\"@id\":\"https:\/\/www.manaus.am.gov.br\/semef\/2024\/03\/06\/correcao-salarial-aprovada-cmm\/\",\"url\":\"https:\/\/www.manaus.am.gov.br\/semef\/2024\/03\/06\/correcao-salarial-aprovada-cmm\/\",\"name\":\"Corre\u00e7\u00e3o salarial da \u00c1rea n\u00e3o Espec\u00edfica, Semef e PGM \u00e9 aprovada pela CMM\",\"isPartOf\":{\"@id\":\"https:\/\/www.manaus.am.gov.br\/semef\/#website\"},\"primaryImageOfPage\":{\"@id\":\"https:\/\/www.manaus.am.gov.br\/semef\/2024\/03\/06\/correcao-salarial-aprovada-cmm\/#primaryimage\"},\"image\":{\"@id\":\"https:\/\/www.manaus.am.gov.br\/semef\/2024\/03\/06\/correcao-salarial-aprovada-cmm\/#primaryimage\"},\"thumbnailUrl\":\"https:\/\/www.manaus.am.gov.br\/semef\/wp-content\/uploads\/sites\/7\/2024\/03\/Aprovacao-Reajuste-PCCR-ANE-1.jpg\",\"datePublished\":\"2024-03-06T22:25:09+00:00\",\"dateModified\":\"2024-03-06T22:32:58+00:00\",\"author\":{\"@id\":\"https:\/\/www.manaus.am.gov.br\/semef\/#\/schema\/person\/ab4dcf766a54dff74e8d267f5c591961\"},\"description\":\"Os servidores da \u00e1rea n\u00e3o espec\u00edfica da Prefeitura de Manaus ter\u00e3o reajuste salarial de 4,5%, referentes \u00e0 data-base de 2022\/2023.\",\"inLanguage\":\"pt-BR\",\"potentialAction\":[{\"@type\":\"ReadAction\",\"target\":[\"https:\/\/www.manaus.am.gov.br\/semef\/2024\/03\/06\/correcao-salarial-aprovada-cmm\/\"]}]},{\"@type\":\"ImageObject\",\"inLanguage\":\"pt-BR\",\"@id\":\"https:\/\/www.manaus.am.gov.br\/semef\/2024\/03\/06\/correcao-salarial-aprovada-cmm\/#primaryimage\",\"url\":\"https:\/\/www.manaus.am.gov.br\/semef\/wp-content\/uploads\/sites\/7\/2024\/03\/Aprovacao-Reajuste-PCCR-ANE-1.jpg\",\"contentUrl\":\"https:\/\/www.manaus.am.gov.br\/semef\/wp-content\/uploads\/sites\/7\/2024\/03\/Aprovacao-Reajuste-PCCR-ANE-1.jpg\",\"width\":4032,\"height\":3024,\"caption\":\"#paratodosverem - imagem do plen\u00e1rio da C\u00e2mara em atividade\"},{\"@type\":\"WebSite\",\"@id\":\"https:\/\/www.manaus.am.gov.br\/semef\/#website\",\"url\":\"https:\/\/www.manaus.am.gov.br\/semef\/\",\"name\":\"SEMEF\",\"description\":\"Secretaria Municipal de Finan\u00e7as e Tecnologia da Informa\u00e7\u00e3o\",\"potentialAction\":[{\"@type\":\"SearchAction\",\"target\":{\"@type\":\"EntryPoint\",\"urlTemplate\":\"https:\/\/www.manaus.am.gov.br\/semef\/?s={search_term_string}\"},\"query-input\":\"required name=search_term_string\"}],\"inLanguage\":\"pt-BR\"},{\"@type\":\"Person\",\"@id\":\"https:\/\/www.manaus.am.gov.br\/semef\/#\/schema\/person\/ab4dcf766a54dff74e8d267f5c591961\",\"name\":\"smonteiro\",\"image\":{\"@type\":\"ImageObject\",\"inLanguage\":\"pt-BR\",\"@id\":\"https:\/\/www.manaus.am.gov.br\/semef\/#\/schema\/person\/image\/\",\"url\":\"https:\/\/secure.gravatar.com\/avatar\/21c8776ef61d9272c73322052e042d77?s=96&d=mm&r=g\",\"contentUrl\":\"https:\/\/secure.gravatar.com\/avatar\/21c8776ef61d9272c73322052e042d77?s=96&d=mm&r=g\",\"caption\":\"smonteiro\"}}]}<\/script>\n<!-- \/ Yoast SEO plugin. -->","yoast_head_json":{"title":"Corre\u00e7\u00e3o salarial da \u00c1rea n\u00e3o Espec\u00edfica, Semef e PGM \u00e9 aprovada pela CMM","description":"Os servidores da \u00e1rea n\u00e3o espec\u00edfica da Prefeitura de Manaus ter\u00e3o reajuste salarial de 4,5%, referentes \u00e0 data-base de 2022\/2023.","robots":{"index":"index","follow":"follow","max-snippet":"max-snippet:-1","max-image-preview":"max-image-preview:large","max-video-preview":"max-video-preview:-1"},"canonical":"https:\/\/www.manaus.am.gov.br\/semef\/2024\/03\/06\/correcao-salarial-aprovada-cmm\/","og_locale":"pt_BR","og_type":"article","og_title":"Corre\u00e7\u00e3o salarial da \u00c1rea n\u00e3o Espec\u00edfica, Semef e PGM \u00e9 aprovada pela CMM","og_description":"Os servidores da \u00e1rea n\u00e3o espec\u00edfica da Prefeitura de Manaus ter\u00e3o reajuste salarial de 4,5%, referentes \u00e0 data-base de 2022\/2023.","og_url":"https:\/\/www.manaus.am.gov.br\/semef\/2024\/03\/06\/correcao-salarial-aprovada-cmm\/","og_site_name":"SEMEF","article_published_time":"2024-03-06T22:25:09+00:00","article_modified_time":"2024-03-06T22:32:58+00:00","og_image":[{"width":1024,"height":768,"url":"https:\/\/www.manaus.am.gov.br\/semef\/wp-content\/uploads\/sites\/7\/2024\/03\/Aprovacao-Reajuste-PCCR-ANE-1-1024x768.jpg","type":"image\/jpeg"}],"author":"smonteiro","twitter_card":"summary_large_image","twitter_misc":{"Written by":"smonteiro","Est. reading time":"3 minutos"},"schema":{"@context":"https:\/\/schema.org","@graph":[{"@type":"WebPage","@id":"https:\/\/www.manaus.am.gov.br\/semef\/2024\/03\/06\/correcao-salarial-aprovada-cmm\/","url":"https:\/\/www.manaus.am.gov.br\/semef\/2024\/03\/06\/correcao-salarial-aprovada-cmm\/","name":"Corre\u00e7\u00e3o salarial da \u00c1rea n\u00e3o Espec\u00edfica, Semef e PGM \u00e9 aprovada pela CMM","isPartOf":{"@id":"https:\/\/www.manaus.am.gov.br\/semef\/#website"},"primaryImageOfPage":{"@id":"https:\/\/www.manaus.am.gov.br\/semef\/2024\/03\/06\/correcao-salarial-aprovada-cmm\/#primaryimage"},"image":{"@id":"https:\/\/www.manaus.am.gov.br\/semef\/2024\/03\/06\/correcao-salarial-aprovada-cmm\/#primaryimage"},"thumbnailUrl":"https:\/\/www.manaus.am.gov.br\/semef\/wp-content\/uploads\/sites\/7\/2024\/03\/Aprovacao-Reajuste-PCCR-ANE-1.jpg","datePublished":"2024-03-06T22:25:09+00:00","dateModified":"2024-03-06T22:32:58+00:00","author":{"@id":"https:\/\/www.manaus.am.gov.br\/semef\/#\/schema\/person\/ab4dcf766a54dff74e8d267f5c591961"},"description":"Os servidores da \u00e1rea n\u00e3o espec\u00edfica da Prefeitura de Manaus ter\u00e3o reajuste salarial de 4,5%, referentes \u00e0 data-base de 2022\/2023.","inLanguage":"pt-BR","potentialAction":[{"@type":"ReadAction","target":["https:\/\/www.manaus.am.gov.br\/semef\/2024\/03\/06\/correcao-salarial-aprovada-cmm\/"]}]},{"@type":"ImageObject","inLanguage":"pt-BR","@id":"https:\/\/www.manaus.am.gov.br\/semef\/2024\/03\/06\/correcao-salarial-aprovada-cmm\/#primaryimage","url":"https:\/\/www.manaus.am.gov.br\/semef\/wp-content\/uploads\/sites\/7\/2024\/03\/Aprovacao-Reajuste-PCCR-ANE-1.jpg","contentUrl":"https:\/\/www.manaus.am.gov.br\/semef\/wp-content\/uploads\/sites\/7\/2024\/03\/Aprovacao-Reajuste-PCCR-ANE-1.jpg","width":4032,"height":3024,"caption":"#paratodosverem - imagem do plen\u00e1rio da C\u00e2mara em atividade"},{"@type":"WebSite","@id":"https:\/\/www.manaus.am.gov.br\/semef\/#website","url":"https:\/\/www.manaus.am.gov.br\/semef\/","name":"SEMEF","description":"Secretaria Municipal de Finan\u00e7as e Tecnologia da Informa\u00e7\u00e3o","potentialAction":[{"@type":"SearchAction","target":{"@type":"EntryPoint","urlTemplate":"https:\/\/www.manaus.am.gov.br\/semef\/?s={search_term_string}"},"query-input":"required name=search_term_string"}],"inLanguage":"pt-BR"},{"@type":"Person","@id":"https:\/\/www.manaus.am.gov.br\/semef\/#\/schema\/person\/ab4dcf766a54dff74e8d267f5c591961","name":"smonteiro","image":{"@type":"ImageObject","inLanguage":"pt-BR","@id":"https:\/\/www.manaus.am.gov.br\/semef\/#\/schema\/person\/image\/","url":"https:\/\/secure.gravatar.com\/avatar\/21c8776ef61d9272c73322052e042d77?s=96&d=mm&r=g","contentUrl":"https:\/\/secure.gravatar.com\/avatar\/21c8776ef61d9272c73322052e042d77?s=96&d=mm&r=g","caption":"smonteiro"}}]}},"_links":{"self":[{"href":"https:\/\/www.manaus.am.gov.br\/semef\/wp-json\/wp\/v2\/posts\/2350"}],"collection":[{"href":"https:\/\/www.manaus.am.gov.br\/semef\/wp-json\/wp\/v2\/posts"}],"about":[{"href":"https:\/\/www.manaus.am.gov.br\/semef\/wp-json\/wp\/v2\/types\/post"}],"author":[{"embeddable":true,"href":"https:\/\/www.manaus.am.gov.br\/semef\/wp-json\/wp\/v2\/users\/61"}],"replies":[{"embeddable":true,"href":"https:\/\/www.manaus.am.gov.br\/semef\/wp-json\/wp\/v2\/comments?post=2350"}],"version-history":[{"count":1,"href":"https:\/\/www.manaus.am.gov.br\/semef\/wp-json\/wp\/v2\/posts\/2350\/revisions"}],"predecessor-version":[{"id":2352,"href":"https:\/\/www.manaus.am.gov.br\/semef\/wp-json\/wp\/v2\/posts\/2350\/revisions\/2352"}],"wp:featuredmedia":[{"embeddable":true,"href":"https:\/\/www.manaus.am.gov.br\/semef\/wp-json\/wp\/v2\/media\/2351"}],"wp:attachment":[{"href":"https:\/\/www.manaus.am.gov.br\/semef\/wp-json\/wp\/v2\/media?parent=2350"}],"wp:term":[{"taxonomy":"category","embeddable":true,"href":"https:\/\/www.manaus.am.gov.br\/semef\/wp-json\/wp\/v2\/categories?post=2350"},{"taxonomy":"post_tag","embeddable":true,"href":"https:\/\/www.manaus.am.gov.br\/semef\/wp-json\/wp\/v2\/tags?post=2350"}],"curies":[{"name":"wp","href":"https:\/\/api.w.org\/{rel}","templated":true}]}}