{"id":2317,"date":"2024-02-27T14:27:38","date_gmt":"2024-02-27T18:27:38","guid":{"rendered":"https:\/\/www.manaus.am.gov.br\/semef\/2024\/02\/27\/iptu-premiado\/"},"modified":"2024-02-27T14:27:39","modified_gmt":"2024-02-27T18:27:39","slug":"iptu-premiado","status":"publish","type":"post","link":"https:\/\/www.manaus.am.gov.br\/semef\/2024\/02\/27\/iptu-premiado\/","title":{"rendered":"Prefeitura de Manaus sortear\u00e1 R$ 780 mil entre os contribuintes que pagarem o IPTU 2024 em cota \u00fanica"},"content":{"rendered":"\n<p>A Prefeitura de Manaus incrementou ainda mais as premia\u00e7\u00f5es da campanha \u201cIPTU Premiado\u201d para este ano. Agora, os contribuintes que pagarem o Imposto Predial e Territorial Urbano (IPTU)&nbsp;em cota \u00fanica concorrem a pr\u00eamios em dinheiro de at\u00e9 R$ 500 mil. No total, ser\u00e3o sorteados R$ 780 mil entre os cidad\u00e3os que pagarem a parcela \u00fanica, que vence no pr\u00f3ximo dia 15\/3.<\/p>\n\n\n\n<p>O subsecret\u00e1rio da Receita, da Secretaria Municipal de Finan\u00e7as e Tecnologia da Informa\u00e7\u00e3o (Semef), Arm\u00ednio Pontes, que coordena a campanha IPTU Premiado, avisa que n\u00e3o \u00e9 necess\u00e1rio efetuar inscri\u00e7\u00e3o para concorrer.<\/p>\n\n\n\n<p>\u201cO contribuinte titular do im\u00f3vel que paga sua cota \u00fanica at\u00e9 a data de vencimento j\u00e1 est\u00e1 concorrendo automaticamente \u00e0s premia\u00e7\u00f5es. N\u00e3o precisa fazer nenhum cadastro\u201d, disse Pontes, ao informar que o sorteio da cota \u00fanica ocorrer\u00e1 no final do m\u00eas de mar\u00e7o.<\/p>\n\n\n\n<p>Quem optar pelo pagamento parcelado do IPTU 2024 tamb\u00e9m concorrer\u00e1 a premia\u00e7\u00f5es mensais, que variam de R$ 5 mil a R$ 40 mil. Mas, para isso, as parcelas precisam estar em dia. J\u00e1 em dezembro haver\u00e1 um sorteio extra, com pr\u00eamios de R$ 10 mil a R$ 200 mil, para os contribuintes que estiverem quites com todas as parcelas do exerc\u00edcio.<\/p>\n\n\n\n<p>\u201cN\u00e3o acaba por a\u00ed. A Prefeitura de Manaus ainda sortear\u00e1 o pr\u00eamio especial de R$ 300 mil para os contribuintes que n\u00e3o possu\u00edrem qualquer d\u00e9bito de anos anteriores. Ou seja, os contribuintes t\u00eam at\u00e9 o dia 31 de dezembro de 2024 para quitar qualquer d\u00edvida de IPTU e concorrer a mais esse&nbsp;superpr\u00eamio\u201d, concluiu o subsecret\u00e1rio da Semef.<\/p>\n\n\n\n<p><strong>Campanha<\/strong><\/p>\n\n\n\n<p>A campanha \u201cIPTU Premiado\u201d foi implementada h\u00e1 dois anos e, junto \u00e0 \u201cNota Premiada Manaus\u201d, \u00e9 mais um bra\u00e7o do programa de educa\u00e7\u00e3o fiscal do munic\u00edpio. O objetivo da gest\u00e3o municipal \u00e9 incentivar o contribuinte a quitar seu tributo a cada ano e cumprir com o seu papel de cidad\u00e3o.<\/p>\n\n\n\n<p>Desde o seu primeiro ano, a campanha influenciou em \u00f3timos resultados nos n\u00fameros de arrecada\u00e7\u00e3o do IPTU. O \u00edndice anual de inadimpl\u00eancia do tributo predial e territorial, que historicamente variava entre 48% e 50%, fechou em 2023 novamente na margem de 40%. No total, entre o lan\u00e7amento do exerc\u00edcio e os cr\u00e9ditos de anos anteriores, as receitas do imposto somaram cerca de R$ 387 milh\u00f5es, aproximadamente 22,7% a mais do que no ano anterior.<\/p>\n\n\n\n<p>Al\u00e9m de reduzir a inadimpl\u00eancia do IPTU, a Prefeitura de Manaus pretende com a campanha resgatar o reconhecimento aos contribuintes que honram com seus tributos e est\u00e3o sempre quites com o fisco municipal. \u00c9 uma forma de a prefeitura melhorar a gest\u00e3o dos impostos municipais e arrecadar mais recursos para serem investidos na cidade.<br>&#8212; &#8212; &#8212;<br><strong>Texto &#8211;<\/strong> Anderson Farias \/ Semef<\/p>\n\n\n\n<p><strong>Foto &#8211;<\/strong> Phil Limma \/Semcom<\/p>\n","protected":false},"excerpt":{"rendered":"","protected":false},"author":57,"featured_media":2318,"comment_status":"closed","ping_status":"closed","sticky":false,"template":"","format":"standard","meta":{"footnotes":""},"categories":[109],"tags":[390,316,60,391,392,16],"acf":[],"yoast_head":"<!-- This site is optimized with the Yoast SEO plugin v23.0 - https:\/\/yoast.com\/wordpress\/plugins\/seo\/ -->\n<title>PMM sortear\u00e1 R$ 780 mil para quem pagar em cota \u00fanica<\/title>\n<meta name=\"description\" content=\"A PMM incrementou ainda mais as premia\u00e7\u00f5es da campanha \u201cIPTU Premiado\u201d para este ano, com pr\u00eamios em dinheiro de at\u00e9 R$ 500 mil.\" \/>\n<meta name=\"robots\" content=\"index, follow, max-snippet:-1, max-image-preview:large, max-video-preview:-1\" \/>\n<link rel=\"canonical\" href=\"https:\/\/www.manaus.am.gov.br\/semef\/2024\/02\/27\/iptu-premiado\/\" \/>\n<meta property=\"og:locale\" content=\"pt_BR\" \/>\n<meta property=\"og:type\" content=\"article\" \/>\n<meta property=\"og:title\" content=\"PMM sortear\u00e1 R$ 780 mil para quem pagar em cota \u00fanica\" \/>\n<meta property=\"og:description\" content=\"A PMM incrementou ainda mais as premia\u00e7\u00f5es da campanha \u201cIPTU Premiado\u201d para este ano, com pr\u00eamios em dinheiro de at\u00e9 R$ 500 mil.\" \/>\n<meta property=\"og:url\" content=\"https:\/\/www.manaus.am.gov.br\/semef\/2024\/02\/27\/iptu-premiado\/\" \/>\n<meta property=\"og:site_name\" content=\"SEMEF\" \/>\n<meta property=\"article:published_time\" content=\"2024-02-27T18:27:38+00:00\" \/>\n<meta property=\"article:modified_time\" content=\"2024-02-27T18:27:39+00:00\" \/>\n<meta property=\"og:image\" content=\"https:\/\/www.manaus.am.gov.br\/semef\/wp-content\/uploads\/sites\/7\/2024\/02\/Semef-1.jpg\" \/>\n\t<meta property=\"og:image:width\" content=\"1600\" \/>\n\t<meta property=\"og:image:height\" content=\"1066\" \/>\n\t<meta property=\"og:image:type\" content=\"image\/jpeg\" \/>\n<meta name=\"author\" content=\"Thiago Fernando\" \/>\n<meta name=\"twitter:card\" content=\"summary_large_image\" \/>\n<meta name=\"twitter:label1\" content=\"Written by\" \/>\n\t<meta name=\"twitter:data1\" content=\"Thiago Fernando\" \/>\n\t<meta name=\"twitter:label2\" content=\"Est. reading time\" \/>\n\t<meta name=\"twitter:data2\" content=\"3 minutos\" \/>\n<script type=\"application\/ld+json\" class=\"yoast-schema-graph\">{\"@context\":\"https:\/\/schema.org\",\"@graph\":[{\"@type\":\"WebPage\",\"@id\":\"https:\/\/www.manaus.am.gov.br\/semef\/2024\/02\/27\/iptu-premiado\/\",\"url\":\"https:\/\/www.manaus.am.gov.br\/semef\/2024\/02\/27\/iptu-premiado\/\",\"name\":\"PMM sortear\u00e1 R$ 780 mil para quem pagar em cota \u00fanica\",\"isPartOf\":{\"@id\":\"https:\/\/www.manaus.am.gov.br\/semef\/#website\"},\"primaryImageOfPage\":{\"@id\":\"https:\/\/www.manaus.am.gov.br\/semef\/2024\/02\/27\/iptu-premiado\/#primaryimage\"},\"image\":{\"@id\":\"https:\/\/www.manaus.am.gov.br\/semef\/2024\/02\/27\/iptu-premiado\/#primaryimage\"},\"thumbnailUrl\":\"https:\/\/www.manaus.am.gov.br\/semef\/wp-content\/uploads\/sites\/7\/2024\/02\/Semef-1.jpg\",\"datePublished\":\"2024-02-27T18:27:38+00:00\",\"dateModified\":\"2024-02-27T18:27:39+00:00\",\"author\":{\"@id\":\"https:\/\/www.manaus.am.gov.br\/semef\/#\/schema\/person\/a5ee5376db6e21af026374b369f30882\"},\"description\":\"A PMM incrementou ainda mais as premia\u00e7\u00f5es da campanha \u201cIPTU Premiado\u201d para este ano, com pr\u00eamios em dinheiro de at\u00e9 R$ 500 mil.\",\"inLanguage\":\"pt-BR\",\"potentialAction\":[{\"@type\":\"ReadAction\",\"target\":[\"https:\/\/www.manaus.am.gov.br\/semef\/2024\/02\/27\/iptu-premiado\/\"]}]},{\"@type\":\"ImageObject\",\"inLanguage\":\"pt-BR\",\"@id\":\"https:\/\/www.manaus.am.gov.br\/semef\/2024\/02\/27\/iptu-premiado\/#primaryimage\",\"url\":\"https:\/\/www.manaus.am.gov.br\/semef\/wp-content\/uploads\/sites\/7\/2024\/02\/Semef-1.jpg\",\"contentUrl\":\"https:\/\/www.manaus.am.gov.br\/semef\/wp-content\/uploads\/sites\/7\/2024\/02\/Semef-1.jpg\",\"width\":1600,\"height\":1066,\"caption\":\"#paratodosverem - SUbsecret\u00e1rio da Semef realizando entrega da premia\u00e7\u00e3o do IPTU Premiado\"},{\"@type\":\"WebSite\",\"@id\":\"https:\/\/www.manaus.am.gov.br\/semef\/#website\",\"url\":\"https:\/\/www.manaus.am.gov.br\/semef\/\",\"name\":\"SEMEF\",\"description\":\"Secretaria Municipal de Finan\u00e7as e Tecnologia da Informa\u00e7\u00e3o\",\"potentialAction\":[{\"@type\":\"SearchAction\",\"target\":{\"@type\":\"EntryPoint\",\"urlTemplate\":\"https:\/\/www.manaus.am.gov.br\/semef\/?s={search_term_string}\"},\"query-input\":\"required name=search_term_string\"}],\"inLanguage\":\"pt-BR\"},{\"@type\":\"Person\",\"@id\":\"https:\/\/www.manaus.am.gov.br\/semef\/#\/schema\/person\/a5ee5376db6e21af026374b369f30882\",\"name\":\"Thiago Fernando\",\"image\":{\"@type\":\"ImageObject\",\"inLanguage\":\"pt-BR\",\"@id\":\"https:\/\/www.manaus.am.gov.br\/semef\/#\/schema\/person\/image\/\",\"url\":\"https:\/\/secure.gravatar.com\/avatar\/f5aab8722444041451501c077052ac07?s=96&d=mm&r=g\",\"contentUrl\":\"https:\/\/secure.gravatar.com\/avatar\/f5aab8722444041451501c077052ac07?s=96&d=mm&r=g\",\"caption\":\"Thiago Fernando\"}}]}<\/script>\n<!-- \/ Yoast SEO plugin. -->","yoast_head_json":{"title":"PMM sortear\u00e1 R$ 780 mil para quem pagar em cota \u00fanica","description":"A PMM incrementou ainda mais as premia\u00e7\u00f5es da campanha \u201cIPTU Premiado\u201d para este ano, com pr\u00eamios em dinheiro de at\u00e9 R$ 500 mil.","robots":{"index":"index","follow":"follow","max-snippet":"max-snippet:-1","max-image-preview":"max-image-preview:large","max-video-preview":"max-video-preview:-1"},"canonical":"https:\/\/www.manaus.am.gov.br\/semef\/2024\/02\/27\/iptu-premiado\/","og_locale":"pt_BR","og_type":"article","og_title":"PMM sortear\u00e1 R$ 780 mil para quem pagar em cota \u00fanica","og_description":"A PMM incrementou ainda mais as premia\u00e7\u00f5es da campanha \u201cIPTU Premiado\u201d para este ano, com pr\u00eamios em dinheiro de at\u00e9 R$ 500 mil.","og_url":"https:\/\/www.manaus.am.gov.br\/semef\/2024\/02\/27\/iptu-premiado\/","og_site_name":"SEMEF","article_published_time":"2024-02-27T18:27:38+00:00","article_modified_time":"2024-02-27T18:27:39+00:00","og_image":[{"width":1600,"height":1066,"url":"https:\/\/www.manaus.am.gov.br\/semef\/wp-content\/uploads\/sites\/7\/2024\/02\/Semef-1.jpg","type":"image\/jpeg"}],"author":"Thiago Fernando","twitter_card":"summary_large_image","twitter_misc":{"Written by":"Thiago Fernando","Est. reading time":"3 minutos"},"schema":{"@context":"https:\/\/schema.org","@graph":[{"@type":"WebPage","@id":"https:\/\/www.manaus.am.gov.br\/semef\/2024\/02\/27\/iptu-premiado\/","url":"https:\/\/www.manaus.am.gov.br\/semef\/2024\/02\/27\/iptu-premiado\/","name":"PMM sortear\u00e1 R$ 780 mil para quem pagar em cota \u00fanica","isPartOf":{"@id":"https:\/\/www.manaus.am.gov.br\/semef\/#website"},"primaryImageOfPage":{"@id":"https:\/\/www.manaus.am.gov.br\/semef\/2024\/02\/27\/iptu-premiado\/#primaryimage"},"image":{"@id":"https:\/\/www.manaus.am.gov.br\/semef\/2024\/02\/27\/iptu-premiado\/#primaryimage"},"thumbnailUrl":"https:\/\/www.manaus.am.gov.br\/semef\/wp-content\/uploads\/sites\/7\/2024\/02\/Semef-1.jpg","datePublished":"2024-02-27T18:27:38+00:00","dateModified":"2024-02-27T18:27:39+00:00","author":{"@id":"https:\/\/www.manaus.am.gov.br\/semef\/#\/schema\/person\/a5ee5376db6e21af026374b369f30882"},"description":"A PMM incrementou ainda mais as premia\u00e7\u00f5es da campanha \u201cIPTU Premiado\u201d para este ano, com pr\u00eamios em dinheiro de at\u00e9 R$ 500 mil.","inLanguage":"pt-BR","potentialAction":[{"@type":"ReadAction","target":["https:\/\/www.manaus.am.gov.br\/semef\/2024\/02\/27\/iptu-premiado\/"]}]},{"@type":"ImageObject","inLanguage":"pt-BR","@id":"https:\/\/www.manaus.am.gov.br\/semef\/2024\/02\/27\/iptu-premiado\/#primaryimage","url":"https:\/\/www.manaus.am.gov.br\/semef\/wp-content\/uploads\/sites\/7\/2024\/02\/Semef-1.jpg","contentUrl":"https:\/\/www.manaus.am.gov.br\/semef\/wp-content\/uploads\/sites\/7\/2024\/02\/Semef-1.jpg","width":1600,"height":1066,"caption":"#paratodosverem - SUbsecret\u00e1rio da Semef realizando entrega da premia\u00e7\u00e3o do IPTU Premiado"},{"@type":"WebSite","@id":"https:\/\/www.manaus.am.gov.br\/semef\/#website","url":"https:\/\/www.manaus.am.gov.br\/semef\/","name":"SEMEF","description":"Secretaria Municipal de Finan\u00e7as e Tecnologia da Informa\u00e7\u00e3o","potentialAction":[{"@type":"SearchAction","target":{"@type":"EntryPoint","urlTemplate":"https:\/\/www.manaus.am.gov.br\/semef\/?s={search_term_string}"},"query-input":"required name=search_term_string"}],"inLanguage":"pt-BR"},{"@type":"Person","@id":"https:\/\/www.manaus.am.gov.br\/semef\/#\/schema\/person\/a5ee5376db6e21af026374b369f30882","name":"Thiago Fernando","image":{"@type":"ImageObject","inLanguage":"pt-BR","@id":"https:\/\/www.manaus.am.gov.br\/semef\/#\/schema\/person\/image\/","url":"https:\/\/secure.gravatar.com\/avatar\/f5aab8722444041451501c077052ac07?s=96&d=mm&r=g","contentUrl":"https:\/\/secure.gravatar.com\/avatar\/f5aab8722444041451501c077052ac07?s=96&d=mm&r=g","caption":"Thiago Fernando"}}]}},"_links":{"self":[{"href":"https:\/\/www.manaus.am.gov.br\/semef\/wp-json\/wp\/v2\/posts\/2317"}],"collection":[{"href":"https:\/\/www.manaus.am.gov.br\/semef\/wp-json\/wp\/v2\/posts"}],"about":[{"href":"https:\/\/www.manaus.am.gov.br\/semef\/wp-json\/wp\/v2\/types\/post"}],"author":[{"embeddable":true,"href":"https:\/\/www.manaus.am.gov.br\/semef\/wp-json\/wp\/v2\/users\/57"}],"replies":[{"embeddable":true,"href":"https:\/\/www.manaus.am.gov.br\/semef\/wp-json\/wp\/v2\/comments?post=2317"}],"version-history":[{"count":0,"href":"https:\/\/www.manaus.am.gov.br\/semef\/wp-json\/wp\/v2\/posts\/2317\/revisions"}],"wp:featuredmedia":[{"embeddable":true,"href":"https:\/\/www.manaus.am.gov.br\/semef\/wp-json\/wp\/v2\/media\/2318"}],"wp:attachment":[{"href":"https:\/\/www.manaus.am.gov.br\/semef\/wp-json\/wp\/v2\/media?parent=2317"}],"wp:term":[{"taxonomy":"category","embeddable":true,"href":"https:\/\/www.manaus.am.gov.br\/semef\/wp-json\/wp\/v2\/categories?post=2317"},{"taxonomy":"post_tag","embeddable":true,"href":"https:\/\/www.manaus.am.gov.br\/semef\/wp-json\/wp\/v2\/tags?post=2317"}],"curies":[{"name":"wp","href":"https:\/\/api.w.org\/{rel}","templated":true}]}}