{"id":2177,"date":"2023-12-15T14:26:25","date_gmt":"2023-12-15T18:26:25","guid":{"rendered":"https:\/\/www.manaus.am.gov.br\/semef\/2023\/12\/15\/loa-do-municipio-e-aprovada-para-o-ano-de-2024-com-aplicacao-de-r-9088-bilhoes\/"},"modified":"2023-12-15T14:26:26","modified_gmt":"2023-12-15T18:26:26","slug":"loa-do-municipio-e-aprovada-para-o-ano-de-2024-com-aplicacao-de-r-9088-bilhoes","status":"publish","type":"post","link":"https:\/\/www.manaus.am.gov.br\/semef\/2023\/12\/15\/loa-do-municipio-e-aprovada-para-o-ano-de-2024-com-aplicacao-de-r-9088-bilhoes\/","title":{"rendered":"LOA do munic\u00edpio \u00e9 aprovada para o ano de 2024 com aplica\u00e7\u00e3o de R$ 9,088 bilh\u00f5es"},"content":{"rendered":"\n<p>Com a previs\u00e3o de R$ 9,088 bilh\u00f5es a serem aplicados nas \u00e1reas priorit\u00e1rias do munic\u00edpio em 2024, a Lei Or\u00e7ament\u00e1ria Anual (LOA) da Prefeitura de Manaus foi aprovada, nesta quinta-feira, 14\/12, em extrapauta da Sess\u00e3o Extraordin\u00e1ria da C\u00e2mara Municipal de Manaus (CMM). O projeto de lei, de autoria do Executivo, recebeu 319 emendas, que foram apreciadas pela 2\u00aa Comiss\u00e3o de Constitui\u00e7\u00e3o, Justi\u00e7a e Reda\u00e7\u00e3o (CCJR) da casa legislativa.<\/p>\n\n\n\n<p>Conforme informou a subsecret\u00e1ria de Or\u00e7amento e Projetos da Secretaria Municipal de Finan\u00e7as e Tecnologia da Informa\u00e7\u00e3o (Semef), Karliley Capucho, a LOA segue para a sua \u00faltima fase onde o texto \u00e9 submetido para a san\u00e7\u00e3o do prefeito de Manaus, David Almeida, e publica\u00e7\u00e3o no Di\u00e1rio Oficial do Munic\u00edpio (DOM) ainda este ano.&nbsp;<\/p>\n\n\n\n<p>Os n\u00fameros destinados por fun\u00e7\u00e3o de aplica\u00e7\u00e3o mantiveram-se os mesmos do projeto de lei apresentado em audi\u00eancia p\u00fablica realizada pela Prefeitura de Manaus em setembro deste ano. \u201cForam levados em considera\u00e7\u00e3o os par\u00e2metros estabelecidos no \u00faltimo Boletim Focus, publicado em 30 de junho deste ano, que apontam um crescimento de 1,28% do Produto Interno Bruto (PIB) e a expectativa da infla\u00e7\u00e3o (IPCA) de 3,92%\u201d.<\/p>\n\n\n\n<p><strong>Fun\u00e7\u00f5es<\/strong><\/p>\n\n\n\n<p>Dos R$ 9,088 bilh\u00f5es previstos no LOA 2024, R$ 2,353 dever\u00e3o ser aplicados em a\u00e7\u00f5es e projetos voltados para a \u00e1rea da educa\u00e7\u00e3o. Este \u00e9 o maior or\u00e7amento da Prefeitura de Manaus e representa mais de 25% do total de recursos previstos.<\/p>\n\n\n\n<p>Mais um ano, a segunda maior fatia do or\u00e7amento municipal do pr\u00f3ximo ano dever\u00e1 ir para a \u00e1rea de Urbanismo, onde dever\u00e1 ser aplicado R$ 1,681 bilh\u00e3o, 18,5% do or\u00e7amento. Em seguida vem os projetos e a\u00e7\u00f5es na \u00e1rea da Sa\u00fade, que somam R$ 1,623 bilh\u00e3o, montante que se refere a quase 18% do or\u00e7amento.<\/p>\n\n\n\n<p>Al\u00e9m disso, a receita Corrente L\u00edquida (RCL) foi estimada em R$ 7,845 bilh\u00f5es, projetando um crescimento de 7% em rela\u00e7\u00e3o \u00e0 LOA de 2023. Esse indicador reflete a capacidade do munic\u00edpio em ampliar suas fontes de receita, contribuindo para a solidez financeira e possibilitando a implementa\u00e7\u00e3o de pol\u00edticas p\u00fablicas de forma mais efetiva.<\/p>\n\n\n\n<p>&#8212; &#8212; &#8212;<\/p>\n\n\n\n<p><strong>Texto \u2013 <\/strong>Anderson Farias \/ Semef<\/p>\n\n\n\n<p><strong>Foto<\/strong>&nbsp;\u2013 Phil Limma \/ Arquivo Semcom<\/p>\n","protected":false},"excerpt":{"rendered":"","protected":false},"author":39,"featured_media":2178,"comment_status":"closed","ping_status":"closed","sticky":false,"template":"","format":"standard","meta":{"footnotes":""},"categories":[205],"tags":[351,352,353,14,16],"acf":[],"yoast_head":"<!-- This site is optimized with the Yoast SEO plugin v23.0 - https:\/\/yoast.com\/wordpress\/plugins\/seo\/ -->\n<title>LOA do munic\u00edpio \u00e9 aprovada para o ano de 2024<\/title>\n<meta name=\"description\" content=\"LOA do munic\u00edpio \u00e9 aprovada para o ano de 2024 com aplica\u00e7\u00e3o de R$ 9,088 bilh\u00f5es nesta quinta-feira, 14\/12, na CMM.\" \/>\n<meta name=\"robots\" content=\"index, follow, max-snippet:-1, max-image-preview:large, max-video-preview:-1\" \/>\n<link rel=\"canonical\" href=\"https:\/\/www.manaus.am.gov.br\/semef\/2023\/12\/15\/loa-do-municipio-e-aprovada-para-o-ano-de-2024-com-aplicacao-de-r-9088-bilhoes\/\" \/>\n<meta property=\"og:locale\" content=\"pt_BR\" \/>\n<meta property=\"og:type\" content=\"article\" \/>\n<meta property=\"og:title\" content=\"LOA do munic\u00edpio \u00e9 aprovada para o ano de 2024\" \/>\n<meta property=\"og:description\" content=\"LOA do munic\u00edpio \u00e9 aprovada para o ano de 2024 com aplica\u00e7\u00e3o de R$ 9,088 bilh\u00f5es nesta quinta-feira, 14\/12, na CMM.\" \/>\n<meta property=\"og:url\" content=\"https:\/\/www.manaus.am.gov.br\/semef\/2023\/12\/15\/loa-do-municipio-e-aprovada-para-o-ano-de-2024-com-aplicacao-de-r-9088-bilhoes\/\" \/>\n<meta property=\"og:site_name\" content=\"SEMEF\" \/>\n<meta property=\"article:published_time\" content=\"2023-12-15T18:26:25+00:00\" \/>\n<meta property=\"article:modified_time\" content=\"2023-12-15T18:26:26+00:00\" \/>\n<meta property=\"og:image\" content=\"https:\/\/www.manaus.am.gov.br\/semef\/wp-content\/uploads\/sites\/7\/2023\/12\/Semef-1024x683.jpg\" \/>\n\t<meta property=\"og:image:width\" content=\"1024\" \/>\n\t<meta property=\"og:image:height\" content=\"683\" \/>\n\t<meta property=\"og:image:type\" content=\"image\/jpeg\" \/>\n<meta name=\"author\" content=\"Bruna Greco\" \/>\n<meta name=\"twitter:card\" content=\"summary_large_image\" \/>\n<meta name=\"twitter:label1\" content=\"Written by\" \/>\n\t<meta name=\"twitter:data1\" content=\"Bruna Greco\" \/>\n\t<meta name=\"twitter:label2\" content=\"Est. reading time\" \/>\n\t<meta name=\"twitter:data2\" content=\"2 minutos\" \/>\n<script type=\"application\/ld+json\" class=\"yoast-schema-graph\">{\"@context\":\"https:\/\/schema.org\",\"@graph\":[{\"@type\":\"WebPage\",\"@id\":\"https:\/\/www.manaus.am.gov.br\/semef\/2023\/12\/15\/loa-do-municipio-e-aprovada-para-o-ano-de-2024-com-aplicacao-de-r-9088-bilhoes\/\",\"url\":\"https:\/\/www.manaus.am.gov.br\/semef\/2023\/12\/15\/loa-do-municipio-e-aprovada-para-o-ano-de-2024-com-aplicacao-de-r-9088-bilhoes\/\",\"name\":\"LOA do munic\u00edpio \u00e9 aprovada para o ano de 2024\",\"isPartOf\":{\"@id\":\"https:\/\/www.manaus.am.gov.br\/semef\/#website\"},\"primaryImageOfPage\":{\"@id\":\"https:\/\/www.manaus.am.gov.br\/semef\/2023\/12\/15\/loa-do-municipio-e-aprovada-para-o-ano-de-2024-com-aplicacao-de-r-9088-bilhoes\/#primaryimage\"},\"image\":{\"@id\":\"https:\/\/www.manaus.am.gov.br\/semef\/2023\/12\/15\/loa-do-municipio-e-aprovada-para-o-ano-de-2024-com-aplicacao-de-r-9088-bilhoes\/#primaryimage\"},\"thumbnailUrl\":\"https:\/\/www.manaus.am.gov.br\/semef\/wp-content\/uploads\/sites\/7\/2023\/12\/Semef.jpg\",\"datePublished\":\"2023-12-15T18:26:25+00:00\",\"dateModified\":\"2023-12-15T18:26:26+00:00\",\"author\":{\"@id\":\"https:\/\/www.manaus.am.gov.br\/semef\/#\/schema\/person\/05d223aea2bf115f9883a6ff3683d81b\"},\"description\":\"LOA do munic\u00edpio \u00e9 aprovada para o ano de 2024 com aplica\u00e7\u00e3o de R$ 9,088 bilh\u00f5es nesta quinta-feira, 14\/12, na CMM.\",\"inLanguage\":\"pt-BR\",\"potentialAction\":[{\"@type\":\"ReadAction\",\"target\":[\"https:\/\/www.manaus.am.gov.br\/semef\/2023\/12\/15\/loa-do-municipio-e-aprovada-para-o-ano-de-2024-com-aplicacao-de-r-9088-bilhoes\/\"]}]},{\"@type\":\"ImageObject\",\"inLanguage\":\"pt-BR\",\"@id\":\"https:\/\/www.manaus.am.gov.br\/semef\/2023\/12\/15\/loa-do-municipio-e-aprovada-para-o-ano-de-2024-com-aplicacao-de-r-9088-bilhoes\/#primaryimage\",\"url\":\"https:\/\/www.manaus.am.gov.br\/semef\/wp-content\/uploads\/sites\/7\/2023\/12\/Semef.jpg\",\"contentUrl\":\"https:\/\/www.manaus.am.gov.br\/semef\/wp-content\/uploads\/sites\/7\/2023\/12\/Semef.jpg\",\"width\":4464,\"height\":2976,\"caption\":\"#paratodosverem - Subsecret\u00e1ria de Or\u00e7amento e Projetos da Semef, Karliley Capucho, no centro da mesa com microfone na m\u00e3o, ao lado do secret\u00e1rio da Semef, Cl\u00e9cio Freire, e diretor-geral da Espi, Junior Nunes\"},{\"@type\":\"WebSite\",\"@id\":\"https:\/\/www.manaus.am.gov.br\/semef\/#website\",\"url\":\"https:\/\/www.manaus.am.gov.br\/semef\/\",\"name\":\"SEMEF\",\"description\":\"Secretaria Municipal de Finan\u00e7as e Tecnologia da Informa\u00e7\u00e3o\",\"potentialAction\":[{\"@type\":\"SearchAction\",\"target\":{\"@type\":\"EntryPoint\",\"urlTemplate\":\"https:\/\/www.manaus.am.gov.br\/semef\/?s={search_term_string}\"},\"query-input\":\"required name=search_term_string\"}],\"inLanguage\":\"pt-BR\"},{\"@type\":\"Person\",\"@id\":\"https:\/\/www.manaus.am.gov.br\/semef\/#\/schema\/person\/05d223aea2bf115f9883a6ff3683d81b\",\"name\":\"Bruna Greco\",\"image\":{\"@type\":\"ImageObject\",\"inLanguage\":\"pt-BR\",\"@id\":\"https:\/\/www.manaus.am.gov.br\/semef\/#\/schema\/person\/image\/\",\"url\":\"https:\/\/secure.gravatar.com\/avatar\/9c877d1a6adc2a055330e5c09a8653ce?s=96&d=mm&r=g\",\"contentUrl\":\"https:\/\/secure.gravatar.com\/avatar\/9c877d1a6adc2a055330e5c09a8653ce?s=96&d=mm&r=g\",\"caption\":\"Bruna Greco\"}}]}<\/script>\n<!-- \/ Yoast SEO plugin. -->","yoast_head_json":{"title":"LOA do munic\u00edpio \u00e9 aprovada para o ano de 2024","description":"LOA do munic\u00edpio \u00e9 aprovada para o ano de 2024 com aplica\u00e7\u00e3o de R$ 9,088 bilh\u00f5es nesta quinta-feira, 14\/12, na CMM.","robots":{"index":"index","follow":"follow","max-snippet":"max-snippet:-1","max-image-preview":"max-image-preview:large","max-video-preview":"max-video-preview:-1"},"canonical":"https:\/\/www.manaus.am.gov.br\/semef\/2023\/12\/15\/loa-do-municipio-e-aprovada-para-o-ano-de-2024-com-aplicacao-de-r-9088-bilhoes\/","og_locale":"pt_BR","og_type":"article","og_title":"LOA do munic\u00edpio \u00e9 aprovada para o ano de 2024","og_description":"LOA do munic\u00edpio \u00e9 aprovada para o ano de 2024 com aplica\u00e7\u00e3o de R$ 9,088 bilh\u00f5es nesta quinta-feira, 14\/12, na CMM.","og_url":"https:\/\/www.manaus.am.gov.br\/semef\/2023\/12\/15\/loa-do-municipio-e-aprovada-para-o-ano-de-2024-com-aplicacao-de-r-9088-bilhoes\/","og_site_name":"SEMEF","article_published_time":"2023-12-15T18:26:25+00:00","article_modified_time":"2023-12-15T18:26:26+00:00","og_image":[{"width":1024,"height":683,"url":"https:\/\/www.manaus.am.gov.br\/semef\/wp-content\/uploads\/sites\/7\/2023\/12\/Semef-1024x683.jpg","type":"image\/jpeg"}],"author":"Bruna Greco","twitter_card":"summary_large_image","twitter_misc":{"Written by":"Bruna Greco","Est. reading time":"2 minutos"},"schema":{"@context":"https:\/\/schema.org","@graph":[{"@type":"WebPage","@id":"https:\/\/www.manaus.am.gov.br\/semef\/2023\/12\/15\/loa-do-municipio-e-aprovada-para-o-ano-de-2024-com-aplicacao-de-r-9088-bilhoes\/","url":"https:\/\/www.manaus.am.gov.br\/semef\/2023\/12\/15\/loa-do-municipio-e-aprovada-para-o-ano-de-2024-com-aplicacao-de-r-9088-bilhoes\/","name":"LOA do munic\u00edpio \u00e9 aprovada para o ano de 2024","isPartOf":{"@id":"https:\/\/www.manaus.am.gov.br\/semef\/#website"},"primaryImageOfPage":{"@id":"https:\/\/www.manaus.am.gov.br\/semef\/2023\/12\/15\/loa-do-municipio-e-aprovada-para-o-ano-de-2024-com-aplicacao-de-r-9088-bilhoes\/#primaryimage"},"image":{"@id":"https:\/\/www.manaus.am.gov.br\/semef\/2023\/12\/15\/loa-do-municipio-e-aprovada-para-o-ano-de-2024-com-aplicacao-de-r-9088-bilhoes\/#primaryimage"},"thumbnailUrl":"https:\/\/www.manaus.am.gov.br\/semef\/wp-content\/uploads\/sites\/7\/2023\/12\/Semef.jpg","datePublished":"2023-12-15T18:26:25+00:00","dateModified":"2023-12-15T18:26:26+00:00","author":{"@id":"https:\/\/www.manaus.am.gov.br\/semef\/#\/schema\/person\/05d223aea2bf115f9883a6ff3683d81b"},"description":"LOA do munic\u00edpio \u00e9 aprovada para o ano de 2024 com aplica\u00e7\u00e3o de R$ 9,088 bilh\u00f5es nesta quinta-feira, 14\/12, na CMM.","inLanguage":"pt-BR","potentialAction":[{"@type":"ReadAction","target":["https:\/\/www.manaus.am.gov.br\/semef\/2023\/12\/15\/loa-do-municipio-e-aprovada-para-o-ano-de-2024-com-aplicacao-de-r-9088-bilhoes\/"]}]},{"@type":"ImageObject","inLanguage":"pt-BR","@id":"https:\/\/www.manaus.am.gov.br\/semef\/2023\/12\/15\/loa-do-municipio-e-aprovada-para-o-ano-de-2024-com-aplicacao-de-r-9088-bilhoes\/#primaryimage","url":"https:\/\/www.manaus.am.gov.br\/semef\/wp-content\/uploads\/sites\/7\/2023\/12\/Semef.jpg","contentUrl":"https:\/\/www.manaus.am.gov.br\/semef\/wp-content\/uploads\/sites\/7\/2023\/12\/Semef.jpg","width":4464,"height":2976,"caption":"#paratodosverem - Subsecret\u00e1ria de Or\u00e7amento e Projetos da Semef, Karliley Capucho, no centro da mesa com microfone na m\u00e3o, ao lado do secret\u00e1rio da Semef, Cl\u00e9cio Freire, e diretor-geral da Espi, Junior Nunes"},{"@type":"WebSite","@id":"https:\/\/www.manaus.am.gov.br\/semef\/#website","url":"https:\/\/www.manaus.am.gov.br\/semef\/","name":"SEMEF","description":"Secretaria Municipal de Finan\u00e7as e Tecnologia da Informa\u00e7\u00e3o","potentialAction":[{"@type":"SearchAction","target":{"@type":"EntryPoint","urlTemplate":"https:\/\/www.manaus.am.gov.br\/semef\/?s={search_term_string}"},"query-input":"required name=search_term_string"}],"inLanguage":"pt-BR"},{"@type":"Person","@id":"https:\/\/www.manaus.am.gov.br\/semef\/#\/schema\/person\/05d223aea2bf115f9883a6ff3683d81b","name":"Bruna Greco","image":{"@type":"ImageObject","inLanguage":"pt-BR","@id":"https:\/\/www.manaus.am.gov.br\/semef\/#\/schema\/person\/image\/","url":"https:\/\/secure.gravatar.com\/avatar\/9c877d1a6adc2a055330e5c09a8653ce?s=96&d=mm&r=g","contentUrl":"https:\/\/secure.gravatar.com\/avatar\/9c877d1a6adc2a055330e5c09a8653ce?s=96&d=mm&r=g","caption":"Bruna Greco"}}]}},"_links":{"self":[{"href":"https:\/\/www.manaus.am.gov.br\/semef\/wp-json\/wp\/v2\/posts\/2177"}],"collection":[{"href":"https:\/\/www.manaus.am.gov.br\/semef\/wp-json\/wp\/v2\/posts"}],"about":[{"href":"https:\/\/www.manaus.am.gov.br\/semef\/wp-json\/wp\/v2\/types\/post"}],"author":[{"embeddable":true,"href":"https:\/\/www.manaus.am.gov.br\/semef\/wp-json\/wp\/v2\/users\/39"}],"replies":[{"embeddable":true,"href":"https:\/\/www.manaus.am.gov.br\/semef\/wp-json\/wp\/v2\/comments?post=2177"}],"version-history":[{"count":0,"href":"https:\/\/www.manaus.am.gov.br\/semef\/wp-json\/wp\/v2\/posts\/2177\/revisions"}],"wp:featuredmedia":[{"embeddable":true,"href":"https:\/\/www.manaus.am.gov.br\/semef\/wp-json\/wp\/v2\/media\/2178"}],"wp:attachment":[{"href":"https:\/\/www.manaus.am.gov.br\/semef\/wp-json\/wp\/v2\/media?parent=2177"}],"wp:term":[{"taxonomy":"category","embeddable":true,"href":"https:\/\/www.manaus.am.gov.br\/semef\/wp-json\/wp\/v2\/categories?post=2177"},{"taxonomy":"post_tag","embeddable":true,"href":"https:\/\/www.manaus.am.gov.br\/semef\/wp-json\/wp\/v2\/tags?post=2177"}],"curies":[{"name":"wp","href":"https:\/\/api.w.org\/{rel}","templated":true}]}}