{"id":1953,"date":"2023-11-01T18:29:45","date_gmt":"2023-11-01T22:29:45","guid":{"rendered":"https:\/\/www.manaus.am.gov.br\/semef\/2023\/11\/01\/manaus-e-2o-lugar-em-ranking-de-gestao-fiscal-do-pais\/"},"modified":"2023-11-01T19:59:01","modified_gmt":"2023-11-01T23:59:01","slug":"manaus-e-2o-lugar-em-ranking-de-gestao-fiscal-do-pais","status":"publish","type":"post","link":"https:\/\/www.manaus.am.gov.br\/semef\/2023\/11\/01\/manaus-e-2o-lugar-em-ranking-de-gestao-fiscal-do-pais\/","title":{"rendered":"<strong>Manaus \u00e9 2\u00ba lugar em ranking de gest\u00e3o fiscal do pa\u00eds<\/strong>"},"content":{"rendered":"\n<p>A capital amazonense est\u00e1 no ranking de capitais brasileiras com melhor gest\u00e3o fiscal do pa\u00eds. O apontamento \u00e9 do \u00cdndice Firjan de Gest\u00e3o Fiscal (IFGF), divulgado nesta ter\u00e7a-feira, 31\/10. Manaus ocupa o segundo lugar na lista, atr\u00e1s somente de Salvador (BA), e \u00e0 frente de capitais como S\u00e3o Paulo (SP), Vit\u00f3ria (ES), Curitiba (PR), Recife (PE) e Aracaju (SE).<\/p>\n\n\n\n<p>Em 2021, Manaus se destacou como primeira no indicador. Elaborado pela Federa\u00e7\u00e3o das Ind\u00fastrias do Estado do Rio de Janeiro (RJ), o \u00edndice \u00e9 um estudo anual que analisa a situa\u00e7\u00e3o fiscal de cada um dos mais de cinco mil munic\u00edpios brasileiros, por meio de quatro indicadores: autonomia, gastos com pessoal, liquidez e investimentos.<\/p>\n\n\n\n<p>Na soma geral dos indicadores, Manaus obteve o \u00edndice 0,91, alcan\u00e7ando n\u00edvel de excel\u00eancia em todos os indicadores do estudo.<\/p>\n\n\n\n<p>No indicador \u201cinvestimentos\u201d, Manaus fechou com \u00edndice superior a 0,94 e bateu todas as capitais, inclusive Salvador. O desempenho da capital amazonense em investimentos foi quase o dobro da m\u00e9dia nacional, o que inclui todos os munic\u00edpios avaliados, que representou 0,47.<\/p>\n\n\n<div class=\"wp-block-image\">\n<figure class=\"aligncenter size-large\"><img loading=\"lazy\" decoding=\"async\" width=\"539\" height=\"1024\" src=\"https:\/\/www.manaus.am.gov.br\/semef\/wp-content\/uploads\/sites\/7\/2023\/11\/IMG-20231101-WA0015-539x1024.jpg\" alt=\"\" class=\"wp-image-1954\" srcset=\"https:\/\/www.manaus.am.gov.br\/semef\/wp-content\/uploads\/sites\/7\/2023\/11\/IMG-20231101-WA0015-539x1024.jpg 539w, https:\/\/www.manaus.am.gov.br\/semef\/wp-content\/uploads\/sites\/7\/2023\/11\/IMG-20231101-WA0015-158x300.jpg 158w, https:\/\/www.manaus.am.gov.br\/semef\/wp-content\/uploads\/sites\/7\/2023\/11\/IMG-20231101-WA0015.jpg 674w\" sizes=\"(max-width: 539px) 100vw, 539px\" \/><\/figure><\/div>\n\n\n<p>O titular da Secretaria Municipal de Finan\u00e7as e Tecnologia da Informa\u00e7\u00e3o (Semef), Cl\u00e9cio Freire, considerou esse indicador como um dos mais importantes do estudo, uma vez que ele mostra como as prefeituras est\u00e3o convertendo seus recursos em prol dos cidad\u00e3os, principalmente em momento delicado da economia brasileira.<\/p>\n\n\n\n<p>\u201cNesse sentido, a Prefeitura de Manaus vem fazendo um esfor\u00e7o para conseguir investir boa parte de seus recursos pr\u00f3prios, o que hoje \u00e9 muito complicado a n\u00edvel de Brasil. As prefeituras n\u00e3o t\u00eam tido margem para investir os seus recursos pr\u00f3prios. Em 2022, a Prefeitura de Manaus aplicou mais de 11% dos seus recursos em investimentos. Isso \u00e9 uma marca do prefeito David Almeida que nos d\u00e1 muito orgulho, o investimento em obras e servi\u00e7os que beneficiam diretamente a nossa popula\u00e7\u00e3o\u201d, destacou o gestor.<\/p>\n\n\n\n<p>&#8212; &#8212; &#8212;<\/p>\n\n\n\n<p><strong>Texto<\/strong>&nbsp;\u2013 Divulga\u00e7\u00e3o \/ Semef<\/p>\n\n\n\n<p><strong>Fotos<\/strong>\u00a0\u2013 Cl\u00f3vis Miranda e Phil Limma \/ Semcom<\/p>\n\n\n\n<p>Dispon\u00edveis em &#8211; <a href=\"https:\/\/flic.kr\/s\/aHBqjB1NVD\">https:\/\/flic.kr\/s\/aHBqjB1NVD<\/a><\/p>\n\n\n\n<p><\/p>\n","protected":false},"excerpt":{"rendered":"","protected":false},"author":31,"featured_media":1955,"comment_status":"closed","ping_status":"closed","sticky":false,"template":"","format":"standard","meta":{"footnotes":""},"categories":[44],"tags":[266,267,268,269],"acf":[],"yoast_head":"<!-- This site is optimized with the Yoast SEO plugin v23.0 - https:\/\/yoast.com\/wordpress\/plugins\/seo\/ -->\n<title>Manaus \u00e9 2\u00ba lugar em ranking de gest\u00e3o fiscal do pa\u00eds - SEMEF<\/title>\n<meta name=\"robots\" content=\"index, follow, max-snippet:-1, max-image-preview:large, max-video-preview:-1\" \/>\n<link rel=\"canonical\" href=\"https:\/\/www.manaus.am.gov.br\/semef\/2023\/11\/01\/manaus-e-2o-lugar-em-ranking-de-gestao-fiscal-do-pais\/\" \/>\n<meta property=\"og:locale\" content=\"pt_BR\" \/>\n<meta property=\"og:type\" content=\"article\" \/>\n<meta property=\"og:title\" content=\"Manaus \u00e9 2\u00ba lugar em ranking de gest\u00e3o fiscal do pa\u00eds - SEMEF\" \/>\n<meta property=\"og:url\" content=\"https:\/\/www.manaus.am.gov.br\/semef\/2023\/11\/01\/manaus-e-2o-lugar-em-ranking-de-gestao-fiscal-do-pais\/\" \/>\n<meta property=\"og:site_name\" content=\"SEMEF\" \/>\n<meta property=\"article:published_time\" content=\"2023-11-01T22:29:45+00:00\" \/>\n<meta property=\"article:modified_time\" content=\"2023-11-01T23:59:01+00:00\" \/>\n<meta property=\"og:image\" content=\"https:\/\/www.manaus.am.gov.br\/semef\/wp-content\/uploads\/sites\/7\/2023\/11\/IMG-20231101-WA0014.jpg\" \/>\n\t<meta property=\"og:image:width\" content=\"1256\" \/>\n\t<meta property=\"og:image:height\" content=\"838\" \/>\n\t<meta property=\"og:image:type\" content=\"image\/jpeg\" \/>\n<meta name=\"author\" content=\"Renata Felix\" \/>\n<meta name=\"twitter:card\" content=\"summary_large_image\" \/>\n<meta name=\"twitter:label1\" content=\"Written by\" \/>\n\t<meta name=\"twitter:data1\" content=\"Renata Felix\" \/>\n\t<meta name=\"twitter:label2\" content=\"Est. reading time\" \/>\n\t<meta name=\"twitter:data2\" content=\"2 minutos\" \/>\n<script type=\"application\/ld+json\" class=\"yoast-schema-graph\">{\"@context\":\"https:\/\/schema.org\",\"@graph\":[{\"@type\":\"WebPage\",\"@id\":\"https:\/\/www.manaus.am.gov.br\/semef\/2023\/11\/01\/manaus-e-2o-lugar-em-ranking-de-gestao-fiscal-do-pais\/\",\"url\":\"https:\/\/www.manaus.am.gov.br\/semef\/2023\/11\/01\/manaus-e-2o-lugar-em-ranking-de-gestao-fiscal-do-pais\/\",\"name\":\"Manaus \u00e9 2\u00ba lugar em ranking de gest\u00e3o fiscal do pa\u00eds - SEMEF\",\"isPartOf\":{\"@id\":\"https:\/\/www.manaus.am.gov.br\/semef\/#website\"},\"primaryImageOfPage\":{\"@id\":\"https:\/\/www.manaus.am.gov.br\/semef\/2023\/11\/01\/manaus-e-2o-lugar-em-ranking-de-gestao-fiscal-do-pais\/#primaryimage\"},\"image\":{\"@id\":\"https:\/\/www.manaus.am.gov.br\/semef\/2023\/11\/01\/manaus-e-2o-lugar-em-ranking-de-gestao-fiscal-do-pais\/#primaryimage\"},\"thumbnailUrl\":\"https:\/\/www.manaus.am.gov.br\/semef\/wp-content\/uploads\/sites\/7\/2023\/11\/IMG-20231101-WA0014.jpg\",\"datePublished\":\"2023-11-01T22:29:45+00:00\",\"dateModified\":\"2023-11-01T23:59:01+00:00\",\"author\":{\"@id\":\"https:\/\/www.manaus.am.gov.br\/semef\/#\/schema\/person\/4eea2a8f78dc853097abb026f728aa06\"},\"inLanguage\":\"pt-BR\",\"potentialAction\":[{\"@type\":\"ReadAction\",\"target\":[\"https:\/\/www.manaus.am.gov.br\/semef\/2023\/11\/01\/manaus-e-2o-lugar-em-ranking-de-gestao-fiscal-do-pais\/\"]}]},{\"@type\":\"ImageObject\",\"inLanguage\":\"pt-BR\",\"@id\":\"https:\/\/www.manaus.am.gov.br\/semef\/2023\/11\/01\/manaus-e-2o-lugar-em-ranking-de-gestao-fiscal-do-pais\/#primaryimage\",\"url\":\"https:\/\/www.manaus.am.gov.br\/semef\/wp-content\/uploads\/sites\/7\/2023\/11\/IMG-20231101-WA0014.jpg\",\"contentUrl\":\"https:\/\/www.manaus.am.gov.br\/semef\/wp-content\/uploads\/sites\/7\/2023\/11\/IMG-20231101-WA0014.jpg\",\"width\":1256,\"height\":838,\"caption\":\"#paratodosverem - Imagem a\u00e9rea de Manaus, mostrando a cidade ladeada pelo rio Negro\"},{\"@type\":\"WebSite\",\"@id\":\"https:\/\/www.manaus.am.gov.br\/semef\/#website\",\"url\":\"https:\/\/www.manaus.am.gov.br\/semef\/\",\"name\":\"SEMEF\",\"description\":\"Secretaria Municipal de Finan\u00e7as e Tecnologia da Informa\u00e7\u00e3o\",\"potentialAction\":[{\"@type\":\"SearchAction\",\"target\":{\"@type\":\"EntryPoint\",\"urlTemplate\":\"https:\/\/www.manaus.am.gov.br\/semef\/?s={search_term_string}\"},\"query-input\":\"required name=search_term_string\"}],\"inLanguage\":\"pt-BR\"},{\"@type\":\"Person\",\"@id\":\"https:\/\/www.manaus.am.gov.br\/semef\/#\/schema\/person\/4eea2a8f78dc853097abb026f728aa06\",\"name\":\"Renata Felix\",\"image\":{\"@type\":\"ImageObject\",\"inLanguage\":\"pt-BR\",\"@id\":\"https:\/\/www.manaus.am.gov.br\/semef\/#\/schema\/person\/image\/\",\"url\":\"https:\/\/secure.gravatar.com\/avatar\/3c196cf9d3b837b24c8edb2c50fd8f29?s=96&d=mm&r=g\",\"contentUrl\":\"https:\/\/secure.gravatar.com\/avatar\/3c196cf9d3b837b24c8edb2c50fd8f29?s=96&d=mm&r=g\",\"caption\":\"Renata Felix\"}}]}<\/script>\n<!-- \/ Yoast SEO plugin. -->","yoast_head_json":{"title":"Manaus \u00e9 2\u00ba lugar em ranking de gest\u00e3o fiscal do pa\u00eds - SEMEF","robots":{"index":"index","follow":"follow","max-snippet":"max-snippet:-1","max-image-preview":"max-image-preview:large","max-video-preview":"max-video-preview:-1"},"canonical":"https:\/\/www.manaus.am.gov.br\/semef\/2023\/11\/01\/manaus-e-2o-lugar-em-ranking-de-gestao-fiscal-do-pais\/","og_locale":"pt_BR","og_type":"article","og_title":"Manaus \u00e9 2\u00ba lugar em ranking de gest\u00e3o fiscal do pa\u00eds - SEMEF","og_url":"https:\/\/www.manaus.am.gov.br\/semef\/2023\/11\/01\/manaus-e-2o-lugar-em-ranking-de-gestao-fiscal-do-pais\/","og_site_name":"SEMEF","article_published_time":"2023-11-01T22:29:45+00:00","article_modified_time":"2023-11-01T23:59:01+00:00","og_image":[{"width":1256,"height":838,"url":"https:\/\/www.manaus.am.gov.br\/semef\/wp-content\/uploads\/sites\/7\/2023\/11\/IMG-20231101-WA0014.jpg","type":"image\/jpeg"}],"author":"Renata Felix","twitter_card":"summary_large_image","twitter_misc":{"Written by":"Renata Felix","Est. reading time":"2 minutos"},"schema":{"@context":"https:\/\/schema.org","@graph":[{"@type":"WebPage","@id":"https:\/\/www.manaus.am.gov.br\/semef\/2023\/11\/01\/manaus-e-2o-lugar-em-ranking-de-gestao-fiscal-do-pais\/","url":"https:\/\/www.manaus.am.gov.br\/semef\/2023\/11\/01\/manaus-e-2o-lugar-em-ranking-de-gestao-fiscal-do-pais\/","name":"Manaus \u00e9 2\u00ba lugar em ranking de gest\u00e3o fiscal do pa\u00eds - SEMEF","isPartOf":{"@id":"https:\/\/www.manaus.am.gov.br\/semef\/#website"},"primaryImageOfPage":{"@id":"https:\/\/www.manaus.am.gov.br\/semef\/2023\/11\/01\/manaus-e-2o-lugar-em-ranking-de-gestao-fiscal-do-pais\/#primaryimage"},"image":{"@id":"https:\/\/www.manaus.am.gov.br\/semef\/2023\/11\/01\/manaus-e-2o-lugar-em-ranking-de-gestao-fiscal-do-pais\/#primaryimage"},"thumbnailUrl":"https:\/\/www.manaus.am.gov.br\/semef\/wp-content\/uploads\/sites\/7\/2023\/11\/IMG-20231101-WA0014.jpg","datePublished":"2023-11-01T22:29:45+00:00","dateModified":"2023-11-01T23:59:01+00:00","author":{"@id":"https:\/\/www.manaus.am.gov.br\/semef\/#\/schema\/person\/4eea2a8f78dc853097abb026f728aa06"},"inLanguage":"pt-BR","potentialAction":[{"@type":"ReadAction","target":["https:\/\/www.manaus.am.gov.br\/semef\/2023\/11\/01\/manaus-e-2o-lugar-em-ranking-de-gestao-fiscal-do-pais\/"]}]},{"@type":"ImageObject","inLanguage":"pt-BR","@id":"https:\/\/www.manaus.am.gov.br\/semef\/2023\/11\/01\/manaus-e-2o-lugar-em-ranking-de-gestao-fiscal-do-pais\/#primaryimage","url":"https:\/\/www.manaus.am.gov.br\/semef\/wp-content\/uploads\/sites\/7\/2023\/11\/IMG-20231101-WA0014.jpg","contentUrl":"https:\/\/www.manaus.am.gov.br\/semef\/wp-content\/uploads\/sites\/7\/2023\/11\/IMG-20231101-WA0014.jpg","width":1256,"height":838,"caption":"#paratodosverem - Imagem a\u00e9rea de Manaus, mostrando a cidade ladeada pelo rio Negro"},{"@type":"WebSite","@id":"https:\/\/www.manaus.am.gov.br\/semef\/#website","url":"https:\/\/www.manaus.am.gov.br\/semef\/","name":"SEMEF","description":"Secretaria Municipal de Finan\u00e7as e Tecnologia da Informa\u00e7\u00e3o","potentialAction":[{"@type":"SearchAction","target":{"@type":"EntryPoint","urlTemplate":"https:\/\/www.manaus.am.gov.br\/semef\/?s={search_term_string}"},"query-input":"required name=search_term_string"}],"inLanguage":"pt-BR"},{"@type":"Person","@id":"https:\/\/www.manaus.am.gov.br\/semef\/#\/schema\/person\/4eea2a8f78dc853097abb026f728aa06","name":"Renata Felix","image":{"@type":"ImageObject","inLanguage":"pt-BR","@id":"https:\/\/www.manaus.am.gov.br\/semef\/#\/schema\/person\/image\/","url":"https:\/\/secure.gravatar.com\/avatar\/3c196cf9d3b837b24c8edb2c50fd8f29?s=96&d=mm&r=g","contentUrl":"https:\/\/secure.gravatar.com\/avatar\/3c196cf9d3b837b24c8edb2c50fd8f29?s=96&d=mm&r=g","caption":"Renata Felix"}}]}},"_links":{"self":[{"href":"https:\/\/www.manaus.am.gov.br\/semef\/wp-json\/wp\/v2\/posts\/1953"}],"collection":[{"href":"https:\/\/www.manaus.am.gov.br\/semef\/wp-json\/wp\/v2\/posts"}],"about":[{"href":"https:\/\/www.manaus.am.gov.br\/semef\/wp-json\/wp\/v2\/types\/post"}],"author":[{"embeddable":true,"href":"https:\/\/www.manaus.am.gov.br\/semef\/wp-json\/wp\/v2\/users\/31"}],"replies":[{"embeddable":true,"href":"https:\/\/www.manaus.am.gov.br\/semef\/wp-json\/wp\/v2\/comments?post=1953"}],"version-history":[{"count":3,"href":"https:\/\/www.manaus.am.gov.br\/semef\/wp-json\/wp\/v2\/posts\/1953\/revisions"}],"predecessor-version":[{"id":1958,"href":"https:\/\/www.manaus.am.gov.br\/semef\/wp-json\/wp\/v2\/posts\/1953\/revisions\/1958"}],"wp:featuredmedia":[{"embeddable":true,"href":"https:\/\/www.manaus.am.gov.br\/semef\/wp-json\/wp\/v2\/media\/1955"}],"wp:attachment":[{"href":"https:\/\/www.manaus.am.gov.br\/semef\/wp-json\/wp\/v2\/media?parent=1953"}],"wp:term":[{"taxonomy":"category","embeddable":true,"href":"https:\/\/www.manaus.am.gov.br\/semef\/wp-json\/wp\/v2\/categories?post=1953"},{"taxonomy":"post_tag","embeddable":true,"href":"https:\/\/www.manaus.am.gov.br\/semef\/wp-json\/wp\/v2\/tags?post=1953"}],"curies":[{"name":"wp","href":"https:\/\/api.w.org\/{rel}","templated":true}]}}