{"id":1948,"date":"2023-10-19T17:59:51","date_gmt":"2023-10-19T21:59:51","guid":{"rendered":"https:\/\/www.manaus.am.gov.br\/semef\/2023\/10\/19\/profissionais-de-ti-da-prefeitura-de-manaus-recebem-homenagem-na-cmm\/"},"modified":"2023-10-19T17:59:52","modified_gmt":"2023-10-19T21:59:52","slug":"profissionais-de-ti-da-prefeitura-de-manaus-recebem-homenagem-na-cmm","status":"publish","type":"post","link":"https:\/\/www.manaus.am.gov.br\/semef\/2023\/10\/19\/profissionais-de-ti-da-prefeitura-de-manaus-recebem-homenagem-na-cmm\/","title":{"rendered":"<strong>Profissionais de TI da Prefeitura de Manaus recebem homenagem na CMM<\/strong>"},"content":{"rendered":"\n<p>Os profissionais de Tecnologia da Informa\u00e7\u00e3o da Prefeitura de Manaus foram homenageados, durante reuni\u00e3o solene da C\u00e2mara Municipal de Manaus (CMM), em alus\u00e3o ao Dia do Profissional de TI, comemorado nesta quinta-feira, 19\/10. Profissionais atuantes no governo estadual e iniciativa privada tamb\u00e9m foram homenageados.<\/p>\n\n\n\n<p>Na solenidade, o prefeito de Manaus, David Almeida, foi representado pelo subsecret\u00e1rio da Secretaria Municipal de Finan\u00e7as e Tecnologia da Informa\u00e7\u00e3o (Semef), Richard Douglas Costa.<\/p>\n\n\n\n<p>\u201cTive a honra de representar o prefeito e o secret\u00e1rio da Semef, Cl\u00e9cio Freire, dois gestores muito comprometidos e que investem em tecnologia para aprimorar os servi\u00e7os prestados aos cidad\u00e3os manauaras\u201d, ressaltou Costa.<\/p>\n\n\n\n<p>O subsecret\u00e1rio da Semef, que atua profissionalmente na \u00e1rea de TI h\u00e1 quase 40 anos, tamb\u00e9m falou sobre a import\u00e2ncia e a representa\u00e7\u00e3o do ato em homenagem aos profissionais que, por meio da tecnologia da informa\u00e7\u00e3o, transforma e facilita a vida de tantas pessoas por meio dos servi\u00e7os prestados pelo munic\u00edpio.<\/p>\n\n\n\n<p>\u201cEsses profissionais atuam em todas as frentes da prefeitura, sa\u00fade, educa\u00e7\u00e3o, mobilidade urbana, entre outras. No dif\u00edcil per\u00edodo da pandemia, por exemplo, muitas a\u00e7\u00f5es da prefeitura foram poss\u00edveis&nbsp;por meio do trabalho de TI em sistemas e em hardwares, o que permitiu o trabalho remoto e em home office dos servidores\u201d, concluiu Richard.<\/p>\n\n\n\n<p>&#8212; &#8212; &#8212;<\/p>\n\n\n\n<p><strong>Texto<\/strong>&nbsp;\u2013 Divulga\u00e7\u00e3o \/ Semef<\/p>\n\n\n\n<p><strong>Fotos &#8211;&nbsp;<\/strong>Mauro Pereira \/ CMM<\/p>\n","protected":false},"excerpt":{"rendered":"","protected":false},"author":31,"featured_media":1949,"comment_status":"closed","ping_status":"closed","sticky":false,"template":"","format":"standard","meta":{"footnotes":""},"categories":[259],"tags":[90,260,261],"acf":[],"yoast_head":"<!-- This site is optimized with the Yoast SEO plugin v23.0 - https:\/\/yoast.com\/wordpress\/plugins\/seo\/ -->\n<title>Profissionais de TI da Prefeitura de Manaus recebem homenagem na CMM - SEMEF<\/title>\n<meta name=\"robots\" content=\"index, follow, max-snippet:-1, max-image-preview:large, max-video-preview:-1\" \/>\n<link rel=\"canonical\" href=\"https:\/\/www.manaus.am.gov.br\/semef\/2023\/10\/19\/profissionais-de-ti-da-prefeitura-de-manaus-recebem-homenagem-na-cmm\/\" \/>\n<meta property=\"og:locale\" content=\"pt_BR\" \/>\n<meta property=\"og:type\" content=\"article\" \/>\n<meta property=\"og:title\" content=\"Profissionais de TI da Prefeitura de Manaus recebem homenagem na CMM - SEMEF\" \/>\n<meta property=\"og:url\" content=\"https:\/\/www.manaus.am.gov.br\/semef\/2023\/10\/19\/profissionais-de-ti-da-prefeitura-de-manaus-recebem-homenagem-na-cmm\/\" \/>\n<meta property=\"og:site_name\" content=\"SEMEF\" \/>\n<meta property=\"article:published_time\" content=\"2023-10-19T21:59:51+00:00\" \/>\n<meta property=\"article:modified_time\" content=\"2023-10-19T21:59:52+00:00\" \/>\n<meta property=\"og:image\" content=\"https:\/\/www.manaus.am.gov.br\/semef\/wp-content\/uploads\/sites\/7\/2023\/10\/KT6A0243-1024x683.jpg\" \/>\n\t<meta property=\"og:image:width\" content=\"1024\" \/>\n\t<meta property=\"og:image:height\" content=\"683\" \/>\n\t<meta property=\"og:image:type\" content=\"image\/jpeg\" \/>\n<meta name=\"author\" content=\"Renata Felix\" \/>\n<meta name=\"twitter:card\" content=\"summary_large_image\" \/>\n<meta name=\"twitter:label1\" content=\"Written by\" \/>\n\t<meta name=\"twitter:data1\" content=\"Renata Felix\" \/>\n\t<meta name=\"twitter:label2\" content=\"Est. reading time\" \/>\n\t<meta name=\"twitter:data2\" content=\"2 minutos\" \/>\n<script type=\"application\/ld+json\" class=\"yoast-schema-graph\">{\"@context\":\"https:\/\/schema.org\",\"@graph\":[{\"@type\":\"WebPage\",\"@id\":\"https:\/\/www.manaus.am.gov.br\/semef\/2023\/10\/19\/profissionais-de-ti-da-prefeitura-de-manaus-recebem-homenagem-na-cmm\/\",\"url\":\"https:\/\/www.manaus.am.gov.br\/semef\/2023\/10\/19\/profissionais-de-ti-da-prefeitura-de-manaus-recebem-homenagem-na-cmm\/\",\"name\":\"Profissionais de TI da Prefeitura de Manaus recebem homenagem na CMM - SEMEF\",\"isPartOf\":{\"@id\":\"https:\/\/www.manaus.am.gov.br\/semef\/#website\"},\"primaryImageOfPage\":{\"@id\":\"https:\/\/www.manaus.am.gov.br\/semef\/2023\/10\/19\/profissionais-de-ti-da-prefeitura-de-manaus-recebem-homenagem-na-cmm\/#primaryimage\"},\"image\":{\"@id\":\"https:\/\/www.manaus.am.gov.br\/semef\/2023\/10\/19\/profissionais-de-ti-da-prefeitura-de-manaus-recebem-homenagem-na-cmm\/#primaryimage\"},\"thumbnailUrl\":\"https:\/\/www.manaus.am.gov.br\/semef\/wp-content\/uploads\/sites\/7\/2023\/10\/KT6A0243.jpg\",\"datePublished\":\"2023-10-19T21:59:51+00:00\",\"dateModified\":\"2023-10-19T21:59:52+00:00\",\"author\":{\"@id\":\"https:\/\/www.manaus.am.gov.br\/semef\/#\/schema\/person\/4eea2a8f78dc853097abb026f728aa06\"},\"inLanguage\":\"pt-BR\",\"potentialAction\":[{\"@type\":\"ReadAction\",\"target\":[\"https:\/\/www.manaus.am.gov.br\/semef\/2023\/10\/19\/profissionais-de-ti-da-prefeitura-de-manaus-recebem-homenagem-na-cmm\/\"]}]},{\"@type\":\"ImageObject\",\"inLanguage\":\"pt-BR\",\"@id\":\"https:\/\/www.manaus.am.gov.br\/semef\/2023\/10\/19\/profissionais-de-ti-da-prefeitura-de-manaus-recebem-homenagem-na-cmm\/#primaryimage\",\"url\":\"https:\/\/www.manaus.am.gov.br\/semef\/wp-content\/uploads\/sites\/7\/2023\/10\/KT6A0243.jpg\",\"contentUrl\":\"https:\/\/www.manaus.am.gov.br\/semef\/wp-content\/uploads\/sites\/7\/2023\/10\/KT6A0243.jpg\",\"width\":5302,\"height\":3535},{\"@type\":\"WebSite\",\"@id\":\"https:\/\/www.manaus.am.gov.br\/semef\/#website\",\"url\":\"https:\/\/www.manaus.am.gov.br\/semef\/\",\"name\":\"SEMEF\",\"description\":\"Secretaria Municipal de Finan\u00e7as e Tecnologia da Informa\u00e7\u00e3o\",\"potentialAction\":[{\"@type\":\"SearchAction\",\"target\":{\"@type\":\"EntryPoint\",\"urlTemplate\":\"https:\/\/www.manaus.am.gov.br\/semef\/?s={search_term_string}\"},\"query-input\":\"required name=search_term_string\"}],\"inLanguage\":\"pt-BR\"},{\"@type\":\"Person\",\"@id\":\"https:\/\/www.manaus.am.gov.br\/semef\/#\/schema\/person\/4eea2a8f78dc853097abb026f728aa06\",\"name\":\"Renata Felix\",\"image\":{\"@type\":\"ImageObject\",\"inLanguage\":\"pt-BR\",\"@id\":\"https:\/\/www.manaus.am.gov.br\/semef\/#\/schema\/person\/image\/\",\"url\":\"https:\/\/secure.gravatar.com\/avatar\/3c196cf9d3b837b24c8edb2c50fd8f29?s=96&d=mm&r=g\",\"contentUrl\":\"https:\/\/secure.gravatar.com\/avatar\/3c196cf9d3b837b24c8edb2c50fd8f29?s=96&d=mm&r=g\",\"caption\":\"Renata Felix\"}}]}<\/script>\n<!-- \/ Yoast SEO plugin. -->","yoast_head_json":{"title":"Profissionais de TI da Prefeitura de Manaus recebem homenagem na CMM - SEMEF","robots":{"index":"index","follow":"follow","max-snippet":"max-snippet:-1","max-image-preview":"max-image-preview:large","max-video-preview":"max-video-preview:-1"},"canonical":"https:\/\/www.manaus.am.gov.br\/semef\/2023\/10\/19\/profissionais-de-ti-da-prefeitura-de-manaus-recebem-homenagem-na-cmm\/","og_locale":"pt_BR","og_type":"article","og_title":"Profissionais de TI da Prefeitura de Manaus recebem homenagem na CMM - SEMEF","og_url":"https:\/\/www.manaus.am.gov.br\/semef\/2023\/10\/19\/profissionais-de-ti-da-prefeitura-de-manaus-recebem-homenagem-na-cmm\/","og_site_name":"SEMEF","article_published_time":"2023-10-19T21:59:51+00:00","article_modified_time":"2023-10-19T21:59:52+00:00","og_image":[{"width":1024,"height":683,"url":"https:\/\/www.manaus.am.gov.br\/semef\/wp-content\/uploads\/sites\/7\/2023\/10\/KT6A0243-1024x683.jpg","type":"image\/jpeg"}],"author":"Renata Felix","twitter_card":"summary_large_image","twitter_misc":{"Written by":"Renata Felix","Est. reading time":"2 minutos"},"schema":{"@context":"https:\/\/schema.org","@graph":[{"@type":"WebPage","@id":"https:\/\/www.manaus.am.gov.br\/semef\/2023\/10\/19\/profissionais-de-ti-da-prefeitura-de-manaus-recebem-homenagem-na-cmm\/","url":"https:\/\/www.manaus.am.gov.br\/semef\/2023\/10\/19\/profissionais-de-ti-da-prefeitura-de-manaus-recebem-homenagem-na-cmm\/","name":"Profissionais de TI da Prefeitura de Manaus recebem homenagem na CMM - SEMEF","isPartOf":{"@id":"https:\/\/www.manaus.am.gov.br\/semef\/#website"},"primaryImageOfPage":{"@id":"https:\/\/www.manaus.am.gov.br\/semef\/2023\/10\/19\/profissionais-de-ti-da-prefeitura-de-manaus-recebem-homenagem-na-cmm\/#primaryimage"},"image":{"@id":"https:\/\/www.manaus.am.gov.br\/semef\/2023\/10\/19\/profissionais-de-ti-da-prefeitura-de-manaus-recebem-homenagem-na-cmm\/#primaryimage"},"thumbnailUrl":"https:\/\/www.manaus.am.gov.br\/semef\/wp-content\/uploads\/sites\/7\/2023\/10\/KT6A0243.jpg","datePublished":"2023-10-19T21:59:51+00:00","dateModified":"2023-10-19T21:59:52+00:00","author":{"@id":"https:\/\/www.manaus.am.gov.br\/semef\/#\/schema\/person\/4eea2a8f78dc853097abb026f728aa06"},"inLanguage":"pt-BR","potentialAction":[{"@type":"ReadAction","target":["https:\/\/www.manaus.am.gov.br\/semef\/2023\/10\/19\/profissionais-de-ti-da-prefeitura-de-manaus-recebem-homenagem-na-cmm\/"]}]},{"@type":"ImageObject","inLanguage":"pt-BR","@id":"https:\/\/www.manaus.am.gov.br\/semef\/2023\/10\/19\/profissionais-de-ti-da-prefeitura-de-manaus-recebem-homenagem-na-cmm\/#primaryimage","url":"https:\/\/www.manaus.am.gov.br\/semef\/wp-content\/uploads\/sites\/7\/2023\/10\/KT6A0243.jpg","contentUrl":"https:\/\/www.manaus.am.gov.br\/semef\/wp-content\/uploads\/sites\/7\/2023\/10\/KT6A0243.jpg","width":5302,"height":3535},{"@type":"WebSite","@id":"https:\/\/www.manaus.am.gov.br\/semef\/#website","url":"https:\/\/www.manaus.am.gov.br\/semef\/","name":"SEMEF","description":"Secretaria Municipal de Finan\u00e7as e Tecnologia da Informa\u00e7\u00e3o","potentialAction":[{"@type":"SearchAction","target":{"@type":"EntryPoint","urlTemplate":"https:\/\/www.manaus.am.gov.br\/semef\/?s={search_term_string}"},"query-input":"required name=search_term_string"}],"inLanguage":"pt-BR"},{"@type":"Person","@id":"https:\/\/www.manaus.am.gov.br\/semef\/#\/schema\/person\/4eea2a8f78dc853097abb026f728aa06","name":"Renata Felix","image":{"@type":"ImageObject","inLanguage":"pt-BR","@id":"https:\/\/www.manaus.am.gov.br\/semef\/#\/schema\/person\/image\/","url":"https:\/\/secure.gravatar.com\/avatar\/3c196cf9d3b837b24c8edb2c50fd8f29?s=96&d=mm&r=g","contentUrl":"https:\/\/secure.gravatar.com\/avatar\/3c196cf9d3b837b24c8edb2c50fd8f29?s=96&d=mm&r=g","caption":"Renata Felix"}}]}},"_links":{"self":[{"href":"https:\/\/www.manaus.am.gov.br\/semef\/wp-json\/wp\/v2\/posts\/1948"}],"collection":[{"href":"https:\/\/www.manaus.am.gov.br\/semef\/wp-json\/wp\/v2\/posts"}],"about":[{"href":"https:\/\/www.manaus.am.gov.br\/semef\/wp-json\/wp\/v2\/types\/post"}],"author":[{"embeddable":true,"href":"https:\/\/www.manaus.am.gov.br\/semef\/wp-json\/wp\/v2\/users\/31"}],"replies":[{"embeddable":true,"href":"https:\/\/www.manaus.am.gov.br\/semef\/wp-json\/wp\/v2\/comments?post=1948"}],"version-history":[{"count":0,"href":"https:\/\/www.manaus.am.gov.br\/semef\/wp-json\/wp\/v2\/posts\/1948\/revisions"}],"wp:featuredmedia":[{"embeddable":true,"href":"https:\/\/www.manaus.am.gov.br\/semef\/wp-json\/wp\/v2\/media\/1949"}],"wp:attachment":[{"href":"https:\/\/www.manaus.am.gov.br\/semef\/wp-json\/wp\/v2\/media?parent=1948"}],"wp:term":[{"taxonomy":"category","embeddable":true,"href":"https:\/\/www.manaus.am.gov.br\/semef\/wp-json\/wp\/v2\/categories?post=1948"},{"taxonomy":"post_tag","embeddable":true,"href":"https:\/\/www.manaus.am.gov.br\/semef\/wp-json\/wp\/v2\/tags?post=1948"}],"curies":[{"name":"wp","href":"https:\/\/api.w.org\/{rel}","templated":true}]}}