{"id":1922,"date":"2023-10-10T16:50:59","date_gmt":"2023-10-10T20:50:59","guid":{"rendered":"https:\/\/www.manaus.am.gov.br\/semef\/2023\/10\/10\/prefeitura-de-manaus-entrega-premiacoes-e-anuncia-incremento-no-iptu-premiado-do-proximo-ano\/"},"modified":"2023-10-10T17:01:33","modified_gmt":"2023-10-10T21:01:33","slug":"prefeitura-de-manaus-entrega-premiacoes-e-anuncia-incremento-no-iptu-premiado-do-proximo-ano","status":"publish","type":"post","link":"https:\/\/www.manaus.am.gov.br\/semef\/2023\/10\/10\/prefeitura-de-manaus-entrega-premiacoes-e-anuncia-incremento-no-iptu-premiado-do-proximo-ano\/","title":{"rendered":"Prefeitura de Manaus entrega premia\u00e7\u00f5es e anuncia incremento no \u2018IPTU Premiado\u2019 do pr\u00f3ximo ano"},"content":{"rendered":"\n<p>A premia\u00e7\u00e3o principal da campanha IPTU Premiado para o pr\u00f3ximo ano ser\u00e1 de R$ 500 mil. A informa\u00e7\u00e3o foi passada pelo secret\u00e1rio Municipal de Finan\u00e7as e Tecnologia da Informa\u00e7\u00e3o (Semef), Cl\u00e9cio Freire, durante a solenidade que entregou as premia\u00e7\u00f5es referentes ao primeiro e segundo sorteio da campanha deste ano, ocorrida nesta ter\u00e7a-feira, 10\/10, no audit\u00f3rio da Prefeitura de Manaus, localizado na avenida Brasil, Compensa, zona Oeste.<\/p>\n\n\n\n<p>O secret\u00e1rio da Semef, que representou o prefeito de Manaus, David Almeida, durante o ato, destacou os resultados da campanha IPTU Premiado. Segundo Freire, pela primeira vez, o Imposto Predial do munic\u00edpio est\u00e1 acima da meta estabelecida na Lei Or\u00e7ament\u00e1ria Anual (LOA). At\u00e9 agosto deste ano, o imposto j\u00e1 arrecadou aos cofres municipais o montante de R$ 318,9 milh\u00f5es, quase 7% a mais que o previsto na meta anual.<\/p>\n\n\n\n<p>&#8220;Estamos muito&nbsp;agraciados com os resultados alcan\u00e7ados com a campanha. A arrecada\u00e7\u00e3o do IPTU nunca tinha alcan\u00e7ado a meta e, a isso, agradecemos aos cidad\u00e3os manauaras. Diante disso, vamos incrementar nossas premia\u00e7\u00f5es e, ano que vem, o pr\u00eamio principal do IPTU Premiado ser\u00e1 no valor de meio milh\u00e3o de reais&#8221;, anunciou o secret\u00e1rio durante a entrega das premia\u00e7\u00f5es.<\/p>\n\n\n\n<figure class=\"wp-block-image size-full\"><img loading=\"lazy\" decoding=\"async\" width=\"799\" height=\"533\" src=\"https:\/\/www.manaus.am.gov.br\/semef\/wp-content\/uploads\/sites\/7\/2023\/10\/53247892342_82fd9fe784_c.jpg\" alt=\"\" class=\"wp-image-1925\" srcset=\"https:\/\/www.manaus.am.gov.br\/semef\/wp-content\/uploads\/sites\/7\/2023\/10\/53247892342_82fd9fe784_c.jpg 799w, https:\/\/www.manaus.am.gov.br\/semef\/wp-content\/uploads\/sites\/7\/2023\/10\/53247892342_82fd9fe784_c-300x200.jpg 300w, https:\/\/www.manaus.am.gov.br\/semef\/wp-content\/uploads\/sites\/7\/2023\/10\/53247892342_82fd9fe784_c-768x512.jpg 768w\" sizes=\"(max-width: 799px) 100vw, 799px\" \/><\/figure>\n\n\n\n<p><br>Freire tamb\u00e9m falou sobre a import\u00e2ncia de uma fonte de receita pr\u00f3pria obter resultados positivos diante um ano de dificuldade refletido no cen\u00e1rio econ\u00f4mico nacional.<\/p>\n\n\n\n<p>&#8220;As transfer\u00eancias constitucionais repassadas ao munic\u00edpio est\u00e3o abaixo da previs\u00e3o e as nossas receitas pr\u00f3prias t\u00eam sustentado as a\u00e7\u00f5es da prefeitura em toda a cidade. \u00c9 constata\u00e7\u00e3o do nosso dia a dia vermos nossa cidade asfaltada, bem cuidada e equipada. Um exemplo \u00e9 que nunca mais vimos \u00f4nibus quebrado no meio da rua&#8221;, complementou o secret\u00e1rio de Finan\u00e7as.<\/p>\n\n\n\n<p><br><strong>Pr\u00eamios<\/strong><\/p>\n\n\n\n<p>O subsecret\u00e1rio da Receita da Semef, Arm\u00ednio Pontes, tamb\u00e9m participou da solenidade de premia\u00e7\u00e3o e contou que ap\u00f3s a entrega aos contemplados do primeiro sorteio, a Prefeitura de Manaus continuar\u00e1 premiando, mensalmente, os contribuintes que estiverem com suas parcelas do IPTU em dia. As premia\u00e7\u00f5es variam de R$ 20 mil a R$ 2 mil.<\/p>\n\n\n\n<p><br>Neste primeiro sorteio do ano, concorreram aos pr\u00eamios contribuintes pessoas f\u00edsicas que pagaram a cota \u00fanica do carn\u00ea do IPTU 2023. O ganhador da picape foi o morador do bairro Tarum\u00e3, Jos\u00e9 Ant\u00f4nio Lima. J\u00e1 os quatro autom\u00f3veis sa\u00edram para os contribuintes: Jos\u00e9 Rodrigues, morador da Pra\u00e7a 14 de Janeiro; Laercio de Souza, tamb\u00e9m da Pra\u00e7a 14; Em\u00edlio Augusto de Castro, do Nova Esperan\u00e7a e Maria das Gra\u00e7as Vitoriano, do bairro Col\u00f4nia Santo Ant\u00f4nio.<br><br>Um dos ganhadores, o morador do bairro Pra\u00e7a 14 de Janeiro, Jos\u00e9 Nogueira, parabenizou a campanha da prefeitura e contou que exerce sua cidadania ao pagar seu imposto predial sempre em cota \u00fanica.<\/p>\n\n\n\n<p>&#8220;\u00c9 correto que todos paguem o seu IPTU, isso ajuda a prefeitura e tamb\u00e9m beneficia a todos&#8221;, complementou o felizardo. O morador do bairro Tarum\u00e3, Jos\u00e9 Ant\u00f4nio Lima, foi o grande ganhador da picape zero quil\u00f4metro. &#8220;Para mim \u00e9 um procedimento padr\u00e3o, o imposto precisa ser pago. Paguei em cota \u00fanica valeu a pena. O pr\u00eamio veio em uma boa hora&#8221;, disse o ganhador.<\/p>\n\n\n\n<p>&#8212; &#8212; &#8212;<\/p>\n\n\n\n<p><strong>Texto<\/strong> \u2013 Divulga\u00e7\u00e3o \/ Semef<\/p>\n\n\n\n<p><strong>Fotos<\/strong> \u2013 Jo\u00e3o Viana \/ Semcom<\/p>\n\n\n\n<p>Dispon\u00edveis em \u2013 <a href=\"https:\/\/flic.kr\/s\/aHBqjAXXqK\">https:\/\/flic.kr\/s\/aHBqjAXXqK<\/a><\/p>\n","protected":false},"excerpt":{"rendered":"","protected":false},"author":31,"featured_media":1923,"comment_status":"closed","ping_status":"closed","sticky":false,"template":"","format":"standard","meta":{"footnotes":""},"categories":[65],"tags":[248,79,80],"acf":[],"yoast_head":"<!-- This site is optimized with the Yoast SEO plugin v23.0 - https:\/\/yoast.com\/wordpress\/plugins\/seo\/ -->\n<title>Prefeitura de Manaus entrega premia\u00e7\u00f5es e anuncia incremento no \u2018IPTU Premiado\u2019 do pr\u00f3ximo ano - SEMEF<\/title>\n<meta name=\"robots\" content=\"index, follow, max-snippet:-1, max-image-preview:large, max-video-preview:-1\" \/>\n<link rel=\"canonical\" href=\"https:\/\/www.manaus.am.gov.br\/semef\/2023\/10\/10\/prefeitura-de-manaus-entrega-premiacoes-e-anuncia-incremento-no-iptu-premiado-do-proximo-ano\/\" \/>\n<meta property=\"og:locale\" content=\"pt_BR\" \/>\n<meta property=\"og:type\" content=\"article\" \/>\n<meta property=\"og:title\" content=\"Prefeitura de Manaus entrega premia\u00e7\u00f5es e anuncia incremento no \u2018IPTU Premiado\u2019 do pr\u00f3ximo ano - SEMEF\" \/>\n<meta property=\"og:url\" content=\"https:\/\/www.manaus.am.gov.br\/semef\/2023\/10\/10\/prefeitura-de-manaus-entrega-premiacoes-e-anuncia-incremento-no-iptu-premiado-do-proximo-ano\/\" \/>\n<meta property=\"og:site_name\" content=\"SEMEF\" \/>\n<meta property=\"article:published_time\" content=\"2023-10-10T20:50:59+00:00\" \/>\n<meta property=\"article:modified_time\" content=\"2023-10-10T21:01:33+00:00\" \/>\n<meta property=\"og:image\" content=\"https:\/\/www.manaus.am.gov.br\/semef\/wp-content\/uploads\/sites\/7\/2023\/10\/53249130739_f41d94de9c_c.jpg\" \/>\n\t<meta property=\"og:image:width\" content=\"799\" \/>\n\t<meta property=\"og:image:height\" content=\"533\" \/>\n\t<meta property=\"og:image:type\" content=\"image\/jpeg\" \/>\n<meta name=\"author\" content=\"Renata Felix\" \/>\n<meta name=\"twitter:card\" content=\"summary_large_image\" \/>\n<meta name=\"twitter:label1\" content=\"Written by\" \/>\n\t<meta name=\"twitter:data1\" content=\"Renata Felix\" \/>\n\t<meta name=\"twitter:label2\" content=\"Est. reading time\" \/>\n\t<meta name=\"twitter:data2\" content=\"4 minutos\" \/>\n<script type=\"application\/ld+json\" class=\"yoast-schema-graph\">{\"@context\":\"https:\/\/schema.org\",\"@graph\":[{\"@type\":\"WebPage\",\"@id\":\"https:\/\/www.manaus.am.gov.br\/semef\/2023\/10\/10\/prefeitura-de-manaus-entrega-premiacoes-e-anuncia-incremento-no-iptu-premiado-do-proximo-ano\/\",\"url\":\"https:\/\/www.manaus.am.gov.br\/semef\/2023\/10\/10\/prefeitura-de-manaus-entrega-premiacoes-e-anuncia-incremento-no-iptu-premiado-do-proximo-ano\/\",\"name\":\"Prefeitura de Manaus entrega premia\u00e7\u00f5es e anuncia incremento no \u2018IPTU Premiado\u2019 do pr\u00f3ximo ano - SEMEF\",\"isPartOf\":{\"@id\":\"https:\/\/www.manaus.am.gov.br\/semef\/#website\"},\"primaryImageOfPage\":{\"@id\":\"https:\/\/www.manaus.am.gov.br\/semef\/2023\/10\/10\/prefeitura-de-manaus-entrega-premiacoes-e-anuncia-incremento-no-iptu-premiado-do-proximo-ano\/#primaryimage\"},\"image\":{\"@id\":\"https:\/\/www.manaus.am.gov.br\/semef\/2023\/10\/10\/prefeitura-de-manaus-entrega-premiacoes-e-anuncia-incremento-no-iptu-premiado-do-proximo-ano\/#primaryimage\"},\"thumbnailUrl\":\"https:\/\/www.manaus.am.gov.br\/semef\/wp-content\/uploads\/sites\/7\/2023\/10\/53249130739_f41d94de9c_c.jpg\",\"datePublished\":\"2023-10-10T20:50:59+00:00\",\"dateModified\":\"2023-10-10T21:01:33+00:00\",\"author\":{\"@id\":\"https:\/\/www.manaus.am.gov.br\/semef\/#\/schema\/person\/4eea2a8f78dc853097abb026f728aa06\"},\"inLanguage\":\"pt-BR\",\"potentialAction\":[{\"@type\":\"ReadAction\",\"target\":[\"https:\/\/www.manaus.am.gov.br\/semef\/2023\/10\/10\/prefeitura-de-manaus-entrega-premiacoes-e-anuncia-incremento-no-iptu-premiado-do-proximo-ano\/\"]}]},{\"@type\":\"ImageObject\",\"inLanguage\":\"pt-BR\",\"@id\":\"https:\/\/www.manaus.am.gov.br\/semef\/2023\/10\/10\/prefeitura-de-manaus-entrega-premiacoes-e-anuncia-incremento-no-iptu-premiado-do-proximo-ano\/#primaryimage\",\"url\":\"https:\/\/www.manaus.am.gov.br\/semef\/wp-content\/uploads\/sites\/7\/2023\/10\/53249130739_f41d94de9c_c.jpg\",\"contentUrl\":\"https:\/\/www.manaus.am.gov.br\/semef\/wp-content\/uploads\/sites\/7\/2023\/10\/53249130739_f41d94de9c_c.jpg\",\"width\":799,\"height\":533},{\"@type\":\"WebSite\",\"@id\":\"https:\/\/www.manaus.am.gov.br\/semef\/#website\",\"url\":\"https:\/\/www.manaus.am.gov.br\/semef\/\",\"name\":\"SEMEF\",\"description\":\"Secretaria Municipal de Finan\u00e7as e Tecnologia da Informa\u00e7\u00e3o\",\"potentialAction\":[{\"@type\":\"SearchAction\",\"target\":{\"@type\":\"EntryPoint\",\"urlTemplate\":\"https:\/\/www.manaus.am.gov.br\/semef\/?s={search_term_string}\"},\"query-input\":\"required name=search_term_string\"}],\"inLanguage\":\"pt-BR\"},{\"@type\":\"Person\",\"@id\":\"https:\/\/www.manaus.am.gov.br\/semef\/#\/schema\/person\/4eea2a8f78dc853097abb026f728aa06\",\"name\":\"Renata Felix\",\"image\":{\"@type\":\"ImageObject\",\"inLanguage\":\"pt-BR\",\"@id\":\"https:\/\/www.manaus.am.gov.br\/semef\/#\/schema\/person\/image\/\",\"url\":\"https:\/\/secure.gravatar.com\/avatar\/3c196cf9d3b837b24c8edb2c50fd8f29?s=96&d=mm&r=g\",\"contentUrl\":\"https:\/\/secure.gravatar.com\/avatar\/3c196cf9d3b837b24c8edb2c50fd8f29?s=96&d=mm&r=g\",\"caption\":\"Renata Felix\"}}]}<\/script>\n<!-- \/ Yoast SEO plugin. -->","yoast_head_json":{"title":"Prefeitura de Manaus entrega premia\u00e7\u00f5es e anuncia incremento no \u2018IPTU Premiado\u2019 do pr\u00f3ximo ano - SEMEF","robots":{"index":"index","follow":"follow","max-snippet":"max-snippet:-1","max-image-preview":"max-image-preview:large","max-video-preview":"max-video-preview:-1"},"canonical":"https:\/\/www.manaus.am.gov.br\/semef\/2023\/10\/10\/prefeitura-de-manaus-entrega-premiacoes-e-anuncia-incremento-no-iptu-premiado-do-proximo-ano\/","og_locale":"pt_BR","og_type":"article","og_title":"Prefeitura de Manaus entrega premia\u00e7\u00f5es e anuncia incremento no \u2018IPTU Premiado\u2019 do pr\u00f3ximo ano - SEMEF","og_url":"https:\/\/www.manaus.am.gov.br\/semef\/2023\/10\/10\/prefeitura-de-manaus-entrega-premiacoes-e-anuncia-incremento-no-iptu-premiado-do-proximo-ano\/","og_site_name":"SEMEF","article_published_time":"2023-10-10T20:50:59+00:00","article_modified_time":"2023-10-10T21:01:33+00:00","og_image":[{"width":799,"height":533,"url":"https:\/\/www.manaus.am.gov.br\/semef\/wp-content\/uploads\/sites\/7\/2023\/10\/53249130739_f41d94de9c_c.jpg","type":"image\/jpeg"}],"author":"Renata Felix","twitter_card":"summary_large_image","twitter_misc":{"Written by":"Renata Felix","Est. reading time":"4 minutos"},"schema":{"@context":"https:\/\/schema.org","@graph":[{"@type":"WebPage","@id":"https:\/\/www.manaus.am.gov.br\/semef\/2023\/10\/10\/prefeitura-de-manaus-entrega-premiacoes-e-anuncia-incremento-no-iptu-premiado-do-proximo-ano\/","url":"https:\/\/www.manaus.am.gov.br\/semef\/2023\/10\/10\/prefeitura-de-manaus-entrega-premiacoes-e-anuncia-incremento-no-iptu-premiado-do-proximo-ano\/","name":"Prefeitura de Manaus entrega premia\u00e7\u00f5es e anuncia incremento no \u2018IPTU Premiado\u2019 do pr\u00f3ximo ano - SEMEF","isPartOf":{"@id":"https:\/\/www.manaus.am.gov.br\/semef\/#website"},"primaryImageOfPage":{"@id":"https:\/\/www.manaus.am.gov.br\/semef\/2023\/10\/10\/prefeitura-de-manaus-entrega-premiacoes-e-anuncia-incremento-no-iptu-premiado-do-proximo-ano\/#primaryimage"},"image":{"@id":"https:\/\/www.manaus.am.gov.br\/semef\/2023\/10\/10\/prefeitura-de-manaus-entrega-premiacoes-e-anuncia-incremento-no-iptu-premiado-do-proximo-ano\/#primaryimage"},"thumbnailUrl":"https:\/\/www.manaus.am.gov.br\/semef\/wp-content\/uploads\/sites\/7\/2023\/10\/53249130739_f41d94de9c_c.jpg","datePublished":"2023-10-10T20:50:59+00:00","dateModified":"2023-10-10T21:01:33+00:00","author":{"@id":"https:\/\/www.manaus.am.gov.br\/semef\/#\/schema\/person\/4eea2a8f78dc853097abb026f728aa06"},"inLanguage":"pt-BR","potentialAction":[{"@type":"ReadAction","target":["https:\/\/www.manaus.am.gov.br\/semef\/2023\/10\/10\/prefeitura-de-manaus-entrega-premiacoes-e-anuncia-incremento-no-iptu-premiado-do-proximo-ano\/"]}]},{"@type":"ImageObject","inLanguage":"pt-BR","@id":"https:\/\/www.manaus.am.gov.br\/semef\/2023\/10\/10\/prefeitura-de-manaus-entrega-premiacoes-e-anuncia-incremento-no-iptu-premiado-do-proximo-ano\/#primaryimage","url":"https:\/\/www.manaus.am.gov.br\/semef\/wp-content\/uploads\/sites\/7\/2023\/10\/53249130739_f41d94de9c_c.jpg","contentUrl":"https:\/\/www.manaus.am.gov.br\/semef\/wp-content\/uploads\/sites\/7\/2023\/10\/53249130739_f41d94de9c_c.jpg","width":799,"height":533},{"@type":"WebSite","@id":"https:\/\/www.manaus.am.gov.br\/semef\/#website","url":"https:\/\/www.manaus.am.gov.br\/semef\/","name":"SEMEF","description":"Secretaria Municipal de Finan\u00e7as e Tecnologia da Informa\u00e7\u00e3o","potentialAction":[{"@type":"SearchAction","target":{"@type":"EntryPoint","urlTemplate":"https:\/\/www.manaus.am.gov.br\/semef\/?s={search_term_string}"},"query-input":"required name=search_term_string"}],"inLanguage":"pt-BR"},{"@type":"Person","@id":"https:\/\/www.manaus.am.gov.br\/semef\/#\/schema\/person\/4eea2a8f78dc853097abb026f728aa06","name":"Renata Felix","image":{"@type":"ImageObject","inLanguage":"pt-BR","@id":"https:\/\/www.manaus.am.gov.br\/semef\/#\/schema\/person\/image\/","url":"https:\/\/secure.gravatar.com\/avatar\/3c196cf9d3b837b24c8edb2c50fd8f29?s=96&d=mm&r=g","contentUrl":"https:\/\/secure.gravatar.com\/avatar\/3c196cf9d3b837b24c8edb2c50fd8f29?s=96&d=mm&r=g","caption":"Renata Felix"}}]}},"_links":{"self":[{"href":"https:\/\/www.manaus.am.gov.br\/semef\/wp-json\/wp\/v2\/posts\/1922"}],"collection":[{"href":"https:\/\/www.manaus.am.gov.br\/semef\/wp-json\/wp\/v2\/posts"}],"about":[{"href":"https:\/\/www.manaus.am.gov.br\/semef\/wp-json\/wp\/v2\/types\/post"}],"author":[{"embeddable":true,"href":"https:\/\/www.manaus.am.gov.br\/semef\/wp-json\/wp\/v2\/users\/31"}],"replies":[{"embeddable":true,"href":"https:\/\/www.manaus.am.gov.br\/semef\/wp-json\/wp\/v2\/comments?post=1922"}],"version-history":[{"count":2,"href":"https:\/\/www.manaus.am.gov.br\/semef\/wp-json\/wp\/v2\/posts\/1922\/revisions"}],"predecessor-version":[{"id":1926,"href":"https:\/\/www.manaus.am.gov.br\/semef\/wp-json\/wp\/v2\/posts\/1922\/revisions\/1926"}],"wp:featuredmedia":[{"embeddable":true,"href":"https:\/\/www.manaus.am.gov.br\/semef\/wp-json\/wp\/v2\/media\/1923"}],"wp:attachment":[{"href":"https:\/\/www.manaus.am.gov.br\/semef\/wp-json\/wp\/v2\/media?parent=1922"}],"wp:term":[{"taxonomy":"category","embeddable":true,"href":"https:\/\/www.manaus.am.gov.br\/semef\/wp-json\/wp\/v2\/categories?post=1922"},{"taxonomy":"post_tag","embeddable":true,"href":"https:\/\/www.manaus.am.gov.br\/semef\/wp-json\/wp\/v2\/tags?post=1922"}],"curies":[{"name":"wp","href":"https:\/\/api.w.org\/{rel}","templated":true}]}}