{"id":1796,"date":"2023-08-09T10:52:14","date_gmt":"2023-08-09T14:52:14","guid":{"rendered":"https:\/\/www.manaus.am.gov.br\/semef\/2023\/08\/09\/contabilidade-da-prefeitura-de-manaus-e-destaque-em-publicacao-nacional\/"},"modified":"2023-08-09T10:52:17","modified_gmt":"2023-08-09T14:52:17","slug":"contabilidade-da-prefeitura-de-manaus-e-destaque-em-publicacao-nacional","status":"publish","type":"post","link":"https:\/\/www.manaus.am.gov.br\/semef\/2023\/08\/09\/contabilidade-da-prefeitura-de-manaus-e-destaque-em-publicacao-nacional\/","title":{"rendered":"<strong>Contabilidade da Prefeitura de Manaus \u00e9 destaque em publica\u00e7\u00e3o nacional<\/strong>"},"content":{"rendered":"\n<p>O m\u00e9todo de balan\u00e7o patrimonial da Prefeitura de Manaus foi apontado como um dos destaques em boa pr\u00e1tica de gest\u00e3o municipal na publica\u00e7\u00e3o \u201cDemonstra\u00e7\u00f5es Cont\u00e1beis Municipais \u2013 Teoria e Pr\u00e1tica\u201d, editada pela Confedera\u00e7\u00e3o Nacional de Munic\u00edpios (CNM), em parceria com o Conselho Nacional de Contabilidade Municipal (CNCM).<\/p>\n\n\n\n<p>De acordo com a diretora do Departamento Cont\u00e1bil da Secretaria Municipal de Finan\u00e7as e Tecnologia da Informa\u00e7\u00e3o (Semef), Suani dos Santos Braga, representante de Manaus como um dos membros do Conselho Nacional, esta \u00e9 a primeira edi\u00e7\u00e3o do livro, mas a cada semestre uma nova edi\u00e7\u00e3o ser\u00e1 lan\u00e7ada.<\/p>\n\n\n\n<p>Al\u00e9m de Manaus, Rio de Janeiro, S\u00e3o Paulo, Porto Alegre, Fortaleza e Bel\u00e9m, tamb\u00e9m foram citadas entre as capitais que utilizam a nova estrutura definida pelo Manual de Contabilidade Aplicada ao Setor P\u00fablico (MCASP) em seus balan\u00e7os p\u00fablicos, nesse caso, especificamente, balan\u00e7o patrimonial.<\/p>\n\n\n\n<p>Na contabilidade, o balan\u00e7o patrimonial \u00e9 uma demonstra\u00e7\u00e3o que representa a posi\u00e7\u00e3o est\u00e1tica da posi\u00e7\u00e3o cont\u00e1bil, financeira e econ\u00f4mica de uma entidade em determinada data (geralmente do dia 31 de dezembro). Nesse balan\u00e7o s\u00e3o elencadas as origens e aplica\u00e7\u00f5es de recursos, retratando a situa\u00e7\u00e3o l\u00edquida patrimonial de uma entidade.<\/p>\n\n\n\n<p>\u201cA gest\u00e3o do prefeito David Almeida pretende continuar contribuindo com as pr\u00f3ximas edi\u00e7\u00f5es da publica\u00e7\u00e3o do Conselho de Contabilidade Nacional de Contabilidade Municipal apresentando os nossos m\u00e9todos. Por exemplo, temos experi\u00eancia em Parceria P\u00fablico-Privada (PPP), que ainda \u00e9 pouco utilizada nas capitais brasileiras\u201d, destacou a diretora cont\u00e1bil da Semef.<\/p>\n\n\n\n<p>A publica\u00e7\u00e3o deste semestre est\u00e1 dispon\u00edvel no site da CMN, no link:&nbsp;<a href=\"https:\/\/www.cnm.org.br\/storage\/noticias\/2023\/Links\/02082023_Livro_Demonstra%C3%A7%C3%B5es_Cont%C3%A1beis%20CNCM%20v1.pdf\" target=\"_blank\" rel=\"noreferrer noopener\">https:\/\/www.cnm.org.br\/storage\/noticias\/2023\/Links\/02082023_Livro_Demonstra%C3%A7%C3%B5es_Cont%C3%A1beis%20CNCM%20v1.pdf<\/a>.<\/p>\n\n\n\n<p><strong>Conselho<\/strong><\/p>\n\n\n\n<p>O CNCM foi criado em mar\u00e7o do ano passado, com o objetivo de protagonizar o fortalecimento dos munic\u00edpios na tem\u00e1tica cont\u00e1bil e assegurar a representa\u00e7\u00e3o federativa, al\u00e9m de compartilhar as boas pr\u00e1ticas cont\u00e1beis das prefeituras brasileiras. \u00c9 formado por 52 profissionais de contabilidade, 26 representando munic\u00edpios de grande porte (capitais) e 26 representando munic\u00edpios de at\u00e9 50 mil habitantes.&nbsp;<\/p>\n\n\n\n<p>&#8212; &#8212; &#8212;<\/p>\n\n\n\n<p><strong>Texto \u2013&nbsp;<\/strong>Anderson Farias \/ Semef<\/p>\n\n\n\n<p><strong>Foto \u2013&nbsp;<\/strong>Divulga\u00e7\u00e3o \/ Semef<\/p>\n","protected":false},"excerpt":{"rendered":"","protected":false},"author":24,"featured_media":1797,"comment_status":"closed","ping_status":"closed","sticky":false,"template":"","format":"standard","meta":{"footnotes":""},"categories":[124],"tags":[177,178,179,180,181,182,183,12,184,14,185],"acf":[],"yoast_head":"<!-- This site is optimized with the Yoast SEO plugin v23.0 - https:\/\/yoast.com\/wordpress\/plugins\/seo\/ -->\n<title>Contabilidade da Prefeitura de Manaus \u00e9 destaque em publica\u00e7\u00e3o nacional - SEMEF<\/title>\n<meta name=\"description\" content=\"O m\u00e9todo de balan\u00e7o patrimonial da Prefeitura de Manaus foi apontado como um dos destaques em boa pr\u00e1tica de gest\u00e3o municipal na publica\u00e7\u00e3o \u201cDemonstra\u00e7\u00f5es Cont\u00e1beis Municipais \u2013 Teoria e Pr\u00e1tica\u201d, editada pela Confedera\u00e7\u00e3o Nacional de Munic\u00edpios (CNM), em parceria com o Conselho Nacional de Contabilidade Municipal (CNCM).\" \/>\n<meta name=\"robots\" content=\"index, follow, max-snippet:-1, max-image-preview:large, max-video-preview:-1\" \/>\n<link rel=\"canonical\" href=\"https:\/\/www.manaus.am.gov.br\/semef\/2023\/08\/09\/contabilidade-da-prefeitura-de-manaus-e-destaque-em-publicacao-nacional\/\" \/>\n<meta property=\"og:locale\" content=\"pt_BR\" \/>\n<meta property=\"og:type\" content=\"article\" \/>\n<meta property=\"og:title\" content=\"Contabilidade da Prefeitura de Manaus \u00e9 destaque em publica\u00e7\u00e3o nacional - SEMEF\" \/>\n<meta property=\"og:description\" content=\"O m\u00e9todo de balan\u00e7o patrimonial da Prefeitura de Manaus foi apontado como um dos destaques em boa pr\u00e1tica de gest\u00e3o municipal na publica\u00e7\u00e3o \u201cDemonstra\u00e7\u00f5es Cont\u00e1beis Municipais \u2013 Teoria e Pr\u00e1tica\u201d, editada pela Confedera\u00e7\u00e3o Nacional de Munic\u00edpios (CNM), em parceria com o Conselho Nacional de Contabilidade Municipal (CNCM).\" \/>\n<meta property=\"og:url\" content=\"https:\/\/www.manaus.am.gov.br\/semef\/2023\/08\/09\/contabilidade-da-prefeitura-de-manaus-e-destaque-em-publicacao-nacional\/\" \/>\n<meta property=\"og:site_name\" content=\"SEMEF\" \/>\n<meta property=\"article:published_time\" content=\"2023-08-09T14:52:14+00:00\" \/>\n<meta property=\"article:modified_time\" content=\"2023-08-09T14:52:17+00:00\" \/>\n<meta property=\"og:image\" content=\"https:\/\/www.manaus.am.gov.br\/semef\/wp-content\/uploads\/sites\/7\/2023\/08\/Contabilidade-da-Prefeitura-de-Manaus-e-destaque-em-publicacao-nacional.jpeg\" \/>\n\t<meta property=\"og:image:width\" content=\"1198\" \/>\n\t<meta property=\"og:image:height\" content=\"870\" \/>\n\t<meta property=\"og:image:type\" content=\"image\/jpeg\" \/>\n<meta name=\"author\" content=\"Cl\u00e1udia Barbosa\" \/>\n<meta name=\"twitter:card\" content=\"summary_large_image\" \/>\n<meta name=\"twitter:label1\" content=\"Written by\" \/>\n\t<meta name=\"twitter:data1\" content=\"Cl\u00e1udia Barbosa\" \/>\n\t<meta name=\"twitter:label2\" content=\"Est. reading time\" \/>\n\t<meta name=\"twitter:data2\" content=\"2 minutos\" \/>\n<script type=\"application\/ld+json\" class=\"yoast-schema-graph\">{\"@context\":\"https:\/\/schema.org\",\"@graph\":[{\"@type\":\"WebPage\",\"@id\":\"https:\/\/www.manaus.am.gov.br\/semef\/2023\/08\/09\/contabilidade-da-prefeitura-de-manaus-e-destaque-em-publicacao-nacional\/\",\"url\":\"https:\/\/www.manaus.am.gov.br\/semef\/2023\/08\/09\/contabilidade-da-prefeitura-de-manaus-e-destaque-em-publicacao-nacional\/\",\"name\":\"Contabilidade da Prefeitura de Manaus \u00e9 destaque em publica\u00e7\u00e3o nacional - SEMEF\",\"isPartOf\":{\"@id\":\"https:\/\/www.manaus.am.gov.br\/semef\/#website\"},\"primaryImageOfPage\":{\"@id\":\"https:\/\/www.manaus.am.gov.br\/semef\/2023\/08\/09\/contabilidade-da-prefeitura-de-manaus-e-destaque-em-publicacao-nacional\/#primaryimage\"},\"image\":{\"@id\":\"https:\/\/www.manaus.am.gov.br\/semef\/2023\/08\/09\/contabilidade-da-prefeitura-de-manaus-e-destaque-em-publicacao-nacional\/#primaryimage\"},\"thumbnailUrl\":\"https:\/\/www.manaus.am.gov.br\/semef\/wp-content\/uploads\/sites\/7\/2023\/08\/Contabilidade-da-Prefeitura-de-Manaus-e-destaque-em-publicacao-nacional.jpeg\",\"datePublished\":\"2023-08-09T14:52:14+00:00\",\"dateModified\":\"2023-08-09T14:52:17+00:00\",\"author\":{\"@id\":\"https:\/\/www.manaus.am.gov.br\/semef\/#\/schema\/person\/d0a166b5031154c33c77794ddc9a827e\"},\"description\":\"O m\u00e9todo de balan\u00e7o patrimonial da Prefeitura de Manaus foi apontado como um dos destaques em boa pr\u00e1tica de gest\u00e3o municipal na publica\u00e7\u00e3o \u201cDemonstra\u00e7\u00f5es Cont\u00e1beis Municipais \u2013 Teoria e Pr\u00e1tica\u201d, editada pela Confedera\u00e7\u00e3o Nacional de Munic\u00edpios (CNM), em parceria com o Conselho Nacional de Contabilidade Municipal (CNCM).\",\"inLanguage\":\"pt-BR\",\"potentialAction\":[{\"@type\":\"ReadAction\",\"target\":[\"https:\/\/www.manaus.am.gov.br\/semef\/2023\/08\/09\/contabilidade-da-prefeitura-de-manaus-e-destaque-em-publicacao-nacional\/\"]}]},{\"@type\":\"ImageObject\",\"inLanguage\":\"pt-BR\",\"@id\":\"https:\/\/www.manaus.am.gov.br\/semef\/2023\/08\/09\/contabilidade-da-prefeitura-de-manaus-e-destaque-em-publicacao-nacional\/#primaryimage\",\"url\":\"https:\/\/www.manaus.am.gov.br\/semef\/wp-content\/uploads\/sites\/7\/2023\/08\/Contabilidade-da-Prefeitura-de-Manaus-e-destaque-em-publicacao-nacional.jpeg\",\"contentUrl\":\"https:\/\/www.manaus.am.gov.br\/semef\/wp-content\/uploads\/sites\/7\/2023\/08\/Contabilidade-da-Prefeitura-de-Manaus-e-destaque-em-publicacao-nacional.jpeg\",\"width\":1198,\"height\":870},{\"@type\":\"WebSite\",\"@id\":\"https:\/\/www.manaus.am.gov.br\/semef\/#website\",\"url\":\"https:\/\/www.manaus.am.gov.br\/semef\/\",\"name\":\"SEMEF\",\"description\":\"Secretaria Municipal de Finan\u00e7as e Tecnologia da Informa\u00e7\u00e3o\",\"potentialAction\":[{\"@type\":\"SearchAction\",\"target\":{\"@type\":\"EntryPoint\",\"urlTemplate\":\"https:\/\/www.manaus.am.gov.br\/semef\/?s={search_term_string}\"},\"query-input\":\"required name=search_term_string\"}],\"inLanguage\":\"pt-BR\"},{\"@type\":\"Person\",\"@id\":\"https:\/\/www.manaus.am.gov.br\/semef\/#\/schema\/person\/d0a166b5031154c33c77794ddc9a827e\",\"name\":\"Cl\u00e1udia Barbosa\",\"image\":{\"@type\":\"ImageObject\",\"inLanguage\":\"pt-BR\",\"@id\":\"https:\/\/www.manaus.am.gov.br\/semef\/#\/schema\/person\/image\/\",\"url\":\"https:\/\/secure.gravatar.com\/avatar\/42958a1cf007f1a00534009218c72590?s=96&d=mm&r=g\",\"contentUrl\":\"https:\/\/secure.gravatar.com\/avatar\/42958a1cf007f1a00534009218c72590?s=96&d=mm&r=g\",\"caption\":\"Cl\u00e1udia Barbosa\"}}]}<\/script>\n<!-- \/ Yoast SEO plugin. -->","yoast_head_json":{"title":"Contabilidade da Prefeitura de Manaus \u00e9 destaque em publica\u00e7\u00e3o nacional - SEMEF","description":"O m\u00e9todo de balan\u00e7o patrimonial da Prefeitura de Manaus foi apontado como um dos destaques em boa pr\u00e1tica de gest\u00e3o municipal na publica\u00e7\u00e3o \u201cDemonstra\u00e7\u00f5es Cont\u00e1beis Municipais \u2013 Teoria e Pr\u00e1tica\u201d, editada pela Confedera\u00e7\u00e3o Nacional de Munic\u00edpios (CNM), em parceria com o Conselho Nacional de Contabilidade Municipal (CNCM).","robots":{"index":"index","follow":"follow","max-snippet":"max-snippet:-1","max-image-preview":"max-image-preview:large","max-video-preview":"max-video-preview:-1"},"canonical":"https:\/\/www.manaus.am.gov.br\/semef\/2023\/08\/09\/contabilidade-da-prefeitura-de-manaus-e-destaque-em-publicacao-nacional\/","og_locale":"pt_BR","og_type":"article","og_title":"Contabilidade da Prefeitura de Manaus \u00e9 destaque em publica\u00e7\u00e3o nacional - SEMEF","og_description":"O m\u00e9todo de balan\u00e7o patrimonial da Prefeitura de Manaus foi apontado como um dos destaques em boa pr\u00e1tica de gest\u00e3o municipal na publica\u00e7\u00e3o \u201cDemonstra\u00e7\u00f5es Cont\u00e1beis Municipais \u2013 Teoria e Pr\u00e1tica\u201d, editada pela Confedera\u00e7\u00e3o Nacional de Munic\u00edpios (CNM), em parceria com o Conselho Nacional de Contabilidade Municipal (CNCM).","og_url":"https:\/\/www.manaus.am.gov.br\/semef\/2023\/08\/09\/contabilidade-da-prefeitura-de-manaus-e-destaque-em-publicacao-nacional\/","og_site_name":"SEMEF","article_published_time":"2023-08-09T14:52:14+00:00","article_modified_time":"2023-08-09T14:52:17+00:00","og_image":[{"width":1198,"height":870,"url":"https:\/\/www.manaus.am.gov.br\/semef\/wp-content\/uploads\/sites\/7\/2023\/08\/Contabilidade-da-Prefeitura-de-Manaus-e-destaque-em-publicacao-nacional.jpeg","type":"image\/jpeg"}],"author":"Cl\u00e1udia Barbosa","twitter_card":"summary_large_image","twitter_misc":{"Written by":"Cl\u00e1udia Barbosa","Est. reading time":"2 minutos"},"schema":{"@context":"https:\/\/schema.org","@graph":[{"@type":"WebPage","@id":"https:\/\/www.manaus.am.gov.br\/semef\/2023\/08\/09\/contabilidade-da-prefeitura-de-manaus-e-destaque-em-publicacao-nacional\/","url":"https:\/\/www.manaus.am.gov.br\/semef\/2023\/08\/09\/contabilidade-da-prefeitura-de-manaus-e-destaque-em-publicacao-nacional\/","name":"Contabilidade da Prefeitura de Manaus \u00e9 destaque em publica\u00e7\u00e3o nacional - SEMEF","isPartOf":{"@id":"https:\/\/www.manaus.am.gov.br\/semef\/#website"},"primaryImageOfPage":{"@id":"https:\/\/www.manaus.am.gov.br\/semef\/2023\/08\/09\/contabilidade-da-prefeitura-de-manaus-e-destaque-em-publicacao-nacional\/#primaryimage"},"image":{"@id":"https:\/\/www.manaus.am.gov.br\/semef\/2023\/08\/09\/contabilidade-da-prefeitura-de-manaus-e-destaque-em-publicacao-nacional\/#primaryimage"},"thumbnailUrl":"https:\/\/www.manaus.am.gov.br\/semef\/wp-content\/uploads\/sites\/7\/2023\/08\/Contabilidade-da-Prefeitura-de-Manaus-e-destaque-em-publicacao-nacional.jpeg","datePublished":"2023-08-09T14:52:14+00:00","dateModified":"2023-08-09T14:52:17+00:00","author":{"@id":"https:\/\/www.manaus.am.gov.br\/semef\/#\/schema\/person\/d0a166b5031154c33c77794ddc9a827e"},"description":"O m\u00e9todo de balan\u00e7o patrimonial da Prefeitura de Manaus foi apontado como um dos destaques em boa pr\u00e1tica de gest\u00e3o municipal na publica\u00e7\u00e3o \u201cDemonstra\u00e7\u00f5es Cont\u00e1beis Municipais \u2013 Teoria e Pr\u00e1tica\u201d, editada pela Confedera\u00e7\u00e3o Nacional de Munic\u00edpios (CNM), em parceria com o Conselho Nacional de Contabilidade Municipal (CNCM).","inLanguage":"pt-BR","potentialAction":[{"@type":"ReadAction","target":["https:\/\/www.manaus.am.gov.br\/semef\/2023\/08\/09\/contabilidade-da-prefeitura-de-manaus-e-destaque-em-publicacao-nacional\/"]}]},{"@type":"ImageObject","inLanguage":"pt-BR","@id":"https:\/\/www.manaus.am.gov.br\/semef\/2023\/08\/09\/contabilidade-da-prefeitura-de-manaus-e-destaque-em-publicacao-nacional\/#primaryimage","url":"https:\/\/www.manaus.am.gov.br\/semef\/wp-content\/uploads\/sites\/7\/2023\/08\/Contabilidade-da-Prefeitura-de-Manaus-e-destaque-em-publicacao-nacional.jpeg","contentUrl":"https:\/\/www.manaus.am.gov.br\/semef\/wp-content\/uploads\/sites\/7\/2023\/08\/Contabilidade-da-Prefeitura-de-Manaus-e-destaque-em-publicacao-nacional.jpeg","width":1198,"height":870},{"@type":"WebSite","@id":"https:\/\/www.manaus.am.gov.br\/semef\/#website","url":"https:\/\/www.manaus.am.gov.br\/semef\/","name":"SEMEF","description":"Secretaria Municipal de Finan\u00e7as e Tecnologia da Informa\u00e7\u00e3o","potentialAction":[{"@type":"SearchAction","target":{"@type":"EntryPoint","urlTemplate":"https:\/\/www.manaus.am.gov.br\/semef\/?s={search_term_string}"},"query-input":"required name=search_term_string"}],"inLanguage":"pt-BR"},{"@type":"Person","@id":"https:\/\/www.manaus.am.gov.br\/semef\/#\/schema\/person\/d0a166b5031154c33c77794ddc9a827e","name":"Cl\u00e1udia Barbosa","image":{"@type":"ImageObject","inLanguage":"pt-BR","@id":"https:\/\/www.manaus.am.gov.br\/semef\/#\/schema\/person\/image\/","url":"https:\/\/secure.gravatar.com\/avatar\/42958a1cf007f1a00534009218c72590?s=96&d=mm&r=g","contentUrl":"https:\/\/secure.gravatar.com\/avatar\/42958a1cf007f1a00534009218c72590?s=96&d=mm&r=g","caption":"Cl\u00e1udia Barbosa"}}]}},"_links":{"self":[{"href":"https:\/\/www.manaus.am.gov.br\/semef\/wp-json\/wp\/v2\/posts\/1796"}],"collection":[{"href":"https:\/\/www.manaus.am.gov.br\/semef\/wp-json\/wp\/v2\/posts"}],"about":[{"href":"https:\/\/www.manaus.am.gov.br\/semef\/wp-json\/wp\/v2\/types\/post"}],"author":[{"embeddable":true,"href":"https:\/\/www.manaus.am.gov.br\/semef\/wp-json\/wp\/v2\/users\/24"}],"replies":[{"embeddable":true,"href":"https:\/\/www.manaus.am.gov.br\/semef\/wp-json\/wp\/v2\/comments?post=1796"}],"version-history":[{"count":0,"href":"https:\/\/www.manaus.am.gov.br\/semef\/wp-json\/wp\/v2\/posts\/1796\/revisions"}],"wp:featuredmedia":[{"embeddable":true,"href":"https:\/\/www.manaus.am.gov.br\/semef\/wp-json\/wp\/v2\/media\/1797"}],"wp:attachment":[{"href":"https:\/\/www.manaus.am.gov.br\/semef\/wp-json\/wp\/v2\/media?parent=1796"}],"wp:term":[{"taxonomy":"category","embeddable":true,"href":"https:\/\/www.manaus.am.gov.br\/semef\/wp-json\/wp\/v2\/categories?post=1796"},{"taxonomy":"post_tag","embeddable":true,"href":"https:\/\/www.manaus.am.gov.br\/semef\/wp-json\/wp\/v2\/tags?post=1796"}],"curies":[{"name":"wp","href":"https:\/\/api.w.org\/{rel}","templated":true}]}}