{"id":1706,"date":"2023-07-13T16:39:33","date_gmt":"2023-07-13T20:39:33","guid":{"rendered":"https:\/\/www.manaus.am.gov.br\/semef\/2023\/07\/13\/prefeitura-de-manaus-premia-felizardos-do-mes-de-maio-da-campanha-nota-premiada\/"},"modified":"2023-07-13T16:39:34","modified_gmt":"2023-07-13T20:39:34","slug":"prefeitura-de-manaus-premia-felizardos-do-mes-de-maio-da-campanha-nota-premiada","status":"publish","type":"post","link":"https:\/\/www.manaus.am.gov.br\/semef\/2023\/07\/13\/prefeitura-de-manaus-premia-felizardos-do-mes-de-maio-da-campanha-nota-premiada\/","title":{"rendered":"<strong>Prefeitura de Manaus premia felizardos do m\u00eas de maio da campanha Nota Premiada<\/strong>"},"content":{"rendered":"\n<p>A Prefeitura de Manaus premiou nesta quinta-feira, 13\/7, mais 27 sortudos cadastrados na campanha Nota Premiada Manaus e que t\u00eam o h\u00e1bito de pedir o CPF na Nota Fiscal de Servi\u00e7o Eletr\u00f4nica (NFS-e). A entrega dos cheques simb\u00f3licos do sorteio n\u00ba 2023-05 ocorreu no audit\u00f3rio da Subsecretaria da Receita da Secretaria Municipal de Finan\u00e7as e Tecnologia da Informa\u00e7\u00e3o (Semef), localizada na avenida Japur\u00e1, n\u00ba 493, Centro, zona Sul.<\/p>\n\n\n\n<p>\u201cEstamos aqui para, mais uma vez, premiar os contemplados e lembrar que o objetivo dessa a\u00e7\u00e3o da Prefeitura de Manaus \u00e9 combater a sonega\u00e7\u00e3o fiscal na nossa cidade. O cidad\u00e3o precisa exigir sua Nota Fiscal de Servi\u00e7o (NFS) e a empresa ou prestadores de servi\u00e7o que n\u00e3o emitem a nota est\u00e3o sonegando impostos, o que \u00e9 crime fiscal\u201d, enfatizou o subsecret\u00e1rio da Semef, Arm\u00ednio Pontes, ao convidar todos os manauaras a se inscreverem no site:&nbsp;<a href=\"http:\/\/notapremiada.manaus.am.gov.br\/\" target=\"_blank\" rel=\"noreferrer noopener\">notapremiada.manaus.am.gov.br<\/a>.<\/p>\n\n\n\n<p>Um total de R$ 100 mil em premia\u00e7\u00f5es foi pago aos participantes presentes. A premia\u00e7\u00e3o principal, de R$ 30 mil, foi para o professor Francisco Gama Quintino, que foi pessoalmente receber seu pr\u00eamio. \u201c\u00c9 um dever nosso, como cidad\u00e3o, todas as vezes que pedir as notas de servi\u00e7os fazer com que as empresas prestem contas com a cidade. A Nota Premiada \u00e9 realidade e todos os meses premia os cidad\u00e3os, e ainda ajuda as entidades sociais de nossa cidade\u201d, declarou Quintino.<\/p>\n\n\n\n<p>O sorteado indicou a Associa\u00e7\u00e3o Educacional e Beneficente P\u00e3o e Vida para receber a premia\u00e7\u00e3o social de R$ 15 mil. O diretor da entidade, Clesley Rodrigues, ressaltou que os recursos ser\u00e3o destinados \u00e0s a\u00e7\u00f5es do abrigo que assiste crian\u00e7as e fam\u00edlias em situa\u00e7\u00e3o de vulnerabilidade social.<\/p>\n\n\n\n<p>A rela\u00e7\u00e3o completa com os contemplados desse sorteio est\u00e1 dispon\u00edvel na p\u00e1gina&nbsp;<a href=\"http:\/\/notapremiada.manaus.am.gov.br\/\" target=\"_blank\" rel=\"noreferrer noopener\">http:\/\/notapremiada.manaus.am.gov.br<\/a>.<\/p>\n\n\n\n<p>&#8212; &#8212; &#8212;<\/p>\n\n\n\n<p><strong>Texto \u2013 <\/strong>Anderson Farias \/ Semef<\/p>\n\n\n\n<p><strong>Fotos \u2013 <\/strong>Jo\u00e3o Viana \/ Semcom<\/p>\n\n\n\n<p><strong>Dispon\u00edveis em \u2013<\/strong><a href=\"https:\/\/flic.kr\/s\/aHBqjAMjqE\"> https:\/\/flic.kr\/s\/aHBqjAMjqE<\/a><\/p>\n","protected":false},"excerpt":{"rendered":"","protected":false},"author":39,"featured_media":1707,"comment_status":"closed","ping_status":"closed","sticky":false,"template":"","format":"standard","meta":{"footnotes":""},"categories":[42],"tags":[66,162,163,14,16,164],"acf":[],"yoast_head":"<!-- This site is optimized with the Yoast SEO plugin v23.0 - https:\/\/yoast.com\/wordpress\/plugins\/seo\/ -->\n<title>Prefeitura de Manaus premia felizardos do m\u00eas de maio da campanha Nota Premiada<\/title>\n<meta name=\"description\" content=\"A entrega dos cheques simb\u00f3licos do sorteio n\u00ba 2023-05 ocorreu no audit\u00f3rio da Subsecretaria da Receita da Secretaria Municipal de Finan\u00e7as e Tecnologia da Informa\u00e7\u00e3o (Semef), localizada na avenida Japur\u00e1, n\u00ba 493, Centro, zona Sul.\" \/>\n<meta name=\"robots\" content=\"index, follow, max-snippet:-1, max-image-preview:large, max-video-preview:-1\" \/>\n<link rel=\"canonical\" href=\"https:\/\/www.manaus.am.gov.br\/semef\/2023\/07\/13\/prefeitura-de-manaus-premia-felizardos-do-mes-de-maio-da-campanha-nota-premiada\/\" \/>\n<meta property=\"og:locale\" content=\"pt_BR\" \/>\n<meta property=\"og:type\" content=\"article\" \/>\n<meta property=\"og:title\" content=\"Prefeitura de Manaus premia felizardos do m\u00eas de maio da campanha Nota Premiada\" \/>\n<meta property=\"og:description\" content=\"A entrega dos cheques simb\u00f3licos do sorteio n\u00ba 2023-05 ocorreu no audit\u00f3rio da Subsecretaria da Receita da Secretaria Municipal de Finan\u00e7as e Tecnologia da Informa\u00e7\u00e3o (Semef), localizada na avenida Japur\u00e1, n\u00ba 493, Centro, zona Sul.\" \/>\n<meta property=\"og:url\" content=\"https:\/\/www.manaus.am.gov.br\/semef\/2023\/07\/13\/prefeitura-de-manaus-premia-felizardos-do-mes-de-maio-da-campanha-nota-premiada\/\" \/>\n<meta property=\"og:site_name\" content=\"SEMEF\" \/>\n<meta property=\"article:published_time\" content=\"2023-07-13T20:39:33+00:00\" \/>\n<meta property=\"article:modified_time\" content=\"2023-07-13T20:39:34+00:00\" \/>\n<meta property=\"og:image\" content=\"https:\/\/www.manaus.am.gov.br\/semef\/wp-content\/uploads\/sites\/7\/2023\/07\/53043654558_2eb86f8d2f_k.jpg\" \/>\n\t<meta property=\"og:image:width\" content=\"2047\" \/>\n\t<meta property=\"og:image:height\" content=\"1365\" \/>\n\t<meta property=\"og:image:type\" content=\"image\/jpeg\" \/>\n<meta name=\"author\" content=\"Bruna Greco\" \/>\n<meta name=\"twitter:card\" content=\"summary_large_image\" \/>\n<meta name=\"twitter:label1\" content=\"Written by\" \/>\n\t<meta name=\"twitter:data1\" content=\"Bruna Greco\" \/>\n\t<meta name=\"twitter:label2\" content=\"Est. reading time\" \/>\n\t<meta name=\"twitter:data2\" content=\"2 minutos\" \/>\n<script type=\"application\/ld+json\" class=\"yoast-schema-graph\">{\"@context\":\"https:\/\/schema.org\",\"@graph\":[{\"@type\":\"WebPage\",\"@id\":\"https:\/\/www.manaus.am.gov.br\/semef\/2023\/07\/13\/prefeitura-de-manaus-premia-felizardos-do-mes-de-maio-da-campanha-nota-premiada\/\",\"url\":\"https:\/\/www.manaus.am.gov.br\/semef\/2023\/07\/13\/prefeitura-de-manaus-premia-felizardos-do-mes-de-maio-da-campanha-nota-premiada\/\",\"name\":\"Prefeitura de Manaus premia felizardos do m\u00eas de maio da campanha Nota Premiada\",\"isPartOf\":{\"@id\":\"https:\/\/www.manaus.am.gov.br\/semef\/#website\"},\"primaryImageOfPage\":{\"@id\":\"https:\/\/www.manaus.am.gov.br\/semef\/2023\/07\/13\/prefeitura-de-manaus-premia-felizardos-do-mes-de-maio-da-campanha-nota-premiada\/#primaryimage\"},\"image\":{\"@id\":\"https:\/\/www.manaus.am.gov.br\/semef\/2023\/07\/13\/prefeitura-de-manaus-premia-felizardos-do-mes-de-maio-da-campanha-nota-premiada\/#primaryimage\"},\"thumbnailUrl\":\"https:\/\/www.manaus.am.gov.br\/semef\/wp-content\/uploads\/sites\/7\/2023\/07\/53043654558_2eb86f8d2f_k.jpg\",\"datePublished\":\"2023-07-13T20:39:33+00:00\",\"dateModified\":\"2023-07-13T20:39:34+00:00\",\"author\":{\"@id\":\"https:\/\/www.manaus.am.gov.br\/semef\/#\/schema\/person\/05d223aea2bf115f9883a6ff3683d81b\"},\"description\":\"A entrega dos cheques simb\u00f3licos do sorteio n\u00ba 2023-05 ocorreu no audit\u00f3rio da Subsecretaria da Receita da Secretaria Municipal de Finan\u00e7as e Tecnologia da Informa\u00e7\u00e3o (Semef), localizada na avenida Japur\u00e1, n\u00ba 493, Centro, zona Sul.\",\"inLanguage\":\"pt-BR\",\"potentialAction\":[{\"@type\":\"ReadAction\",\"target\":[\"https:\/\/www.manaus.am.gov.br\/semef\/2023\/07\/13\/prefeitura-de-manaus-premia-felizardos-do-mes-de-maio-da-campanha-nota-premiada\/\"]}]},{\"@type\":\"ImageObject\",\"inLanguage\":\"pt-BR\",\"@id\":\"https:\/\/www.manaus.am.gov.br\/semef\/2023\/07\/13\/prefeitura-de-manaus-premia-felizardos-do-mes-de-maio-da-campanha-nota-premiada\/#primaryimage\",\"url\":\"https:\/\/www.manaus.am.gov.br\/semef\/wp-content\/uploads\/sites\/7\/2023\/07\/53043654558_2eb86f8d2f_k.jpg\",\"contentUrl\":\"https:\/\/www.manaus.am.gov.br\/semef\/wp-content\/uploads\/sites\/7\/2023\/07\/53043654558_2eb86f8d2f_k.jpg\",\"width\":2047,\"height\":1365},{\"@type\":\"WebSite\",\"@id\":\"https:\/\/www.manaus.am.gov.br\/semef\/#website\",\"url\":\"https:\/\/www.manaus.am.gov.br\/semef\/\",\"name\":\"SEMEF\",\"description\":\"Secretaria Municipal de Finan\u00e7as e Tecnologia da Informa\u00e7\u00e3o\",\"potentialAction\":[{\"@type\":\"SearchAction\",\"target\":{\"@type\":\"EntryPoint\",\"urlTemplate\":\"https:\/\/www.manaus.am.gov.br\/semef\/?s={search_term_string}\"},\"query-input\":\"required name=search_term_string\"}],\"inLanguage\":\"pt-BR\"},{\"@type\":\"Person\",\"@id\":\"https:\/\/www.manaus.am.gov.br\/semef\/#\/schema\/person\/05d223aea2bf115f9883a6ff3683d81b\",\"name\":\"Bruna Greco\",\"image\":{\"@type\":\"ImageObject\",\"inLanguage\":\"pt-BR\",\"@id\":\"https:\/\/www.manaus.am.gov.br\/semef\/#\/schema\/person\/image\/\",\"url\":\"https:\/\/secure.gravatar.com\/avatar\/9c877d1a6adc2a055330e5c09a8653ce?s=96&d=mm&r=g\",\"contentUrl\":\"https:\/\/secure.gravatar.com\/avatar\/9c877d1a6adc2a055330e5c09a8653ce?s=96&d=mm&r=g\",\"caption\":\"Bruna Greco\"}}]}<\/script>\n<!-- \/ Yoast SEO plugin. -->","yoast_head_json":{"title":"Prefeitura de Manaus premia felizardos do m\u00eas de maio da campanha Nota Premiada","description":"A entrega dos cheques simb\u00f3licos do sorteio n\u00ba 2023-05 ocorreu no audit\u00f3rio da Subsecretaria da Receita da Secretaria Municipal de Finan\u00e7as e Tecnologia da Informa\u00e7\u00e3o (Semef), localizada na avenida Japur\u00e1, n\u00ba 493, Centro, zona Sul.","robots":{"index":"index","follow":"follow","max-snippet":"max-snippet:-1","max-image-preview":"max-image-preview:large","max-video-preview":"max-video-preview:-1"},"canonical":"https:\/\/www.manaus.am.gov.br\/semef\/2023\/07\/13\/prefeitura-de-manaus-premia-felizardos-do-mes-de-maio-da-campanha-nota-premiada\/","og_locale":"pt_BR","og_type":"article","og_title":"Prefeitura de Manaus premia felizardos do m\u00eas de maio da campanha Nota Premiada","og_description":"A entrega dos cheques simb\u00f3licos do sorteio n\u00ba 2023-05 ocorreu no audit\u00f3rio da Subsecretaria da Receita da Secretaria Municipal de Finan\u00e7as e Tecnologia da Informa\u00e7\u00e3o (Semef), localizada na avenida Japur\u00e1, n\u00ba 493, Centro, zona Sul.","og_url":"https:\/\/www.manaus.am.gov.br\/semef\/2023\/07\/13\/prefeitura-de-manaus-premia-felizardos-do-mes-de-maio-da-campanha-nota-premiada\/","og_site_name":"SEMEF","article_published_time":"2023-07-13T20:39:33+00:00","article_modified_time":"2023-07-13T20:39:34+00:00","og_image":[{"width":2047,"height":1365,"url":"https:\/\/www.manaus.am.gov.br\/semef\/wp-content\/uploads\/sites\/7\/2023\/07\/53043654558_2eb86f8d2f_k.jpg","type":"image\/jpeg"}],"author":"Bruna Greco","twitter_card":"summary_large_image","twitter_misc":{"Written by":"Bruna Greco","Est. reading time":"2 minutos"},"schema":{"@context":"https:\/\/schema.org","@graph":[{"@type":"WebPage","@id":"https:\/\/www.manaus.am.gov.br\/semef\/2023\/07\/13\/prefeitura-de-manaus-premia-felizardos-do-mes-de-maio-da-campanha-nota-premiada\/","url":"https:\/\/www.manaus.am.gov.br\/semef\/2023\/07\/13\/prefeitura-de-manaus-premia-felizardos-do-mes-de-maio-da-campanha-nota-premiada\/","name":"Prefeitura de Manaus premia felizardos do m\u00eas de maio da campanha Nota Premiada","isPartOf":{"@id":"https:\/\/www.manaus.am.gov.br\/semef\/#website"},"primaryImageOfPage":{"@id":"https:\/\/www.manaus.am.gov.br\/semef\/2023\/07\/13\/prefeitura-de-manaus-premia-felizardos-do-mes-de-maio-da-campanha-nota-premiada\/#primaryimage"},"image":{"@id":"https:\/\/www.manaus.am.gov.br\/semef\/2023\/07\/13\/prefeitura-de-manaus-premia-felizardos-do-mes-de-maio-da-campanha-nota-premiada\/#primaryimage"},"thumbnailUrl":"https:\/\/www.manaus.am.gov.br\/semef\/wp-content\/uploads\/sites\/7\/2023\/07\/53043654558_2eb86f8d2f_k.jpg","datePublished":"2023-07-13T20:39:33+00:00","dateModified":"2023-07-13T20:39:34+00:00","author":{"@id":"https:\/\/www.manaus.am.gov.br\/semef\/#\/schema\/person\/05d223aea2bf115f9883a6ff3683d81b"},"description":"A entrega dos cheques simb\u00f3licos do sorteio n\u00ba 2023-05 ocorreu no audit\u00f3rio da Subsecretaria da Receita da Secretaria Municipal de Finan\u00e7as e Tecnologia da Informa\u00e7\u00e3o (Semef), localizada na avenida Japur\u00e1, n\u00ba 493, Centro, zona Sul.","inLanguage":"pt-BR","potentialAction":[{"@type":"ReadAction","target":["https:\/\/www.manaus.am.gov.br\/semef\/2023\/07\/13\/prefeitura-de-manaus-premia-felizardos-do-mes-de-maio-da-campanha-nota-premiada\/"]}]},{"@type":"ImageObject","inLanguage":"pt-BR","@id":"https:\/\/www.manaus.am.gov.br\/semef\/2023\/07\/13\/prefeitura-de-manaus-premia-felizardos-do-mes-de-maio-da-campanha-nota-premiada\/#primaryimage","url":"https:\/\/www.manaus.am.gov.br\/semef\/wp-content\/uploads\/sites\/7\/2023\/07\/53043654558_2eb86f8d2f_k.jpg","contentUrl":"https:\/\/www.manaus.am.gov.br\/semef\/wp-content\/uploads\/sites\/7\/2023\/07\/53043654558_2eb86f8d2f_k.jpg","width":2047,"height":1365},{"@type":"WebSite","@id":"https:\/\/www.manaus.am.gov.br\/semef\/#website","url":"https:\/\/www.manaus.am.gov.br\/semef\/","name":"SEMEF","description":"Secretaria Municipal de Finan\u00e7as e Tecnologia da Informa\u00e7\u00e3o","potentialAction":[{"@type":"SearchAction","target":{"@type":"EntryPoint","urlTemplate":"https:\/\/www.manaus.am.gov.br\/semef\/?s={search_term_string}"},"query-input":"required name=search_term_string"}],"inLanguage":"pt-BR"},{"@type":"Person","@id":"https:\/\/www.manaus.am.gov.br\/semef\/#\/schema\/person\/05d223aea2bf115f9883a6ff3683d81b","name":"Bruna Greco","image":{"@type":"ImageObject","inLanguage":"pt-BR","@id":"https:\/\/www.manaus.am.gov.br\/semef\/#\/schema\/person\/image\/","url":"https:\/\/secure.gravatar.com\/avatar\/9c877d1a6adc2a055330e5c09a8653ce?s=96&d=mm&r=g","contentUrl":"https:\/\/secure.gravatar.com\/avatar\/9c877d1a6adc2a055330e5c09a8653ce?s=96&d=mm&r=g","caption":"Bruna Greco"}}]}},"_links":{"self":[{"href":"https:\/\/www.manaus.am.gov.br\/semef\/wp-json\/wp\/v2\/posts\/1706"}],"collection":[{"href":"https:\/\/www.manaus.am.gov.br\/semef\/wp-json\/wp\/v2\/posts"}],"about":[{"href":"https:\/\/www.manaus.am.gov.br\/semef\/wp-json\/wp\/v2\/types\/post"}],"author":[{"embeddable":true,"href":"https:\/\/www.manaus.am.gov.br\/semef\/wp-json\/wp\/v2\/users\/39"}],"replies":[{"embeddable":true,"href":"https:\/\/www.manaus.am.gov.br\/semef\/wp-json\/wp\/v2\/comments?post=1706"}],"version-history":[{"count":0,"href":"https:\/\/www.manaus.am.gov.br\/semef\/wp-json\/wp\/v2\/posts\/1706\/revisions"}],"wp:featuredmedia":[{"embeddable":true,"href":"https:\/\/www.manaus.am.gov.br\/semef\/wp-json\/wp\/v2\/media\/1707"}],"wp:attachment":[{"href":"https:\/\/www.manaus.am.gov.br\/semef\/wp-json\/wp\/v2\/media?parent=1706"}],"wp:term":[{"taxonomy":"category","embeddable":true,"href":"https:\/\/www.manaus.am.gov.br\/semef\/wp-json\/wp\/v2\/categories?post=1706"},{"taxonomy":"post_tag","embeddable":true,"href":"https:\/\/www.manaus.am.gov.br\/semef\/wp-json\/wp\/v2\/tags?post=1706"}],"curies":[{"name":"wp","href":"https:\/\/api.w.org\/{rel}","templated":true}]}}