{"id":1643,"date":"2023-06-15T17:07:31","date_gmt":"2023-06-15T21:07:31","guid":{"rendered":"https:\/\/www.manaus.am.gov.br\/semef\/2023\/06\/15\/prefeitura-entrega-premiacoes-aos-contemplados-de-mais-um-sorteio-da-campanha-nota-premiada-manaus\/"},"modified":"2023-06-15T17:07:31","modified_gmt":"2023-06-15T21:07:31","slug":"prefeitura-entrega-premiacoes-aos-contemplados-de-mais-um-sorteio-da-campanha-nota-premiada-manaus","status":"publish","type":"post","link":"https:\/\/www.manaus.am.gov.br\/semef\/2023\/06\/15\/prefeitura-entrega-premiacoes-aos-contemplados-de-mais-um-sorteio-da-campanha-nota-premiada-manaus\/","title":{"rendered":"<strong>Prefeitura entrega premia\u00e7\u00f5es aos contemplados de mais um sorteio da campanha Nota Premiada Manaus<\/strong>"},"content":{"rendered":"\n<p>Os contemplados do sorteio n\u00ba 2023-04 da campanha Nota Premiada Manaus receberam seus cheques simb\u00f3licos nesta quinta-feira, 15\/6, em cerim\u00f4nia realizada no audit\u00f3rio da subsecretaria da Receita da Secretaria Municipal de Finan\u00e7as e Tecnologia da Informa\u00e7\u00e3o (Semef), localizado na rua Japur\u00e1, n\u00ba 493, Centro, zona Sul. As premia\u00e7\u00f5es deste sorteio somaram um total de R$ 150 mil, incluindo pr\u00eamios de participantes e institui\u00e7\u00f5es sociais indicadas.<\/p>\n\n\n\n<p>A prefeitura realiza os sorteios do Nota Premiada Manaus todos os meses por meio da Semef, com base nas extra\u00e7\u00f5es da Loteria Federal, ofertando aos participantes cadastrados na campanha a oportunidade de ganhar pr\u00eamios em dinheiro que variam de R$ 1 mil a R$ 30 mil.<\/p>\n\n\n\n<p>Conforme explicou o subsecret\u00e1rio da Receita da Semef, Arm\u00ednio Pontes, que conduziu a entrega dos pr\u00eamios, depois de cadastrado, o cidad\u00e3o j\u00e1 pode acumular cupons eletr\u00f4nicos pedindo sempre seu CPF nas suas Notas Fiscais de Servi\u00e7os Eletr\u00f4nicas (NFS-e). \u201cEsse \u00e9 um trabalho de educa\u00e7\u00e3o Fiscal da prefeitura, por meio da Semef, que visa combater a sonega\u00e7\u00e3o de impostos e assim destinar mais recursos para as demandas da nossa cidade. Sem contar que ainda concorre a v\u00e1rios pr\u00eamios em dinheiro, al\u00e9m de garantir desconto no IPTU do ano seguinte\u201d, disse o subsecret\u00e1rio.<\/p>\n\n\n\n<p><strong>Ganhadores<\/strong><\/p>\n\n\n\n<p>Entre os ganhadores presentes na cerim\u00f4nia de premia\u00e7\u00e3o estava o policial Igor Lopes, que faturou R$ 10 mil. Conforme contou, ele realizou seu cadastro h\u00e1 mais de dois anos, mas nunca acompanhou os sorteios. \u201cFoi quando uma funcion\u00e1ria da prefeitura falou comigo e pediu para eu conferir o resultado no Di\u00e1rio Oficial do Munic\u00edpio\u201d, disse o felizardo, ao revelar que sempre exige a NFS no col\u00e9gio das filhas.<\/p>\n\n\n\n<p>A advogada Helyamara de Medeiros tamb\u00e9m foi sorteada com R$ 10 mil. Ela tamb\u00e9m disse estar inscrita na campanha h\u00e1 mais de dois anos e sempre registra suas notas com CPF, quando vai fazer manuten\u00e7\u00e3o do carro e servi\u00e7os m\u00e9dicos e est\u00e9ticos. \u201cPedir a nota \u00e9 um ato de cidadania, sem contar que ajudamos as institui\u00e7\u00f5es sociais da nossa cidade\u201d, disse.<\/p>\n\n\n\n<p>A Casa Vhida, que atende crian\u00e7as que convivem com o HIV, foi uma das institui\u00e7\u00f5es de apoio indicada para ganhar premia\u00e7\u00e3o social. A coordenadora da casa, Herika Amorim, esteve presente para receber a premia\u00e7\u00e3o que somou R$ 18,5 mil, resultado da indica\u00e7\u00e3o de quatro dos 20 ganhadores.<\/p>\n\n\n\n<p>\u201cEstamos atendendo 150 crian\u00e7as mensalmente e temos aproximadamente duas mil crian\u00e7as cadastradas na nossa casa. Esse recurso ser\u00e1 aplicado para a manuten\u00e7\u00e3o e pagamento de funcion\u00e1rios da nossa institui\u00e7\u00e3o\u201d, enfatizou.<\/p>\n\n\n\n<p>A lista completa de ganhadores do sorteio da Nota Premiada pode ser consultada no endere\u00e7o eletr\u00f4nico: http:\/\/notapremiada.manaus.am.gov.br.<\/p>\n\n\n\n<p><strong>Cadastro<\/strong><\/p>\n\n\n\n<p>O cadastro para participar da campanha Nota Premiada Manaus pode ser realizado no site notapremiada.manaus.am.gov.br. Ap\u00f3s esse processo, o participante que exige o CPF na Nota Fiscal de Servi\u00e7o Eletr\u00f4nica (NFS-e), concorre \u00e0s premia\u00e7\u00f5es e pode usufruir de outras vantagens, como a utiliza\u00e7\u00e3o de cr\u00e9dito do Imposto sobre Servi\u00e7os de Qualquer Natureza (ISS) para abatimento do Imposto Predial e Territorial Urbano (IPTU) do ano seguinte.<\/p>\n\n\n\n<p>Sempre que o consumidor tomar servi\u00e7os, \u00e9 importante exigir a Nota Fiscal para concorrer a pr\u00eamios em dinheiro e ainda indicar uma institui\u00e7\u00e3o de assist\u00eancia social, porque assim, o consumidor ganha e a institui\u00e7\u00e3o tamb\u00e9m.<\/p>\n\n\n\n<p>&#8212; &#8212; &#8212;<\/p>\n\n\n\n<p><strong>Texto \u2013 <\/strong>Anderson Farias \/ Semef<\/p>\n\n\n\n<p><strong>Foto \u2013 <\/strong>Divulga\u00e7\u00e3o \/ Semef<\/p>\n","protected":false},"excerpt":{"rendered":"","protected":false},"author":39,"featured_media":1644,"comment_status":"closed","ping_status":"closed","sticky":false,"template":"","format":"standard","meta":{"footnotes":""},"categories":[42],"tags":[66,14,16,158,159],"acf":[],"yoast_head":"<!-- This site is optimized with the Yoast SEO plugin v23.0 - https:\/\/yoast.com\/wordpress\/plugins\/seo\/ -->\n<title>Prefeitura entrega premia\u00e7\u00f5es aos contemplados de mais um sorteio da campanha Nota Premiada Manaus<\/title>\n<meta name=\"description\" content=\"Os contemplados do sorteio n\u00ba 2023-04 da campanha Nota Premiada Manaus receberam seus cheques simb\u00f3licos nesta quinta-feira, 15\/6, em cerim\u00f4nia realizada no audit\u00f3rio da subsecretaria da Receita da Secretaria Municipal de Finan\u00e7as e Tecnologia da Informa\u00e7\u00e3o (Semef), localizado na rua Japur\u00e1, n\u00ba 493, Centro, zona Sul.\" \/>\n<meta name=\"robots\" content=\"index, follow, max-snippet:-1, max-image-preview:large, max-video-preview:-1\" \/>\n<link rel=\"canonical\" href=\"https:\/\/www.manaus.am.gov.br\/semef\/2023\/06\/15\/prefeitura-entrega-premiacoes-aos-contemplados-de-mais-um-sorteio-da-campanha-nota-premiada-manaus\/\" \/>\n<meta property=\"og:locale\" content=\"pt_BR\" \/>\n<meta property=\"og:type\" content=\"article\" \/>\n<meta property=\"og:title\" content=\"Prefeitura entrega premia\u00e7\u00f5es aos contemplados de mais um sorteio da campanha Nota Premiada Manaus\" \/>\n<meta property=\"og:description\" content=\"Os contemplados do sorteio n\u00ba 2023-04 da campanha Nota Premiada Manaus receberam seus cheques simb\u00f3licos nesta quinta-feira, 15\/6, em cerim\u00f4nia realizada no audit\u00f3rio da subsecretaria da Receita da Secretaria Municipal de Finan\u00e7as e Tecnologia da Informa\u00e7\u00e3o (Semef), localizado na rua Japur\u00e1, n\u00ba 493, Centro, zona Sul.\" \/>\n<meta property=\"og:url\" content=\"https:\/\/www.manaus.am.gov.br\/semef\/2023\/06\/15\/prefeitura-entrega-premiacoes-aos-contemplados-de-mais-um-sorteio-da-campanha-nota-premiada-manaus\/\" \/>\n<meta property=\"og:site_name\" content=\"SEMEF\" \/>\n<meta property=\"article:published_time\" content=\"2023-06-15T21:07:31+00:00\" \/>\n<meta property=\"og:image\" content=\"https:\/\/www.manaus.am.gov.br\/semef\/wp-content\/uploads\/sites\/7\/2023\/06\/Premiacao-Nota-Premiada-Manaus-1.jpeg\" \/>\n\t<meta property=\"og:image:width\" content=\"1600\" \/>\n\t<meta property=\"og:image:height\" content=\"1066\" \/>\n\t<meta property=\"og:image:type\" content=\"image\/jpeg\" \/>\n<meta name=\"author\" content=\"Bruna Greco\" \/>\n<meta name=\"twitter:card\" content=\"summary_large_image\" \/>\n<meta name=\"twitter:label1\" content=\"Written by\" \/>\n\t<meta name=\"twitter:data1\" content=\"Bruna Greco\" \/>\n\t<meta name=\"twitter:label2\" content=\"Est. reading time\" \/>\n\t<meta name=\"twitter:data2\" content=\"3 minutos\" \/>\n<script type=\"application\/ld+json\" class=\"yoast-schema-graph\">{\"@context\":\"https:\/\/schema.org\",\"@graph\":[{\"@type\":\"WebPage\",\"@id\":\"https:\/\/www.manaus.am.gov.br\/semef\/2023\/06\/15\/prefeitura-entrega-premiacoes-aos-contemplados-de-mais-um-sorteio-da-campanha-nota-premiada-manaus\/\",\"url\":\"https:\/\/www.manaus.am.gov.br\/semef\/2023\/06\/15\/prefeitura-entrega-premiacoes-aos-contemplados-de-mais-um-sorteio-da-campanha-nota-premiada-manaus\/\",\"name\":\"Prefeitura entrega premia\u00e7\u00f5es aos contemplados de mais um sorteio da campanha Nota Premiada Manaus\",\"isPartOf\":{\"@id\":\"https:\/\/www.manaus.am.gov.br\/semef\/#website\"},\"primaryImageOfPage\":{\"@id\":\"https:\/\/www.manaus.am.gov.br\/semef\/2023\/06\/15\/prefeitura-entrega-premiacoes-aos-contemplados-de-mais-um-sorteio-da-campanha-nota-premiada-manaus\/#primaryimage\"},\"image\":{\"@id\":\"https:\/\/www.manaus.am.gov.br\/semef\/2023\/06\/15\/prefeitura-entrega-premiacoes-aos-contemplados-de-mais-um-sorteio-da-campanha-nota-premiada-manaus\/#primaryimage\"},\"thumbnailUrl\":\"https:\/\/www.manaus.am.gov.br\/semef\/wp-content\/uploads\/sites\/7\/2023\/06\/Premiacao-Nota-Premiada-Manaus-1.jpeg\",\"datePublished\":\"2023-06-15T21:07:31+00:00\",\"dateModified\":\"2023-06-15T21:07:31+00:00\",\"author\":{\"@id\":\"https:\/\/www.manaus.am.gov.br\/semef\/#\/schema\/person\/05d223aea2bf115f9883a6ff3683d81b\"},\"description\":\"Os contemplados do sorteio n\u00ba 2023-04 da campanha Nota Premiada Manaus receberam seus cheques simb\u00f3licos nesta quinta-feira, 15\/6, em cerim\u00f4nia realizada no audit\u00f3rio da subsecretaria da Receita da Secretaria Municipal de Finan\u00e7as e Tecnologia da Informa\u00e7\u00e3o (Semef), localizado na rua Japur\u00e1, n\u00ba 493, Centro, zona Sul.\",\"inLanguage\":\"pt-BR\",\"potentialAction\":[{\"@type\":\"ReadAction\",\"target\":[\"https:\/\/www.manaus.am.gov.br\/semef\/2023\/06\/15\/prefeitura-entrega-premiacoes-aos-contemplados-de-mais-um-sorteio-da-campanha-nota-premiada-manaus\/\"]}]},{\"@type\":\"ImageObject\",\"inLanguage\":\"pt-BR\",\"@id\":\"https:\/\/www.manaus.am.gov.br\/semef\/2023\/06\/15\/prefeitura-entrega-premiacoes-aos-contemplados-de-mais-um-sorteio-da-campanha-nota-premiada-manaus\/#primaryimage\",\"url\":\"https:\/\/www.manaus.am.gov.br\/semef\/wp-content\/uploads\/sites\/7\/2023\/06\/Premiacao-Nota-Premiada-Manaus-1.jpeg\",\"contentUrl\":\"https:\/\/www.manaus.am.gov.br\/semef\/wp-content\/uploads\/sites\/7\/2023\/06\/Premiacao-Nota-Premiada-Manaus-1.jpeg\",\"width\":1600,\"height\":1066},{\"@type\":\"WebSite\",\"@id\":\"https:\/\/www.manaus.am.gov.br\/semef\/#website\",\"url\":\"https:\/\/www.manaus.am.gov.br\/semef\/\",\"name\":\"SEMEF\",\"description\":\"Secretaria Municipal de Finan\u00e7as e Tecnologia da Informa\u00e7\u00e3o\",\"potentialAction\":[{\"@type\":\"SearchAction\",\"target\":{\"@type\":\"EntryPoint\",\"urlTemplate\":\"https:\/\/www.manaus.am.gov.br\/semef\/?s={search_term_string}\"},\"query-input\":\"required name=search_term_string\"}],\"inLanguage\":\"pt-BR\"},{\"@type\":\"Person\",\"@id\":\"https:\/\/www.manaus.am.gov.br\/semef\/#\/schema\/person\/05d223aea2bf115f9883a6ff3683d81b\",\"name\":\"Bruna Greco\",\"image\":{\"@type\":\"ImageObject\",\"inLanguage\":\"pt-BR\",\"@id\":\"https:\/\/www.manaus.am.gov.br\/semef\/#\/schema\/person\/image\/\",\"url\":\"https:\/\/secure.gravatar.com\/avatar\/9c877d1a6adc2a055330e5c09a8653ce?s=96&d=mm&r=g\",\"contentUrl\":\"https:\/\/secure.gravatar.com\/avatar\/9c877d1a6adc2a055330e5c09a8653ce?s=96&d=mm&r=g\",\"caption\":\"Bruna Greco\"}}]}<\/script>\n<!-- \/ Yoast SEO plugin. -->","yoast_head_json":{"title":"Prefeitura entrega premia\u00e7\u00f5es aos contemplados de mais um sorteio da campanha Nota Premiada Manaus","description":"Os contemplados do sorteio n\u00ba 2023-04 da campanha Nota Premiada Manaus receberam seus cheques simb\u00f3licos nesta quinta-feira, 15\/6, em cerim\u00f4nia realizada no audit\u00f3rio da subsecretaria da Receita da Secretaria Municipal de Finan\u00e7as e Tecnologia da Informa\u00e7\u00e3o (Semef), localizado na rua Japur\u00e1, n\u00ba 493, Centro, zona Sul.","robots":{"index":"index","follow":"follow","max-snippet":"max-snippet:-1","max-image-preview":"max-image-preview:large","max-video-preview":"max-video-preview:-1"},"canonical":"https:\/\/www.manaus.am.gov.br\/semef\/2023\/06\/15\/prefeitura-entrega-premiacoes-aos-contemplados-de-mais-um-sorteio-da-campanha-nota-premiada-manaus\/","og_locale":"pt_BR","og_type":"article","og_title":"Prefeitura entrega premia\u00e7\u00f5es aos contemplados de mais um sorteio da campanha Nota Premiada Manaus","og_description":"Os contemplados do sorteio n\u00ba 2023-04 da campanha Nota Premiada Manaus receberam seus cheques simb\u00f3licos nesta quinta-feira, 15\/6, em cerim\u00f4nia realizada no audit\u00f3rio da subsecretaria da Receita da Secretaria Municipal de Finan\u00e7as e Tecnologia da Informa\u00e7\u00e3o (Semef), localizado na rua Japur\u00e1, n\u00ba 493, Centro, zona Sul.","og_url":"https:\/\/www.manaus.am.gov.br\/semef\/2023\/06\/15\/prefeitura-entrega-premiacoes-aos-contemplados-de-mais-um-sorteio-da-campanha-nota-premiada-manaus\/","og_site_name":"SEMEF","article_published_time":"2023-06-15T21:07:31+00:00","og_image":[{"width":1600,"height":1066,"url":"https:\/\/www.manaus.am.gov.br\/semef\/wp-content\/uploads\/sites\/7\/2023\/06\/Premiacao-Nota-Premiada-Manaus-1.jpeg","type":"image\/jpeg"}],"author":"Bruna Greco","twitter_card":"summary_large_image","twitter_misc":{"Written by":"Bruna Greco","Est. reading time":"3 minutos"},"schema":{"@context":"https:\/\/schema.org","@graph":[{"@type":"WebPage","@id":"https:\/\/www.manaus.am.gov.br\/semef\/2023\/06\/15\/prefeitura-entrega-premiacoes-aos-contemplados-de-mais-um-sorteio-da-campanha-nota-premiada-manaus\/","url":"https:\/\/www.manaus.am.gov.br\/semef\/2023\/06\/15\/prefeitura-entrega-premiacoes-aos-contemplados-de-mais-um-sorteio-da-campanha-nota-premiada-manaus\/","name":"Prefeitura entrega premia\u00e7\u00f5es aos contemplados de mais um sorteio da campanha Nota Premiada Manaus","isPartOf":{"@id":"https:\/\/www.manaus.am.gov.br\/semef\/#website"},"primaryImageOfPage":{"@id":"https:\/\/www.manaus.am.gov.br\/semef\/2023\/06\/15\/prefeitura-entrega-premiacoes-aos-contemplados-de-mais-um-sorteio-da-campanha-nota-premiada-manaus\/#primaryimage"},"image":{"@id":"https:\/\/www.manaus.am.gov.br\/semef\/2023\/06\/15\/prefeitura-entrega-premiacoes-aos-contemplados-de-mais-um-sorteio-da-campanha-nota-premiada-manaus\/#primaryimage"},"thumbnailUrl":"https:\/\/www.manaus.am.gov.br\/semef\/wp-content\/uploads\/sites\/7\/2023\/06\/Premiacao-Nota-Premiada-Manaus-1.jpeg","datePublished":"2023-06-15T21:07:31+00:00","dateModified":"2023-06-15T21:07:31+00:00","author":{"@id":"https:\/\/www.manaus.am.gov.br\/semef\/#\/schema\/person\/05d223aea2bf115f9883a6ff3683d81b"},"description":"Os contemplados do sorteio n\u00ba 2023-04 da campanha Nota Premiada Manaus receberam seus cheques simb\u00f3licos nesta quinta-feira, 15\/6, em cerim\u00f4nia realizada no audit\u00f3rio da subsecretaria da Receita da Secretaria Municipal de Finan\u00e7as e Tecnologia da Informa\u00e7\u00e3o (Semef), localizado na rua Japur\u00e1, n\u00ba 493, Centro, zona Sul.","inLanguage":"pt-BR","potentialAction":[{"@type":"ReadAction","target":["https:\/\/www.manaus.am.gov.br\/semef\/2023\/06\/15\/prefeitura-entrega-premiacoes-aos-contemplados-de-mais-um-sorteio-da-campanha-nota-premiada-manaus\/"]}]},{"@type":"ImageObject","inLanguage":"pt-BR","@id":"https:\/\/www.manaus.am.gov.br\/semef\/2023\/06\/15\/prefeitura-entrega-premiacoes-aos-contemplados-de-mais-um-sorteio-da-campanha-nota-premiada-manaus\/#primaryimage","url":"https:\/\/www.manaus.am.gov.br\/semef\/wp-content\/uploads\/sites\/7\/2023\/06\/Premiacao-Nota-Premiada-Manaus-1.jpeg","contentUrl":"https:\/\/www.manaus.am.gov.br\/semef\/wp-content\/uploads\/sites\/7\/2023\/06\/Premiacao-Nota-Premiada-Manaus-1.jpeg","width":1600,"height":1066},{"@type":"WebSite","@id":"https:\/\/www.manaus.am.gov.br\/semef\/#website","url":"https:\/\/www.manaus.am.gov.br\/semef\/","name":"SEMEF","description":"Secretaria Municipal de Finan\u00e7as e Tecnologia da Informa\u00e7\u00e3o","potentialAction":[{"@type":"SearchAction","target":{"@type":"EntryPoint","urlTemplate":"https:\/\/www.manaus.am.gov.br\/semef\/?s={search_term_string}"},"query-input":"required name=search_term_string"}],"inLanguage":"pt-BR"},{"@type":"Person","@id":"https:\/\/www.manaus.am.gov.br\/semef\/#\/schema\/person\/05d223aea2bf115f9883a6ff3683d81b","name":"Bruna Greco","image":{"@type":"ImageObject","inLanguage":"pt-BR","@id":"https:\/\/www.manaus.am.gov.br\/semef\/#\/schema\/person\/image\/","url":"https:\/\/secure.gravatar.com\/avatar\/9c877d1a6adc2a055330e5c09a8653ce?s=96&d=mm&r=g","contentUrl":"https:\/\/secure.gravatar.com\/avatar\/9c877d1a6adc2a055330e5c09a8653ce?s=96&d=mm&r=g","caption":"Bruna Greco"}}]}},"_links":{"self":[{"href":"https:\/\/www.manaus.am.gov.br\/semef\/wp-json\/wp\/v2\/posts\/1643"}],"collection":[{"href":"https:\/\/www.manaus.am.gov.br\/semef\/wp-json\/wp\/v2\/posts"}],"about":[{"href":"https:\/\/www.manaus.am.gov.br\/semef\/wp-json\/wp\/v2\/types\/post"}],"author":[{"embeddable":true,"href":"https:\/\/www.manaus.am.gov.br\/semef\/wp-json\/wp\/v2\/users\/39"}],"replies":[{"embeddable":true,"href":"https:\/\/www.manaus.am.gov.br\/semef\/wp-json\/wp\/v2\/comments?post=1643"}],"version-history":[{"count":0,"href":"https:\/\/www.manaus.am.gov.br\/semef\/wp-json\/wp\/v2\/posts\/1643\/revisions"}],"wp:featuredmedia":[{"embeddable":true,"href":"https:\/\/www.manaus.am.gov.br\/semef\/wp-json\/wp\/v2\/media\/1644"}],"wp:attachment":[{"href":"https:\/\/www.manaus.am.gov.br\/semef\/wp-json\/wp\/v2\/media?parent=1643"}],"wp:term":[{"taxonomy":"category","embeddable":true,"href":"https:\/\/www.manaus.am.gov.br\/semef\/wp-json\/wp\/v2\/categories?post=1643"},{"taxonomy":"post_tag","embeddable":true,"href":"https:\/\/www.manaus.am.gov.br\/semef\/wp-json\/wp\/v2\/tags?post=1643"}],"curies":[{"name":"wp","href":"https:\/\/api.w.org\/{rel}","templated":true}]}}