{"id":1238,"date":"2023-04-10T19:28:00","date_gmt":"2023-04-10T23:28:00","guid":{"rendered":"https:\/\/www.manaus.am.gov.br\/semef\/2023\/04\/10\/justica-mantem-legitimidade-da-cobranca-do-iptu-2023-pela-prefeitura-de-manaus\/"},"modified":"2023-04-10T19:28:45","modified_gmt":"2023-04-10T23:28:45","slug":"justica-mantem-legitimidade-da-cobranca-do-iptu-2023-pela-prefeitura-de-manaus","status":"publish","type":"post","link":"https:\/\/www.manaus.am.gov.br\/semef\/2023\/04\/10\/justica-mantem-legitimidade-da-cobranca-do-iptu-2023-pela-prefeitura-de-manaus\/","title":{"rendered":"<strong>Justi\u00e7a mant\u00e9m legitimidade da cobran\u00e7a do IPTU 2023 pela Prefeitura de Manaus<\/strong>"},"content":{"rendered":"\n<p>A Prefeitura de Manaus, por meio da Procuradoria-Geral do Munic\u00edpio (PGM), obteve uma vit\u00f3ria, nesta segunda-feira, 10\/4, ap\u00f3s o Tribunal de Justi\u00e7a do Amazonas (TJAM) reconhecer a legitimidade da cobran\u00e7a do Imposto Predial e Territorial Urbano (IPTU) 2023. A decis\u00e3o, assinada pela ju\u00edza da Vara Especializada da D\u00edvida Ativa Municipal, Ana Maria de Oliveira Di\u00f3genes, vai validar a recente atualiza\u00e7\u00e3o cadastral implementada na capital amazonense.<\/p>\n\n\n\n<p>O procurador-geral do Munic\u00edpio, Rafael Bertazzo explicou que a decis\u00e3o s\u00f3 confirma a legitimidade da atualiza\u00e7\u00e3o realizada pela gest\u00e3o municipal em sua base de dados, que aconteceu ap\u00f3s um minucioso levantamento em toda a \u00e1rea urbana da cidade, com aux\u00edlio de tecnologias de geoprocessamento, imagens a\u00e9reas m\u00e9tricas, perfilamento a laser, varredura por mapeamento m\u00f3vel terrestre em 360\u00b0 e vistorias em campo.<\/p>\n\n\n\n<p>\u201cHouve alguma pol\u00eamica em rela\u00e7\u00e3o ao cadastramento da base da prefeitura em rela\u00e7\u00e3o ao IPTU, mas a Semef conseguiu esclarecer para a popula\u00e7\u00e3o que n\u00e3o ocorreu um aumento de tributo, mas sim uma atualiza\u00e7\u00e3o da base nos terrenos com \u00e1reas constru\u00eddas. Apesar disto, houve uma demanda da Defensoria P\u00fablica que visou suspender a cobran\u00e7a do imposto, mas essa vit\u00f3ria da prefeitura mant\u00e9m a cobran\u00e7a por comprovar a legalidade desta atualiza\u00e7\u00e3o. Caso haja, por parte do contribuinte, algum questionamento, os canais da Semef ainda est\u00e3o abertos para que haja uma corre\u00e7\u00e3o nos casos que foram comprovados o equ\u00edvoco por parte do munic\u00edpio\u201d, enfatizou Bertazzo.<\/p>\n\n\n\n<p>Como resultado, mais de 320 mil im\u00f3veis da capital amazonense tiveram seus dados atualizados junto \u00e0 base do cadastro imobili\u00e1rio municipal. Desse total, tamb\u00e9m foram inclu\u00eddos cerca de 10 mil im\u00f3veis que ainda n\u00e3o faziam parte da base cadastral imobili\u00e1ria da prefeitura. Outros 247,8 mil cadastros imobili\u00e1rios tiveram valores reajustados para cima, devido \u00e0s amplia\u00e7\u00f5es e constru\u00e7\u00f5es realizadas nos \u00faltimos 12 anos. J\u00e1 68 mil cadastros refletiram redu\u00e7\u00e3o no seu c\u00e1lculo de IPTU, devido a demoli\u00e7\u00f5es ou decr\u00e9scimos em suas estruturas.<\/p>\n\n\n\n<p>Rafael Bertazzo destacou que essa vit\u00f3ria ir\u00e1 impactar positivamente toda a cidade de Manaus, uma vez que entrando recursos para a prefeitura, novas obras ser\u00e3o realizadas visando melhorar a realidade dos moradores da capital amazonense.<\/p>\n\n\n\n<p>\u201cExistiam muitos terrenos que ainda estavam como terra nua no cadastro da prefeitura que hoje tem pr\u00e9dios de cinco, seis andares, mas pagavam uma quantia irris\u00f3ria. Hoje, a pessoa paga o seu tributo justo. Essa \u00e9 uma vit\u00f3ria de todos, porque entrando recursos para a prefeitura, entra recursos para asfalto, para constru\u00e7\u00e3o de UBSs (Unidades B\u00e1sicas de Sa\u00fade), para educa\u00e7\u00e3o, que possibilita a prefeitura continuar avan\u00e7ando e trazendo ganhos para a sociedade\u201d, afirmou o procurador.<\/p>\n\n\n\n<p><strong>Justi\u00e7a feita<\/strong><\/p>\n\n\n\n<p>De acordo com o titular da Semef, Cl\u00e9cio Freire, a atual gest\u00e3o municipal ir\u00e1 correr atr\u00e1s do tempo perdido uma vez que essa a\u00e7\u00e3o da Defensoria P\u00fablica causou uma inseguran\u00e7a no contribuinte que ficou com receio de honrar com o seu tributo reduzindo assim a arrecada\u00e7\u00e3o do munic\u00edpio.<\/p>\n\n\n\n<p>\u201cN\u00f3s t\u00ednhamos uma expectativa muito grande desta arrecada\u00e7\u00e3o ser recorde, mas por conta desta politiza\u00e7\u00e3o, alguns atores do processo da pol\u00edtica local especularam a poss\u00edvel suspens\u00e3o da cobran\u00e7a do IPTU. Isso causou um certo alvoro\u00e7o no contribuinte e alguns deixaram de honrar o pagamento em cota \u00fanica ou a primeira parcela at\u00e9 o fim de mar\u00e7o. Essa inquieta\u00e7\u00e3o foi danosa \u00e0 arrecada\u00e7\u00e3o do munic\u00edpio. Mesmo tardio, ainda sim nos causa alegria porque faz justi\u00e7a. O TJAM entendeu, da melhor forma poss\u00edvel, que o processo teve lisura, est\u00e1 correto e legitivo, e n\u00e3o poderia se esperar nada mais que isso da gest\u00e3o do prefeito David Almeida e da sua equipe\u201d, revelou Freire.<\/p>\n\n\n\n<p>&#8212; &#8212; &#8212;<\/p>\n\n\n\n<p><strong>Texto &#8211;<\/strong> Thiago Fernando \/ Semcom<\/p>\n\n\n\n<p><strong>Foto \u2013 <\/strong>Arquivo \/ Semcom<\/p>\n","protected":false},"excerpt":{"rendered":"","protected":false},"author":39,"featured_media":1239,"comment_status":"closed","ping_status":"closed","sticky":false,"template":"","format":"standard","meta":{"footnotes":""},"categories":[43],"tags":[85,128,129,16,130],"acf":[],"yoast_head":"<!-- This site is optimized with the Yoast SEO plugin v23.0 - https:\/\/yoast.com\/wordpress\/plugins\/seo\/ -->\n<title>Justi\u00e7a mant\u00e9m legitimidade da cobran\u00e7a do IPTU 2023 pela Prefeitura de Manaus<\/title>\n<meta name=\"description\" content=\"A decis\u00e3o, assinada pela ju\u00edza da Vara Especializada da D\u00edvida Ativa Municipal, Ana Maria de Oliveira Di\u00f3genes, vai validar a recente atualiza\u00e7\u00e3o cadastral implementada na capital amazonense.\" \/>\n<meta name=\"robots\" content=\"index, follow, max-snippet:-1, max-image-preview:large, max-video-preview:-1\" \/>\n<link rel=\"canonical\" href=\"https:\/\/www.manaus.am.gov.br\/semef\/2023\/04\/10\/justica-mantem-legitimidade-da-cobranca-do-iptu-2023-pela-prefeitura-de-manaus\/\" \/>\n<meta property=\"og:locale\" content=\"pt_BR\" \/>\n<meta property=\"og:type\" content=\"article\" \/>\n<meta property=\"og:title\" content=\"Justi\u00e7a mant\u00e9m legitimidade da cobran\u00e7a do IPTU 2023 pela Prefeitura de Manaus\" \/>\n<meta property=\"og:description\" content=\"A decis\u00e3o, assinada pela ju\u00edza da Vara Especializada da D\u00edvida Ativa Municipal, Ana Maria de Oliveira Di\u00f3genes, vai validar a recente atualiza\u00e7\u00e3o cadastral implementada na capital amazonense.\" \/>\n<meta property=\"og:url\" content=\"https:\/\/www.manaus.am.gov.br\/semef\/2023\/04\/10\/justica-mantem-legitimidade-da-cobranca-do-iptu-2023-pela-prefeitura-de-manaus\/\" \/>\n<meta property=\"og:site_name\" content=\"SEMEF\" \/>\n<meta property=\"article:published_time\" content=\"2023-04-10T23:28:00+00:00\" \/>\n<meta property=\"article:modified_time\" content=\"2023-04-10T23:28:45+00:00\" \/>\n<meta property=\"og:image\" content=\"https:\/\/www.manaus.am.gov.br\/semef\/wp-content\/uploads\/sites\/7\/2023\/04\/IPTU-2023.jpg\" \/>\n\t<meta property=\"og:image:width\" content=\"2048\" \/>\n\t<meta property=\"og:image:height\" content=\"1365\" \/>\n\t<meta property=\"og:image:type\" content=\"image\/jpeg\" \/>\n<meta name=\"author\" content=\"Bruna Greco\" \/>\n<meta name=\"twitter:card\" content=\"summary_large_image\" \/>\n<meta name=\"twitter:label1\" content=\"Written by\" \/>\n\t<meta name=\"twitter:data1\" content=\"Bruna Greco\" \/>\n\t<meta name=\"twitter:label2\" content=\"Est. reading time\" \/>\n\t<meta name=\"twitter:data2\" content=\"4 minutos\" \/>\n<script type=\"application\/ld+json\" class=\"yoast-schema-graph\">{\"@context\":\"https:\/\/schema.org\",\"@graph\":[{\"@type\":\"WebPage\",\"@id\":\"https:\/\/www.manaus.am.gov.br\/semef\/2023\/04\/10\/justica-mantem-legitimidade-da-cobranca-do-iptu-2023-pela-prefeitura-de-manaus\/\",\"url\":\"https:\/\/www.manaus.am.gov.br\/semef\/2023\/04\/10\/justica-mantem-legitimidade-da-cobranca-do-iptu-2023-pela-prefeitura-de-manaus\/\",\"name\":\"Justi\u00e7a mant\u00e9m legitimidade da cobran\u00e7a do IPTU 2023 pela Prefeitura de Manaus\",\"isPartOf\":{\"@id\":\"https:\/\/www.manaus.am.gov.br\/semef\/#website\"},\"primaryImageOfPage\":{\"@id\":\"https:\/\/www.manaus.am.gov.br\/semef\/2023\/04\/10\/justica-mantem-legitimidade-da-cobranca-do-iptu-2023-pela-prefeitura-de-manaus\/#primaryimage\"},\"image\":{\"@id\":\"https:\/\/www.manaus.am.gov.br\/semef\/2023\/04\/10\/justica-mantem-legitimidade-da-cobranca-do-iptu-2023-pela-prefeitura-de-manaus\/#primaryimage\"},\"thumbnailUrl\":\"https:\/\/www.manaus.am.gov.br\/semef\/wp-content\/uploads\/sites\/7\/2023\/04\/IPTU-2023.jpg\",\"datePublished\":\"2023-04-10T23:28:00+00:00\",\"dateModified\":\"2023-04-10T23:28:45+00:00\",\"author\":{\"@id\":\"https:\/\/www.manaus.am.gov.br\/semef\/#\/schema\/person\/05d223aea2bf115f9883a6ff3683d81b\"},\"description\":\"A decis\u00e3o, assinada pela ju\u00edza da Vara Especializada da D\u00edvida Ativa Municipal, Ana Maria de Oliveira Di\u00f3genes, vai validar a recente atualiza\u00e7\u00e3o cadastral implementada na capital amazonense.\",\"inLanguage\":\"pt-BR\",\"potentialAction\":[{\"@type\":\"ReadAction\",\"target\":[\"https:\/\/www.manaus.am.gov.br\/semef\/2023\/04\/10\/justica-mantem-legitimidade-da-cobranca-do-iptu-2023-pela-prefeitura-de-manaus\/\"]}]},{\"@type\":\"ImageObject\",\"inLanguage\":\"pt-BR\",\"@id\":\"https:\/\/www.manaus.am.gov.br\/semef\/2023\/04\/10\/justica-mantem-legitimidade-da-cobranca-do-iptu-2023-pela-prefeitura-de-manaus\/#primaryimage\",\"url\":\"https:\/\/www.manaus.am.gov.br\/semef\/wp-content\/uploads\/sites\/7\/2023\/04\/IPTU-2023.jpg\",\"contentUrl\":\"https:\/\/www.manaus.am.gov.br\/semef\/wp-content\/uploads\/sites\/7\/2023\/04\/IPTU-2023.jpg\",\"width\":2048,\"height\":1365},{\"@type\":\"WebSite\",\"@id\":\"https:\/\/www.manaus.am.gov.br\/semef\/#website\",\"url\":\"https:\/\/www.manaus.am.gov.br\/semef\/\",\"name\":\"SEMEF\",\"description\":\"Secretaria Municipal de Finan\u00e7as e Tecnologia da Informa\u00e7\u00e3o\",\"potentialAction\":[{\"@type\":\"SearchAction\",\"target\":{\"@type\":\"EntryPoint\",\"urlTemplate\":\"https:\/\/www.manaus.am.gov.br\/semef\/?s={search_term_string}\"},\"query-input\":\"required name=search_term_string\"}],\"inLanguage\":\"pt-BR\"},{\"@type\":\"Person\",\"@id\":\"https:\/\/www.manaus.am.gov.br\/semef\/#\/schema\/person\/05d223aea2bf115f9883a6ff3683d81b\",\"name\":\"Bruna Greco\",\"image\":{\"@type\":\"ImageObject\",\"inLanguage\":\"pt-BR\",\"@id\":\"https:\/\/www.manaus.am.gov.br\/semef\/#\/schema\/person\/image\/\",\"url\":\"https:\/\/secure.gravatar.com\/avatar\/9c877d1a6adc2a055330e5c09a8653ce?s=96&d=mm&r=g\",\"contentUrl\":\"https:\/\/secure.gravatar.com\/avatar\/9c877d1a6adc2a055330e5c09a8653ce?s=96&d=mm&r=g\",\"caption\":\"Bruna Greco\"}}]}<\/script>\n<!-- \/ Yoast SEO plugin. -->","yoast_head_json":{"title":"Justi\u00e7a mant\u00e9m legitimidade da cobran\u00e7a do IPTU 2023 pela Prefeitura de Manaus","description":"A decis\u00e3o, assinada pela ju\u00edza da Vara Especializada da D\u00edvida Ativa Municipal, Ana Maria de Oliveira Di\u00f3genes, vai validar a recente atualiza\u00e7\u00e3o cadastral implementada na capital amazonense.","robots":{"index":"index","follow":"follow","max-snippet":"max-snippet:-1","max-image-preview":"max-image-preview:large","max-video-preview":"max-video-preview:-1"},"canonical":"https:\/\/www.manaus.am.gov.br\/semef\/2023\/04\/10\/justica-mantem-legitimidade-da-cobranca-do-iptu-2023-pela-prefeitura-de-manaus\/","og_locale":"pt_BR","og_type":"article","og_title":"Justi\u00e7a mant\u00e9m legitimidade da cobran\u00e7a do IPTU 2023 pela Prefeitura de Manaus","og_description":"A decis\u00e3o, assinada pela ju\u00edza da Vara Especializada da D\u00edvida Ativa Municipal, Ana Maria de Oliveira Di\u00f3genes, vai validar a recente atualiza\u00e7\u00e3o cadastral implementada na capital amazonense.","og_url":"https:\/\/www.manaus.am.gov.br\/semef\/2023\/04\/10\/justica-mantem-legitimidade-da-cobranca-do-iptu-2023-pela-prefeitura-de-manaus\/","og_site_name":"SEMEF","article_published_time":"2023-04-10T23:28:00+00:00","article_modified_time":"2023-04-10T23:28:45+00:00","og_image":[{"width":2048,"height":1365,"url":"https:\/\/www.manaus.am.gov.br\/semef\/wp-content\/uploads\/sites\/7\/2023\/04\/IPTU-2023.jpg","type":"image\/jpeg"}],"author":"Bruna Greco","twitter_card":"summary_large_image","twitter_misc":{"Written by":"Bruna Greco","Est. reading time":"4 minutos"},"schema":{"@context":"https:\/\/schema.org","@graph":[{"@type":"WebPage","@id":"https:\/\/www.manaus.am.gov.br\/semef\/2023\/04\/10\/justica-mantem-legitimidade-da-cobranca-do-iptu-2023-pela-prefeitura-de-manaus\/","url":"https:\/\/www.manaus.am.gov.br\/semef\/2023\/04\/10\/justica-mantem-legitimidade-da-cobranca-do-iptu-2023-pela-prefeitura-de-manaus\/","name":"Justi\u00e7a mant\u00e9m legitimidade da cobran\u00e7a do IPTU 2023 pela Prefeitura de Manaus","isPartOf":{"@id":"https:\/\/www.manaus.am.gov.br\/semef\/#website"},"primaryImageOfPage":{"@id":"https:\/\/www.manaus.am.gov.br\/semef\/2023\/04\/10\/justica-mantem-legitimidade-da-cobranca-do-iptu-2023-pela-prefeitura-de-manaus\/#primaryimage"},"image":{"@id":"https:\/\/www.manaus.am.gov.br\/semef\/2023\/04\/10\/justica-mantem-legitimidade-da-cobranca-do-iptu-2023-pela-prefeitura-de-manaus\/#primaryimage"},"thumbnailUrl":"https:\/\/www.manaus.am.gov.br\/semef\/wp-content\/uploads\/sites\/7\/2023\/04\/IPTU-2023.jpg","datePublished":"2023-04-10T23:28:00+00:00","dateModified":"2023-04-10T23:28:45+00:00","author":{"@id":"https:\/\/www.manaus.am.gov.br\/semef\/#\/schema\/person\/05d223aea2bf115f9883a6ff3683d81b"},"description":"A decis\u00e3o, assinada pela ju\u00edza da Vara Especializada da D\u00edvida Ativa Municipal, Ana Maria de Oliveira Di\u00f3genes, vai validar a recente atualiza\u00e7\u00e3o cadastral implementada na capital amazonense.","inLanguage":"pt-BR","potentialAction":[{"@type":"ReadAction","target":["https:\/\/www.manaus.am.gov.br\/semef\/2023\/04\/10\/justica-mantem-legitimidade-da-cobranca-do-iptu-2023-pela-prefeitura-de-manaus\/"]}]},{"@type":"ImageObject","inLanguage":"pt-BR","@id":"https:\/\/www.manaus.am.gov.br\/semef\/2023\/04\/10\/justica-mantem-legitimidade-da-cobranca-do-iptu-2023-pela-prefeitura-de-manaus\/#primaryimage","url":"https:\/\/www.manaus.am.gov.br\/semef\/wp-content\/uploads\/sites\/7\/2023\/04\/IPTU-2023.jpg","contentUrl":"https:\/\/www.manaus.am.gov.br\/semef\/wp-content\/uploads\/sites\/7\/2023\/04\/IPTU-2023.jpg","width":2048,"height":1365},{"@type":"WebSite","@id":"https:\/\/www.manaus.am.gov.br\/semef\/#website","url":"https:\/\/www.manaus.am.gov.br\/semef\/","name":"SEMEF","description":"Secretaria Municipal de Finan\u00e7as e Tecnologia da Informa\u00e7\u00e3o","potentialAction":[{"@type":"SearchAction","target":{"@type":"EntryPoint","urlTemplate":"https:\/\/www.manaus.am.gov.br\/semef\/?s={search_term_string}"},"query-input":"required name=search_term_string"}],"inLanguage":"pt-BR"},{"@type":"Person","@id":"https:\/\/www.manaus.am.gov.br\/semef\/#\/schema\/person\/05d223aea2bf115f9883a6ff3683d81b","name":"Bruna Greco","image":{"@type":"ImageObject","inLanguage":"pt-BR","@id":"https:\/\/www.manaus.am.gov.br\/semef\/#\/schema\/person\/image\/","url":"https:\/\/secure.gravatar.com\/avatar\/9c877d1a6adc2a055330e5c09a8653ce?s=96&d=mm&r=g","contentUrl":"https:\/\/secure.gravatar.com\/avatar\/9c877d1a6adc2a055330e5c09a8653ce?s=96&d=mm&r=g","caption":"Bruna Greco"}}]}},"_links":{"self":[{"href":"https:\/\/www.manaus.am.gov.br\/semef\/wp-json\/wp\/v2\/posts\/1238"}],"collection":[{"href":"https:\/\/www.manaus.am.gov.br\/semef\/wp-json\/wp\/v2\/posts"}],"about":[{"href":"https:\/\/www.manaus.am.gov.br\/semef\/wp-json\/wp\/v2\/types\/post"}],"author":[{"embeddable":true,"href":"https:\/\/www.manaus.am.gov.br\/semef\/wp-json\/wp\/v2\/users\/39"}],"replies":[{"embeddable":true,"href":"https:\/\/www.manaus.am.gov.br\/semef\/wp-json\/wp\/v2\/comments?post=1238"}],"version-history":[{"count":1,"href":"https:\/\/www.manaus.am.gov.br\/semef\/wp-json\/wp\/v2\/posts\/1238\/revisions"}],"predecessor-version":[{"id":1240,"href":"https:\/\/www.manaus.am.gov.br\/semef\/wp-json\/wp\/v2\/posts\/1238\/revisions\/1240"}],"wp:featuredmedia":[{"embeddable":true,"href":"https:\/\/www.manaus.am.gov.br\/semef\/wp-json\/wp\/v2\/media\/1239"}],"wp:attachment":[{"href":"https:\/\/www.manaus.am.gov.br\/semef\/wp-json\/wp\/v2\/media?parent=1238"}],"wp:term":[{"taxonomy":"category","embeddable":true,"href":"https:\/\/www.manaus.am.gov.br\/semef\/wp-json\/wp\/v2\/categories?post=1238"},{"taxonomy":"post_tag","embeddable":true,"href":"https:\/\/www.manaus.am.gov.br\/semef\/wp-json\/wp\/v2\/tags?post=1238"}],"curies":[{"name":"wp","href":"https:\/\/api.w.org\/{rel}","templated":true}]}}