{"id":1050,"date":"2023-03-17T16:16:21","date_gmt":"2023-03-17T20:16:21","guid":{"rendered":"https:\/\/www.manaus.am.gov.br\/semef\/2023\/03\/17\/prefeitura-de-manaus-entrega-r-150-mil-em-premiacoes-do-primeiro-sorteio-do-ano-da-campanha-nota-premiada\/"},"modified":"2023-03-17T16:16:23","modified_gmt":"2023-03-17T20:16:23","slug":"prefeitura-de-manaus-entrega-r-150-mil-em-premiacoes-do-primeiro-sorteio-do-ano-da-campanha-nota-premiada","status":"publish","type":"post","link":"https:\/\/www.manaus.am.gov.br\/semef\/2023\/03\/17\/prefeitura-de-manaus-entrega-r-150-mil-em-premiacoes-do-primeiro-sorteio-do-ano-da-campanha-nota-premiada\/","title":{"rendered":"<strong>Prefeitura de Manaus entrega R$ 150 mil em premia\u00e7\u00f5es do primeiro sorteio do ano da Campanha Nota Premiada<\/strong>"},"content":{"rendered":"\n<p>Um total de R$ 150 mil em premia\u00e7\u00f5es foi entregue nesta sexta-feira, 17\/3, pela Prefeitura de Manaus aos 20 contemplados do primeiro sorteio de 2023 da campanha Nota Premiada. A cerim\u00f4nia de entrega ocorreu na Subsecretaria da Receita da Secretaria Municipal de Finan\u00e7as e Tecnologia da Informa\u00e7\u00e3o (Semef), localizada na&nbsp;<a href=\"https:\/\/www.google.com\/maps\/search\/avenida+Japur%C3%A1,+n%C2%BA+488?entry=gmail&amp;source=g\" target=\"_blank\" rel=\"noreferrer noopener\">avenida Japur\u00e1, n\u00ba 488<\/a>, Centro.<\/p>\n\n\n\n<p>O subsecret\u00e1rio da Receita da Semef, Arm\u00ednio Pontes, que coordena a campanha, recebeu os ganhadores j\u00e1 anunciando o incremento das premia\u00e7\u00f5es dos sorteios previstos para este ano. \u201cDevido ao sucesso da nossa campanha e todo o apoio importante que as institui\u00e7\u00f5es sociais t\u00eam recebido, o prefeito de Manaus, David Almeida, determinou o aumento das premia\u00e7\u00f5es, que j\u00e1 passam a valer a partir deste primeiro sorteio do ano\u201d, noticiou.<\/p>\n\n\n\n<p>De acordo com Pontes, um pr\u00eamio de R$ 30 mil foi acrescentado \u00e0s premia\u00e7\u00f5es mensais. No total s\u00e3o 20 premia\u00e7\u00f5es que totalizam R$ 100 mil. As premia\u00e7\u00f5es sociais tamb\u00e9m aumentaram. Para cada pr\u00eamio sorteado, a institui\u00e7\u00e3o indicada pelo ganhador ganha o equivalente a 50% do pr\u00eamio. At\u00e9 o ano passado esse repasse \u00e0s institui\u00e7\u00f5es equivalia a 40%.<\/p>\n\n\n\n<p>A ganhadora do primeiro pr\u00eamio de R$ 30 mil da campanha foi a Tayciane Marinho. Ela declarou que sempre acreditou e j\u00e1 tem at\u00e9 planos para gastar o pr\u00eamio. \u201cSempre acreditei e apoiei essa campanha, pois al\u00e9m de contribuir com a arrecada\u00e7\u00e3o de recursos para a nossa cidade, as institui\u00e7\u00f5es de caridade tamb\u00e9m s\u00e3o beneficiadas. O pr\u00eamio veio em \u00f3tima hora e vou usar para comprar o enxoval do meu filho\u201d, declarou Tayciane, que est\u00e1 gr\u00e1vida de quatro meses.<\/p>\n\n\n\n<p>A felizarda indicou para receber a premia\u00e7\u00e3o social de R$ 15 mil a Associa\u00e7\u00e3o Educacional e Beneficente P\u00e3o e Vida (Nacer). Cleslei Rodrigues, diretor da associa\u00e7\u00e3o, esteve presente para receber o pr\u00eamio e garantiu que o valor beneficiar\u00e1 muito as a\u00e7\u00f5es sociais das crian\u00e7as atendidas.<\/p>\n\n\n\n<p>\u201cCom isso poderemos continuar investindo no futuro das crian\u00e7as que atendemos, com kit escolares, educa\u00e7\u00e3o, alimenta\u00e7\u00e3o. Abrigamos 27 crian\u00e7as em situa\u00e7\u00e3o de vulnerabilidade e, indiretamente, mais 150 crian\u00e7as da nossa comunidade\u201d, declarou.<\/p>\n\n\n\n<p>A lista completa dos felizardos deste primeiro sorteio da Nota Premiada Manaus est\u00e1 dispon\u00edvel no site da campanha, onde tamb\u00e9m poder\u00e1 ser feita a inscri\u00e7\u00e3o para participar dos pr\u00f3ximos sorteios:&nbsp;<a href=\"http:\/\/notapremiada.manaus.am.gov.br\/\" target=\"_blank\" rel=\"noreferrer noopener\">notapremiada.manaus.am.gov.br<\/a>.&nbsp;<\/p>\n\n\n\n<p>&#8212; &#8212; &#8212;<\/p>\n\n\n\n<p><strong>Texto \u2013&nbsp;<\/strong>Anderson Farias \/ Semef<\/p>\n\n\n\n<p><strong>Fotos \u2013&nbsp;<\/strong>Aguilar Abecassis \/ Semcom<\/p>\n\n\n\n<p><strong>Dispon\u00edveis em &#8211;<\/strong>&nbsp;<a href=\"https:\/\/flic.kr\/s\/aHBqjAwc8C\" target=\"_blank\" rel=\"noreferrer noopener\">https:\/\/flic.kr\/s\/aHBqjAwc8C<\/a><\/p>\n","protected":false},"excerpt":{"rendered":"","protected":false},"author":24,"featured_media":1051,"comment_status":"closed","ping_status":"closed","sticky":false,"template":"","format":"standard","meta":{"footnotes":""},"categories":[42],"tags":[57,92,93,12,94,95,14,67,96,16,63,97],"acf":[],"yoast_head":"<!-- This site is optimized with the Yoast SEO plugin v23.0 - https:\/\/yoast.com\/wordpress\/plugins\/seo\/ -->\n<title>Prefeitura de Manaus entrega R$ 150 mil em premia\u00e7\u00f5es do primeiro sorteio do ano da Campanha Nota Premiada<\/title>\n<meta name=\"description\" content=\"Um total de R$ 150 mil em premia\u00e7\u00f5es foi entregue nesta sexta-feira, 17\/3, pela Prefeitura de Manaus aos 20 contemplados do primeiro sorteio de 2023 da campanha Nota Premiada.\" \/>\n<meta name=\"robots\" content=\"index, follow, max-snippet:-1, max-image-preview:large, max-video-preview:-1\" \/>\n<link rel=\"canonical\" href=\"https:\/\/www.manaus.am.gov.br\/semef\/2023\/03\/17\/prefeitura-de-manaus-entrega-r-150-mil-em-premiacoes-do-primeiro-sorteio-do-ano-da-campanha-nota-premiada\/\" \/>\n<meta property=\"og:locale\" content=\"pt_BR\" \/>\n<meta property=\"og:type\" content=\"article\" \/>\n<meta property=\"og:title\" content=\"Prefeitura de Manaus entrega R$ 150 mil em premia\u00e7\u00f5es do primeiro sorteio do ano da Campanha Nota Premiada\" \/>\n<meta property=\"og:description\" content=\"Um total de R$ 150 mil em premia\u00e7\u00f5es foi entregue nesta sexta-feira, 17\/3, pela Prefeitura de Manaus aos 20 contemplados do primeiro sorteio de 2023 da campanha Nota Premiada.\" \/>\n<meta property=\"og:url\" content=\"https:\/\/www.manaus.am.gov.br\/semef\/2023\/03\/17\/prefeitura-de-manaus-entrega-r-150-mil-em-premiacoes-do-primeiro-sorteio-do-ano-da-campanha-nota-premiada\/\" \/>\n<meta property=\"og:site_name\" content=\"SEMEF\" \/>\n<meta property=\"article:published_time\" content=\"2023-03-17T20:16:21+00:00\" \/>\n<meta property=\"article:modified_time\" content=\"2023-03-17T20:16:23+00:00\" \/>\n<meta property=\"og:image\" content=\"https:\/\/www.manaus.am.gov.br\/semef\/wp-content\/uploads\/sites\/7\/2023\/03\/52753284216_9ac6829fe1_o-scaled.jpg\" \/>\n\t<meta property=\"og:image:width\" content=\"2560\" \/>\n\t<meta property=\"og:image:height\" content=\"1707\" \/>\n\t<meta property=\"og:image:type\" content=\"image\/jpeg\" \/>\n<meta name=\"author\" content=\"Cl\u00e1udia Barbosa\" \/>\n<meta name=\"twitter:card\" content=\"summary_large_image\" \/>\n<meta name=\"twitter:label1\" content=\"Written by\" \/>\n\t<meta name=\"twitter:data1\" content=\"Cl\u00e1udia Barbosa\" \/>\n\t<meta name=\"twitter:label2\" content=\"Est. reading time\" \/>\n\t<meta name=\"twitter:data2\" content=\"3 minutos\" \/>\n<script type=\"application\/ld+json\" class=\"yoast-schema-graph\">{\"@context\":\"https:\/\/schema.org\",\"@graph\":[{\"@type\":\"WebPage\",\"@id\":\"https:\/\/www.manaus.am.gov.br\/semef\/2023\/03\/17\/prefeitura-de-manaus-entrega-r-150-mil-em-premiacoes-do-primeiro-sorteio-do-ano-da-campanha-nota-premiada\/\",\"url\":\"https:\/\/www.manaus.am.gov.br\/semef\/2023\/03\/17\/prefeitura-de-manaus-entrega-r-150-mil-em-premiacoes-do-primeiro-sorteio-do-ano-da-campanha-nota-premiada\/\",\"name\":\"Prefeitura de Manaus entrega R$ 150 mil em premia\u00e7\u00f5es do primeiro sorteio do ano da Campanha Nota Premiada\",\"isPartOf\":{\"@id\":\"https:\/\/www.manaus.am.gov.br\/semef\/#website\"},\"primaryImageOfPage\":{\"@id\":\"https:\/\/www.manaus.am.gov.br\/semef\/2023\/03\/17\/prefeitura-de-manaus-entrega-r-150-mil-em-premiacoes-do-primeiro-sorteio-do-ano-da-campanha-nota-premiada\/#primaryimage\"},\"image\":{\"@id\":\"https:\/\/www.manaus.am.gov.br\/semef\/2023\/03\/17\/prefeitura-de-manaus-entrega-r-150-mil-em-premiacoes-do-primeiro-sorteio-do-ano-da-campanha-nota-premiada\/#primaryimage\"},\"thumbnailUrl\":\"https:\/\/www.manaus.am.gov.br\/semef\/wp-content\/uploads\/sites\/7\/2023\/03\/52753284216_9ac6829fe1_o-scaled.jpg\",\"datePublished\":\"2023-03-17T20:16:21+00:00\",\"dateModified\":\"2023-03-17T20:16:23+00:00\",\"author\":{\"@id\":\"https:\/\/www.manaus.am.gov.br\/semef\/#\/schema\/person\/d0a166b5031154c33c77794ddc9a827e\"},\"description\":\"Um total de R$ 150 mil em premia\u00e7\u00f5es foi entregue nesta sexta-feira, 17\/3, pela Prefeitura de Manaus aos 20 contemplados do primeiro sorteio de 2023 da campanha Nota Premiada.\",\"inLanguage\":\"pt-BR\",\"potentialAction\":[{\"@type\":\"ReadAction\",\"target\":[\"https:\/\/www.manaus.am.gov.br\/semef\/2023\/03\/17\/prefeitura-de-manaus-entrega-r-150-mil-em-premiacoes-do-primeiro-sorteio-do-ano-da-campanha-nota-premiada\/\"]}]},{\"@type\":\"ImageObject\",\"inLanguage\":\"pt-BR\",\"@id\":\"https:\/\/www.manaus.am.gov.br\/semef\/2023\/03\/17\/prefeitura-de-manaus-entrega-r-150-mil-em-premiacoes-do-primeiro-sorteio-do-ano-da-campanha-nota-premiada\/#primaryimage\",\"url\":\"https:\/\/www.manaus.am.gov.br\/semef\/wp-content\/uploads\/sites\/7\/2023\/03\/52753284216_9ac6829fe1_o-scaled.jpg\",\"contentUrl\":\"https:\/\/www.manaus.am.gov.br\/semef\/wp-content\/uploads\/sites\/7\/2023\/03\/52753284216_9ac6829fe1_o-scaled.jpg\",\"width\":2560,\"height\":1707},{\"@type\":\"WebSite\",\"@id\":\"https:\/\/www.manaus.am.gov.br\/semef\/#website\",\"url\":\"https:\/\/www.manaus.am.gov.br\/semef\/\",\"name\":\"SEMEF\",\"description\":\"Secretaria Municipal de Finan\u00e7as e Tecnologia da Informa\u00e7\u00e3o\",\"potentialAction\":[{\"@type\":\"SearchAction\",\"target\":{\"@type\":\"EntryPoint\",\"urlTemplate\":\"https:\/\/www.manaus.am.gov.br\/semef\/?s={search_term_string}\"},\"query-input\":\"required name=search_term_string\"}],\"inLanguage\":\"pt-BR\"},{\"@type\":\"Person\",\"@id\":\"https:\/\/www.manaus.am.gov.br\/semef\/#\/schema\/person\/d0a166b5031154c33c77794ddc9a827e\",\"name\":\"Cl\u00e1udia Barbosa\",\"image\":{\"@type\":\"ImageObject\",\"inLanguage\":\"pt-BR\",\"@id\":\"https:\/\/www.manaus.am.gov.br\/semef\/#\/schema\/person\/image\/\",\"url\":\"https:\/\/secure.gravatar.com\/avatar\/42958a1cf007f1a00534009218c72590?s=96&d=mm&r=g\",\"contentUrl\":\"https:\/\/secure.gravatar.com\/avatar\/42958a1cf007f1a00534009218c72590?s=96&d=mm&r=g\",\"caption\":\"Cl\u00e1udia Barbosa\"}}]}<\/script>\n<!-- \/ Yoast SEO plugin. -->","yoast_head_json":{"title":"Prefeitura de Manaus entrega R$ 150 mil em premia\u00e7\u00f5es do primeiro sorteio do ano da Campanha Nota Premiada","description":"Um total de R$ 150 mil em premia\u00e7\u00f5es foi entregue nesta sexta-feira, 17\/3, pela Prefeitura de Manaus aos 20 contemplados do primeiro sorteio de 2023 da campanha Nota Premiada.","robots":{"index":"index","follow":"follow","max-snippet":"max-snippet:-1","max-image-preview":"max-image-preview:large","max-video-preview":"max-video-preview:-1"},"canonical":"https:\/\/www.manaus.am.gov.br\/semef\/2023\/03\/17\/prefeitura-de-manaus-entrega-r-150-mil-em-premiacoes-do-primeiro-sorteio-do-ano-da-campanha-nota-premiada\/","og_locale":"pt_BR","og_type":"article","og_title":"Prefeitura de Manaus entrega R$ 150 mil em premia\u00e7\u00f5es do primeiro sorteio do ano da Campanha Nota Premiada","og_description":"Um total de R$ 150 mil em premia\u00e7\u00f5es foi entregue nesta sexta-feira, 17\/3, pela Prefeitura de Manaus aos 20 contemplados do primeiro sorteio de 2023 da campanha Nota Premiada.","og_url":"https:\/\/www.manaus.am.gov.br\/semef\/2023\/03\/17\/prefeitura-de-manaus-entrega-r-150-mil-em-premiacoes-do-primeiro-sorteio-do-ano-da-campanha-nota-premiada\/","og_site_name":"SEMEF","article_published_time":"2023-03-17T20:16:21+00:00","article_modified_time":"2023-03-17T20:16:23+00:00","og_image":[{"width":2560,"height":1707,"url":"https:\/\/www.manaus.am.gov.br\/semef\/wp-content\/uploads\/sites\/7\/2023\/03\/52753284216_9ac6829fe1_o-scaled.jpg","type":"image\/jpeg"}],"author":"Cl\u00e1udia Barbosa","twitter_card":"summary_large_image","twitter_misc":{"Written by":"Cl\u00e1udia Barbosa","Est. reading time":"3 minutos"},"schema":{"@context":"https:\/\/schema.org","@graph":[{"@type":"WebPage","@id":"https:\/\/www.manaus.am.gov.br\/semef\/2023\/03\/17\/prefeitura-de-manaus-entrega-r-150-mil-em-premiacoes-do-primeiro-sorteio-do-ano-da-campanha-nota-premiada\/","url":"https:\/\/www.manaus.am.gov.br\/semef\/2023\/03\/17\/prefeitura-de-manaus-entrega-r-150-mil-em-premiacoes-do-primeiro-sorteio-do-ano-da-campanha-nota-premiada\/","name":"Prefeitura de Manaus entrega R$ 150 mil em premia\u00e7\u00f5es do primeiro sorteio do ano da Campanha Nota Premiada","isPartOf":{"@id":"https:\/\/www.manaus.am.gov.br\/semef\/#website"},"primaryImageOfPage":{"@id":"https:\/\/www.manaus.am.gov.br\/semef\/2023\/03\/17\/prefeitura-de-manaus-entrega-r-150-mil-em-premiacoes-do-primeiro-sorteio-do-ano-da-campanha-nota-premiada\/#primaryimage"},"image":{"@id":"https:\/\/www.manaus.am.gov.br\/semef\/2023\/03\/17\/prefeitura-de-manaus-entrega-r-150-mil-em-premiacoes-do-primeiro-sorteio-do-ano-da-campanha-nota-premiada\/#primaryimage"},"thumbnailUrl":"https:\/\/www.manaus.am.gov.br\/semef\/wp-content\/uploads\/sites\/7\/2023\/03\/52753284216_9ac6829fe1_o-scaled.jpg","datePublished":"2023-03-17T20:16:21+00:00","dateModified":"2023-03-17T20:16:23+00:00","author":{"@id":"https:\/\/www.manaus.am.gov.br\/semef\/#\/schema\/person\/d0a166b5031154c33c77794ddc9a827e"},"description":"Um total de R$ 150 mil em premia\u00e7\u00f5es foi entregue nesta sexta-feira, 17\/3, pela Prefeitura de Manaus aos 20 contemplados do primeiro sorteio de 2023 da campanha Nota Premiada.","inLanguage":"pt-BR","potentialAction":[{"@type":"ReadAction","target":["https:\/\/www.manaus.am.gov.br\/semef\/2023\/03\/17\/prefeitura-de-manaus-entrega-r-150-mil-em-premiacoes-do-primeiro-sorteio-do-ano-da-campanha-nota-premiada\/"]}]},{"@type":"ImageObject","inLanguage":"pt-BR","@id":"https:\/\/www.manaus.am.gov.br\/semef\/2023\/03\/17\/prefeitura-de-manaus-entrega-r-150-mil-em-premiacoes-do-primeiro-sorteio-do-ano-da-campanha-nota-premiada\/#primaryimage","url":"https:\/\/www.manaus.am.gov.br\/semef\/wp-content\/uploads\/sites\/7\/2023\/03\/52753284216_9ac6829fe1_o-scaled.jpg","contentUrl":"https:\/\/www.manaus.am.gov.br\/semef\/wp-content\/uploads\/sites\/7\/2023\/03\/52753284216_9ac6829fe1_o-scaled.jpg","width":2560,"height":1707},{"@type":"WebSite","@id":"https:\/\/www.manaus.am.gov.br\/semef\/#website","url":"https:\/\/www.manaus.am.gov.br\/semef\/","name":"SEMEF","description":"Secretaria Municipal de Finan\u00e7as e Tecnologia da Informa\u00e7\u00e3o","potentialAction":[{"@type":"SearchAction","target":{"@type":"EntryPoint","urlTemplate":"https:\/\/www.manaus.am.gov.br\/semef\/?s={search_term_string}"},"query-input":"required name=search_term_string"}],"inLanguage":"pt-BR"},{"@type":"Person","@id":"https:\/\/www.manaus.am.gov.br\/semef\/#\/schema\/person\/d0a166b5031154c33c77794ddc9a827e","name":"Cl\u00e1udia Barbosa","image":{"@type":"ImageObject","inLanguage":"pt-BR","@id":"https:\/\/www.manaus.am.gov.br\/semef\/#\/schema\/person\/image\/","url":"https:\/\/secure.gravatar.com\/avatar\/42958a1cf007f1a00534009218c72590?s=96&d=mm&r=g","contentUrl":"https:\/\/secure.gravatar.com\/avatar\/42958a1cf007f1a00534009218c72590?s=96&d=mm&r=g","caption":"Cl\u00e1udia Barbosa"}}]}},"_links":{"self":[{"href":"https:\/\/www.manaus.am.gov.br\/semef\/wp-json\/wp\/v2\/posts\/1050"}],"collection":[{"href":"https:\/\/www.manaus.am.gov.br\/semef\/wp-json\/wp\/v2\/posts"}],"about":[{"href":"https:\/\/www.manaus.am.gov.br\/semef\/wp-json\/wp\/v2\/types\/post"}],"author":[{"embeddable":true,"href":"https:\/\/www.manaus.am.gov.br\/semef\/wp-json\/wp\/v2\/users\/24"}],"replies":[{"embeddable":true,"href":"https:\/\/www.manaus.am.gov.br\/semef\/wp-json\/wp\/v2\/comments?post=1050"}],"version-history":[{"count":0,"href":"https:\/\/www.manaus.am.gov.br\/semef\/wp-json\/wp\/v2\/posts\/1050\/revisions"}],"wp:featuredmedia":[{"embeddable":true,"href":"https:\/\/www.manaus.am.gov.br\/semef\/wp-json\/wp\/v2\/media\/1051"}],"wp:attachment":[{"href":"https:\/\/www.manaus.am.gov.br\/semef\/wp-json\/wp\/v2\/media?parent=1050"}],"wp:term":[{"taxonomy":"category","embeddable":true,"href":"https:\/\/www.manaus.am.gov.br\/semef\/wp-json\/wp\/v2\/categories?post=1050"},{"taxonomy":"post_tag","embeddable":true,"href":"https:\/\/www.manaus.am.gov.br\/semef\/wp-json\/wp\/v2\/tags?post=1050"}],"curies":[{"name":"wp","href":"https:\/\/api.w.org\/{rel}","templated":true}]}}