{"id":9713,"date":"2025-08-28T14:50:07","date_gmt":"2025-08-28T18:50:07","guid":{"rendered":"https:\/\/www.manaus.am.gov.br\/semed\/not\u00edcias\/sem-categoria\/cmei-balbina-mestrinho-circuito-psicomotor\/"},"modified":"2025-08-28T14:50:07","modified_gmt":"2025-08-28T18:50:07","slug":"cmei-balbina-mestrinho-circuito-psicomotor","status":"publish","type":"post","link":"https:\/\/www.manaus.am.gov.br\/semed\/not\u00edcias\/atividades\/cmei-balbina-mestrinho-circuito-psicomotor\/","title":{"rendered":"Cmei Balbina Mestrinho realiza circuito psicomotor para crian\u00e7as da Educa\u00e7\u00e3o Infantil da prefeitura"},"content":{"rendered":"\n<p>Em alus\u00e3o \u00e0 \u201cSemana Nacional da Pessoa com Defici\u00eancia Intelectual e M\u00faltipla\u201d, que acontece at\u00e9 o dia 1\u00ba\/9, a Prefeitura de Manaus, por meio da Secretaria Municipal de Educa\u00e7\u00e3o (Semed), promoveu, nesta quinta-feira, 28\/8, um circuito psicomotor voltado para crian\u00e7as at\u00edpicas no Centro Municipal de Educa\u00e7\u00e3o Infantil (Cmei) Balbina Mestrinho, localizado no bairro S\u00e3o Jos\u00e9 2, zona Leste da capital. A atividade contou com a participa\u00e7\u00e3o de 234 crian\u00e7as do 1\u00b0 e 2\u00b0 per\u00edodo da Educa\u00e7\u00e3o Infantil, com idades entre 4 e 5 anos.<\/p>\n\n\n\n<p><br>O projeto, intitulado \u201cTodos N\u00f3s Somos \u00danicos e Especiais\u201d, incluiu atividades como esgrima da alegria, esta\u00e7\u00e3o do tato com tapete sensorial, gin\u00e1stica da alegria, corrida com venda guiada, v\u00f4lei sentado e m\u00fasica em movimento, que estimulam todos os sentidos. A iniciativa tem como objetivo desenvolver empatia, percep\u00e7\u00e3o das dificuldades enfrentadas por algumas crian\u00e7as, al\u00e9m de confian\u00e7a, coopera\u00e7\u00e3o, respeito e est\u00edmulo sensorial, envolvendo tato, audi\u00e7\u00e3o, equil\u00edbrio e olfato.<br><br>A diretora da escola, Rita Aguiar, destacou que, durante a semana nacional, s\u00e3o realizadas atividades em sala de aula com os pequenos, com o objetivo de ensin\u00e1-los sobre as crian\u00e7as que apresentam algum tipo de defici\u00eancia, os chamados coleguinhas at\u00edpicos.<\/p>\n\n\n\n<p><br>\u201cDurante a semana nacional, as professoras desenvolveram atividades l\u00fadicas com as crian\u00e7as, abordando a import\u00e2ncia da inclus\u00e3o. No encerramento, realizamos um circuito psicomotor, com din\u00e2micas como o tapete sensorial, que tamb\u00e9m podem ser vivenciadas por crian\u00e7as com defici\u00eancia f\u00edsica. A proposta \u00e9 garantir a participa\u00e7\u00e3o de todos e ensinar, desde cedo, valores como empatia, respeito e acolhimento\u201d, declarou a diretora.<\/p>\n\n\n\n<p><br>Segundo a coordenadora do projeto, Elenice Castilho, toda a\u00e7\u00e3o foi desenvolvida considerando a proposta da Semed, e assim surgiu o \u201cTodos N\u00f3s Somos \u00danicos e Especiais\u201d.<\/p>\n\n\n\n<p><br>\u201cComo o nosso p\u00fablico-alvo s\u00e3o as crian\u00e7as at\u00edpicas, pensamos em trabalhar o circuito psicomotor, que estimula as quest\u00f5es sensoriais, como vis\u00e3o, tato e paladar, para desenvolver a coordena\u00e7\u00e3o motora. Cada crian\u00e7a \u00e9 \u00fanica, cada serzinho tem sua pr\u00f3pria forma de perceber o mundo, e, pensando nisso, buscamos atuar em parceria com a fam\u00edlia, para que possamos desenvolver o aspecto pedag\u00f3gico e a forma como essa crian\u00e7a vai aprender e se desenvolver\u201d, enfatizou Elenice.<\/p>\n\n\n\n<figure class=\"wp-block-image size-large\"><img loading=\"lazy\" decoding=\"async\" width=\"1024\" height=\"683\" src=\"https:\/\/www.manaus.am.gov.br\/semed\/wp-content\/uploads\/sites\/3\/2025\/08\/54750575613_931e1e8375_k-1024x683.jpg\" alt=\"\" class=\"wp-image-9714\" srcset=\"https:\/\/www.manaus.am.gov.br\/semed\/wp-content\/uploads\/sites\/3\/2025\/08\/54750575613_931e1e8375_k-1024x683.jpg 1024w, https:\/\/www.manaus.am.gov.br\/semed\/wp-content\/uploads\/sites\/3\/2025\/08\/54750575613_931e1e8375_k-300x200.jpg 300w, https:\/\/www.manaus.am.gov.br\/semed\/wp-content\/uploads\/sites\/3\/2025\/08\/54750575613_931e1e8375_k-768x512.jpg 768w, https:\/\/www.manaus.am.gov.br\/semed\/wp-content\/uploads\/sites\/3\/2025\/08\/54750575613_931e1e8375_k-1536x1024.jpg 1536w, https:\/\/www.manaus.am.gov.br\/semed\/wp-content\/uploads\/sites\/3\/2025\/08\/54750575613_931e1e8375_k.jpg 2048w\" sizes=\"(max-width: 1024px) 100vw, 1024px\" \/><\/figure>\n\n\n\n<p>&#8212; &#8212; &#8212;<\/p>\n\n\n\n<p><strong>Texto &#8211;<\/strong>&nbsp;Jorgiane Castinares\/Semed<\/p>\n\n\n\n<p><strong>Fotos<\/strong> &#8211; Ulisson Santos\/Semed<\/p>\n\n\n\n<p><strong>Dispon\u00edveis em \u2013<\/strong> <a href=\"https:\/\/flic.kr\/s\/aHBqjCseGW\">https:\/\/flic.kr\/s\/aHBqjCseGW<\/a><\/p>\n","protected":false},"excerpt":{"rendered":"","protected":false},"author":39,"featured_media":9715,"comment_status":"closed","ping_status":"closed","sticky":false,"template":"","format":"standard","meta":{"footnotes":""},"categories":[41],"tags":[2380,827,20,15,52],"acf":[],"yoast_head":"<!-- This site is optimized with the Yoast SEO plugin v23.0 - https:\/\/yoast.com\/wordpress\/plugins\/seo\/ -->\n<title>Cmei Balbina Mestrinho realiza circuito psicomotor para crian\u00e7as<\/title>\n<meta name=\"description\" content=\"Cmei Balbina Mestrinho realiza circuito psicomotor para crian\u00e7as da Educa\u00e7\u00e3o Infantil da Prefeitura de Manaus.\" \/>\n<meta name=\"robots\" content=\"index, follow, max-snippet:-1, max-image-preview:large, max-video-preview:-1\" \/>\n<link rel=\"canonical\" href=\"https:\/\/www.manaus.am.gov.br\/semed\/not\u00edcias\/atividades\/cmei-balbina-mestrinho-circuito-psicomotor\/\" \/>\n<meta property=\"og:locale\" content=\"pt_BR\" \/>\n<meta property=\"og:type\" content=\"article\" \/>\n<meta property=\"og:title\" content=\"Cmei Balbina Mestrinho realiza circuito psicomotor para crian\u00e7as\" \/>\n<meta property=\"og:description\" content=\"Cmei Balbina Mestrinho realiza circuito psicomotor para crian\u00e7as da Educa\u00e7\u00e3o Infantil da Prefeitura de Manaus.\" \/>\n<meta property=\"og:url\" content=\"https:\/\/www.manaus.am.gov.br\/semed\/not\u00edcias\/atividades\/cmei-balbina-mestrinho-circuito-psicomotor\/\" \/>\n<meta property=\"og:site_name\" content=\"SEMED\" \/>\n<meta property=\"article:published_time\" content=\"2025-08-28T18:50:07+00:00\" \/>\n<meta property=\"og:image\" content=\"https:\/\/www.manaus.am.gov.br\/semed\/wp-content\/uploads\/sites\/3\/2025\/08\/54750703125_c30c6f8638_k.jpg\" \/>\n\t<meta property=\"og:image:width\" content=\"2048\" \/>\n\t<meta property=\"og:image:height\" content=\"1365\" \/>\n\t<meta property=\"og:image:type\" content=\"image\/jpeg\" \/>\n<meta name=\"author\" content=\"Bruna Greco\" \/>\n<meta name=\"twitter:card\" content=\"summary_large_image\" \/>\n<meta name=\"twitter:label1\" content=\"Written by\" \/>\n\t<meta name=\"twitter:data1\" content=\"Bruna Greco\" \/>\n\t<meta name=\"twitter:label2\" content=\"Est. reading time\" \/>\n\t<meta name=\"twitter:data2\" content=\"3 minutos\" \/>\n<script type=\"application\/ld+json\" class=\"yoast-schema-graph\">{\"@context\":\"https:\/\/schema.org\",\"@graph\":[{\"@type\":\"Article\",\"@id\":\"https:\/\/www.manaus.am.gov.br\/semed\/not\u00edcias\/atividades\/cmei-balbina-mestrinho-circuito-psicomotor\/#article\",\"isPartOf\":{\"@id\":\"https:\/\/www.manaus.am.gov.br\/semed\/not\u00edcias\/atividades\/cmei-balbina-mestrinho-circuito-psicomotor\/\"},\"author\":{\"name\":\"Bruna Greco\",\"@id\":\"https:\/\/www.manaus.am.gov.br\/semed\/#\/schema\/person\/05d223aea2bf115f9883a6ff3683d81b\"},\"headline\":\"Cmei Balbina Mestrinho realiza circuito psicomotor para crian\u00e7as da Educa\u00e7\u00e3o Infantil da prefeitura\",\"datePublished\":\"2025-08-28T18:50:07+00:00\",\"dateModified\":\"2025-08-28T18:50:07+00:00\",\"mainEntityOfPage\":{\"@id\":\"https:\/\/www.manaus.am.gov.br\/semed\/not\u00edcias\/atividades\/cmei-balbina-mestrinho-circuito-psicomotor\/\"},\"wordCount\":430,\"publisher\":{\"@id\":\"https:\/\/www.manaus.am.gov.br\/semed\/#organization\"},\"image\":{\"@id\":\"https:\/\/www.manaus.am.gov.br\/semed\/not\u00edcias\/atividades\/cmei-balbina-mestrinho-circuito-psicomotor\/#primaryimage\"},\"thumbnailUrl\":\"https:\/\/www.manaus.am.gov.br\/semed\/wp-content\/uploads\/sites\/3\/2025\/08\/54750703125_c30c6f8638_k.jpg\",\"keywords\":[\"circuito psicomotor\",\"Cmei Balbina Mestrinho\",\"Educa\u00e7\u00e3o Infantil\",\"prefeitura de manaus\",\"semed\"],\"articleSection\":[\"Atividades\"],\"inLanguage\":\"pt-BR\"},{\"@type\":\"WebPage\",\"@id\":\"https:\/\/www.manaus.am.gov.br\/semed\/not\u00edcias\/atividades\/cmei-balbina-mestrinho-circuito-psicomotor\/\",\"url\":\"https:\/\/www.manaus.am.gov.br\/semed\/not\u00edcias\/atividades\/cmei-balbina-mestrinho-circuito-psicomotor\/\",\"name\":\"Cmei Balbina Mestrinho realiza circuito psicomotor para crian\u00e7as\",\"isPartOf\":{\"@id\":\"https:\/\/www.manaus.am.gov.br\/semed\/#website\"},\"primaryImageOfPage\":{\"@id\":\"https:\/\/www.manaus.am.gov.br\/semed\/not\u00edcias\/atividades\/cmei-balbina-mestrinho-circuito-psicomotor\/#primaryimage\"},\"image\":{\"@id\":\"https:\/\/www.manaus.am.gov.br\/semed\/not\u00edcias\/atividades\/cmei-balbina-mestrinho-circuito-psicomotor\/#primaryimage\"},\"thumbnailUrl\":\"https:\/\/www.manaus.am.gov.br\/semed\/wp-content\/uploads\/sites\/3\/2025\/08\/54750703125_c30c6f8638_k.jpg\",\"datePublished\":\"2025-08-28T18:50:07+00:00\",\"dateModified\":\"2025-08-28T18:50:07+00:00\",\"description\":\"Cmei Balbina Mestrinho realiza circuito psicomotor para crian\u00e7as da Educa\u00e7\u00e3o Infantil da Prefeitura de Manaus.\",\"inLanguage\":\"pt-BR\",\"potentialAction\":[{\"@type\":\"ReadAction\",\"target\":[\"https:\/\/www.manaus.am.gov.br\/semed\/not\u00edcias\/atividades\/cmei-balbina-mestrinho-circuito-psicomotor\/\"]}]},{\"@type\":\"ImageObject\",\"inLanguage\":\"pt-BR\",\"@id\":\"https:\/\/www.manaus.am.gov.br\/semed\/not\u00edcias\/atividades\/cmei-balbina-mestrinho-circuito-psicomotor\/#primaryimage\",\"url\":\"https:\/\/www.manaus.am.gov.br\/semed\/wp-content\/uploads\/sites\/3\/2025\/08\/54750703125_c30c6f8638_k.jpg\",\"contentUrl\":\"https:\/\/www.manaus.am.gov.br\/semed\/wp-content\/uploads\/sites\/3\/2025\/08\/54750703125_c30c6f8638_k.jpg\",\"width\":2048,\"height\":1365,\"caption\":\"#paratodosverem - Alunos do Cmei Balbina Mestrinho participando de circuito psicomotor durante atividade em alus\u00e3o \u00e0 \u201cSemana Nacional da Pessoa com Defici\u00eancia Intelectual e M\u00faltipla\u201d\"},{\"@type\":\"WebSite\",\"@id\":\"https:\/\/www.manaus.am.gov.br\/semed\/#website\",\"url\":\"https:\/\/www.manaus.am.gov.br\/semed\/\",\"name\":\"Secretaria Municipal de Educa\u00e7\u00e3o\",\"description\":\"Secretaria Municipal de Educa\u00e7\u00e3o\",\"publisher\":{\"@id\":\"https:\/\/www.manaus.am.gov.br\/semed\/#organization\"},\"alternateName\":\"SEMED\",\"potentialAction\":[{\"@type\":\"SearchAction\",\"target\":{\"@type\":\"EntryPoint\",\"urlTemplate\":\"https:\/\/www.manaus.am.gov.br\/semed\/?s={search_term_string}\"},\"query-input\":\"required name=search_term_string\"}],\"inLanguage\":\"pt-BR\"},{\"@type\":\"Organization\",\"@id\":\"https:\/\/www.manaus.am.gov.br\/semed\/#organization\",\"name\":\"Secretaria de Educa\u00e7\u00e3o\",\"alternateName\":\"SEMED\",\"url\":\"https:\/\/www.manaus.am.gov.br\/semed\/\",\"logo\":{\"@type\":\"ImageObject\",\"inLanguage\":\"pt-BR\",\"@id\":\"https:\/\/www.manaus.am.gov.br\/semed\/#\/schema\/logo\/image\/\",\"url\":\"https:\/\/www.manaus.am.gov.br\/semed\/wp-content\/uploads\/sites\/3\/2022\/11\/favicon.png\",\"contentUrl\":\"https:\/\/www.manaus.am.gov.br\/semed\/wp-content\/uploads\/sites\/3\/2022\/11\/favicon.png\",\"width\":300,\"height\":300,\"caption\":\"Secretaria de Educa\u00e7\u00e3o\"},\"image\":{\"@id\":\"https:\/\/www.manaus.am.gov.br\/semed\/#\/schema\/logo\/image\/\"}},{\"@type\":\"Person\",\"@id\":\"https:\/\/www.manaus.am.gov.br\/semed\/#\/schema\/person\/05d223aea2bf115f9883a6ff3683d81b\",\"name\":\"Bruna Greco\",\"image\":{\"@type\":\"ImageObject\",\"inLanguage\":\"pt-BR\",\"@id\":\"https:\/\/www.manaus.am.gov.br\/semed\/#\/schema\/person\/image\/\",\"url\":\"https:\/\/secure.gravatar.com\/avatar\/9c877d1a6adc2a055330e5c09a8653ce?s=96&d=mm&r=g\",\"contentUrl\":\"https:\/\/secure.gravatar.com\/avatar\/9c877d1a6adc2a055330e5c09a8653ce?s=96&d=mm&r=g\",\"caption\":\"Bruna Greco\"}}]}<\/script>\n<!-- \/ Yoast SEO plugin. -->","yoast_head_json":{"title":"Cmei Balbina Mestrinho realiza circuito psicomotor para crian\u00e7as","description":"Cmei Balbina Mestrinho realiza circuito psicomotor para crian\u00e7as da Educa\u00e7\u00e3o Infantil da Prefeitura de Manaus.","robots":{"index":"index","follow":"follow","max-snippet":"max-snippet:-1","max-image-preview":"max-image-preview:large","max-video-preview":"max-video-preview:-1"},"canonical":"https:\/\/www.manaus.am.gov.br\/semed\/not\u00edcias\/atividades\/cmei-balbina-mestrinho-circuito-psicomotor\/","og_locale":"pt_BR","og_type":"article","og_title":"Cmei Balbina Mestrinho realiza circuito psicomotor para crian\u00e7as","og_description":"Cmei Balbina Mestrinho realiza circuito psicomotor para crian\u00e7as da Educa\u00e7\u00e3o Infantil da Prefeitura de Manaus.","og_url":"https:\/\/www.manaus.am.gov.br\/semed\/not\u00edcias\/atividades\/cmei-balbina-mestrinho-circuito-psicomotor\/","og_site_name":"SEMED","article_published_time":"2025-08-28T18:50:07+00:00","og_image":[{"width":2048,"height":1365,"url":"https:\/\/www.manaus.am.gov.br\/semed\/wp-content\/uploads\/sites\/3\/2025\/08\/54750703125_c30c6f8638_k.jpg","type":"image\/jpeg"}],"author":"Bruna Greco","twitter_card":"summary_large_image","twitter_misc":{"Written by":"Bruna Greco","Est. reading time":"3 minutos"},"schema":{"@context":"https:\/\/schema.org","@graph":[{"@type":"Article","@id":"https:\/\/www.manaus.am.gov.br\/semed\/not\u00edcias\/atividades\/cmei-balbina-mestrinho-circuito-psicomotor\/#article","isPartOf":{"@id":"https:\/\/www.manaus.am.gov.br\/semed\/not\u00edcias\/atividades\/cmei-balbina-mestrinho-circuito-psicomotor\/"},"author":{"name":"Bruna Greco","@id":"https:\/\/www.manaus.am.gov.br\/semed\/#\/schema\/person\/05d223aea2bf115f9883a6ff3683d81b"},"headline":"Cmei Balbina Mestrinho realiza circuito psicomotor para crian\u00e7as da Educa\u00e7\u00e3o Infantil da prefeitura","datePublished":"2025-08-28T18:50:07+00:00","dateModified":"2025-08-28T18:50:07+00:00","mainEntityOfPage":{"@id":"https:\/\/www.manaus.am.gov.br\/semed\/not\u00edcias\/atividades\/cmei-balbina-mestrinho-circuito-psicomotor\/"},"wordCount":430,"publisher":{"@id":"https:\/\/www.manaus.am.gov.br\/semed\/#organization"},"image":{"@id":"https:\/\/www.manaus.am.gov.br\/semed\/not\u00edcias\/atividades\/cmei-balbina-mestrinho-circuito-psicomotor\/#primaryimage"},"thumbnailUrl":"https:\/\/www.manaus.am.gov.br\/semed\/wp-content\/uploads\/sites\/3\/2025\/08\/54750703125_c30c6f8638_k.jpg","keywords":["circuito psicomotor","Cmei Balbina Mestrinho","Educa\u00e7\u00e3o Infantil","prefeitura de manaus","semed"],"articleSection":["Atividades"],"inLanguage":"pt-BR"},{"@type":"WebPage","@id":"https:\/\/www.manaus.am.gov.br\/semed\/not\u00edcias\/atividades\/cmei-balbina-mestrinho-circuito-psicomotor\/","url":"https:\/\/www.manaus.am.gov.br\/semed\/not\u00edcias\/atividades\/cmei-balbina-mestrinho-circuito-psicomotor\/","name":"Cmei Balbina Mestrinho realiza circuito psicomotor para crian\u00e7as","isPartOf":{"@id":"https:\/\/www.manaus.am.gov.br\/semed\/#website"},"primaryImageOfPage":{"@id":"https:\/\/www.manaus.am.gov.br\/semed\/not\u00edcias\/atividades\/cmei-balbina-mestrinho-circuito-psicomotor\/#primaryimage"},"image":{"@id":"https:\/\/www.manaus.am.gov.br\/semed\/not\u00edcias\/atividades\/cmei-balbina-mestrinho-circuito-psicomotor\/#primaryimage"},"thumbnailUrl":"https:\/\/www.manaus.am.gov.br\/semed\/wp-content\/uploads\/sites\/3\/2025\/08\/54750703125_c30c6f8638_k.jpg","datePublished":"2025-08-28T18:50:07+00:00","dateModified":"2025-08-28T18:50:07+00:00","description":"Cmei Balbina Mestrinho realiza circuito psicomotor para crian\u00e7as da Educa\u00e7\u00e3o Infantil da Prefeitura de Manaus.","inLanguage":"pt-BR","potentialAction":[{"@type":"ReadAction","target":["https:\/\/www.manaus.am.gov.br\/semed\/not\u00edcias\/atividades\/cmei-balbina-mestrinho-circuito-psicomotor\/"]}]},{"@type":"ImageObject","inLanguage":"pt-BR","@id":"https:\/\/www.manaus.am.gov.br\/semed\/not\u00edcias\/atividades\/cmei-balbina-mestrinho-circuito-psicomotor\/#primaryimage","url":"https:\/\/www.manaus.am.gov.br\/semed\/wp-content\/uploads\/sites\/3\/2025\/08\/54750703125_c30c6f8638_k.jpg","contentUrl":"https:\/\/www.manaus.am.gov.br\/semed\/wp-content\/uploads\/sites\/3\/2025\/08\/54750703125_c30c6f8638_k.jpg","width":2048,"height":1365,"caption":"#paratodosverem - Alunos do Cmei Balbina Mestrinho participando de circuito psicomotor durante atividade em alus\u00e3o \u00e0 \u201cSemana Nacional da Pessoa com Defici\u00eancia Intelectual e M\u00faltipla\u201d"},{"@type":"WebSite","@id":"https:\/\/www.manaus.am.gov.br\/semed\/#website","url":"https:\/\/www.manaus.am.gov.br\/semed\/","name":"Secretaria Municipal de Educa\u00e7\u00e3o","description":"Secretaria Municipal de Educa\u00e7\u00e3o","publisher":{"@id":"https:\/\/www.manaus.am.gov.br\/semed\/#organization"},"alternateName":"SEMED","potentialAction":[{"@type":"SearchAction","target":{"@type":"EntryPoint","urlTemplate":"https:\/\/www.manaus.am.gov.br\/semed\/?s={search_term_string}"},"query-input":"required name=search_term_string"}],"inLanguage":"pt-BR"},{"@type":"Organization","@id":"https:\/\/www.manaus.am.gov.br\/semed\/#organization","name":"Secretaria de Educa\u00e7\u00e3o","alternateName":"SEMED","url":"https:\/\/www.manaus.am.gov.br\/semed\/","logo":{"@type":"ImageObject","inLanguage":"pt-BR","@id":"https:\/\/www.manaus.am.gov.br\/semed\/#\/schema\/logo\/image\/","url":"https:\/\/www.manaus.am.gov.br\/semed\/wp-content\/uploads\/sites\/3\/2022\/11\/favicon.png","contentUrl":"https:\/\/www.manaus.am.gov.br\/semed\/wp-content\/uploads\/sites\/3\/2022\/11\/favicon.png","width":300,"height":300,"caption":"Secretaria de Educa\u00e7\u00e3o"},"image":{"@id":"https:\/\/www.manaus.am.gov.br\/semed\/#\/schema\/logo\/image\/"}},{"@type":"Person","@id":"https:\/\/www.manaus.am.gov.br\/semed\/#\/schema\/person\/05d223aea2bf115f9883a6ff3683d81b","name":"Bruna Greco","image":{"@type":"ImageObject","inLanguage":"pt-BR","@id":"https:\/\/www.manaus.am.gov.br\/semed\/#\/schema\/person\/image\/","url":"https:\/\/secure.gravatar.com\/avatar\/9c877d1a6adc2a055330e5c09a8653ce?s=96&d=mm&r=g","contentUrl":"https:\/\/secure.gravatar.com\/avatar\/9c877d1a6adc2a055330e5c09a8653ce?s=96&d=mm&r=g","caption":"Bruna Greco"}}]}},"_links":{"self":[{"href":"https:\/\/www.manaus.am.gov.br\/semed\/wp-json\/wp\/v2\/posts\/9713"}],"collection":[{"href":"https:\/\/www.manaus.am.gov.br\/semed\/wp-json\/wp\/v2\/posts"}],"about":[{"href":"https:\/\/www.manaus.am.gov.br\/semed\/wp-json\/wp\/v2\/types\/post"}],"author":[{"embeddable":true,"href":"https:\/\/www.manaus.am.gov.br\/semed\/wp-json\/wp\/v2\/users\/39"}],"replies":[{"embeddable":true,"href":"https:\/\/www.manaus.am.gov.br\/semed\/wp-json\/wp\/v2\/comments?post=9713"}],"version-history":[{"count":1,"href":"https:\/\/www.manaus.am.gov.br\/semed\/wp-json\/wp\/v2\/posts\/9713\/revisions"}],"predecessor-version":[{"id":9716,"href":"https:\/\/www.manaus.am.gov.br\/semed\/wp-json\/wp\/v2\/posts\/9713\/revisions\/9716"}],"wp:featuredmedia":[{"embeddable":true,"href":"https:\/\/www.manaus.am.gov.br\/semed\/wp-json\/wp\/v2\/media\/9715"}],"wp:attachment":[{"href":"https:\/\/www.manaus.am.gov.br\/semed\/wp-json\/wp\/v2\/media?parent=9713"}],"wp:term":[{"taxonomy":"category","embeddable":true,"href":"https:\/\/www.manaus.am.gov.br\/semed\/wp-json\/wp\/v2\/categories?post=9713"},{"taxonomy":"post_tag","embeddable":true,"href":"https:\/\/www.manaus.am.gov.br\/semed\/wp-json\/wp\/v2\/tags?post=9713"}],"curies":[{"name":"wp","href":"https:\/\/api.w.org\/{rel}","templated":true}]}}