{"id":9692,"date":"2025-08-27T15:24:56","date_gmt":"2025-08-27T19:24:56","guid":{"rendered":"https:\/\/www.manaus.am.gov.br\/semed\/not\u00edcias\/sem-categoria\/prefeitura-semed-cmei-semana-deficienciamultipla\/"},"modified":"2025-08-27T15:24:58","modified_gmt":"2025-08-27T19:24:58","slug":"prefeitura-semed-cmei-semana-deficienciamultipla","status":"publish","type":"post","link":"https:\/\/www.manaus.am.gov.br\/semed\/not\u00edcias\/inclusao\/prefeitura-semed-cmei-semana-deficienciamultipla\/","title":{"rendered":"Centro de Educa\u00e7\u00e3o Infantil da prefeitura promove atividade em alus\u00e3o \u00e0 \u2018Semana Nacional da Pessoa com Defici\u00eancia Intelectual e M\u00faltipla\u2019"},"content":{"rendered":"\n<p>O Centro Municipal de Educa\u00e7\u00e3o Infantil (Cmei) Professor Caio Carlos Frota de Medeiros, da Prefeitura de Manaus, realizou, nesta quarta-feira, 27\/8, a atividade \u201cExplorando os Sentidos\u201d, com a participa\u00e7\u00e3o de 482 crian\u00e7as de 4 e 5 anos de idade. A a\u00e7\u00e3o faz parte da \u201cSemana Nacional da Pessoa com Defici\u00eancia Intelectual e M\u00faltipla\u201d em realiza\u00e7\u00e3o em todas as unidades de ensino da Secretaria Municipal de Educa\u00e7\u00e3o (Semed), at\u00e9 o dia 1\u00ba\/9.&nbsp;&nbsp;<\/p>\n\n\n\n<p>O objetivo principal da atividade \u00e9 mostrar \u00e0s crian\u00e7as que cada pessoa percebe o mundo de formas diferentes, a partir de emo\u00e7\u00f5es e sentidos, refor\u00e7ando a import\u00e2ncia do respeito \u00e0 diversidade. Para que as crian\u00e7as tivessem as mesmas viv\u00eancias, todas participaram de uma experi\u00eancia multissensorial, em um circuito com quatro esta\u00e7\u00f5es diferentes, com caminho das texturas, esporte adaptado (v\u00f4lei sentado) e desenho com o p\u00e9. Os pais ou respons\u00e1veis puderam acompanhar toda a programa\u00e7\u00e3o, tornando o momento ainda mais enriquecedor.&nbsp;&nbsp;<\/p>\n\n\n\n<p>A gestora do Cmei,&nbsp;Jezica&nbsp;Lima, destacou a excelente aceita\u00e7\u00e3o do projeto por parte das crian\u00e7as. \u201cFoi emocionante ver as crian\u00e7as participando ativamente, explorando os sentidos e aprendendo sobre o valor da inclus\u00e3o de forma l\u00fadica e significativa. Esse tipo de experi\u00eancia deixa marcas positivas em suas vidas, pois \u00e9 essencial que todas as crian\u00e7as, tanto as t\u00edpicas quanto as at\u00edpicas vivenciem momentos como esses na escola\u201d, afirmou&nbsp;Jezica.&nbsp;&nbsp;<\/p>\n\n\n\n<p>O Cmei atende 40 crian\u00e7as na sala de recursos e todos participaram da a\u00e7\u00e3o. A professora da sala de recursos, Mariane Cruz, refor\u00e7ou a import\u00e2ncia da \u201cSemana da Pessoa com Defici\u00eancia\u201d como instrumento de conscientiza\u00e7\u00e3o. \u201cO nosso&nbsp;Cmei&nbsp;\u00e9 um local que abra\u00e7a a diversidade e a inclus\u00e3o. Nosso trabalho \u00e9 para que as nossas crian\u00e7as sejam cada vez mais conscientes, acess\u00edveis e acolhedoras, garantindo respeito com as nossas crian\u00e7as da educa\u00e7\u00e3o especial\u201d, disse Mariane.&nbsp;&nbsp;<\/p>\n\n\n\n<p>Durante a programa\u00e7\u00e3o, as crian\u00e7as da educa\u00e7\u00e3o infantil participaram de din\u00e2micas l\u00fadicas que estimulam os sentidos e trabalham valores como empatia e conviv\u00eancia. Nesse contexto, exploraram uma sala sensorial especialmente preparada para desenvolver diferentes habilidades, como a cogni\u00e7\u00e3o, a motricidade ampla e fina, aspectos socioemocionais e de socializa\u00e7\u00e3o, por meio de est\u00edmulos t\u00e1teis e visuais.&nbsp;&nbsp;<\/p>\n\n\n\n<p>A pequena Katarina Abreu, 5 anos, do 2\u00ba per\u00edodo, demonstrou estar muito feliz em participar da atividade junto com os amigos. \u201cEu gostei muito, na hora do v\u00f4lei, foi legal, porque brinquei com meus amigos. Aqui na escola a gente sempre faz brincadeiras juntos, e eu adoro\u201d, disse Katarina.&nbsp;<\/p>\n\n\n\n<p><br>&#8212; &#8212; &#8212;<\/p>\n\n\n\n<p><strong>Texto <\/strong>&#8211; Thalia Rodrigues\/\u00a0Semed\u00a0<\/p>\n\n\n\n<p><strong>Foto <\/strong>&#8211; Divulga\u00e7\u00e3o\/\u00a0Semed\u00a0<\/p>\n","protected":false},"excerpt":{"rendered":"","protected":false},"author":23,"featured_media":9693,"comment_status":"closed","ping_status":"closed","sticky":false,"template":"","format":"standard","meta":{"footnotes":""},"categories":[71],"tags":[348,15,2377],"acf":[],"yoast_head":"<!-- This site is optimized with the Yoast SEO plugin v23.0 - https:\/\/yoast.com\/wordpress\/plugins\/seo\/ -->\n<title>Centro de Educa\u00e7\u00e3o Infantil da prefeitura promove atividade em alus\u00e3o \u00e0 \u2018Semana Nacional da Pessoa com Defici\u00eancia Intelectual e M\u00faltipla\u2019<\/title>\n<meta name=\"description\" content=\"O Centro Municipal de Educa\u00e7\u00e3o Infantil (Cmei) Professor Caio Carlos Frota de Medeiros, da Prefeitura de Manaus, realizou, nesta quarta-feira, 27\/8, a atividade \u201cExplorando os Sentidos\u201d, com a participa\u00e7\u00e3o de 482 crian\u00e7as de 4 e 5 anos de idade.\" \/>\n<meta name=\"robots\" content=\"index, follow, max-snippet:-1, max-image-preview:large, max-video-preview:-1\" \/>\n<link rel=\"canonical\" href=\"https:\/\/www.manaus.am.gov.br\/semed\/not\u00edcias\/inclusao\/prefeitura-semed-cmei-semana-deficienciamultipla\/\" \/>\n<meta property=\"og:locale\" content=\"pt_BR\" \/>\n<meta property=\"og:type\" content=\"article\" \/>\n<meta property=\"og:title\" content=\"Centro de Educa\u00e7\u00e3o Infantil da prefeitura promove atividade em alus\u00e3o \u00e0 \u2018Semana Nacional da Pessoa com Defici\u00eancia Intelectual e M\u00faltipla\u2019\" \/>\n<meta property=\"og:description\" content=\"O Centro Municipal de Educa\u00e7\u00e3o Infantil (Cmei) Professor Caio Carlos Frota de Medeiros, da Prefeitura de Manaus, realizou, nesta quarta-feira, 27\/8, a atividade \u201cExplorando os Sentidos\u201d, com a participa\u00e7\u00e3o de 482 crian\u00e7as de 4 e 5 anos de idade.\" \/>\n<meta property=\"og:url\" content=\"https:\/\/www.manaus.am.gov.br\/semed\/not\u00edcias\/inclusao\/prefeitura-semed-cmei-semana-deficienciamultipla\/\" \/>\n<meta property=\"og:site_name\" content=\"SEMED\" \/>\n<meta property=\"article:published_time\" content=\"2025-08-27T19:24:56+00:00\" \/>\n<meta property=\"article:modified_time\" content=\"2025-08-27T19:24:58+00:00\" \/>\n<meta property=\"og:image\" content=\"https:\/\/www.manaus.am.gov.br\/semed\/wp-content\/uploads\/sites\/3\/2025\/08\/CMEI-2.jpeg\" \/>\n\t<meta property=\"og:image:width\" content=\"1280\" \/>\n\t<meta property=\"og:image:height\" content=\"960\" \/>\n\t<meta property=\"og:image:type\" content=\"image\/jpeg\" \/>\n<meta name=\"author\" content=\"Adriana Costa\" \/>\n<meta name=\"twitter:card\" content=\"summary_large_image\" \/>\n<meta name=\"twitter:label1\" content=\"Written by\" \/>\n\t<meta name=\"twitter:data1\" content=\"Adriana Costa\" \/>\n\t<meta name=\"twitter:label2\" content=\"Est. reading time\" \/>\n\t<meta name=\"twitter:data2\" content=\"3 minutos\" \/>\n<script type=\"application\/ld+json\" class=\"yoast-schema-graph\">{\"@context\":\"https:\/\/schema.org\",\"@graph\":[{\"@type\":\"Article\",\"@id\":\"https:\/\/www.manaus.am.gov.br\/semed\/not\u00edcias\/inclusao\/prefeitura-semed-cmei-semana-deficienciamultipla\/#article\",\"isPartOf\":{\"@id\":\"https:\/\/www.manaus.am.gov.br\/semed\/not\u00edcias\/inclusao\/prefeitura-semed-cmei-semana-deficienciamultipla\/\"},\"author\":{\"name\":\"Adriana Costa\",\"@id\":\"https:\/\/www.manaus.am.gov.br\/semed\/#\/schema\/person\/4e49f4e267757a06ca072ec61b2b9968\"},\"headline\":\"Centro de Educa\u00e7\u00e3o Infantil da prefeitura promove atividade em alus\u00e3o \u00e0 \u2018Semana Nacional da Pessoa com Defici\u00eancia Intelectual e M\u00faltipla\u2019\",\"datePublished\":\"2025-08-27T19:24:56+00:00\",\"dateModified\":\"2025-08-27T19:24:58+00:00\",\"mainEntityOfPage\":{\"@id\":\"https:\/\/www.manaus.am.gov.br\/semed\/not\u00edcias\/inclusao\/prefeitura-semed-cmei-semana-deficienciamultipla\/\"},\"wordCount\":490,\"publisher\":{\"@id\":\"https:\/\/www.manaus.am.gov.br\/semed\/#organization\"},\"image\":{\"@id\":\"https:\/\/www.manaus.am.gov.br\/semed\/not\u00edcias\/inclusao\/prefeitura-semed-cmei-semana-deficienciamultipla\/#primaryimage\"},\"thumbnailUrl\":\"https:\/\/www.manaus.am.gov.br\/semed\/wp-content\/uploads\/sites\/3\/2025\/08\/CMEI-2.jpeg\",\"keywords\":[\"Cmei\",\"prefeitura de manaus\",\"Semana Nacional da Pessoa com Defici\u00eancia Intelectual e Multipla\"],\"articleSection\":[\"Inclus\u00e3o\"],\"inLanguage\":\"pt-BR\"},{\"@type\":\"WebPage\",\"@id\":\"https:\/\/www.manaus.am.gov.br\/semed\/not\u00edcias\/inclusao\/prefeitura-semed-cmei-semana-deficienciamultipla\/\",\"url\":\"https:\/\/www.manaus.am.gov.br\/semed\/not\u00edcias\/inclusao\/prefeitura-semed-cmei-semana-deficienciamultipla\/\",\"name\":\"Centro de Educa\u00e7\u00e3o Infantil da prefeitura promove atividade em alus\u00e3o \u00e0 \u2018Semana Nacional da Pessoa com Defici\u00eancia Intelectual e M\u00faltipla\u2019\",\"isPartOf\":{\"@id\":\"https:\/\/www.manaus.am.gov.br\/semed\/#website\"},\"primaryImageOfPage\":{\"@id\":\"https:\/\/www.manaus.am.gov.br\/semed\/not\u00edcias\/inclusao\/prefeitura-semed-cmei-semana-deficienciamultipla\/#primaryimage\"},\"image\":{\"@id\":\"https:\/\/www.manaus.am.gov.br\/semed\/not\u00edcias\/inclusao\/prefeitura-semed-cmei-semana-deficienciamultipla\/#primaryimage\"},\"thumbnailUrl\":\"https:\/\/www.manaus.am.gov.br\/semed\/wp-content\/uploads\/sites\/3\/2025\/08\/CMEI-2.jpeg\",\"datePublished\":\"2025-08-27T19:24:56+00:00\",\"dateModified\":\"2025-08-27T19:24:58+00:00\",\"description\":\"O Centro Municipal de Educa\u00e7\u00e3o Infantil (Cmei) Professor Caio Carlos Frota de Medeiros, da Prefeitura de Manaus, realizou, nesta quarta-feira, 27\/8, a atividade \u201cExplorando os Sentidos\u201d, com a participa\u00e7\u00e3o de 482 crian\u00e7as de 4 e 5 anos de idade.\",\"inLanguage\":\"pt-BR\",\"potentialAction\":[{\"@type\":\"ReadAction\",\"target\":[\"https:\/\/www.manaus.am.gov.br\/semed\/not\u00edcias\/inclusao\/prefeitura-semed-cmei-semana-deficienciamultipla\/\"]}]},{\"@type\":\"ImageObject\",\"inLanguage\":\"pt-BR\",\"@id\":\"https:\/\/www.manaus.am.gov.br\/semed\/not\u00edcias\/inclusao\/prefeitura-semed-cmei-semana-deficienciamultipla\/#primaryimage\",\"url\":\"https:\/\/www.manaus.am.gov.br\/semed\/wp-content\/uploads\/sites\/3\/2025\/08\/CMEI-2.jpeg\",\"contentUrl\":\"https:\/\/www.manaus.am.gov.br\/semed\/wp-content\/uploads\/sites\/3\/2025\/08\/CMEI-2.jpeg\",\"width\":1280,\"height\":960},{\"@type\":\"WebSite\",\"@id\":\"https:\/\/www.manaus.am.gov.br\/semed\/#website\",\"url\":\"https:\/\/www.manaus.am.gov.br\/semed\/\",\"name\":\"Secretaria Municipal de Educa\u00e7\u00e3o\",\"description\":\"Secretaria Municipal de Educa\u00e7\u00e3o\",\"publisher\":{\"@id\":\"https:\/\/www.manaus.am.gov.br\/semed\/#organization\"},\"alternateName\":\"SEMED\",\"potentialAction\":[{\"@type\":\"SearchAction\",\"target\":{\"@type\":\"EntryPoint\",\"urlTemplate\":\"https:\/\/www.manaus.am.gov.br\/semed\/?s={search_term_string}\"},\"query-input\":\"required name=search_term_string\"}],\"inLanguage\":\"pt-BR\"},{\"@type\":\"Organization\",\"@id\":\"https:\/\/www.manaus.am.gov.br\/semed\/#organization\",\"name\":\"Secretaria de Educa\u00e7\u00e3o\",\"alternateName\":\"SEMED\",\"url\":\"https:\/\/www.manaus.am.gov.br\/semed\/\",\"logo\":{\"@type\":\"ImageObject\",\"inLanguage\":\"pt-BR\",\"@id\":\"https:\/\/www.manaus.am.gov.br\/semed\/#\/schema\/logo\/image\/\",\"url\":\"https:\/\/www.manaus.am.gov.br\/semed\/wp-content\/uploads\/sites\/3\/2022\/11\/favicon.png\",\"contentUrl\":\"https:\/\/www.manaus.am.gov.br\/semed\/wp-content\/uploads\/sites\/3\/2022\/11\/favicon.png\",\"width\":300,\"height\":300,\"caption\":\"Secretaria de Educa\u00e7\u00e3o\"},\"image\":{\"@id\":\"https:\/\/www.manaus.am.gov.br\/semed\/#\/schema\/logo\/image\/\"}},{\"@type\":\"Person\",\"@id\":\"https:\/\/www.manaus.am.gov.br\/semed\/#\/schema\/person\/4e49f4e267757a06ca072ec61b2b9968\",\"name\":\"Adriana Costa\",\"image\":{\"@type\":\"ImageObject\",\"inLanguage\":\"pt-BR\",\"@id\":\"https:\/\/www.manaus.am.gov.br\/semed\/#\/schema\/person\/image\/\",\"url\":\"https:\/\/secure.gravatar.com\/avatar\/576258617ef7194f718179e766d57bd4?s=96&d=mm&r=g\",\"contentUrl\":\"https:\/\/secure.gravatar.com\/avatar\/576258617ef7194f718179e766d57bd4?s=96&d=mm&r=g\",\"caption\":\"Adriana Costa\"}}]}<\/script>\n<!-- \/ Yoast SEO plugin. -->","yoast_head_json":{"title":"Centro de Educa\u00e7\u00e3o Infantil da prefeitura promove atividade em alus\u00e3o \u00e0 \u2018Semana Nacional da Pessoa com Defici\u00eancia Intelectual e M\u00faltipla\u2019","description":"O Centro Municipal de Educa\u00e7\u00e3o Infantil (Cmei) Professor Caio Carlos Frota de Medeiros, da Prefeitura de Manaus, realizou, nesta quarta-feira, 27\/8, a atividade \u201cExplorando os Sentidos\u201d, com a participa\u00e7\u00e3o de 482 crian\u00e7as de 4 e 5 anos de idade.","robots":{"index":"index","follow":"follow","max-snippet":"max-snippet:-1","max-image-preview":"max-image-preview:large","max-video-preview":"max-video-preview:-1"},"canonical":"https:\/\/www.manaus.am.gov.br\/semed\/not\u00edcias\/inclusao\/prefeitura-semed-cmei-semana-deficienciamultipla\/","og_locale":"pt_BR","og_type":"article","og_title":"Centro de Educa\u00e7\u00e3o Infantil da prefeitura promove atividade em alus\u00e3o \u00e0 \u2018Semana Nacional da Pessoa com Defici\u00eancia Intelectual e M\u00faltipla\u2019","og_description":"O Centro Municipal de Educa\u00e7\u00e3o Infantil (Cmei) Professor Caio Carlos Frota de Medeiros, da Prefeitura de Manaus, realizou, nesta quarta-feira, 27\/8, a atividade \u201cExplorando os Sentidos\u201d, com a participa\u00e7\u00e3o de 482 crian\u00e7as de 4 e 5 anos de idade.","og_url":"https:\/\/www.manaus.am.gov.br\/semed\/not\u00edcias\/inclusao\/prefeitura-semed-cmei-semana-deficienciamultipla\/","og_site_name":"SEMED","article_published_time":"2025-08-27T19:24:56+00:00","article_modified_time":"2025-08-27T19:24:58+00:00","og_image":[{"width":1280,"height":960,"url":"https:\/\/www.manaus.am.gov.br\/semed\/wp-content\/uploads\/sites\/3\/2025\/08\/CMEI-2.jpeg","type":"image\/jpeg"}],"author":"Adriana Costa","twitter_card":"summary_large_image","twitter_misc":{"Written by":"Adriana Costa","Est. reading time":"3 minutos"},"schema":{"@context":"https:\/\/schema.org","@graph":[{"@type":"Article","@id":"https:\/\/www.manaus.am.gov.br\/semed\/not\u00edcias\/inclusao\/prefeitura-semed-cmei-semana-deficienciamultipla\/#article","isPartOf":{"@id":"https:\/\/www.manaus.am.gov.br\/semed\/not\u00edcias\/inclusao\/prefeitura-semed-cmei-semana-deficienciamultipla\/"},"author":{"name":"Adriana Costa","@id":"https:\/\/www.manaus.am.gov.br\/semed\/#\/schema\/person\/4e49f4e267757a06ca072ec61b2b9968"},"headline":"Centro de Educa\u00e7\u00e3o Infantil da prefeitura promove atividade em alus\u00e3o \u00e0 \u2018Semana Nacional da Pessoa com Defici\u00eancia Intelectual e M\u00faltipla\u2019","datePublished":"2025-08-27T19:24:56+00:00","dateModified":"2025-08-27T19:24:58+00:00","mainEntityOfPage":{"@id":"https:\/\/www.manaus.am.gov.br\/semed\/not\u00edcias\/inclusao\/prefeitura-semed-cmei-semana-deficienciamultipla\/"},"wordCount":490,"publisher":{"@id":"https:\/\/www.manaus.am.gov.br\/semed\/#organization"},"image":{"@id":"https:\/\/www.manaus.am.gov.br\/semed\/not\u00edcias\/inclusao\/prefeitura-semed-cmei-semana-deficienciamultipla\/#primaryimage"},"thumbnailUrl":"https:\/\/www.manaus.am.gov.br\/semed\/wp-content\/uploads\/sites\/3\/2025\/08\/CMEI-2.jpeg","keywords":["Cmei","prefeitura de manaus","Semana Nacional da Pessoa com Defici\u00eancia Intelectual e Multipla"],"articleSection":["Inclus\u00e3o"],"inLanguage":"pt-BR"},{"@type":"WebPage","@id":"https:\/\/www.manaus.am.gov.br\/semed\/not\u00edcias\/inclusao\/prefeitura-semed-cmei-semana-deficienciamultipla\/","url":"https:\/\/www.manaus.am.gov.br\/semed\/not\u00edcias\/inclusao\/prefeitura-semed-cmei-semana-deficienciamultipla\/","name":"Centro de Educa\u00e7\u00e3o Infantil da prefeitura promove atividade em alus\u00e3o \u00e0 \u2018Semana Nacional da Pessoa com Defici\u00eancia Intelectual e M\u00faltipla\u2019","isPartOf":{"@id":"https:\/\/www.manaus.am.gov.br\/semed\/#website"},"primaryImageOfPage":{"@id":"https:\/\/www.manaus.am.gov.br\/semed\/not\u00edcias\/inclusao\/prefeitura-semed-cmei-semana-deficienciamultipla\/#primaryimage"},"image":{"@id":"https:\/\/www.manaus.am.gov.br\/semed\/not\u00edcias\/inclusao\/prefeitura-semed-cmei-semana-deficienciamultipla\/#primaryimage"},"thumbnailUrl":"https:\/\/www.manaus.am.gov.br\/semed\/wp-content\/uploads\/sites\/3\/2025\/08\/CMEI-2.jpeg","datePublished":"2025-08-27T19:24:56+00:00","dateModified":"2025-08-27T19:24:58+00:00","description":"O Centro Municipal de Educa\u00e7\u00e3o Infantil (Cmei) Professor Caio Carlos Frota de Medeiros, da Prefeitura de Manaus, realizou, nesta quarta-feira, 27\/8, a atividade \u201cExplorando os Sentidos\u201d, com a participa\u00e7\u00e3o de 482 crian\u00e7as de 4 e 5 anos de idade.","inLanguage":"pt-BR","potentialAction":[{"@type":"ReadAction","target":["https:\/\/www.manaus.am.gov.br\/semed\/not\u00edcias\/inclusao\/prefeitura-semed-cmei-semana-deficienciamultipla\/"]}]},{"@type":"ImageObject","inLanguage":"pt-BR","@id":"https:\/\/www.manaus.am.gov.br\/semed\/not\u00edcias\/inclusao\/prefeitura-semed-cmei-semana-deficienciamultipla\/#primaryimage","url":"https:\/\/www.manaus.am.gov.br\/semed\/wp-content\/uploads\/sites\/3\/2025\/08\/CMEI-2.jpeg","contentUrl":"https:\/\/www.manaus.am.gov.br\/semed\/wp-content\/uploads\/sites\/3\/2025\/08\/CMEI-2.jpeg","width":1280,"height":960},{"@type":"WebSite","@id":"https:\/\/www.manaus.am.gov.br\/semed\/#website","url":"https:\/\/www.manaus.am.gov.br\/semed\/","name":"Secretaria Municipal de Educa\u00e7\u00e3o","description":"Secretaria Municipal de Educa\u00e7\u00e3o","publisher":{"@id":"https:\/\/www.manaus.am.gov.br\/semed\/#organization"},"alternateName":"SEMED","potentialAction":[{"@type":"SearchAction","target":{"@type":"EntryPoint","urlTemplate":"https:\/\/www.manaus.am.gov.br\/semed\/?s={search_term_string}"},"query-input":"required name=search_term_string"}],"inLanguage":"pt-BR"},{"@type":"Organization","@id":"https:\/\/www.manaus.am.gov.br\/semed\/#organization","name":"Secretaria de Educa\u00e7\u00e3o","alternateName":"SEMED","url":"https:\/\/www.manaus.am.gov.br\/semed\/","logo":{"@type":"ImageObject","inLanguage":"pt-BR","@id":"https:\/\/www.manaus.am.gov.br\/semed\/#\/schema\/logo\/image\/","url":"https:\/\/www.manaus.am.gov.br\/semed\/wp-content\/uploads\/sites\/3\/2022\/11\/favicon.png","contentUrl":"https:\/\/www.manaus.am.gov.br\/semed\/wp-content\/uploads\/sites\/3\/2022\/11\/favicon.png","width":300,"height":300,"caption":"Secretaria de Educa\u00e7\u00e3o"},"image":{"@id":"https:\/\/www.manaus.am.gov.br\/semed\/#\/schema\/logo\/image\/"}},{"@type":"Person","@id":"https:\/\/www.manaus.am.gov.br\/semed\/#\/schema\/person\/4e49f4e267757a06ca072ec61b2b9968","name":"Adriana Costa","image":{"@type":"ImageObject","inLanguage":"pt-BR","@id":"https:\/\/www.manaus.am.gov.br\/semed\/#\/schema\/person\/image\/","url":"https:\/\/secure.gravatar.com\/avatar\/576258617ef7194f718179e766d57bd4?s=96&d=mm&r=g","contentUrl":"https:\/\/secure.gravatar.com\/avatar\/576258617ef7194f718179e766d57bd4?s=96&d=mm&r=g","caption":"Adriana Costa"}}]}},"_links":{"self":[{"href":"https:\/\/www.manaus.am.gov.br\/semed\/wp-json\/wp\/v2\/posts\/9692"}],"collection":[{"href":"https:\/\/www.manaus.am.gov.br\/semed\/wp-json\/wp\/v2\/posts"}],"about":[{"href":"https:\/\/www.manaus.am.gov.br\/semed\/wp-json\/wp\/v2\/types\/post"}],"author":[{"embeddable":true,"href":"https:\/\/www.manaus.am.gov.br\/semed\/wp-json\/wp\/v2\/users\/23"}],"replies":[{"embeddable":true,"href":"https:\/\/www.manaus.am.gov.br\/semed\/wp-json\/wp\/v2\/comments?post=9692"}],"version-history":[{"count":0,"href":"https:\/\/www.manaus.am.gov.br\/semed\/wp-json\/wp\/v2\/posts\/9692\/revisions"}],"wp:featuredmedia":[{"embeddable":true,"href":"https:\/\/www.manaus.am.gov.br\/semed\/wp-json\/wp\/v2\/media\/9693"}],"wp:attachment":[{"href":"https:\/\/www.manaus.am.gov.br\/semed\/wp-json\/wp\/v2\/media?parent=9692"}],"wp:term":[{"taxonomy":"category","embeddable":true,"href":"https:\/\/www.manaus.am.gov.br\/semed\/wp-json\/wp\/v2\/categories?post=9692"},{"taxonomy":"post_tag","embeddable":true,"href":"https:\/\/www.manaus.am.gov.br\/semed\/wp-json\/wp\/v2\/tags?post=9692"}],"curies":[{"name":"wp","href":"https:\/\/api.w.org\/{rel}","templated":true}]}}