{"id":9683,"date":"2025-08-26T15:32:35","date_gmt":"2025-08-26T19:32:35","guid":{"rendered":"https:\/\/www.manaus.am.gov.br\/semed\/not\u00edcias\/sem-categoria\/dia-d-da-educacao-especial\/"},"modified":"2025-08-26T15:32:35","modified_gmt":"2025-08-26T19:32:35","slug":"dia-d-da-educacao-especial","status":"publish","type":"post","link":"https:\/\/www.manaus.am.gov.br\/semed\/not\u00edcias\/atividades\/dia-d-da-educacao-especial\/","title":{"rendered":"\u2018Dia D da Educa\u00e7\u00e3o Especial\u2019 \u00e9 celebrado em escola da Prefeitura de Manaus na zona Oeste"},"content":{"rendered":"\n<p>Com muita anima\u00e7\u00e3o, criatividade e respeito \u00e0s crian\u00e7as da escola municipal Maria Rufina de Almeida, da Prefeitura de Manaus, participaram, nesta ter\u00e7a-feira, 26\/8, do \u201cDia D da Educa\u00e7\u00e3o Especial\u201d em alus\u00e3o \u00e0 Semana da Pessoa com Defici\u00eancia Intelectual e M\u00faltipla. O evento acontece em todas as unidades de ensino da Secretaria Municipal de Educa\u00e7\u00e3o (Semed) at\u00e9 o dia 1\u00ba\/9.<\/p>\n\n\n\n<p>A atividade, voltada para a valoriza\u00e7\u00e3o da inclus\u00e3o e do respeito \u00e0s diferen\u00e7as no ambiente escolar, contou com a participa\u00e7\u00e3o&nbsp;dos 686 estudantes da unidade. Desse total, 66 s\u00e3o da&nbsp;Educa\u00e7\u00e3o Especial e 40 s\u00e3o atendidos na sala de recursos, oferecido nos turnos matutino e vespertino.&nbsp;<\/p>\n\n\n\n<p>Apresenta\u00e7\u00f5es com fantoches inspiradas em um di\u00e1logo entre um estudante com defici\u00eancia e um aluno t\u00edpico, palestra com o tema \u201cConstruindo a Inclus\u00e3o\u201d, brincadeiras que promovem a inclus\u00e3o, al\u00e9m de atividades de integra\u00e7\u00e3o envolvendo estudantes, professores e toda a comunidade escolar, fizeram parte da programa\u00e7\u00e3o.<\/p>\n\n\n\n<p>Na ocasi\u00e3o, a gerente da Educa\u00e7\u00e3o Especial, Amanda Macanoni, ressaltou que a Semana da Pessoa com Defici\u00eancia M\u00faltipla e Intelectual \u00e9 uma oportunidade para a Semed fortalecer a conscientiza\u00e7\u00e3o sobre a inclus\u00e3o nos espa\u00e7os escolares da rede municipal.&nbsp;<\/p>\n\n\n\n<p>\u201cA Semed organizou a Semana da Educa\u00e7\u00e3o Especial, e hoje ocorre o \u2018Dia D\u2019 nas escolas, com diversas atividades que envolvem toda a comunidade escolar. Participam alunos com e&nbsp;sem defici\u00eancia, professores e demais membros da comunidade, proporcionando experi\u00eancias que mostram que a diversidade \u00e9 valorizada e que a inclus\u00e3o \u00e9 um direito real e praticado\u201d, afirmou Amanda.&nbsp;<\/p>\n\n\n\n<p>De acordo com a gestora Lydiane Brito, a iniciativa teve como objetivo fortalecer o compromisso da escola com a educa\u00e7\u00e3o inclusiva, garantindo a todos os alunos, com ou sem defici\u00eancia, as mesmas oportunidades de aprendizagem e conviv\u00eancia.&nbsp;<\/p>\n\n\n\n<p>\u201cA nossa escola atende estudantes da Educa\u00e7\u00e3o Especial em diferentes modalidades, que recebem acompanhamento pedag\u00f3gico especializado e participam das atividades junto aos demais colegas. Nosso espa\u00e7o valoriza a diversidade, pois todos os alunos s\u00e3o tratados de forma igualit\u00e1ria. Algumas crian\u00e7as precisam de apoio espec\u00edfico, e \u00e9 nesse trabalho que concentramos nossos esfor\u00e7os\u201d, destacou Lydiane.<\/p>\n\n\n\n<p>Cristiane Alves, m\u00e3e da aluna Luana Silva, do 3\u00ba ano, de 8 anos, elogiou&nbsp;a realiza\u00e7\u00e3o da a\u00e7\u00e3o na escola e comentou que a atividade refor\u00e7a o papel da institui\u00e7\u00e3o como um espa\u00e7o de inclus\u00e3o.&nbsp;<\/p>\n\n\n\n<p>\u201cAchei a iniciativa muito positiva, especialmente para n\u00f3s, pais de crian\u00e7as com algum tipo de defici\u00eancia. Essa a\u00e7\u00e3o demonstra o compromisso da escola e contribui significativamente para a inclus\u00e3o e a intera\u00e7\u00e3o dos alunos\u201d, finalizou.<\/p>\n\n\n\n<figure class=\"wp-block-image size-large\"><img loading=\"lazy\" decoding=\"async\" width=\"1024\" height=\"990\" src=\"https:\/\/www.manaus.am.gov.br\/semed\/wp-content\/uploads\/sites\/3\/2025\/08\/WhatsApp-Image-2025-08-26-at-15.15.05-1-1024x990.jpeg\" alt=\"\" class=\"wp-image-9684\" srcset=\"https:\/\/www.manaus.am.gov.br\/semed\/wp-content\/uploads\/sites\/3\/2025\/08\/WhatsApp-Image-2025-08-26-at-15.15.05-1-1024x990.jpeg 1024w, https:\/\/www.manaus.am.gov.br\/semed\/wp-content\/uploads\/sites\/3\/2025\/08\/WhatsApp-Image-2025-08-26-at-15.15.05-1-300x290.jpeg 300w, https:\/\/www.manaus.am.gov.br\/semed\/wp-content\/uploads\/sites\/3\/2025\/08\/WhatsApp-Image-2025-08-26-at-15.15.05-1-768x742.jpeg 768w, https:\/\/www.manaus.am.gov.br\/semed\/wp-content\/uploads\/sites\/3\/2025\/08\/WhatsApp-Image-2025-08-26-at-15.15.05-1.jpeg 1190w\" sizes=\"(max-width: 1024px) 100vw, 1024px\" \/><\/figure>\n\n\n\n<p>&#8212; &#8212; &#8212;&nbsp;<\/p>\n\n\n\n<p><strong>Texto &#8211;<\/strong> Thalia Rodrigues\/Semed\u00a0<\/p>\n\n\n\n<p><strong>Fotos &#8211;<\/strong> Divulga\u00e7\u00e3o\/Semed<\/p>\n","protected":false},"excerpt":{"rendered":"","protected":false},"author":39,"featured_media":9685,"comment_status":"closed","ping_status":"closed","sticky":false,"template":"","format":"standard","meta":{"footnotes":""},"categories":[41],"tags":[2374,1577,15,1121,52],"acf":[],"yoast_head":"<!-- This site is optimized with the Yoast SEO plugin v23.0 - https:\/\/yoast.com\/wordpress\/plugins\/seo\/ -->\n<title>\u2018Dia D da Educa\u00e7\u00e3o Especial\u2019 \u00e9 celebrado em escola da prefeitura<\/title>\n<meta name=\"description\" content=\"\u2018Dia D da Educa\u00e7\u00e3o Especial\u2019 \u00e9 celebrado em escola da Prefeitura de Manaus, por meio da Semed, na zona Oeste.\" \/>\n<meta name=\"robots\" content=\"index, follow, max-snippet:-1, max-image-preview:large, max-video-preview:-1\" \/>\n<link rel=\"canonical\" href=\"https:\/\/www.manaus.am.gov.br\/semed\/not\u00edcias\/atividades\/dia-d-da-educacao-especial\/\" \/>\n<meta property=\"og:locale\" content=\"pt_BR\" \/>\n<meta property=\"og:type\" content=\"article\" \/>\n<meta property=\"og:title\" content=\"\u2018Dia D da Educa\u00e7\u00e3o Especial\u2019 \u00e9 celebrado em escola da prefeitura\" \/>\n<meta property=\"og:description\" content=\"\u2018Dia D da Educa\u00e7\u00e3o Especial\u2019 \u00e9 celebrado em escola da Prefeitura de Manaus, por meio da Semed, na zona Oeste.\" \/>\n<meta property=\"og:url\" content=\"https:\/\/www.manaus.am.gov.br\/semed\/not\u00edcias\/atividades\/dia-d-da-educacao-especial\/\" \/>\n<meta property=\"og:site_name\" content=\"SEMED\" \/>\n<meta property=\"article:published_time\" content=\"2025-08-26T19:32:35+00:00\" \/>\n<meta property=\"og:image\" content=\"https:\/\/www.manaus.am.gov.br\/semed\/wp-content\/uploads\/sites\/3\/2025\/08\/WhatsApp-Image-2025-08-26-at-15.15.06.jpeg\" \/>\n\t<meta property=\"og:image:width\" content=\"1200\" \/>\n\t<meta property=\"og:image:height\" content=\"1142\" \/>\n\t<meta property=\"og:image:type\" content=\"image\/jpeg\" \/>\n<meta name=\"author\" content=\"Bruna Greco\" \/>\n<meta name=\"twitter:card\" content=\"summary_large_image\" \/>\n<meta name=\"twitter:label1\" content=\"Written by\" \/>\n\t<meta name=\"twitter:data1\" content=\"Bruna Greco\" \/>\n\t<meta name=\"twitter:label2\" content=\"Est. reading time\" \/>\n\t<meta name=\"twitter:data2\" content=\"3 minutos\" \/>\n<script type=\"application\/ld+json\" class=\"yoast-schema-graph\">{\"@context\":\"https:\/\/schema.org\",\"@graph\":[{\"@type\":\"Article\",\"@id\":\"https:\/\/www.manaus.am.gov.br\/semed\/not\u00edcias\/atividades\/dia-d-da-educacao-especial\/#article\",\"isPartOf\":{\"@id\":\"https:\/\/www.manaus.am.gov.br\/semed\/not\u00edcias\/atividades\/dia-d-da-educacao-especial\/\"},\"author\":{\"name\":\"Bruna Greco\",\"@id\":\"https:\/\/www.manaus.am.gov.br\/semed\/#\/schema\/person\/05d223aea2bf115f9883a6ff3683d81b\"},\"headline\":\"\u2018Dia D da Educa\u00e7\u00e3o Especial\u2019 \u00e9 celebrado em escola da Prefeitura de Manaus na zona Oeste\",\"datePublished\":\"2025-08-26T19:32:35+00:00\",\"dateModified\":\"2025-08-26T19:32:35+00:00\",\"mainEntityOfPage\":{\"@id\":\"https:\/\/www.manaus.am.gov.br\/semed\/not\u00edcias\/atividades\/dia-d-da-educacao-especial\/\"},\"wordCount\":493,\"publisher\":{\"@id\":\"https:\/\/www.manaus.am.gov.br\/semed\/#organization\"},\"image\":{\"@id\":\"https:\/\/www.manaus.am.gov.br\/semed\/not\u00edcias\/atividades\/dia-d-da-educacao-especial\/#primaryimage\"},\"thumbnailUrl\":\"https:\/\/www.manaus.am.gov.br\/semed\/wp-content\/uploads\/sites\/3\/2025\/08\/WhatsApp-Image-2025-08-26-at-15.15.06.jpeg\",\"keywords\":[\"Dia D da Educa\u00e7\u00e3o Especial\",\"escola municipal Maria Rufina de Almeida\",\"prefeitura de manaus\",\"Semana da Pessoa com Defici\u00eancia Intelectual e M\u00faltipla\",\"semed\"],\"articleSection\":[\"Atividades\"],\"inLanguage\":\"pt-BR\"},{\"@type\":\"WebPage\",\"@id\":\"https:\/\/www.manaus.am.gov.br\/semed\/not\u00edcias\/atividades\/dia-d-da-educacao-especial\/\",\"url\":\"https:\/\/www.manaus.am.gov.br\/semed\/not\u00edcias\/atividades\/dia-d-da-educacao-especial\/\",\"name\":\"\u2018Dia D da Educa\u00e7\u00e3o Especial\u2019 \u00e9 celebrado em escola da prefeitura\",\"isPartOf\":{\"@id\":\"https:\/\/www.manaus.am.gov.br\/semed\/#website\"},\"primaryImageOfPage\":{\"@id\":\"https:\/\/www.manaus.am.gov.br\/semed\/not\u00edcias\/atividades\/dia-d-da-educacao-especial\/#primaryimage\"},\"image\":{\"@id\":\"https:\/\/www.manaus.am.gov.br\/semed\/not\u00edcias\/atividades\/dia-d-da-educacao-especial\/#primaryimage\"},\"thumbnailUrl\":\"https:\/\/www.manaus.am.gov.br\/semed\/wp-content\/uploads\/sites\/3\/2025\/08\/WhatsApp-Image-2025-08-26-at-15.15.06.jpeg\",\"datePublished\":\"2025-08-26T19:32:35+00:00\",\"dateModified\":\"2025-08-26T19:32:35+00:00\",\"description\":\"\u2018Dia D da Educa\u00e7\u00e3o Especial\u2019 \u00e9 celebrado em escola da Prefeitura de Manaus, por meio da Semed, na zona Oeste.\",\"inLanguage\":\"pt-BR\",\"potentialAction\":[{\"@type\":\"ReadAction\",\"target\":[\"https:\/\/www.manaus.am.gov.br\/semed\/not\u00edcias\/atividades\/dia-d-da-educacao-especial\/\"]}]},{\"@type\":\"ImageObject\",\"inLanguage\":\"pt-BR\",\"@id\":\"https:\/\/www.manaus.am.gov.br\/semed\/not\u00edcias\/atividades\/dia-d-da-educacao-especial\/#primaryimage\",\"url\":\"https:\/\/www.manaus.am.gov.br\/semed\/wp-content\/uploads\/sites\/3\/2025\/08\/WhatsApp-Image-2025-08-26-at-15.15.06.jpeg\",\"contentUrl\":\"https:\/\/www.manaus.am.gov.br\/semed\/wp-content\/uploads\/sites\/3\/2025\/08\/WhatsApp-Image-2025-08-26-at-15.15.06.jpeg\",\"width\":1200,\"height\":1142,\"caption\":\"#paratodosverem - Alunos da escola municipal Maria Rufina de Almeida participando do \u201cDia D da Educa\u00e7\u00e3o Especial\u201d em alus\u00e3o \u00e0 Semana da Pessoa com Defici\u00eancia Intelectual e M\u00faltipla\"},{\"@type\":\"WebSite\",\"@id\":\"https:\/\/www.manaus.am.gov.br\/semed\/#website\",\"url\":\"https:\/\/www.manaus.am.gov.br\/semed\/\",\"name\":\"Secretaria Municipal de Educa\u00e7\u00e3o\",\"description\":\"Secretaria Municipal de Educa\u00e7\u00e3o\",\"publisher\":{\"@id\":\"https:\/\/www.manaus.am.gov.br\/semed\/#organization\"},\"alternateName\":\"SEMED\",\"potentialAction\":[{\"@type\":\"SearchAction\",\"target\":{\"@type\":\"EntryPoint\",\"urlTemplate\":\"https:\/\/www.manaus.am.gov.br\/semed\/?s={search_term_string}\"},\"query-input\":\"required name=search_term_string\"}],\"inLanguage\":\"pt-BR\"},{\"@type\":\"Organization\",\"@id\":\"https:\/\/www.manaus.am.gov.br\/semed\/#organization\",\"name\":\"Secretaria de Educa\u00e7\u00e3o\",\"alternateName\":\"SEMED\",\"url\":\"https:\/\/www.manaus.am.gov.br\/semed\/\",\"logo\":{\"@type\":\"ImageObject\",\"inLanguage\":\"pt-BR\",\"@id\":\"https:\/\/www.manaus.am.gov.br\/semed\/#\/schema\/logo\/image\/\",\"url\":\"https:\/\/www.manaus.am.gov.br\/semed\/wp-content\/uploads\/sites\/3\/2022\/11\/favicon.png\",\"contentUrl\":\"https:\/\/www.manaus.am.gov.br\/semed\/wp-content\/uploads\/sites\/3\/2022\/11\/favicon.png\",\"width\":300,\"height\":300,\"caption\":\"Secretaria de Educa\u00e7\u00e3o\"},\"image\":{\"@id\":\"https:\/\/www.manaus.am.gov.br\/semed\/#\/schema\/logo\/image\/\"}},{\"@type\":\"Person\",\"@id\":\"https:\/\/www.manaus.am.gov.br\/semed\/#\/schema\/person\/05d223aea2bf115f9883a6ff3683d81b\",\"name\":\"Bruna Greco\",\"image\":{\"@type\":\"ImageObject\",\"inLanguage\":\"pt-BR\",\"@id\":\"https:\/\/www.manaus.am.gov.br\/semed\/#\/schema\/person\/image\/\",\"url\":\"https:\/\/secure.gravatar.com\/avatar\/9c877d1a6adc2a055330e5c09a8653ce?s=96&d=mm&r=g\",\"contentUrl\":\"https:\/\/secure.gravatar.com\/avatar\/9c877d1a6adc2a055330e5c09a8653ce?s=96&d=mm&r=g\",\"caption\":\"Bruna Greco\"}}]}<\/script>\n<!-- \/ Yoast SEO plugin. -->","yoast_head_json":{"title":"\u2018Dia D da Educa\u00e7\u00e3o Especial\u2019 \u00e9 celebrado em escola da prefeitura","description":"\u2018Dia D da Educa\u00e7\u00e3o Especial\u2019 \u00e9 celebrado em escola da Prefeitura de Manaus, por meio da Semed, na zona Oeste.","robots":{"index":"index","follow":"follow","max-snippet":"max-snippet:-1","max-image-preview":"max-image-preview:large","max-video-preview":"max-video-preview:-1"},"canonical":"https:\/\/www.manaus.am.gov.br\/semed\/not\u00edcias\/atividades\/dia-d-da-educacao-especial\/","og_locale":"pt_BR","og_type":"article","og_title":"\u2018Dia D da Educa\u00e7\u00e3o Especial\u2019 \u00e9 celebrado em escola da prefeitura","og_description":"\u2018Dia D da Educa\u00e7\u00e3o Especial\u2019 \u00e9 celebrado em escola da Prefeitura de Manaus, por meio da Semed, na zona Oeste.","og_url":"https:\/\/www.manaus.am.gov.br\/semed\/not\u00edcias\/atividades\/dia-d-da-educacao-especial\/","og_site_name":"SEMED","article_published_time":"2025-08-26T19:32:35+00:00","og_image":[{"width":1200,"height":1142,"url":"https:\/\/www.manaus.am.gov.br\/semed\/wp-content\/uploads\/sites\/3\/2025\/08\/WhatsApp-Image-2025-08-26-at-15.15.06.jpeg","type":"image\/jpeg"}],"author":"Bruna Greco","twitter_card":"summary_large_image","twitter_misc":{"Written by":"Bruna Greco","Est. reading time":"3 minutos"},"schema":{"@context":"https:\/\/schema.org","@graph":[{"@type":"Article","@id":"https:\/\/www.manaus.am.gov.br\/semed\/not\u00edcias\/atividades\/dia-d-da-educacao-especial\/#article","isPartOf":{"@id":"https:\/\/www.manaus.am.gov.br\/semed\/not\u00edcias\/atividades\/dia-d-da-educacao-especial\/"},"author":{"name":"Bruna Greco","@id":"https:\/\/www.manaus.am.gov.br\/semed\/#\/schema\/person\/05d223aea2bf115f9883a6ff3683d81b"},"headline":"\u2018Dia D da Educa\u00e7\u00e3o Especial\u2019 \u00e9 celebrado em escola da Prefeitura de Manaus na zona Oeste","datePublished":"2025-08-26T19:32:35+00:00","dateModified":"2025-08-26T19:32:35+00:00","mainEntityOfPage":{"@id":"https:\/\/www.manaus.am.gov.br\/semed\/not\u00edcias\/atividades\/dia-d-da-educacao-especial\/"},"wordCount":493,"publisher":{"@id":"https:\/\/www.manaus.am.gov.br\/semed\/#organization"},"image":{"@id":"https:\/\/www.manaus.am.gov.br\/semed\/not\u00edcias\/atividades\/dia-d-da-educacao-especial\/#primaryimage"},"thumbnailUrl":"https:\/\/www.manaus.am.gov.br\/semed\/wp-content\/uploads\/sites\/3\/2025\/08\/WhatsApp-Image-2025-08-26-at-15.15.06.jpeg","keywords":["Dia D da Educa\u00e7\u00e3o Especial","escola municipal Maria Rufina de Almeida","prefeitura de manaus","Semana da Pessoa com Defici\u00eancia Intelectual e M\u00faltipla","semed"],"articleSection":["Atividades"],"inLanguage":"pt-BR"},{"@type":"WebPage","@id":"https:\/\/www.manaus.am.gov.br\/semed\/not\u00edcias\/atividades\/dia-d-da-educacao-especial\/","url":"https:\/\/www.manaus.am.gov.br\/semed\/not\u00edcias\/atividades\/dia-d-da-educacao-especial\/","name":"\u2018Dia D da Educa\u00e7\u00e3o Especial\u2019 \u00e9 celebrado em escola da prefeitura","isPartOf":{"@id":"https:\/\/www.manaus.am.gov.br\/semed\/#website"},"primaryImageOfPage":{"@id":"https:\/\/www.manaus.am.gov.br\/semed\/not\u00edcias\/atividades\/dia-d-da-educacao-especial\/#primaryimage"},"image":{"@id":"https:\/\/www.manaus.am.gov.br\/semed\/not\u00edcias\/atividades\/dia-d-da-educacao-especial\/#primaryimage"},"thumbnailUrl":"https:\/\/www.manaus.am.gov.br\/semed\/wp-content\/uploads\/sites\/3\/2025\/08\/WhatsApp-Image-2025-08-26-at-15.15.06.jpeg","datePublished":"2025-08-26T19:32:35+00:00","dateModified":"2025-08-26T19:32:35+00:00","description":"\u2018Dia D da Educa\u00e7\u00e3o Especial\u2019 \u00e9 celebrado em escola da Prefeitura de Manaus, por meio da Semed, na zona Oeste.","inLanguage":"pt-BR","potentialAction":[{"@type":"ReadAction","target":["https:\/\/www.manaus.am.gov.br\/semed\/not\u00edcias\/atividades\/dia-d-da-educacao-especial\/"]}]},{"@type":"ImageObject","inLanguage":"pt-BR","@id":"https:\/\/www.manaus.am.gov.br\/semed\/not\u00edcias\/atividades\/dia-d-da-educacao-especial\/#primaryimage","url":"https:\/\/www.manaus.am.gov.br\/semed\/wp-content\/uploads\/sites\/3\/2025\/08\/WhatsApp-Image-2025-08-26-at-15.15.06.jpeg","contentUrl":"https:\/\/www.manaus.am.gov.br\/semed\/wp-content\/uploads\/sites\/3\/2025\/08\/WhatsApp-Image-2025-08-26-at-15.15.06.jpeg","width":1200,"height":1142,"caption":"#paratodosverem - Alunos da escola municipal Maria Rufina de Almeida participando do \u201cDia D da Educa\u00e7\u00e3o Especial\u201d em alus\u00e3o \u00e0 Semana da Pessoa com Defici\u00eancia Intelectual e M\u00faltipla"},{"@type":"WebSite","@id":"https:\/\/www.manaus.am.gov.br\/semed\/#website","url":"https:\/\/www.manaus.am.gov.br\/semed\/","name":"Secretaria Municipal de Educa\u00e7\u00e3o","description":"Secretaria Municipal de Educa\u00e7\u00e3o","publisher":{"@id":"https:\/\/www.manaus.am.gov.br\/semed\/#organization"},"alternateName":"SEMED","potentialAction":[{"@type":"SearchAction","target":{"@type":"EntryPoint","urlTemplate":"https:\/\/www.manaus.am.gov.br\/semed\/?s={search_term_string}"},"query-input":"required name=search_term_string"}],"inLanguage":"pt-BR"},{"@type":"Organization","@id":"https:\/\/www.manaus.am.gov.br\/semed\/#organization","name":"Secretaria de Educa\u00e7\u00e3o","alternateName":"SEMED","url":"https:\/\/www.manaus.am.gov.br\/semed\/","logo":{"@type":"ImageObject","inLanguage":"pt-BR","@id":"https:\/\/www.manaus.am.gov.br\/semed\/#\/schema\/logo\/image\/","url":"https:\/\/www.manaus.am.gov.br\/semed\/wp-content\/uploads\/sites\/3\/2022\/11\/favicon.png","contentUrl":"https:\/\/www.manaus.am.gov.br\/semed\/wp-content\/uploads\/sites\/3\/2022\/11\/favicon.png","width":300,"height":300,"caption":"Secretaria de Educa\u00e7\u00e3o"},"image":{"@id":"https:\/\/www.manaus.am.gov.br\/semed\/#\/schema\/logo\/image\/"}},{"@type":"Person","@id":"https:\/\/www.manaus.am.gov.br\/semed\/#\/schema\/person\/05d223aea2bf115f9883a6ff3683d81b","name":"Bruna Greco","image":{"@type":"ImageObject","inLanguage":"pt-BR","@id":"https:\/\/www.manaus.am.gov.br\/semed\/#\/schema\/person\/image\/","url":"https:\/\/secure.gravatar.com\/avatar\/9c877d1a6adc2a055330e5c09a8653ce?s=96&d=mm&r=g","contentUrl":"https:\/\/secure.gravatar.com\/avatar\/9c877d1a6adc2a055330e5c09a8653ce?s=96&d=mm&r=g","caption":"Bruna Greco"}}]}},"_links":{"self":[{"href":"https:\/\/www.manaus.am.gov.br\/semed\/wp-json\/wp\/v2\/posts\/9683"}],"collection":[{"href":"https:\/\/www.manaus.am.gov.br\/semed\/wp-json\/wp\/v2\/posts"}],"about":[{"href":"https:\/\/www.manaus.am.gov.br\/semed\/wp-json\/wp\/v2\/types\/post"}],"author":[{"embeddable":true,"href":"https:\/\/www.manaus.am.gov.br\/semed\/wp-json\/wp\/v2\/users\/39"}],"replies":[{"embeddable":true,"href":"https:\/\/www.manaus.am.gov.br\/semed\/wp-json\/wp\/v2\/comments?post=9683"}],"version-history":[{"count":1,"href":"https:\/\/www.manaus.am.gov.br\/semed\/wp-json\/wp\/v2\/posts\/9683\/revisions"}],"predecessor-version":[{"id":9686,"href":"https:\/\/www.manaus.am.gov.br\/semed\/wp-json\/wp\/v2\/posts\/9683\/revisions\/9686"}],"wp:featuredmedia":[{"embeddable":true,"href":"https:\/\/www.manaus.am.gov.br\/semed\/wp-json\/wp\/v2\/media\/9685"}],"wp:attachment":[{"href":"https:\/\/www.manaus.am.gov.br\/semed\/wp-json\/wp\/v2\/media?parent=9683"}],"wp:term":[{"taxonomy":"category","embeddable":true,"href":"https:\/\/www.manaus.am.gov.br\/semed\/wp-json\/wp\/v2\/categories?post=9683"},{"taxonomy":"post_tag","embeddable":true,"href":"https:\/\/www.manaus.am.gov.br\/semed\/wp-json\/wp\/v2\/tags?post=9683"}],"curies":[{"name":"wp","href":"https:\/\/api.w.org\/{rel}","templated":true}]}}