{"id":9497,"date":"2025-08-08T17:39:05","date_gmt":"2025-08-08T21:39:05","guid":{"rendered":"https:\/\/www.manaus.am.gov.br\/semed\/not\u00edcias\/sem-categoria\/acao-inedita-educacao-especial-rio-negro\/"},"modified":"2025-08-08T21:44:34","modified_gmt":"2025-08-09T01:44:34","slug":"acao-inedita-educacao-especial-rio-negro","status":"publish","type":"post","link":"https:\/\/www.manaus.am.gov.br\/semed\/not\u00edcias\/inclusao\/acao-inedita-educacao-especial-rio-negro\/","title":{"rendered":"Prefeitura de Manaus realiza a\u00e7\u00e3o in\u00e9dita da Educa\u00e7\u00e3o Especial no rio Negro"},"content":{"rendered":"\n<p>A Prefeitura de Manaus, por meio da Secretaria Municipal de Educa\u00e7\u00e3o (Semed), realizou, nesta sexta-feira, 8\/8, a primeira edi\u00e7\u00e3o da \u201cA\u00e7\u00e3o Itinerante da Educa\u00e7\u00e3o Especial no Rio Negro\u201d, na escola ind\u00edgena municipal Kanata T-Ykua, localizada na comunidade Tr\u00eas Unidos. A iniciativa tem como objetivo levar atendimento especializado a crian\u00e7as com defici\u00eancia ou com suspeita diagn\u00f3stica matriculadas nas escolas do campo, promovendo inclus\u00e3o e assegurando direitos fundamentais na educa\u00e7\u00e3o.<\/p>\n\n\n\n<p>A a\u00e7\u00e3o consiste na realiza\u00e7\u00e3o de avalia\u00e7\u00f5es multiprofissionais com equipes formadas por fisioterapeutas, psic\u00f3logos, nutricionistas, profissionais de educa\u00e7\u00e3o f\u00edsica, al\u00e9m de avaliadores e coordenadores pedag\u00f3gicos. O atendimento ser\u00e1 realizado em dois polos ribeirinhos, abrangendo, al\u00e9m da Kanata T-Ykua, a escola municipal Jos\u00e9 Sobreira, na comunidade Nossa Senhora de F\u00e1tima. Est\u00e3o previstas ainda outras quatro visitas, nos dias 14, 21 e 28\/8, e 4\/9. Ao todo, 103 estudantes foram encaminhados para avalia\u00e7\u00e3o, sendo 25 j\u00e1 diagnosticados e 78 ainda em processo de an\u00e1lise.<\/p>\n\n\n\n<p>Para o secret\u00e1rio municipal de Educa\u00e7\u00e3o, J\u00fanior Mar, a a\u00e7\u00e3o marca um novo momento para a educa\u00e7\u00e3o municipal. Ele destacou que \u00e9 a primeira vez que a rede leva um servi\u00e7o t\u00e3o estruturado \u00e0 zona rural de Manaus, promovendo igualdade entre os alunos da cidade e os do interior. \u201cEstamos levando atendimento com qualidade e responsabilidade. Antes, os servi\u00e7os ficavam apenas na cidade, e agora Manaus \u00e9 uma s\u00f3, com os mesmos direitos para quem vive nas zonas urbana e rural. \u00c9 uma a\u00e7\u00e3o in\u00e9dita, que alcan\u00e7a 103 estudantes e evita que as fam\u00edlias tenham que se deslocar longas dist\u00e2ncias para buscar atendimento na capital\u201d, afirmou.<\/p>\n\n\n\n<p>A agricultora \u00c1gatha Cauane da Silva Seabra, moradora da comunidade Sagrado Cora\u00e7\u00e3o, levou o filho, Abra\u00e3o Miguel, de 6 anos para a avalia\u00e7\u00e3o. O menino apresenta sintomas de&nbsp;Transtorno do D\u00e9ficit de Aten\u00e7\u00e3o com Hiperatividade (TDAH). \u201cFomos muito bem recebidos. Esse servi\u00e7o aqui na comunidade ajuda muito, porque a gente n\u00e3o tem como ir at\u00e9 a cidade. Com essa avalia\u00e7\u00e3o, a gente entende melhor o que o nosso filho tem, como lidar, como ajudar. Isso aqui \u00e9 maravilhoso\u201d, declarou.<\/p>\n\n\n\n<p>Para o gestor da escola ind\u00edgena, Raimundo Kambeba, a visita da equipe da Semed representa um marco hist\u00f3rico para a comunidade. \u201cNunca houve uma a\u00e7\u00e3o como essa por aqui. Trazer esse atendimento at\u00e9 n\u00f3s fortalece a educa\u00e7\u00e3o das nossas crian\u00e7as e valoriza a nossa cultura. A escola atende 45 alunos ind\u00edgenas e, al\u00e9m do ensino formal, trabalhamos tamb\u00e9m a preserva\u00e7\u00e3o da l\u00edngua e dos costumes do nosso povo\u201d, destacou, lembrando que a a\u00e7\u00e3o acontece \u00e0s v\u00e9speras do Dia Internacional dos Povos Ind\u00edgenas.<\/p>\n\n\n\n<p>A gerente de Educa\u00e7\u00e3o Especial da Semed, Amanda Macanoni, tamb\u00e9m comemorou os resultados da iniciativa. Segundo ela, a presen\u00e7a da equipe t\u00e9cnica na comunidade representa um avan\u00e7o importante no atendimento \u00e0s crian\u00e7as da zona rural.<\/p>\n\n\n\n<p>\u201cHoje, \u00e9 uma sexta-feira memor\u00e1vel. Estamos levando orienta\u00e7\u00e3o, parecer t\u00e9cnico, atendimento e acolhimento para quem muitas vezes n\u00e3o tem acesso. A partir de agora, essas fam\u00edlias e essas escolas jamais ser\u00e3o as mesmas. Estamos transformando realidades com inclus\u00e3o e dignidade\u201d, concluiu Amanda.<\/p>\n\n\n\n<p>&#8212; &#8212; &#8212;<br><strong>Texto &#8211;<\/strong>\u00a0Alexandre Abreu\/Semed<br><strong>Fotos \u2013 <\/strong>Valdo Le\u00e3o\/ Semcom<br><strong>Dispon\u00edveis em &#8211;<\/strong><a href=\"https:\/\/flic.kr\/s\/aHBqjCq5kc\">https:\/\/flic.kr\/s\/aHBqjCq5kc<\/a><\/p>\n","protected":false},"excerpt":{"rendered":"","protected":false},"author":39,"featured_media":9498,"comment_status":"closed","ping_status":"closed","sticky":false,"template":"","format":"standard","meta":{"footnotes":""},"categories":[71],"tags":[2306,191,2307,15,149,52],"acf":[],"yoast_head":"<!-- This site is optimized with the Yoast SEO plugin v23.0 - https:\/\/yoast.com\/wordpress\/plugins\/seo\/ -->\n<title>A\u00e7\u00e3o in\u00e9dita da Educa\u00e7\u00e3o Especial no rio Negro<\/title>\n<meta name=\"description\" content=\"Prefeitura de Manaus, por meio da Semed, realiza, nesta sexta-feira, 8\/8, a\u00e7\u00e3o in\u00e9dita da Educa\u00e7\u00e3o Especial no rio Negro.\" \/>\n<meta name=\"robots\" content=\"index, follow, max-snippet:-1, max-image-preview:large, max-video-preview:-1\" \/>\n<link rel=\"canonical\" href=\"https:\/\/www.manaus.am.gov.br\/semed\/not\u00edcias\/inclusao\/acao-inedita-educacao-especial-rio-negro\/\" \/>\n<meta property=\"og:locale\" content=\"pt_BR\" \/>\n<meta property=\"og:type\" content=\"article\" \/>\n<meta property=\"og:title\" content=\"A\u00e7\u00e3o in\u00e9dita da Educa\u00e7\u00e3o Especial no rio Negro\" \/>\n<meta property=\"og:description\" content=\"Prefeitura de Manaus, por meio da Semed, realiza, nesta sexta-feira, 8\/8, a\u00e7\u00e3o in\u00e9dita da Educa\u00e7\u00e3o Especial no rio Negro.\" \/>\n<meta property=\"og:url\" content=\"https:\/\/www.manaus.am.gov.br\/semed\/not\u00edcias\/inclusao\/acao-inedita-educacao-especial-rio-negro\/\" \/>\n<meta property=\"og:site_name\" content=\"SEMED\" \/>\n<meta property=\"article:published_time\" content=\"2025-08-08T21:39:05+00:00\" \/>\n<meta property=\"article:modified_time\" content=\"2025-08-09T01:44:34+00:00\" \/>\n<meta property=\"og:image\" content=\"https:\/\/www.manaus.am.gov.br\/semed\/wp-content\/uploads\/sites\/3\/2025\/08\/54707508892_8ee800d31c_c.jpg\" \/>\n\t<meta property=\"og:image:width\" content=\"799\" \/>\n\t<meta property=\"og:image:height\" content=\"533\" \/>\n\t<meta property=\"og:image:type\" content=\"image\/jpeg\" \/>\n<meta name=\"author\" content=\"Bruna Greco\" \/>\n<meta name=\"twitter:card\" content=\"summary_large_image\" \/>\n<meta name=\"twitter:label1\" content=\"Written by\" \/>\n\t<meta name=\"twitter:data1\" content=\"Bruna Greco\" \/>\n\t<meta name=\"twitter:label2\" content=\"Est. reading time\" \/>\n\t<meta name=\"twitter:data2\" content=\"3 minutos\" \/>\n<script type=\"application\/ld+json\" class=\"yoast-schema-graph\">{\"@context\":\"https:\/\/schema.org\",\"@graph\":[{\"@type\":\"Article\",\"@id\":\"https:\/\/www.manaus.am.gov.br\/semed\/not\u00edcias\/inclusao\/acao-inedita-educacao-especial-rio-negro\/#article\",\"isPartOf\":{\"@id\":\"https:\/\/www.manaus.am.gov.br\/semed\/not\u00edcias\/inclusao\/acao-inedita-educacao-especial-rio-negro\/\"},\"author\":{\"name\":\"Bruna Greco\",\"@id\":\"https:\/\/www.manaus.am.gov.br\/semed\/#\/schema\/person\/05d223aea2bf115f9883a6ff3683d81b\"},\"headline\":\"Prefeitura de Manaus realiza a\u00e7\u00e3o in\u00e9dita da Educa\u00e7\u00e3o Especial no rio Negro\",\"datePublished\":\"2025-08-08T21:39:05+00:00\",\"dateModified\":\"2025-08-09T01:44:34+00:00\",\"mainEntityOfPage\":{\"@id\":\"https:\/\/www.manaus.am.gov.br\/semed\/not\u00edcias\/inclusao\/acao-inedita-educacao-especial-rio-negro\/\"},\"wordCount\":588,\"publisher\":{\"@id\":\"https:\/\/www.manaus.am.gov.br\/semed\/#organization\"},\"image\":{\"@id\":\"https:\/\/www.manaus.am.gov.br\/semed\/not\u00edcias\/inclusao\/acao-inedita-educacao-especial-rio-negro\/#primaryimage\"},\"thumbnailUrl\":\"https:\/\/www.manaus.am.gov.br\/semed\/wp-content\/uploads\/sites\/3\/2025\/08\/54707508892_8ee800d31c_c.jpg\",\"keywords\":[\"a\u00e7\u00e3o in\u00e9dita\",\"educa\u00e7\u00e3o especial\",\"escola ind\u00edgena municipal Kanata T-Ykua\",\"prefeitura de manaus\",\"rio negro\",\"semed\"],\"articleSection\":[\"Inclus\u00e3o\"],\"inLanguage\":\"pt-BR\"},{\"@type\":\"WebPage\",\"@id\":\"https:\/\/www.manaus.am.gov.br\/semed\/not\u00edcias\/inclusao\/acao-inedita-educacao-especial-rio-negro\/\",\"url\":\"https:\/\/www.manaus.am.gov.br\/semed\/not\u00edcias\/inclusao\/acao-inedita-educacao-especial-rio-negro\/\",\"name\":\"A\u00e7\u00e3o in\u00e9dita da Educa\u00e7\u00e3o Especial no rio Negro\",\"isPartOf\":{\"@id\":\"https:\/\/www.manaus.am.gov.br\/semed\/#website\"},\"primaryImageOfPage\":{\"@id\":\"https:\/\/www.manaus.am.gov.br\/semed\/not\u00edcias\/inclusao\/acao-inedita-educacao-especial-rio-negro\/#primaryimage\"},\"image\":{\"@id\":\"https:\/\/www.manaus.am.gov.br\/semed\/not\u00edcias\/inclusao\/acao-inedita-educacao-especial-rio-negro\/#primaryimage\"},\"thumbnailUrl\":\"https:\/\/www.manaus.am.gov.br\/semed\/wp-content\/uploads\/sites\/3\/2025\/08\/54707508892_8ee800d31c_c.jpg\",\"datePublished\":\"2025-08-08T21:39:05+00:00\",\"dateModified\":\"2025-08-09T01:44:34+00:00\",\"description\":\"Prefeitura de Manaus, por meio da Semed, realiza, nesta sexta-feira, 8\/8, a\u00e7\u00e3o in\u00e9dita da Educa\u00e7\u00e3o Especial no rio Negro.\",\"inLanguage\":\"pt-BR\",\"potentialAction\":[{\"@type\":\"ReadAction\",\"target\":[\"https:\/\/www.manaus.am.gov.br\/semed\/not\u00edcias\/inclusao\/acao-inedita-educacao-especial-rio-negro\/\"]}]},{\"@type\":\"ImageObject\",\"inLanguage\":\"pt-BR\",\"@id\":\"https:\/\/www.manaus.am.gov.br\/semed\/not\u00edcias\/inclusao\/acao-inedita-educacao-especial-rio-negro\/#primaryimage\",\"url\":\"https:\/\/www.manaus.am.gov.br\/semed\/wp-content\/uploads\/sites\/3\/2025\/08\/54707508892_8ee800d31c_c.jpg\",\"contentUrl\":\"https:\/\/www.manaus.am.gov.br\/semed\/wp-content\/uploads\/sites\/3\/2025\/08\/54707508892_8ee800d31c_c.jpg\",\"width\":799,\"height\":533},{\"@type\":\"WebSite\",\"@id\":\"https:\/\/www.manaus.am.gov.br\/semed\/#website\",\"url\":\"https:\/\/www.manaus.am.gov.br\/semed\/\",\"name\":\"Secretaria Municipal de Educa\u00e7\u00e3o\",\"description\":\"Secretaria Municipal de Educa\u00e7\u00e3o\",\"publisher\":{\"@id\":\"https:\/\/www.manaus.am.gov.br\/semed\/#organization\"},\"alternateName\":\"SEMED\",\"potentialAction\":[{\"@type\":\"SearchAction\",\"target\":{\"@type\":\"EntryPoint\",\"urlTemplate\":\"https:\/\/www.manaus.am.gov.br\/semed\/?s={search_term_string}\"},\"query-input\":\"required name=search_term_string\"}],\"inLanguage\":\"pt-BR\"},{\"@type\":\"Organization\",\"@id\":\"https:\/\/www.manaus.am.gov.br\/semed\/#organization\",\"name\":\"Secretaria de Educa\u00e7\u00e3o\",\"alternateName\":\"SEMED\",\"url\":\"https:\/\/www.manaus.am.gov.br\/semed\/\",\"logo\":{\"@type\":\"ImageObject\",\"inLanguage\":\"pt-BR\",\"@id\":\"https:\/\/www.manaus.am.gov.br\/semed\/#\/schema\/logo\/image\/\",\"url\":\"https:\/\/www.manaus.am.gov.br\/semed\/wp-content\/uploads\/sites\/3\/2022\/11\/favicon.png\",\"contentUrl\":\"https:\/\/www.manaus.am.gov.br\/semed\/wp-content\/uploads\/sites\/3\/2022\/11\/favicon.png\",\"width\":300,\"height\":300,\"caption\":\"Secretaria de Educa\u00e7\u00e3o\"},\"image\":{\"@id\":\"https:\/\/www.manaus.am.gov.br\/semed\/#\/schema\/logo\/image\/\"}},{\"@type\":\"Person\",\"@id\":\"https:\/\/www.manaus.am.gov.br\/semed\/#\/schema\/person\/05d223aea2bf115f9883a6ff3683d81b\",\"name\":\"Bruna Greco\",\"image\":{\"@type\":\"ImageObject\",\"inLanguage\":\"pt-BR\",\"@id\":\"https:\/\/www.manaus.am.gov.br\/semed\/#\/schema\/person\/image\/\",\"url\":\"https:\/\/secure.gravatar.com\/avatar\/9c877d1a6adc2a055330e5c09a8653ce?s=96&d=mm&r=g\",\"contentUrl\":\"https:\/\/secure.gravatar.com\/avatar\/9c877d1a6adc2a055330e5c09a8653ce?s=96&d=mm&r=g\",\"caption\":\"Bruna Greco\"}}]}<\/script>\n<!-- \/ Yoast SEO plugin. -->","yoast_head_json":{"title":"A\u00e7\u00e3o in\u00e9dita da Educa\u00e7\u00e3o Especial no rio Negro","description":"Prefeitura de Manaus, por meio da Semed, realiza, nesta sexta-feira, 8\/8, a\u00e7\u00e3o in\u00e9dita da Educa\u00e7\u00e3o Especial no rio Negro.","robots":{"index":"index","follow":"follow","max-snippet":"max-snippet:-1","max-image-preview":"max-image-preview:large","max-video-preview":"max-video-preview:-1"},"canonical":"https:\/\/www.manaus.am.gov.br\/semed\/not\u00edcias\/inclusao\/acao-inedita-educacao-especial-rio-negro\/","og_locale":"pt_BR","og_type":"article","og_title":"A\u00e7\u00e3o in\u00e9dita da Educa\u00e7\u00e3o Especial no rio Negro","og_description":"Prefeitura de Manaus, por meio da Semed, realiza, nesta sexta-feira, 8\/8, a\u00e7\u00e3o in\u00e9dita da Educa\u00e7\u00e3o Especial no rio Negro.","og_url":"https:\/\/www.manaus.am.gov.br\/semed\/not\u00edcias\/inclusao\/acao-inedita-educacao-especial-rio-negro\/","og_site_name":"SEMED","article_published_time":"2025-08-08T21:39:05+00:00","article_modified_time":"2025-08-09T01:44:34+00:00","og_image":[{"width":799,"height":533,"url":"https:\/\/www.manaus.am.gov.br\/semed\/wp-content\/uploads\/sites\/3\/2025\/08\/54707508892_8ee800d31c_c.jpg","type":"image\/jpeg"}],"author":"Bruna Greco","twitter_card":"summary_large_image","twitter_misc":{"Written by":"Bruna Greco","Est. reading time":"3 minutos"},"schema":{"@context":"https:\/\/schema.org","@graph":[{"@type":"Article","@id":"https:\/\/www.manaus.am.gov.br\/semed\/not\u00edcias\/inclusao\/acao-inedita-educacao-especial-rio-negro\/#article","isPartOf":{"@id":"https:\/\/www.manaus.am.gov.br\/semed\/not\u00edcias\/inclusao\/acao-inedita-educacao-especial-rio-negro\/"},"author":{"name":"Bruna Greco","@id":"https:\/\/www.manaus.am.gov.br\/semed\/#\/schema\/person\/05d223aea2bf115f9883a6ff3683d81b"},"headline":"Prefeitura de Manaus realiza a\u00e7\u00e3o in\u00e9dita da Educa\u00e7\u00e3o Especial no rio Negro","datePublished":"2025-08-08T21:39:05+00:00","dateModified":"2025-08-09T01:44:34+00:00","mainEntityOfPage":{"@id":"https:\/\/www.manaus.am.gov.br\/semed\/not\u00edcias\/inclusao\/acao-inedita-educacao-especial-rio-negro\/"},"wordCount":588,"publisher":{"@id":"https:\/\/www.manaus.am.gov.br\/semed\/#organization"},"image":{"@id":"https:\/\/www.manaus.am.gov.br\/semed\/not\u00edcias\/inclusao\/acao-inedita-educacao-especial-rio-negro\/#primaryimage"},"thumbnailUrl":"https:\/\/www.manaus.am.gov.br\/semed\/wp-content\/uploads\/sites\/3\/2025\/08\/54707508892_8ee800d31c_c.jpg","keywords":["a\u00e7\u00e3o in\u00e9dita","educa\u00e7\u00e3o especial","escola ind\u00edgena municipal Kanata T-Ykua","prefeitura de manaus","rio negro","semed"],"articleSection":["Inclus\u00e3o"],"inLanguage":"pt-BR"},{"@type":"WebPage","@id":"https:\/\/www.manaus.am.gov.br\/semed\/not\u00edcias\/inclusao\/acao-inedita-educacao-especial-rio-negro\/","url":"https:\/\/www.manaus.am.gov.br\/semed\/not\u00edcias\/inclusao\/acao-inedita-educacao-especial-rio-negro\/","name":"A\u00e7\u00e3o in\u00e9dita da Educa\u00e7\u00e3o Especial no rio Negro","isPartOf":{"@id":"https:\/\/www.manaus.am.gov.br\/semed\/#website"},"primaryImageOfPage":{"@id":"https:\/\/www.manaus.am.gov.br\/semed\/not\u00edcias\/inclusao\/acao-inedita-educacao-especial-rio-negro\/#primaryimage"},"image":{"@id":"https:\/\/www.manaus.am.gov.br\/semed\/not\u00edcias\/inclusao\/acao-inedita-educacao-especial-rio-negro\/#primaryimage"},"thumbnailUrl":"https:\/\/www.manaus.am.gov.br\/semed\/wp-content\/uploads\/sites\/3\/2025\/08\/54707508892_8ee800d31c_c.jpg","datePublished":"2025-08-08T21:39:05+00:00","dateModified":"2025-08-09T01:44:34+00:00","description":"Prefeitura de Manaus, por meio da Semed, realiza, nesta sexta-feira, 8\/8, a\u00e7\u00e3o in\u00e9dita da Educa\u00e7\u00e3o Especial no rio Negro.","inLanguage":"pt-BR","potentialAction":[{"@type":"ReadAction","target":["https:\/\/www.manaus.am.gov.br\/semed\/not\u00edcias\/inclusao\/acao-inedita-educacao-especial-rio-negro\/"]}]},{"@type":"ImageObject","inLanguage":"pt-BR","@id":"https:\/\/www.manaus.am.gov.br\/semed\/not\u00edcias\/inclusao\/acao-inedita-educacao-especial-rio-negro\/#primaryimage","url":"https:\/\/www.manaus.am.gov.br\/semed\/wp-content\/uploads\/sites\/3\/2025\/08\/54707508892_8ee800d31c_c.jpg","contentUrl":"https:\/\/www.manaus.am.gov.br\/semed\/wp-content\/uploads\/sites\/3\/2025\/08\/54707508892_8ee800d31c_c.jpg","width":799,"height":533},{"@type":"WebSite","@id":"https:\/\/www.manaus.am.gov.br\/semed\/#website","url":"https:\/\/www.manaus.am.gov.br\/semed\/","name":"Secretaria Municipal de Educa\u00e7\u00e3o","description":"Secretaria Municipal de Educa\u00e7\u00e3o","publisher":{"@id":"https:\/\/www.manaus.am.gov.br\/semed\/#organization"},"alternateName":"SEMED","potentialAction":[{"@type":"SearchAction","target":{"@type":"EntryPoint","urlTemplate":"https:\/\/www.manaus.am.gov.br\/semed\/?s={search_term_string}"},"query-input":"required name=search_term_string"}],"inLanguage":"pt-BR"},{"@type":"Organization","@id":"https:\/\/www.manaus.am.gov.br\/semed\/#organization","name":"Secretaria de Educa\u00e7\u00e3o","alternateName":"SEMED","url":"https:\/\/www.manaus.am.gov.br\/semed\/","logo":{"@type":"ImageObject","inLanguage":"pt-BR","@id":"https:\/\/www.manaus.am.gov.br\/semed\/#\/schema\/logo\/image\/","url":"https:\/\/www.manaus.am.gov.br\/semed\/wp-content\/uploads\/sites\/3\/2022\/11\/favicon.png","contentUrl":"https:\/\/www.manaus.am.gov.br\/semed\/wp-content\/uploads\/sites\/3\/2022\/11\/favicon.png","width":300,"height":300,"caption":"Secretaria de Educa\u00e7\u00e3o"},"image":{"@id":"https:\/\/www.manaus.am.gov.br\/semed\/#\/schema\/logo\/image\/"}},{"@type":"Person","@id":"https:\/\/www.manaus.am.gov.br\/semed\/#\/schema\/person\/05d223aea2bf115f9883a6ff3683d81b","name":"Bruna Greco","image":{"@type":"ImageObject","inLanguage":"pt-BR","@id":"https:\/\/www.manaus.am.gov.br\/semed\/#\/schema\/person\/image\/","url":"https:\/\/secure.gravatar.com\/avatar\/9c877d1a6adc2a055330e5c09a8653ce?s=96&d=mm&r=g","contentUrl":"https:\/\/secure.gravatar.com\/avatar\/9c877d1a6adc2a055330e5c09a8653ce?s=96&d=mm&r=g","caption":"Bruna Greco"}}]}},"_links":{"self":[{"href":"https:\/\/www.manaus.am.gov.br\/semed\/wp-json\/wp\/v2\/posts\/9497"}],"collection":[{"href":"https:\/\/www.manaus.am.gov.br\/semed\/wp-json\/wp\/v2\/posts"}],"about":[{"href":"https:\/\/www.manaus.am.gov.br\/semed\/wp-json\/wp\/v2\/types\/post"}],"author":[{"embeddable":true,"href":"https:\/\/www.manaus.am.gov.br\/semed\/wp-json\/wp\/v2\/users\/39"}],"replies":[{"embeddable":true,"href":"https:\/\/www.manaus.am.gov.br\/semed\/wp-json\/wp\/v2\/comments?post=9497"}],"version-history":[{"count":1,"href":"https:\/\/www.manaus.am.gov.br\/semed\/wp-json\/wp\/v2\/posts\/9497\/revisions"}],"predecessor-version":[{"id":9503,"href":"https:\/\/www.manaus.am.gov.br\/semed\/wp-json\/wp\/v2\/posts\/9497\/revisions\/9503"}],"wp:featuredmedia":[{"embeddable":true,"href":"https:\/\/www.manaus.am.gov.br\/semed\/wp-json\/wp\/v2\/media\/9498"}],"wp:attachment":[{"href":"https:\/\/www.manaus.am.gov.br\/semed\/wp-json\/wp\/v2\/media?parent=9497"}],"wp:term":[{"taxonomy":"category","embeddable":true,"href":"https:\/\/www.manaus.am.gov.br\/semed\/wp-json\/wp\/v2\/categories?post=9497"},{"taxonomy":"post_tag","embeddable":true,"href":"https:\/\/www.manaus.am.gov.br\/semed\/wp-json\/wp\/v2\/tags?post=9497"}],"curies":[{"name":"wp","href":"https:\/\/api.w.org\/{rel}","templated":true}]}}