{"id":9047,"date":"2025-06-12T15:47:54","date_gmt":"2025-06-12T19:47:54","guid":{"rendered":"https:\/\/www.manaus.am.gov.br\/semed\/not\u00edcias\/sem-categoria\/atividade-projeto-animapet\/"},"modified":"2025-06-12T15:47:55","modified_gmt":"2025-06-12T19:47:55","slug":"atividade-projeto-animapet","status":"publish","type":"post","link":"https:\/\/www.manaus.am.gov.br\/semed\/not\u00edcias\/inclusao\/atividade-projeto-animapet\/","title":{"rendered":"Estudantes da Educa\u00e7\u00e3o Especial da Prefeitura de Manaus participam do encerramento do projeto \u2018Animapet\u2019"},"content":{"rendered":"\n<p><br>A Prefeitura de Manaus, por meio da Secretaria Municipal de Educa\u00e7\u00e3o (Semed), realizou, nesta quinta-feira, 12\/6, o encerramento das atividades pedag\u00f3gicas do primeiro semestre do projeto \u201cAnimapet\u201d, com a apresenta\u00e7\u00e3o do \u201cBoizinho da Inclus\u00e3o\u201d. O projeto atende, atualmente, 14 crian\u00e7as da Educa\u00e7\u00e3o Especial. O evento foi realizado no Centro Municipal de Educa\u00e7\u00e3o Especial (CMEE) Yumi Odani, localizado na avenida Macei\u00f3, zona Centro-Sul, e contou com a participa\u00e7\u00e3o de pais ou respons\u00e1veis dos estudantes, al\u00e9m de profissionais da \u00e1rea.<br><br>As crian\u00e7as realizaram uma apresenta\u00e7\u00e3o inspirada no Festival Folcl\u00f3rico de Parintins, incluindo todos os itens tradicionais, como o amo do boi, a sinhazinha da fazenda, o paj\u00e9, entre outros. Os c\u00e3es terapeutas tamb\u00e9m participaram da apresenta\u00e7\u00e3o, caracterizados com os elementos dos bois-bumb\u00e1s.<br><br>De acordo com a neuropsicopedagoga Samanta Jaime Souza, que integra a equipe do projeto e foi uma das organizadoras do evento, a iniciativa faz parte de um trabalho pedag\u00f3gico que tem apresentado resultados positivos com os alunos atendidos, os quais apresentam condi\u00e7\u00f5es como s\u00edndrome de Down, Transtorno do Espectro Autista (TEA), paralisia cerebral e defici\u00eancia auditiva, todos acompanhados de forma individualizada.<br><br>\u201cO projeto trabalha exclusivamente com a educa\u00e7\u00e3o assistida por animais. Os c\u00e3es usam coletes e atuam como mediadores no processo de ensino-aprendizagem, contribuindo para o desenvolvimento da leitura e do racioc\u00ednio l\u00f3gico. N\u00e3o se trata apenas de intera\u00e7\u00e3o com o animal, \u00e9 um trabalho que vai muito al\u00e9m disso\u201d, afirmou Samanta.<br><br><strong>Sobre o projeto<\/strong><br><br>O \u201cAnimapet\u201d utiliza quatro c\u00e3es terapeutas, sendo tr\u00eas da ra\u00e7a Golden Retriever e um da ra\u00e7a Shih-tzu, al\u00e9m de outros c\u00e3es volunt\u00e1rios convidados para participar das atividades. O objetivo \u00e9 proporcionar viv\u00eancias educativas, promovendo sentimentos, sensa\u00e7\u00f5es e rea\u00e7\u00f5es por meio da assist\u00eancia dos animais, favorecendo o desenvolvimento biopsicossocial dos alunos. A iniciativa estimula a curiosidade, a capacidade de observa\u00e7\u00e3o e a experimenta\u00e7\u00e3o, promovendo uma aprendizagem significativa.<br><br>Dinamara Alves, 46 anos, m\u00e3e do pequeno Lucas Nascimento, de 6 anos, diagnosticado com autismo, ficou encantada com a programa\u00e7\u00e3o e ressaltou a import\u00e2ncia do projeto para a vida do filho.<br><br>\u201cEsse projeto \u00e9 um pouco de tudo: socializa\u00e7\u00e3o e educa\u00e7\u00e3o. N\u00f3s, pais, devemos ser incentivadores e trazer nossos filhos. A intera\u00e7\u00e3o dos pais \u00e9 fundamental para o progresso dessas crian\u00e7as\u201d, destacou.<br><br>O agente de portaria Justino Alfaia Vasconcelos, 57 anos, pai do aluno J\u00falio C\u00e9sar Nobre, do 5\u00ba ano, tamb\u00e9m diagnosticado com autismo, contou que acompanha de perto as atividades do projeto. Para ele, os avan\u00e7os do filho s\u00e3o vis\u00edveis.<br><br>\u201cEsse projeto \u00e9 muito importante para o desenvolvimento do meu filho, tanto aqui quanto na escola, onde ele j\u00e1 evoluiu bastante. Ele interage mais com os colegas e com a fam\u00edlia. Por isso, fa\u00e7o quest\u00e3o de lev\u00e1-lo a todas as atividades escolares\u201d, relatou.<\/p>\n\n\n\n<p><br><br>\u2014 \u2014 \u2014<br><strong>Texto &#8211; <\/strong>Paulo Rog\u00e9rio Veiga\/ Semed<br><strong>Fotos &#8211;<\/strong> Divulga\u00e7\u00e3o\/ Semed&nbsp;<\/p>\n","protected":false},"excerpt":{"rendered":"","protected":false},"author":68,"featured_media":9048,"comment_status":"closed","ping_status":"closed","sticky":false,"template":"","format":"standard","meta":{"footnotes":""},"categories":[71],"tags":[15,52],"acf":[],"yoast_head":"<!-- This site is optimized with the Yoast SEO plugin v23.0 - https:\/\/yoast.com\/wordpress\/plugins\/seo\/ -->\n<title>Estudantes da Educa\u00e7\u00e3o Especial da Prefeitura de Manaus participam do encerramento do projeto \u2018Animapet\u2019<\/title>\n<meta name=\"description\" content=\"A Prefeitura de Manaus, por meio da Secretaria Municipal de Educa\u00e7\u00e3o (Semed), realizou, nesta quinta-feira, 12\/6, o encerramento das atividades pedag\u00f3gicas do primeiro semestre do projeto \u201cAnimapet\u201d, com a apresenta\u00e7\u00e3o do \u201cBoizinho da Inclus\u00e3o\u201d.\" \/>\n<meta name=\"robots\" content=\"index, follow, max-snippet:-1, max-image-preview:large, max-video-preview:-1\" \/>\n<link rel=\"canonical\" href=\"https:\/\/www.manaus.am.gov.br\/semed\/not\u00edcias\/inclusao\/atividade-projeto-animapet\/\" \/>\n<meta property=\"og:locale\" content=\"pt_BR\" \/>\n<meta property=\"og:type\" content=\"article\" \/>\n<meta property=\"og:title\" content=\"Estudantes da Educa\u00e7\u00e3o Especial da Prefeitura de Manaus participam do encerramento do projeto \u2018Animapet\u2019\" \/>\n<meta property=\"og:description\" content=\"A Prefeitura de Manaus, por meio da Secretaria Municipal de Educa\u00e7\u00e3o (Semed), realizou, nesta quinta-feira, 12\/6, o encerramento das atividades pedag\u00f3gicas do primeiro semestre do projeto \u201cAnimapet\u201d, com a apresenta\u00e7\u00e3o do \u201cBoizinho da Inclus\u00e3o\u201d.\" \/>\n<meta property=\"og:url\" content=\"https:\/\/www.manaus.am.gov.br\/semed\/not\u00edcias\/inclusao\/atividade-projeto-animapet\/\" \/>\n<meta property=\"og:site_name\" content=\"SEMED\" \/>\n<meta property=\"article:published_time\" content=\"2025-06-12T19:47:54+00:00\" \/>\n<meta property=\"article:modified_time\" content=\"2025-06-12T19:47:55+00:00\" \/>\n<meta property=\"og:image\" content=\"https:\/\/www.manaus.am.gov.br\/semed\/wp-content\/uploads\/sites\/3\/2025\/06\/Estudantes-da-Educacao-Especial-da-Prefeitura-de-Manaus-participam-do-encerramento-do-projeto-\u2018Animapet-.jpg\" \/>\n\t<meta property=\"og:image:width\" content=\"800\" \/>\n\t<meta property=\"og:image:height\" content=\"450\" \/>\n\t<meta property=\"og:image:type\" content=\"image\/jpeg\" \/>\n<meta name=\"author\" content=\"bvalente\" \/>\n<meta name=\"twitter:card\" content=\"summary_large_image\" \/>\n<meta name=\"twitter:label1\" content=\"Written by\" \/>\n\t<meta name=\"twitter:data1\" content=\"bvalente\" \/>\n\t<meta name=\"twitter:label2\" content=\"Est. reading time\" \/>\n\t<meta name=\"twitter:data2\" content=\"3 minutos\" \/>\n<script type=\"application\/ld+json\" class=\"yoast-schema-graph\">{\"@context\":\"https:\/\/schema.org\",\"@graph\":[{\"@type\":\"Article\",\"@id\":\"https:\/\/www.manaus.am.gov.br\/semed\/not\u00edcias\/inclusao\/atividade-projeto-animapet\/#article\",\"isPartOf\":{\"@id\":\"https:\/\/www.manaus.am.gov.br\/semed\/not\u00edcias\/inclusao\/atividade-projeto-animapet\/\"},\"author\":{\"name\":\"bvalente\",\"@id\":\"https:\/\/www.manaus.am.gov.br\/semed\/#\/schema\/person\/466a0e03ae4b6062809046bd560ac955\"},\"headline\":\"Estudantes da Educa\u00e7\u00e3o Especial da Prefeitura de Manaus participam do encerramento do projeto \u2018Animapet\u2019\",\"datePublished\":\"2025-06-12T19:47:54+00:00\",\"dateModified\":\"2025-06-12T19:47:55+00:00\",\"mainEntityOfPage\":{\"@id\":\"https:\/\/www.manaus.am.gov.br\/semed\/not\u00edcias\/inclusao\/atividade-projeto-animapet\/\"},\"wordCount\":521,\"publisher\":{\"@id\":\"https:\/\/www.manaus.am.gov.br\/semed\/#organization\"},\"image\":{\"@id\":\"https:\/\/www.manaus.am.gov.br\/semed\/not\u00edcias\/inclusao\/atividade-projeto-animapet\/#primaryimage\"},\"thumbnailUrl\":\"https:\/\/www.manaus.am.gov.br\/semed\/wp-content\/uploads\/sites\/3\/2025\/06\/Estudantes-da-Educacao-Especial-da-Prefeitura-de-Manaus-participam-do-encerramento-do-projeto-\u2018Animapet-.jpg\",\"keywords\":[\"prefeitura de manaus\",\"semed\"],\"articleSection\":[\"Inclus\u00e3o\"],\"inLanguage\":\"pt-BR\"},{\"@type\":\"WebPage\",\"@id\":\"https:\/\/www.manaus.am.gov.br\/semed\/not\u00edcias\/inclusao\/atividade-projeto-animapet\/\",\"url\":\"https:\/\/www.manaus.am.gov.br\/semed\/not\u00edcias\/inclusao\/atividade-projeto-animapet\/\",\"name\":\"Estudantes da Educa\u00e7\u00e3o Especial da Prefeitura de Manaus participam do encerramento do projeto \u2018Animapet\u2019\",\"isPartOf\":{\"@id\":\"https:\/\/www.manaus.am.gov.br\/semed\/#website\"},\"primaryImageOfPage\":{\"@id\":\"https:\/\/www.manaus.am.gov.br\/semed\/not\u00edcias\/inclusao\/atividade-projeto-animapet\/#primaryimage\"},\"image\":{\"@id\":\"https:\/\/www.manaus.am.gov.br\/semed\/not\u00edcias\/inclusao\/atividade-projeto-animapet\/#primaryimage\"},\"thumbnailUrl\":\"https:\/\/www.manaus.am.gov.br\/semed\/wp-content\/uploads\/sites\/3\/2025\/06\/Estudantes-da-Educacao-Especial-da-Prefeitura-de-Manaus-participam-do-encerramento-do-projeto-\u2018Animapet-.jpg\",\"datePublished\":\"2025-06-12T19:47:54+00:00\",\"dateModified\":\"2025-06-12T19:47:55+00:00\",\"description\":\"A Prefeitura de Manaus, por meio da Secretaria Municipal de Educa\u00e7\u00e3o (Semed), realizou, nesta quinta-feira, 12\/6, o encerramento das atividades pedag\u00f3gicas do primeiro semestre do projeto \u201cAnimapet\u201d, com a apresenta\u00e7\u00e3o do \u201cBoizinho da Inclus\u00e3o\u201d.\",\"inLanguage\":\"pt-BR\",\"potentialAction\":[{\"@type\":\"ReadAction\",\"target\":[\"https:\/\/www.manaus.am.gov.br\/semed\/not\u00edcias\/inclusao\/atividade-projeto-animapet\/\"]}]},{\"@type\":\"ImageObject\",\"inLanguage\":\"pt-BR\",\"@id\":\"https:\/\/www.manaus.am.gov.br\/semed\/not\u00edcias\/inclusao\/atividade-projeto-animapet\/#primaryimage\",\"url\":\"https:\/\/www.manaus.am.gov.br\/semed\/wp-content\/uploads\/sites\/3\/2025\/06\/Estudantes-da-Educacao-Especial-da-Prefeitura-de-Manaus-participam-do-encerramento-do-projeto-\u2018Animapet-.jpg\",\"contentUrl\":\"https:\/\/www.manaus.am.gov.br\/semed\/wp-content\/uploads\/sites\/3\/2025\/06\/Estudantes-da-Educacao-Especial-da-Prefeitura-de-Manaus-participam-do-encerramento-do-projeto-\u2018Animapet-.jpg\",\"width\":800,\"height\":450},{\"@type\":\"WebSite\",\"@id\":\"https:\/\/www.manaus.am.gov.br\/semed\/#website\",\"url\":\"https:\/\/www.manaus.am.gov.br\/semed\/\",\"name\":\"Secretaria Municipal de Educa\u00e7\u00e3o\",\"description\":\"Secretaria Municipal de Educa\u00e7\u00e3o\",\"publisher\":{\"@id\":\"https:\/\/www.manaus.am.gov.br\/semed\/#organization\"},\"alternateName\":\"SEMED\",\"potentialAction\":[{\"@type\":\"SearchAction\",\"target\":{\"@type\":\"EntryPoint\",\"urlTemplate\":\"https:\/\/www.manaus.am.gov.br\/semed\/?s={search_term_string}\"},\"query-input\":\"required name=search_term_string\"}],\"inLanguage\":\"pt-BR\"},{\"@type\":\"Organization\",\"@id\":\"https:\/\/www.manaus.am.gov.br\/semed\/#organization\",\"name\":\"Secretaria de Educa\u00e7\u00e3o\",\"alternateName\":\"SEMED\",\"url\":\"https:\/\/www.manaus.am.gov.br\/semed\/\",\"logo\":{\"@type\":\"ImageObject\",\"inLanguage\":\"pt-BR\",\"@id\":\"https:\/\/www.manaus.am.gov.br\/semed\/#\/schema\/logo\/image\/\",\"url\":\"https:\/\/www.manaus.am.gov.br\/semed\/wp-content\/uploads\/sites\/3\/2022\/11\/favicon.png\",\"contentUrl\":\"https:\/\/www.manaus.am.gov.br\/semed\/wp-content\/uploads\/sites\/3\/2022\/11\/favicon.png\",\"width\":300,\"height\":300,\"caption\":\"Secretaria de Educa\u00e7\u00e3o\"},\"image\":{\"@id\":\"https:\/\/www.manaus.am.gov.br\/semed\/#\/schema\/logo\/image\/\"}},{\"@type\":\"Person\",\"@id\":\"https:\/\/www.manaus.am.gov.br\/semed\/#\/schema\/person\/466a0e03ae4b6062809046bd560ac955\",\"name\":\"bvalente\",\"image\":{\"@type\":\"ImageObject\",\"inLanguage\":\"pt-BR\",\"@id\":\"https:\/\/www.manaus.am.gov.br\/semed\/#\/schema\/person\/image\/\",\"url\":\"https:\/\/secure.gravatar.com\/avatar\/3e69bc2b014bdad41adfec3a39de07d2?s=96&d=mm&r=g\",\"contentUrl\":\"https:\/\/secure.gravatar.com\/avatar\/3e69bc2b014bdad41adfec3a39de07d2?s=96&d=mm&r=g\",\"caption\":\"bvalente\"}}]}<\/script>\n<!-- \/ Yoast SEO plugin. -->","yoast_head_json":{"title":"Estudantes da Educa\u00e7\u00e3o Especial da Prefeitura de Manaus participam do encerramento do projeto \u2018Animapet\u2019","description":"A Prefeitura de Manaus, por meio da Secretaria Municipal de Educa\u00e7\u00e3o (Semed), realizou, nesta quinta-feira, 12\/6, o encerramento das atividades pedag\u00f3gicas do primeiro semestre do projeto \u201cAnimapet\u201d, com a apresenta\u00e7\u00e3o do \u201cBoizinho da Inclus\u00e3o\u201d.","robots":{"index":"index","follow":"follow","max-snippet":"max-snippet:-1","max-image-preview":"max-image-preview:large","max-video-preview":"max-video-preview:-1"},"canonical":"https:\/\/www.manaus.am.gov.br\/semed\/not\u00edcias\/inclusao\/atividade-projeto-animapet\/","og_locale":"pt_BR","og_type":"article","og_title":"Estudantes da Educa\u00e7\u00e3o Especial da Prefeitura de Manaus participam do encerramento do projeto \u2018Animapet\u2019","og_description":"A Prefeitura de Manaus, por meio da Secretaria Municipal de Educa\u00e7\u00e3o (Semed), realizou, nesta quinta-feira, 12\/6, o encerramento das atividades pedag\u00f3gicas do primeiro semestre do projeto \u201cAnimapet\u201d, com a apresenta\u00e7\u00e3o do \u201cBoizinho da Inclus\u00e3o\u201d.","og_url":"https:\/\/www.manaus.am.gov.br\/semed\/not\u00edcias\/inclusao\/atividade-projeto-animapet\/","og_site_name":"SEMED","article_published_time":"2025-06-12T19:47:54+00:00","article_modified_time":"2025-06-12T19:47:55+00:00","og_image":[{"width":800,"height":450,"url":"https:\/\/www.manaus.am.gov.br\/semed\/wp-content\/uploads\/sites\/3\/2025\/06\/Estudantes-da-Educacao-Especial-da-Prefeitura-de-Manaus-participam-do-encerramento-do-projeto-\u2018Animapet-.jpg","type":"image\/jpeg"}],"author":"bvalente","twitter_card":"summary_large_image","twitter_misc":{"Written by":"bvalente","Est. reading time":"3 minutos"},"schema":{"@context":"https:\/\/schema.org","@graph":[{"@type":"Article","@id":"https:\/\/www.manaus.am.gov.br\/semed\/not\u00edcias\/inclusao\/atividade-projeto-animapet\/#article","isPartOf":{"@id":"https:\/\/www.manaus.am.gov.br\/semed\/not\u00edcias\/inclusao\/atividade-projeto-animapet\/"},"author":{"name":"bvalente","@id":"https:\/\/www.manaus.am.gov.br\/semed\/#\/schema\/person\/466a0e03ae4b6062809046bd560ac955"},"headline":"Estudantes da Educa\u00e7\u00e3o Especial da Prefeitura de Manaus participam do encerramento do projeto \u2018Animapet\u2019","datePublished":"2025-06-12T19:47:54+00:00","dateModified":"2025-06-12T19:47:55+00:00","mainEntityOfPage":{"@id":"https:\/\/www.manaus.am.gov.br\/semed\/not\u00edcias\/inclusao\/atividade-projeto-animapet\/"},"wordCount":521,"publisher":{"@id":"https:\/\/www.manaus.am.gov.br\/semed\/#organization"},"image":{"@id":"https:\/\/www.manaus.am.gov.br\/semed\/not\u00edcias\/inclusao\/atividade-projeto-animapet\/#primaryimage"},"thumbnailUrl":"https:\/\/www.manaus.am.gov.br\/semed\/wp-content\/uploads\/sites\/3\/2025\/06\/Estudantes-da-Educacao-Especial-da-Prefeitura-de-Manaus-participam-do-encerramento-do-projeto-\u2018Animapet-.jpg","keywords":["prefeitura de manaus","semed"],"articleSection":["Inclus\u00e3o"],"inLanguage":"pt-BR"},{"@type":"WebPage","@id":"https:\/\/www.manaus.am.gov.br\/semed\/not\u00edcias\/inclusao\/atividade-projeto-animapet\/","url":"https:\/\/www.manaus.am.gov.br\/semed\/not\u00edcias\/inclusao\/atividade-projeto-animapet\/","name":"Estudantes da Educa\u00e7\u00e3o Especial da Prefeitura de Manaus participam do encerramento do projeto \u2018Animapet\u2019","isPartOf":{"@id":"https:\/\/www.manaus.am.gov.br\/semed\/#website"},"primaryImageOfPage":{"@id":"https:\/\/www.manaus.am.gov.br\/semed\/not\u00edcias\/inclusao\/atividade-projeto-animapet\/#primaryimage"},"image":{"@id":"https:\/\/www.manaus.am.gov.br\/semed\/not\u00edcias\/inclusao\/atividade-projeto-animapet\/#primaryimage"},"thumbnailUrl":"https:\/\/www.manaus.am.gov.br\/semed\/wp-content\/uploads\/sites\/3\/2025\/06\/Estudantes-da-Educacao-Especial-da-Prefeitura-de-Manaus-participam-do-encerramento-do-projeto-\u2018Animapet-.jpg","datePublished":"2025-06-12T19:47:54+00:00","dateModified":"2025-06-12T19:47:55+00:00","description":"A Prefeitura de Manaus, por meio da Secretaria Municipal de Educa\u00e7\u00e3o (Semed), realizou, nesta quinta-feira, 12\/6, o encerramento das atividades pedag\u00f3gicas do primeiro semestre do projeto \u201cAnimapet\u201d, com a apresenta\u00e7\u00e3o do \u201cBoizinho da Inclus\u00e3o\u201d.","inLanguage":"pt-BR","potentialAction":[{"@type":"ReadAction","target":["https:\/\/www.manaus.am.gov.br\/semed\/not\u00edcias\/inclusao\/atividade-projeto-animapet\/"]}]},{"@type":"ImageObject","inLanguage":"pt-BR","@id":"https:\/\/www.manaus.am.gov.br\/semed\/not\u00edcias\/inclusao\/atividade-projeto-animapet\/#primaryimage","url":"https:\/\/www.manaus.am.gov.br\/semed\/wp-content\/uploads\/sites\/3\/2025\/06\/Estudantes-da-Educacao-Especial-da-Prefeitura-de-Manaus-participam-do-encerramento-do-projeto-\u2018Animapet-.jpg","contentUrl":"https:\/\/www.manaus.am.gov.br\/semed\/wp-content\/uploads\/sites\/3\/2025\/06\/Estudantes-da-Educacao-Especial-da-Prefeitura-de-Manaus-participam-do-encerramento-do-projeto-\u2018Animapet-.jpg","width":800,"height":450},{"@type":"WebSite","@id":"https:\/\/www.manaus.am.gov.br\/semed\/#website","url":"https:\/\/www.manaus.am.gov.br\/semed\/","name":"Secretaria Municipal de Educa\u00e7\u00e3o","description":"Secretaria Municipal de Educa\u00e7\u00e3o","publisher":{"@id":"https:\/\/www.manaus.am.gov.br\/semed\/#organization"},"alternateName":"SEMED","potentialAction":[{"@type":"SearchAction","target":{"@type":"EntryPoint","urlTemplate":"https:\/\/www.manaus.am.gov.br\/semed\/?s={search_term_string}"},"query-input":"required name=search_term_string"}],"inLanguage":"pt-BR"},{"@type":"Organization","@id":"https:\/\/www.manaus.am.gov.br\/semed\/#organization","name":"Secretaria de Educa\u00e7\u00e3o","alternateName":"SEMED","url":"https:\/\/www.manaus.am.gov.br\/semed\/","logo":{"@type":"ImageObject","inLanguage":"pt-BR","@id":"https:\/\/www.manaus.am.gov.br\/semed\/#\/schema\/logo\/image\/","url":"https:\/\/www.manaus.am.gov.br\/semed\/wp-content\/uploads\/sites\/3\/2022\/11\/favicon.png","contentUrl":"https:\/\/www.manaus.am.gov.br\/semed\/wp-content\/uploads\/sites\/3\/2022\/11\/favicon.png","width":300,"height":300,"caption":"Secretaria de Educa\u00e7\u00e3o"},"image":{"@id":"https:\/\/www.manaus.am.gov.br\/semed\/#\/schema\/logo\/image\/"}},{"@type":"Person","@id":"https:\/\/www.manaus.am.gov.br\/semed\/#\/schema\/person\/466a0e03ae4b6062809046bd560ac955","name":"bvalente","image":{"@type":"ImageObject","inLanguage":"pt-BR","@id":"https:\/\/www.manaus.am.gov.br\/semed\/#\/schema\/person\/image\/","url":"https:\/\/secure.gravatar.com\/avatar\/3e69bc2b014bdad41adfec3a39de07d2?s=96&d=mm&r=g","contentUrl":"https:\/\/secure.gravatar.com\/avatar\/3e69bc2b014bdad41adfec3a39de07d2?s=96&d=mm&r=g","caption":"bvalente"}}]}},"_links":{"self":[{"href":"https:\/\/www.manaus.am.gov.br\/semed\/wp-json\/wp\/v2\/posts\/9047"}],"collection":[{"href":"https:\/\/www.manaus.am.gov.br\/semed\/wp-json\/wp\/v2\/posts"}],"about":[{"href":"https:\/\/www.manaus.am.gov.br\/semed\/wp-json\/wp\/v2\/types\/post"}],"author":[{"embeddable":true,"href":"https:\/\/www.manaus.am.gov.br\/semed\/wp-json\/wp\/v2\/users\/68"}],"replies":[{"embeddable":true,"href":"https:\/\/www.manaus.am.gov.br\/semed\/wp-json\/wp\/v2\/comments?post=9047"}],"version-history":[{"count":0,"href":"https:\/\/www.manaus.am.gov.br\/semed\/wp-json\/wp\/v2\/posts\/9047\/revisions"}],"wp:featuredmedia":[{"embeddable":true,"href":"https:\/\/www.manaus.am.gov.br\/semed\/wp-json\/wp\/v2\/media\/9048"}],"wp:attachment":[{"href":"https:\/\/www.manaus.am.gov.br\/semed\/wp-json\/wp\/v2\/media?parent=9047"}],"wp:term":[{"taxonomy":"category","embeddable":true,"href":"https:\/\/www.manaus.am.gov.br\/semed\/wp-json\/wp\/v2\/categories?post=9047"},{"taxonomy":"post_tag","embeddable":true,"href":"https:\/\/www.manaus.am.gov.br\/semed\/wp-json\/wp\/v2\/tags?post=9047"}],"curies":[{"name":"wp","href":"https:\/\/api.w.org\/{rel}","templated":true}]}}