{"id":8240,"date":"2025-02-20T20:37:22","date_gmt":"2025-02-21T00:37:22","guid":{"rendered":"https:\/\/www.manaus.am.gov.br\/semed\/not\u00edcias\/sem-categoria\/visita-tecnica-de-equipes-da-prefeitura\/"},"modified":"2025-02-20T20:37:24","modified_gmt":"2025-02-21T00:37:24","slug":"visita-tecnica-de-equipes-da-prefeitura","status":"publish","type":"post","link":"https:\/\/www.manaus.am.gov.br\/semed\/not\u00edcias\/acompanhamento\/visita-tecnica-de-equipes-da-prefeitura\/","title":{"rendered":"Escolas ind\u00edgenas do rio Negro recebem visita t\u00e9cnica de equipes da Prefeitura de Manaus"},"content":{"rendered":"\n<p>A Prefeitura de Manaus, por meio da Secretaria Municipal de Educa\u00e7\u00e3o (Semed), realizou, nesta quinta-feira, 20\/2, a primeira visita t\u00e9cnica do ano \u00e0s escolas ind\u00edgenas localizadas \u00e0s margens do rio Negro. As unidades atendidas foram a Escola Ind\u00edgena Municipal Kanata T-Ykua, a Escola Ind\u00edgena Municipal Puranga Pisas\u00fa e o espa\u00e7o ind\u00edgena Kurasi Wera. A a\u00e7\u00e3o teve como objetivo acompanhar o desenvolvimento das atividades pedag\u00f3gicas, verificar as condi\u00e7\u00f5es estruturais e materiais das unidades e dialogar com a gest\u00e3o escolar sobre os desafios e necessidades para o ano letivo.<br><br>De acordo com a gerente da Educa\u00e7\u00e3o Escolar Ind\u00edgena (GEEI) da Semed, Eneida Afonso, essas visitas s\u00e3o um compromisso da prefeitura para garantir que a educa\u00e7\u00e3o ind\u00edgena ocorra de forma eficiente.<br><br>\u201cNosso objetivo \u00e9 assegurar que as escolas ind\u00edgenas tenham o suporte necess\u00e1rio para desenvolver as atividades com qualidade, respeitando as especificidades de cada comunidade. Esse acompanhamento cont\u00ednuo \u00e9 essencial para que possamos atender melhor \u00e0s necessidades dos alunos e professores\u201d, enfatizou Eneida.<br><br>A assessora pedag\u00f3gica da GEEI, Luciane Paes, explicou que a visita \u00e9 fundamental para alinhar as estrat\u00e9gias e garantir um ensino de qualidade nas escolas ind\u00edgenas.<br><br>\u201cEssa primeira visita t\u00e9cnica do ano tem o prop\u00f3sito de desenvolver as a\u00e7\u00f5es na escola, verificar as condi\u00e7\u00f5es materiais e estruturais, al\u00e9m de conversar com a gest\u00e3o sobre as dificuldades que podem surgir e como podemos super\u00e1-las. Esse acompanhamento permite uma maior aproxima\u00e7\u00e3o para dar continuidade ao trabalho pedag\u00f3gico e fortalecer o processo escolar como um todo\u201d, destacou.<br><br>A professora Raylene Dias atua na educa\u00e7\u00e3o ind\u00edgena e ressalta\u00a0 a import\u00e2ncia desse suporte t\u00e9cnico para os educadores. \u201cTer esse acompanhamento da Semed \u00e9 essencial, pois nos ajuda a entender melhor como podemos aprimorar nosso trabalho e garantir um ensino que respeite a cultura e a l\u00edngua materna dos nossos alunos\u201d, afirmou a docente.<\/p>\n\n\n\n<p>\u2014 \u2014 \u2014<br><strong>Texto &#8211; <\/strong>Jordana Rodrigues\/Semed<br><strong>Fotos &#8211; <\/strong>Divulga\u00e7\u00e3o \/Semed<\/p>\n","protected":false},"excerpt":{"rendered":"","protected":false},"author":68,"featured_media":8241,"comment_status":"closed","ping_status":"closed","sticky":false,"template":"","format":"standard","meta":{"footnotes":""},"categories":[2002],"tags":[2003,15,52],"acf":[],"yoast_head":"<!-- This site is optimized with the Yoast SEO plugin v23.0 - https:\/\/yoast.com\/wordpress\/plugins\/seo\/ -->\n<title>Escolas ind\u00edgenas do rio Negro recebem visita t\u00e9cnica de equipes da Prefeitura de Manaus<\/title>\n<meta name=\"description\" content=\"A Prefeitura de Manaus, por meio da Secretaria Municipal de Educa\u00e7\u00e3o (Semed), realizou, nesta quinta-feira, 20\/2, a primeira visita t\u00e9cnica do ano \u00e0s escolas ind\u00edgenas localizadas \u00e0s margens do rio Negro.\" \/>\n<meta name=\"robots\" content=\"index, follow, max-snippet:-1, max-image-preview:large, max-video-preview:-1\" \/>\n<link rel=\"canonical\" href=\"https:\/\/www.manaus.am.gov.br\/semed\/not\u00edcias\/acompanhamento\/visita-tecnica-de-equipes-da-prefeitura\/\" \/>\n<meta property=\"og:locale\" content=\"pt_BR\" \/>\n<meta property=\"og:type\" content=\"article\" \/>\n<meta property=\"og:title\" content=\"Escolas ind\u00edgenas do rio Negro recebem visita t\u00e9cnica de equipes da Prefeitura de Manaus\" \/>\n<meta property=\"og:description\" content=\"A Prefeitura de Manaus, por meio da Secretaria Municipal de Educa\u00e7\u00e3o (Semed), realizou, nesta quinta-feira, 20\/2, a primeira visita t\u00e9cnica do ano \u00e0s escolas ind\u00edgenas localizadas \u00e0s margens do rio Negro.\" \/>\n<meta property=\"og:url\" content=\"https:\/\/www.manaus.am.gov.br\/semed\/not\u00edcias\/acompanhamento\/visita-tecnica-de-equipes-da-prefeitura\/\" \/>\n<meta property=\"og:site_name\" content=\"SEMED\" \/>\n<meta property=\"article:published_time\" content=\"2025-02-21T00:37:22+00:00\" \/>\n<meta property=\"article:modified_time\" content=\"2025-02-21T00:37:24+00:00\" \/>\n<meta property=\"og:image\" content=\"https:\/\/www.manaus.am.gov.br\/semed\/wp-content\/uploads\/sites\/3\/2025\/02\/Escolas-indigenas-do-rio-Negro-recebem-visita-tecnica-de-equipes-da-Prefeitura-de-Manaus.jpg\" \/>\n\t<meta property=\"og:image:width\" content=\"800\" \/>\n\t<meta property=\"og:image:height\" content=\"600\" \/>\n\t<meta property=\"og:image:type\" content=\"image\/jpeg\" \/>\n<meta name=\"author\" content=\"bvalente\" \/>\n<meta name=\"twitter:card\" content=\"summary_large_image\" \/>\n<meta name=\"twitter:label1\" content=\"Written by\" \/>\n\t<meta name=\"twitter:data1\" content=\"bvalente\" \/>\n\t<meta name=\"twitter:label2\" content=\"Est. reading time\" \/>\n\t<meta name=\"twitter:data2\" content=\"2 minutos\" \/>\n<script type=\"application\/ld+json\" class=\"yoast-schema-graph\">{\"@context\":\"https:\/\/schema.org\",\"@graph\":[{\"@type\":\"Article\",\"@id\":\"https:\/\/www.manaus.am.gov.br\/semed\/not\u00edcias\/acompanhamento\/visita-tecnica-de-equipes-da-prefeitura\/#article\",\"isPartOf\":{\"@id\":\"https:\/\/www.manaus.am.gov.br\/semed\/not\u00edcias\/acompanhamento\/visita-tecnica-de-equipes-da-prefeitura\/\"},\"author\":{\"name\":\"bvalente\",\"@id\":\"https:\/\/www.manaus.am.gov.br\/semed\/#\/schema\/person\/466a0e03ae4b6062809046bd560ac955\"},\"headline\":\"Escolas ind\u00edgenas do rio Negro recebem visita t\u00e9cnica de equipes da Prefeitura de Manaus\",\"datePublished\":\"2025-02-21T00:37:22+00:00\",\"dateModified\":\"2025-02-21T00:37:24+00:00\",\"mainEntityOfPage\":{\"@id\":\"https:\/\/www.manaus.am.gov.br\/semed\/not\u00edcias\/acompanhamento\/visita-tecnica-de-equipes-da-prefeitura\/\"},\"wordCount\":355,\"publisher\":{\"@id\":\"https:\/\/www.manaus.am.gov.br\/semed\/#organization\"},\"image\":{\"@id\":\"https:\/\/www.manaus.am.gov.br\/semed\/not\u00edcias\/acompanhamento\/visita-tecnica-de-equipes-da-prefeitura\/#primaryimage\"},\"thumbnailUrl\":\"https:\/\/www.manaus.am.gov.br\/semed\/wp-content\/uploads\/sites\/3\/2025\/02\/Escolas-indigenas-do-rio-Negro-recebem-visita-tecnica-de-equipes-da-Prefeitura-de-Manaus.jpg\",\"keywords\":[\"Escolas ind\u00edgenas do rio Negro recebem visita t\u00e9cnica de equipes da Prefeitura de Manaus\",\"prefeitura de manaus\",\"semed\"],\"articleSection\":[\"ACOMPANHAMENTO\"],\"inLanguage\":\"pt-BR\"},{\"@type\":\"WebPage\",\"@id\":\"https:\/\/www.manaus.am.gov.br\/semed\/not\u00edcias\/acompanhamento\/visita-tecnica-de-equipes-da-prefeitura\/\",\"url\":\"https:\/\/www.manaus.am.gov.br\/semed\/not\u00edcias\/acompanhamento\/visita-tecnica-de-equipes-da-prefeitura\/\",\"name\":\"Escolas ind\u00edgenas do rio Negro recebem visita t\u00e9cnica de equipes da Prefeitura de Manaus\",\"isPartOf\":{\"@id\":\"https:\/\/www.manaus.am.gov.br\/semed\/#website\"},\"primaryImageOfPage\":{\"@id\":\"https:\/\/www.manaus.am.gov.br\/semed\/not\u00edcias\/acompanhamento\/visita-tecnica-de-equipes-da-prefeitura\/#primaryimage\"},\"image\":{\"@id\":\"https:\/\/www.manaus.am.gov.br\/semed\/not\u00edcias\/acompanhamento\/visita-tecnica-de-equipes-da-prefeitura\/#primaryimage\"},\"thumbnailUrl\":\"https:\/\/www.manaus.am.gov.br\/semed\/wp-content\/uploads\/sites\/3\/2025\/02\/Escolas-indigenas-do-rio-Negro-recebem-visita-tecnica-de-equipes-da-Prefeitura-de-Manaus.jpg\",\"datePublished\":\"2025-02-21T00:37:22+00:00\",\"dateModified\":\"2025-02-21T00:37:24+00:00\",\"description\":\"A Prefeitura de Manaus, por meio da Secretaria Municipal de Educa\u00e7\u00e3o (Semed), realizou, nesta quinta-feira, 20\/2, a primeira visita t\u00e9cnica do ano \u00e0s escolas ind\u00edgenas localizadas \u00e0s margens do rio Negro.\",\"inLanguage\":\"pt-BR\",\"potentialAction\":[{\"@type\":\"ReadAction\",\"target\":[\"https:\/\/www.manaus.am.gov.br\/semed\/not\u00edcias\/acompanhamento\/visita-tecnica-de-equipes-da-prefeitura\/\"]}]},{\"@type\":\"ImageObject\",\"inLanguage\":\"pt-BR\",\"@id\":\"https:\/\/www.manaus.am.gov.br\/semed\/not\u00edcias\/acompanhamento\/visita-tecnica-de-equipes-da-prefeitura\/#primaryimage\",\"url\":\"https:\/\/www.manaus.am.gov.br\/semed\/wp-content\/uploads\/sites\/3\/2025\/02\/Escolas-indigenas-do-rio-Negro-recebem-visita-tecnica-de-equipes-da-Prefeitura-de-Manaus.jpg\",\"contentUrl\":\"https:\/\/www.manaus.am.gov.br\/semed\/wp-content\/uploads\/sites\/3\/2025\/02\/Escolas-indigenas-do-rio-Negro-recebem-visita-tecnica-de-equipes-da-Prefeitura-de-Manaus.jpg\",\"width\":800,\"height\":600},{\"@type\":\"WebSite\",\"@id\":\"https:\/\/www.manaus.am.gov.br\/semed\/#website\",\"url\":\"https:\/\/www.manaus.am.gov.br\/semed\/\",\"name\":\"Secretaria Municipal de Educa\u00e7\u00e3o\",\"description\":\"Secretaria Municipal de Educa\u00e7\u00e3o\",\"publisher\":{\"@id\":\"https:\/\/www.manaus.am.gov.br\/semed\/#organization\"},\"alternateName\":\"SEMED\",\"potentialAction\":[{\"@type\":\"SearchAction\",\"target\":{\"@type\":\"EntryPoint\",\"urlTemplate\":\"https:\/\/www.manaus.am.gov.br\/semed\/?s={search_term_string}\"},\"query-input\":\"required name=search_term_string\"}],\"inLanguage\":\"pt-BR\"},{\"@type\":\"Organization\",\"@id\":\"https:\/\/www.manaus.am.gov.br\/semed\/#organization\",\"name\":\"Secretaria de Educa\u00e7\u00e3o\",\"alternateName\":\"SEMED\",\"url\":\"https:\/\/www.manaus.am.gov.br\/semed\/\",\"logo\":{\"@type\":\"ImageObject\",\"inLanguage\":\"pt-BR\",\"@id\":\"https:\/\/www.manaus.am.gov.br\/semed\/#\/schema\/logo\/image\/\",\"url\":\"https:\/\/www.manaus.am.gov.br\/semed\/wp-content\/uploads\/sites\/3\/2022\/11\/favicon.png\",\"contentUrl\":\"https:\/\/www.manaus.am.gov.br\/semed\/wp-content\/uploads\/sites\/3\/2022\/11\/favicon.png\",\"width\":300,\"height\":300,\"caption\":\"Secretaria de Educa\u00e7\u00e3o\"},\"image\":{\"@id\":\"https:\/\/www.manaus.am.gov.br\/semed\/#\/schema\/logo\/image\/\"}},{\"@type\":\"Person\",\"@id\":\"https:\/\/www.manaus.am.gov.br\/semed\/#\/schema\/person\/466a0e03ae4b6062809046bd560ac955\",\"name\":\"bvalente\",\"image\":{\"@type\":\"ImageObject\",\"inLanguage\":\"pt-BR\",\"@id\":\"https:\/\/www.manaus.am.gov.br\/semed\/#\/schema\/person\/image\/\",\"url\":\"https:\/\/secure.gravatar.com\/avatar\/3e69bc2b014bdad41adfec3a39de07d2?s=96&d=mm&r=g\",\"contentUrl\":\"https:\/\/secure.gravatar.com\/avatar\/3e69bc2b014bdad41adfec3a39de07d2?s=96&d=mm&r=g\",\"caption\":\"bvalente\"}}]}<\/script>\n<!-- \/ Yoast SEO plugin. -->","yoast_head_json":{"title":"Escolas ind\u00edgenas do rio Negro recebem visita t\u00e9cnica de equipes da Prefeitura de Manaus","description":"A Prefeitura de Manaus, por meio da Secretaria Municipal de Educa\u00e7\u00e3o (Semed), realizou, nesta quinta-feira, 20\/2, a primeira visita t\u00e9cnica do ano \u00e0s escolas ind\u00edgenas localizadas \u00e0s margens do rio Negro.","robots":{"index":"index","follow":"follow","max-snippet":"max-snippet:-1","max-image-preview":"max-image-preview:large","max-video-preview":"max-video-preview:-1"},"canonical":"https:\/\/www.manaus.am.gov.br\/semed\/not\u00edcias\/acompanhamento\/visita-tecnica-de-equipes-da-prefeitura\/","og_locale":"pt_BR","og_type":"article","og_title":"Escolas ind\u00edgenas do rio Negro recebem visita t\u00e9cnica de equipes da Prefeitura de Manaus","og_description":"A Prefeitura de Manaus, por meio da Secretaria Municipal de Educa\u00e7\u00e3o (Semed), realizou, nesta quinta-feira, 20\/2, a primeira visita t\u00e9cnica do ano \u00e0s escolas ind\u00edgenas localizadas \u00e0s margens do rio Negro.","og_url":"https:\/\/www.manaus.am.gov.br\/semed\/not\u00edcias\/acompanhamento\/visita-tecnica-de-equipes-da-prefeitura\/","og_site_name":"SEMED","article_published_time":"2025-02-21T00:37:22+00:00","article_modified_time":"2025-02-21T00:37:24+00:00","og_image":[{"width":800,"height":600,"url":"https:\/\/www.manaus.am.gov.br\/semed\/wp-content\/uploads\/sites\/3\/2025\/02\/Escolas-indigenas-do-rio-Negro-recebem-visita-tecnica-de-equipes-da-Prefeitura-de-Manaus.jpg","type":"image\/jpeg"}],"author":"bvalente","twitter_card":"summary_large_image","twitter_misc":{"Written by":"bvalente","Est. reading time":"2 minutos"},"schema":{"@context":"https:\/\/schema.org","@graph":[{"@type":"Article","@id":"https:\/\/www.manaus.am.gov.br\/semed\/not\u00edcias\/acompanhamento\/visita-tecnica-de-equipes-da-prefeitura\/#article","isPartOf":{"@id":"https:\/\/www.manaus.am.gov.br\/semed\/not\u00edcias\/acompanhamento\/visita-tecnica-de-equipes-da-prefeitura\/"},"author":{"name":"bvalente","@id":"https:\/\/www.manaus.am.gov.br\/semed\/#\/schema\/person\/466a0e03ae4b6062809046bd560ac955"},"headline":"Escolas ind\u00edgenas do rio Negro recebem visita t\u00e9cnica de equipes da Prefeitura de Manaus","datePublished":"2025-02-21T00:37:22+00:00","dateModified":"2025-02-21T00:37:24+00:00","mainEntityOfPage":{"@id":"https:\/\/www.manaus.am.gov.br\/semed\/not\u00edcias\/acompanhamento\/visita-tecnica-de-equipes-da-prefeitura\/"},"wordCount":355,"publisher":{"@id":"https:\/\/www.manaus.am.gov.br\/semed\/#organization"},"image":{"@id":"https:\/\/www.manaus.am.gov.br\/semed\/not\u00edcias\/acompanhamento\/visita-tecnica-de-equipes-da-prefeitura\/#primaryimage"},"thumbnailUrl":"https:\/\/www.manaus.am.gov.br\/semed\/wp-content\/uploads\/sites\/3\/2025\/02\/Escolas-indigenas-do-rio-Negro-recebem-visita-tecnica-de-equipes-da-Prefeitura-de-Manaus.jpg","keywords":["Escolas ind\u00edgenas do rio Negro recebem visita t\u00e9cnica de equipes da Prefeitura de Manaus","prefeitura de manaus","semed"],"articleSection":["ACOMPANHAMENTO"],"inLanguage":"pt-BR"},{"@type":"WebPage","@id":"https:\/\/www.manaus.am.gov.br\/semed\/not\u00edcias\/acompanhamento\/visita-tecnica-de-equipes-da-prefeitura\/","url":"https:\/\/www.manaus.am.gov.br\/semed\/not\u00edcias\/acompanhamento\/visita-tecnica-de-equipes-da-prefeitura\/","name":"Escolas ind\u00edgenas do rio Negro recebem visita t\u00e9cnica de equipes da Prefeitura de Manaus","isPartOf":{"@id":"https:\/\/www.manaus.am.gov.br\/semed\/#website"},"primaryImageOfPage":{"@id":"https:\/\/www.manaus.am.gov.br\/semed\/not\u00edcias\/acompanhamento\/visita-tecnica-de-equipes-da-prefeitura\/#primaryimage"},"image":{"@id":"https:\/\/www.manaus.am.gov.br\/semed\/not\u00edcias\/acompanhamento\/visita-tecnica-de-equipes-da-prefeitura\/#primaryimage"},"thumbnailUrl":"https:\/\/www.manaus.am.gov.br\/semed\/wp-content\/uploads\/sites\/3\/2025\/02\/Escolas-indigenas-do-rio-Negro-recebem-visita-tecnica-de-equipes-da-Prefeitura-de-Manaus.jpg","datePublished":"2025-02-21T00:37:22+00:00","dateModified":"2025-02-21T00:37:24+00:00","description":"A Prefeitura de Manaus, por meio da Secretaria Municipal de Educa\u00e7\u00e3o (Semed), realizou, nesta quinta-feira, 20\/2, a primeira visita t\u00e9cnica do ano \u00e0s escolas ind\u00edgenas localizadas \u00e0s margens do rio Negro.","inLanguage":"pt-BR","potentialAction":[{"@type":"ReadAction","target":["https:\/\/www.manaus.am.gov.br\/semed\/not\u00edcias\/acompanhamento\/visita-tecnica-de-equipes-da-prefeitura\/"]}]},{"@type":"ImageObject","inLanguage":"pt-BR","@id":"https:\/\/www.manaus.am.gov.br\/semed\/not\u00edcias\/acompanhamento\/visita-tecnica-de-equipes-da-prefeitura\/#primaryimage","url":"https:\/\/www.manaus.am.gov.br\/semed\/wp-content\/uploads\/sites\/3\/2025\/02\/Escolas-indigenas-do-rio-Negro-recebem-visita-tecnica-de-equipes-da-Prefeitura-de-Manaus.jpg","contentUrl":"https:\/\/www.manaus.am.gov.br\/semed\/wp-content\/uploads\/sites\/3\/2025\/02\/Escolas-indigenas-do-rio-Negro-recebem-visita-tecnica-de-equipes-da-Prefeitura-de-Manaus.jpg","width":800,"height":600},{"@type":"WebSite","@id":"https:\/\/www.manaus.am.gov.br\/semed\/#website","url":"https:\/\/www.manaus.am.gov.br\/semed\/","name":"Secretaria Municipal de Educa\u00e7\u00e3o","description":"Secretaria Municipal de Educa\u00e7\u00e3o","publisher":{"@id":"https:\/\/www.manaus.am.gov.br\/semed\/#organization"},"alternateName":"SEMED","potentialAction":[{"@type":"SearchAction","target":{"@type":"EntryPoint","urlTemplate":"https:\/\/www.manaus.am.gov.br\/semed\/?s={search_term_string}"},"query-input":"required name=search_term_string"}],"inLanguage":"pt-BR"},{"@type":"Organization","@id":"https:\/\/www.manaus.am.gov.br\/semed\/#organization","name":"Secretaria de Educa\u00e7\u00e3o","alternateName":"SEMED","url":"https:\/\/www.manaus.am.gov.br\/semed\/","logo":{"@type":"ImageObject","inLanguage":"pt-BR","@id":"https:\/\/www.manaus.am.gov.br\/semed\/#\/schema\/logo\/image\/","url":"https:\/\/www.manaus.am.gov.br\/semed\/wp-content\/uploads\/sites\/3\/2022\/11\/favicon.png","contentUrl":"https:\/\/www.manaus.am.gov.br\/semed\/wp-content\/uploads\/sites\/3\/2022\/11\/favicon.png","width":300,"height":300,"caption":"Secretaria de Educa\u00e7\u00e3o"},"image":{"@id":"https:\/\/www.manaus.am.gov.br\/semed\/#\/schema\/logo\/image\/"}},{"@type":"Person","@id":"https:\/\/www.manaus.am.gov.br\/semed\/#\/schema\/person\/466a0e03ae4b6062809046bd560ac955","name":"bvalente","image":{"@type":"ImageObject","inLanguage":"pt-BR","@id":"https:\/\/www.manaus.am.gov.br\/semed\/#\/schema\/person\/image\/","url":"https:\/\/secure.gravatar.com\/avatar\/3e69bc2b014bdad41adfec3a39de07d2?s=96&d=mm&r=g","contentUrl":"https:\/\/secure.gravatar.com\/avatar\/3e69bc2b014bdad41adfec3a39de07d2?s=96&d=mm&r=g","caption":"bvalente"}}]}},"_links":{"self":[{"href":"https:\/\/www.manaus.am.gov.br\/semed\/wp-json\/wp\/v2\/posts\/8240"}],"collection":[{"href":"https:\/\/www.manaus.am.gov.br\/semed\/wp-json\/wp\/v2\/posts"}],"about":[{"href":"https:\/\/www.manaus.am.gov.br\/semed\/wp-json\/wp\/v2\/types\/post"}],"author":[{"embeddable":true,"href":"https:\/\/www.manaus.am.gov.br\/semed\/wp-json\/wp\/v2\/users\/68"}],"replies":[{"embeddable":true,"href":"https:\/\/www.manaus.am.gov.br\/semed\/wp-json\/wp\/v2\/comments?post=8240"}],"version-history":[{"count":0,"href":"https:\/\/www.manaus.am.gov.br\/semed\/wp-json\/wp\/v2\/posts\/8240\/revisions"}],"wp:featuredmedia":[{"embeddable":true,"href":"https:\/\/www.manaus.am.gov.br\/semed\/wp-json\/wp\/v2\/media\/8241"}],"wp:attachment":[{"href":"https:\/\/www.manaus.am.gov.br\/semed\/wp-json\/wp\/v2\/media?parent=8240"}],"wp:term":[{"taxonomy":"category","embeddable":true,"href":"https:\/\/www.manaus.am.gov.br\/semed\/wp-json\/wp\/v2\/categories?post=8240"},{"taxonomy":"post_tag","embeddable":true,"href":"https:\/\/www.manaus.am.gov.br\/semed\/wp-json\/wp\/v2\/tags?post=8240"}],"curies":[{"name":"wp","href":"https:\/\/api.w.org\/{rel}","templated":true}]}}