{"id":4860,"date":"2022-10-17T15:03:00","date_gmt":"2022-10-17T19:03:00","guid":{"rendered":"https:\/\/www.manaus.am.gov.br\/semed\/not\u00edcias\/sem-categoria\/prefeitura-de-manaus-realiza-a-abertura-da-5a-etapa-da-copa-zico-com-as-escolas-da-ddz-oeste\/"},"modified":"2024-01-17T09:12:11","modified_gmt":"2024-01-17T13:12:11","slug":"prefeitura-de-manaus-realiza-a-abertura-da-5a-etapa-da-copa-zico-com-as-escolas-da-ddz-oeste","status":"publish","type":"post","link":"https:\/\/www.manaus.am.gov.br\/semed\/not\u00edcias\/educacao\/prefeitura-de-manaus-realiza-a-abertura-da-5a-etapa-da-copa-zico-com-as-escolas-da-ddz-oeste\/","title":{"rendered":"Prefeitura de Manaus realiza a abertura da 5\u00aa etapa da Copa Zico com as escolas da DDZ Oeste"},"content":{"rendered":"\n<p>A Prefeitura de Manaus, por meio da Secretaria Municipal de Educa\u00e7\u00e3o (Semed), realizou, nesta segunda-feira, 17\/10, a abertura da 5\u00aa etapa da Copa Zico, envolvendo as unidades de ensino da Divis\u00e3o Distrital Zonal (DDZ) Oeste. Os jogos v\u00e3o acontecer at\u00e9 a sexta-feira, 21\/10, no est\u00e1dio Ismael Benigno, a \u201cColina\u201d, zona Oeste, e no est\u00e1dio Carlos Zamith, na zona Leste.<\/p>\n\n\n\n<p>A Copa Zico re\u00fane equipes nas categorias Sub-9, Sub-11, Sub-13 e Sub-15, beneficiando alunos das modalidades de ensino do 2\u00ba ao 9\u00ba do ensino fundamental das escolas da divis\u00e3o distrital.<\/p>\n\n\n\n<p>De acordo com o coordenador da Copa Zico na Semed, Ronnie Melo, a copa oportuniza aos jovens das unidades de ensino da zona intera\u00e7\u00e3o com outros alunos e escolas e, principalmente, participar da competi\u00e7\u00e3o.<\/p>\n\n\n\n<p>\u201cA Copa Zico tem uma proposta educacional. Estamos fazendo essa a\u00e7\u00e3o com o apoio do nosso prefeito David Almeida e da secret\u00e1ria Dulce Almeida, que d\u00e3o uma oportunidade de aprendizagem a partir de novas viv\u00eancias. Est\u00e3o todos ansiosos pela chance desse momento, ainda mais em ano de Copa do Mundo de futebol. \u00c9 um momento certo de ter uma a\u00e7\u00e3o educacional para a contribui\u00e7\u00e3o de nossos alunos\u201d, comentou.<\/p>\n\n\n\n<p>O aluno do 8\u00ba ano, Vitor Ramos, 13, da escola municipal Dalvina Silva de Oliveira, no conjunto Parque Riachuelo, bairro Tarum\u00e3, ficou feliz ao entrar em campo pela escola. Conhecido como \u201cVitinho\u201d, o atleta sonha em se tornar profissional. Ele acredita que a competi\u00e7\u00e3o pode abrir muitas portas nesse sentido.<\/p>\n\n\n\n<p>\u201cMinha sensa\u00e7\u00e3o \u00e9 de representar bem a minha escola e dar o melhor dentro de campo. Participo, pela primeira vez, de uma competi\u00e7\u00e3o assim. Vim aqui para ganhar. Meu sonho \u00e9 jogar no Flamengo no futuro. Meu desejo \u00e9 ser um profissional, e essa Copa \u00e9 uma oportunidade para isso. O Zico foi um grande jogador e \u00e9 o maior \u00eddolo do Flamengo, e tudo isso \u00e9 muito bom\u201d, disse.<\/p>\n\n\n\n<p>O chefe da DDZ Oeste, Dalmir Salazar, acompanhou de perto a abertura dos jogos.&nbsp;&nbsp;\u201c\u00c9 um trabalho tamb\u00e9m pedag\u00f3gico. O esporte tem esse poder muito grande de confraternizar e harmonizar ao mesmo tempo. Os meninos vieram de uma pandemia, e a Copa Zico veio trazer essa alegria, essa participa\u00e7\u00e3o \u00e9 muito importante. Eles se sentem muito importantes de poder vivenciar isso, principalmente nessa idade, em que a escola tem a miss\u00e3o de deixar algo positivo em nossos alunos\u201d, completou.<\/p>\n\n\n\n<hr class=\"wp-block-separator has-alpha-channel-opacity\"\/>\n\n\n\n<p><strong>Texto<\/strong>\u00a0\u2013 Paulo Rog\u00e9rio\/ Semed<br><strong>Fotos<\/strong>\u00a0\u2013 Henrique Silva\/ Semed<br><strong>Dispon\u00edveis em<\/strong>\u00a0\u2013\u00a0<a href=\"https:\/\/flic.kr\/s\/aHBqjAbt6B\">https:\/\/flic.kr\/s\/aHBqjAbt6B<\/a><\/p>\n","protected":false},"excerpt":{"rendered":"<p>Prefeitura de Manaus realiza a abertura da 5\u00aa etapa da Copa Zico com as escolas da DDZ Oeste<\/p>\n","protected":false},"author":27,"featured_media":4861,"comment_status":"closed","ping_status":"closed","sticky":false,"template":"","format":"standard","meta":{"footnotes":""},"categories":[8],"tags":[],"acf":[],"yoast_head":"<!-- This site is optimized with the Yoast SEO plugin v23.0 - https:\/\/yoast.com\/wordpress\/plugins\/seo\/ -->\n<title>Prefeitura de Manaus realiza a abertura da 5\u00aa etapa da Copa Zico com as escolas da DDZ Oeste - SEMED<\/title>\n<meta name=\"robots\" content=\"index, follow, max-snippet:-1, max-image-preview:large, max-video-preview:-1\" \/>\n<link rel=\"canonical\" href=\"https:\/\/www.manaus.am.gov.br\/semed\/not\u00edcias\/educacao\/prefeitura-de-manaus-realiza-a-abertura-da-5a-etapa-da-copa-zico-com-as-escolas-da-ddz-oeste\/\" \/>\n<meta property=\"og:locale\" content=\"pt_BR\" \/>\n<meta property=\"og:type\" content=\"article\" \/>\n<meta property=\"og:title\" content=\"Prefeitura de Manaus realiza a abertura da 5\u00aa etapa da Copa Zico com as escolas da DDZ Oeste - SEMED\" \/>\n<meta property=\"og:description\" content=\"Prefeitura de Manaus realiza a abertura da 5\u00aa etapa da Copa Zico com as escolas da DDZ Oeste\" \/>\n<meta property=\"og:url\" content=\"https:\/\/www.manaus.am.gov.br\/semed\/not\u00edcias\/educacao\/prefeitura-de-manaus-realiza-a-abertura-da-5a-etapa-da-copa-zico-com-as-escolas-da-ddz-oeste\/\" \/>\n<meta property=\"og:site_name\" content=\"SEMED\" \/>\n<meta property=\"article:published_time\" content=\"2022-10-17T19:03:00+00:00\" \/>\n<meta property=\"article:modified_time\" content=\"2024-01-17T13:12:11+00:00\" \/>\n<meta property=\"og:image\" content=\"https:\/\/www.manaus.am.gov.br\/semed\/wp-content\/uploads\/sites\/3\/2024\/01\/Prefeitura-de-Manaus-realiza-a-abertura-da-5a-etapa-da-Copa-Zico-com-as-escolas-da-DDZ-Oeste.jpg\" \/>\n\t<meta property=\"og:image:width\" content=\"799\" \/>\n\t<meta property=\"og:image:height\" content=\"533\" \/>\n\t<meta property=\"og:image:type\" content=\"image\/jpeg\" \/>\n<meta name=\"author\" content=\"Imarketing Digital\" \/>\n<meta name=\"twitter:card\" content=\"summary_large_image\" \/>\n<meta name=\"twitter:label1\" content=\"Written by\" \/>\n\t<meta name=\"twitter:data1\" content=\"Imarketing Digital\" \/>\n\t<meta name=\"twitter:label2\" content=\"Est. reading time\" \/>\n\t<meta name=\"twitter:data2\" content=\"3 minutos\" \/>\n<script type=\"application\/ld+json\" class=\"yoast-schema-graph\">{\"@context\":\"https:\/\/schema.org\",\"@graph\":[{\"@type\":\"Article\",\"@id\":\"https:\/\/www.manaus.am.gov.br\/semed\/not\u00edcias\/educacao\/prefeitura-de-manaus-realiza-a-abertura-da-5a-etapa-da-copa-zico-com-as-escolas-da-ddz-oeste\/#article\",\"isPartOf\":{\"@id\":\"https:\/\/www.manaus.am.gov.br\/semed\/not\u00edcias\/educacao\/prefeitura-de-manaus-realiza-a-abertura-da-5a-etapa-da-copa-zico-com-as-escolas-da-ddz-oeste\/\"},\"author\":{\"name\":\"Imarketing Digital\",\"@id\":\"https:\/\/www.manaus.am.gov.br\/semed\/#\/schema\/person\/79525a47ac5902f50493820d995728ee\"},\"headline\":\"Prefeitura de Manaus realiza a abertura da 5\u00aa etapa da Copa Zico com as escolas da DDZ Oeste\",\"datePublished\":\"2022-10-17T19:03:00+00:00\",\"dateModified\":\"2024-01-17T13:12:11+00:00\",\"mainEntityOfPage\":{\"@id\":\"https:\/\/www.manaus.am.gov.br\/semed\/not\u00edcias\/educacao\/prefeitura-de-manaus-realiza-a-abertura-da-5a-etapa-da-copa-zico-com-as-escolas-da-ddz-oeste\/\"},\"wordCount\":434,\"publisher\":{\"@id\":\"https:\/\/www.manaus.am.gov.br\/semed\/#organization\"},\"image\":{\"@id\":\"https:\/\/www.manaus.am.gov.br\/semed\/not\u00edcias\/educacao\/prefeitura-de-manaus-realiza-a-abertura-da-5a-etapa-da-copa-zico-com-as-escolas-da-ddz-oeste\/#primaryimage\"},\"thumbnailUrl\":\"https:\/\/www.manaus.am.gov.br\/semed\/wp-content\/uploads\/sites\/3\/2024\/01\/Prefeitura-de-Manaus-realiza-a-abertura-da-5a-etapa-da-Copa-Zico-com-as-escolas-da-DDZ-Oeste.jpg\",\"articleSection\":[\"Educa\u00e7\u00e3o\"],\"inLanguage\":\"pt-BR\"},{\"@type\":\"WebPage\",\"@id\":\"https:\/\/www.manaus.am.gov.br\/semed\/not\u00edcias\/educacao\/prefeitura-de-manaus-realiza-a-abertura-da-5a-etapa-da-copa-zico-com-as-escolas-da-ddz-oeste\/\",\"url\":\"https:\/\/www.manaus.am.gov.br\/semed\/not\u00edcias\/educacao\/prefeitura-de-manaus-realiza-a-abertura-da-5a-etapa-da-copa-zico-com-as-escolas-da-ddz-oeste\/\",\"name\":\"Prefeitura de Manaus realiza a abertura da 5\u00aa etapa da Copa Zico com as escolas da DDZ Oeste - SEMED\",\"isPartOf\":{\"@id\":\"https:\/\/www.manaus.am.gov.br\/semed\/#website\"},\"primaryImageOfPage\":{\"@id\":\"https:\/\/www.manaus.am.gov.br\/semed\/not\u00edcias\/educacao\/prefeitura-de-manaus-realiza-a-abertura-da-5a-etapa-da-copa-zico-com-as-escolas-da-ddz-oeste\/#primaryimage\"},\"image\":{\"@id\":\"https:\/\/www.manaus.am.gov.br\/semed\/not\u00edcias\/educacao\/prefeitura-de-manaus-realiza-a-abertura-da-5a-etapa-da-copa-zico-com-as-escolas-da-ddz-oeste\/#primaryimage\"},\"thumbnailUrl\":\"https:\/\/www.manaus.am.gov.br\/semed\/wp-content\/uploads\/sites\/3\/2024\/01\/Prefeitura-de-Manaus-realiza-a-abertura-da-5a-etapa-da-Copa-Zico-com-as-escolas-da-DDZ-Oeste.jpg\",\"datePublished\":\"2022-10-17T19:03:00+00:00\",\"dateModified\":\"2024-01-17T13:12:11+00:00\",\"inLanguage\":\"pt-BR\",\"potentialAction\":[{\"@type\":\"ReadAction\",\"target\":[\"https:\/\/www.manaus.am.gov.br\/semed\/not\u00edcias\/educacao\/prefeitura-de-manaus-realiza-a-abertura-da-5a-etapa-da-copa-zico-com-as-escolas-da-ddz-oeste\/\"]}]},{\"@type\":\"ImageObject\",\"inLanguage\":\"pt-BR\",\"@id\":\"https:\/\/www.manaus.am.gov.br\/semed\/not\u00edcias\/educacao\/prefeitura-de-manaus-realiza-a-abertura-da-5a-etapa-da-copa-zico-com-as-escolas-da-ddz-oeste\/#primaryimage\",\"url\":\"https:\/\/www.manaus.am.gov.br\/semed\/wp-content\/uploads\/sites\/3\/2024\/01\/Prefeitura-de-Manaus-realiza-a-abertura-da-5a-etapa-da-Copa-Zico-com-as-escolas-da-DDZ-Oeste.jpg\",\"contentUrl\":\"https:\/\/www.manaus.am.gov.br\/semed\/wp-content\/uploads\/sites\/3\/2024\/01\/Prefeitura-de-Manaus-realiza-a-abertura-da-5a-etapa-da-Copa-Zico-com-as-escolas-da-DDZ-Oeste.jpg\",\"width\":799,\"height\":533,\"caption\":\"Prefeitura de Manaus realiza a abertura da 5\u00aa etapa da Copa Zico com as escolas da DDZ Oeste\"},{\"@type\":\"WebSite\",\"@id\":\"https:\/\/www.manaus.am.gov.br\/semed\/#website\",\"url\":\"https:\/\/www.manaus.am.gov.br\/semed\/\",\"name\":\"Secretaria Municipal de Educa\u00e7\u00e3o\",\"description\":\"Secretaria Municipal de Educa\u00e7\u00e3o\",\"publisher\":{\"@id\":\"https:\/\/www.manaus.am.gov.br\/semed\/#organization\"},\"alternateName\":\"SEMED\",\"potentialAction\":[{\"@type\":\"SearchAction\",\"target\":{\"@type\":\"EntryPoint\",\"urlTemplate\":\"https:\/\/www.manaus.am.gov.br\/semed\/?s={search_term_string}\"},\"query-input\":\"required name=search_term_string\"}],\"inLanguage\":\"pt-BR\"},{\"@type\":\"Organization\",\"@id\":\"https:\/\/www.manaus.am.gov.br\/semed\/#organization\",\"name\":\"Secretaria de Educa\u00e7\u00e3o\",\"alternateName\":\"SEMED\",\"url\":\"https:\/\/www.manaus.am.gov.br\/semed\/\",\"logo\":{\"@type\":\"ImageObject\",\"inLanguage\":\"pt-BR\",\"@id\":\"https:\/\/www.manaus.am.gov.br\/semed\/#\/schema\/logo\/image\/\",\"url\":\"https:\/\/www.manaus.am.gov.br\/semed\/wp-content\/uploads\/sites\/3\/2022\/11\/favicon.png\",\"contentUrl\":\"https:\/\/www.manaus.am.gov.br\/semed\/wp-content\/uploads\/sites\/3\/2022\/11\/favicon.png\",\"width\":300,\"height\":300,\"caption\":\"Secretaria de Educa\u00e7\u00e3o\"},\"image\":{\"@id\":\"https:\/\/www.manaus.am.gov.br\/semed\/#\/schema\/logo\/image\/\"}},{\"@type\":\"Person\",\"@id\":\"https:\/\/www.manaus.am.gov.br\/semed\/#\/schema\/person\/79525a47ac5902f50493820d995728ee\",\"name\":\"Imarketing Digital\",\"image\":{\"@type\":\"ImageObject\",\"inLanguage\":\"pt-BR\",\"@id\":\"https:\/\/www.manaus.am.gov.br\/semed\/#\/schema\/person\/image\/\",\"url\":\"https:\/\/secure.gravatar.com\/avatar\/03432d3c57b756ed9760f7019c815a3a?s=96&d=mm&r=g\",\"contentUrl\":\"https:\/\/secure.gravatar.com\/avatar\/03432d3c57b756ed9760f7019c815a3a?s=96&d=mm&r=g\",\"caption\":\"Imarketing Digital\"}}]}<\/script>\n<!-- \/ Yoast SEO plugin. -->","yoast_head_json":{"title":"Prefeitura de Manaus realiza a abertura da 5\u00aa etapa da Copa Zico com as escolas da DDZ Oeste - SEMED","robots":{"index":"index","follow":"follow","max-snippet":"max-snippet:-1","max-image-preview":"max-image-preview:large","max-video-preview":"max-video-preview:-1"},"canonical":"https:\/\/www.manaus.am.gov.br\/semed\/not\u00edcias\/educacao\/prefeitura-de-manaus-realiza-a-abertura-da-5a-etapa-da-copa-zico-com-as-escolas-da-ddz-oeste\/","og_locale":"pt_BR","og_type":"article","og_title":"Prefeitura de Manaus realiza a abertura da 5\u00aa etapa da Copa Zico com as escolas da DDZ Oeste - SEMED","og_description":"Prefeitura de Manaus realiza a abertura da 5\u00aa etapa da Copa Zico com as escolas da DDZ Oeste","og_url":"https:\/\/www.manaus.am.gov.br\/semed\/not\u00edcias\/educacao\/prefeitura-de-manaus-realiza-a-abertura-da-5a-etapa-da-copa-zico-com-as-escolas-da-ddz-oeste\/","og_site_name":"SEMED","article_published_time":"2022-10-17T19:03:00+00:00","article_modified_time":"2024-01-17T13:12:11+00:00","og_image":[{"width":799,"height":533,"url":"https:\/\/www.manaus.am.gov.br\/semed\/wp-content\/uploads\/sites\/3\/2024\/01\/Prefeitura-de-Manaus-realiza-a-abertura-da-5a-etapa-da-Copa-Zico-com-as-escolas-da-DDZ-Oeste.jpg","type":"image\/jpeg"}],"author":"Imarketing Digital","twitter_card":"summary_large_image","twitter_misc":{"Written by":"Imarketing Digital","Est. reading time":"3 minutos"},"schema":{"@context":"https:\/\/schema.org","@graph":[{"@type":"Article","@id":"https:\/\/www.manaus.am.gov.br\/semed\/not\u00edcias\/educacao\/prefeitura-de-manaus-realiza-a-abertura-da-5a-etapa-da-copa-zico-com-as-escolas-da-ddz-oeste\/#article","isPartOf":{"@id":"https:\/\/www.manaus.am.gov.br\/semed\/not\u00edcias\/educacao\/prefeitura-de-manaus-realiza-a-abertura-da-5a-etapa-da-copa-zico-com-as-escolas-da-ddz-oeste\/"},"author":{"name":"Imarketing Digital","@id":"https:\/\/www.manaus.am.gov.br\/semed\/#\/schema\/person\/79525a47ac5902f50493820d995728ee"},"headline":"Prefeitura de Manaus realiza a abertura da 5\u00aa etapa da Copa Zico com as escolas da DDZ Oeste","datePublished":"2022-10-17T19:03:00+00:00","dateModified":"2024-01-17T13:12:11+00:00","mainEntityOfPage":{"@id":"https:\/\/www.manaus.am.gov.br\/semed\/not\u00edcias\/educacao\/prefeitura-de-manaus-realiza-a-abertura-da-5a-etapa-da-copa-zico-com-as-escolas-da-ddz-oeste\/"},"wordCount":434,"publisher":{"@id":"https:\/\/www.manaus.am.gov.br\/semed\/#organization"},"image":{"@id":"https:\/\/www.manaus.am.gov.br\/semed\/not\u00edcias\/educacao\/prefeitura-de-manaus-realiza-a-abertura-da-5a-etapa-da-copa-zico-com-as-escolas-da-ddz-oeste\/#primaryimage"},"thumbnailUrl":"https:\/\/www.manaus.am.gov.br\/semed\/wp-content\/uploads\/sites\/3\/2024\/01\/Prefeitura-de-Manaus-realiza-a-abertura-da-5a-etapa-da-Copa-Zico-com-as-escolas-da-DDZ-Oeste.jpg","articleSection":["Educa\u00e7\u00e3o"],"inLanguage":"pt-BR"},{"@type":"WebPage","@id":"https:\/\/www.manaus.am.gov.br\/semed\/not\u00edcias\/educacao\/prefeitura-de-manaus-realiza-a-abertura-da-5a-etapa-da-copa-zico-com-as-escolas-da-ddz-oeste\/","url":"https:\/\/www.manaus.am.gov.br\/semed\/not\u00edcias\/educacao\/prefeitura-de-manaus-realiza-a-abertura-da-5a-etapa-da-copa-zico-com-as-escolas-da-ddz-oeste\/","name":"Prefeitura de Manaus realiza a abertura da 5\u00aa etapa da Copa Zico com as escolas da DDZ Oeste - SEMED","isPartOf":{"@id":"https:\/\/www.manaus.am.gov.br\/semed\/#website"},"primaryImageOfPage":{"@id":"https:\/\/www.manaus.am.gov.br\/semed\/not\u00edcias\/educacao\/prefeitura-de-manaus-realiza-a-abertura-da-5a-etapa-da-copa-zico-com-as-escolas-da-ddz-oeste\/#primaryimage"},"image":{"@id":"https:\/\/www.manaus.am.gov.br\/semed\/not\u00edcias\/educacao\/prefeitura-de-manaus-realiza-a-abertura-da-5a-etapa-da-copa-zico-com-as-escolas-da-ddz-oeste\/#primaryimage"},"thumbnailUrl":"https:\/\/www.manaus.am.gov.br\/semed\/wp-content\/uploads\/sites\/3\/2024\/01\/Prefeitura-de-Manaus-realiza-a-abertura-da-5a-etapa-da-Copa-Zico-com-as-escolas-da-DDZ-Oeste.jpg","datePublished":"2022-10-17T19:03:00+00:00","dateModified":"2024-01-17T13:12:11+00:00","inLanguage":"pt-BR","potentialAction":[{"@type":"ReadAction","target":["https:\/\/www.manaus.am.gov.br\/semed\/not\u00edcias\/educacao\/prefeitura-de-manaus-realiza-a-abertura-da-5a-etapa-da-copa-zico-com-as-escolas-da-ddz-oeste\/"]}]},{"@type":"ImageObject","inLanguage":"pt-BR","@id":"https:\/\/www.manaus.am.gov.br\/semed\/not\u00edcias\/educacao\/prefeitura-de-manaus-realiza-a-abertura-da-5a-etapa-da-copa-zico-com-as-escolas-da-ddz-oeste\/#primaryimage","url":"https:\/\/www.manaus.am.gov.br\/semed\/wp-content\/uploads\/sites\/3\/2024\/01\/Prefeitura-de-Manaus-realiza-a-abertura-da-5a-etapa-da-Copa-Zico-com-as-escolas-da-DDZ-Oeste.jpg","contentUrl":"https:\/\/www.manaus.am.gov.br\/semed\/wp-content\/uploads\/sites\/3\/2024\/01\/Prefeitura-de-Manaus-realiza-a-abertura-da-5a-etapa-da-Copa-Zico-com-as-escolas-da-DDZ-Oeste.jpg","width":799,"height":533,"caption":"Prefeitura de Manaus realiza a abertura da 5\u00aa etapa da Copa Zico com as escolas da DDZ Oeste"},{"@type":"WebSite","@id":"https:\/\/www.manaus.am.gov.br\/semed\/#website","url":"https:\/\/www.manaus.am.gov.br\/semed\/","name":"Secretaria Municipal de Educa\u00e7\u00e3o","description":"Secretaria Municipal de Educa\u00e7\u00e3o","publisher":{"@id":"https:\/\/www.manaus.am.gov.br\/semed\/#organization"},"alternateName":"SEMED","potentialAction":[{"@type":"SearchAction","target":{"@type":"EntryPoint","urlTemplate":"https:\/\/www.manaus.am.gov.br\/semed\/?s={search_term_string}"},"query-input":"required name=search_term_string"}],"inLanguage":"pt-BR"},{"@type":"Organization","@id":"https:\/\/www.manaus.am.gov.br\/semed\/#organization","name":"Secretaria de Educa\u00e7\u00e3o","alternateName":"SEMED","url":"https:\/\/www.manaus.am.gov.br\/semed\/","logo":{"@type":"ImageObject","inLanguage":"pt-BR","@id":"https:\/\/www.manaus.am.gov.br\/semed\/#\/schema\/logo\/image\/","url":"https:\/\/www.manaus.am.gov.br\/semed\/wp-content\/uploads\/sites\/3\/2022\/11\/favicon.png","contentUrl":"https:\/\/www.manaus.am.gov.br\/semed\/wp-content\/uploads\/sites\/3\/2022\/11\/favicon.png","width":300,"height":300,"caption":"Secretaria de Educa\u00e7\u00e3o"},"image":{"@id":"https:\/\/www.manaus.am.gov.br\/semed\/#\/schema\/logo\/image\/"}},{"@type":"Person","@id":"https:\/\/www.manaus.am.gov.br\/semed\/#\/schema\/person\/79525a47ac5902f50493820d995728ee","name":"Imarketing Digital","image":{"@type":"ImageObject","inLanguage":"pt-BR","@id":"https:\/\/www.manaus.am.gov.br\/semed\/#\/schema\/person\/image\/","url":"https:\/\/secure.gravatar.com\/avatar\/03432d3c57b756ed9760f7019c815a3a?s=96&d=mm&r=g","contentUrl":"https:\/\/secure.gravatar.com\/avatar\/03432d3c57b756ed9760f7019c815a3a?s=96&d=mm&r=g","caption":"Imarketing Digital"}}]}},"_links":{"self":[{"href":"https:\/\/www.manaus.am.gov.br\/semed\/wp-json\/wp\/v2\/posts\/4860"}],"collection":[{"href":"https:\/\/www.manaus.am.gov.br\/semed\/wp-json\/wp\/v2\/posts"}],"about":[{"href":"https:\/\/www.manaus.am.gov.br\/semed\/wp-json\/wp\/v2\/types\/post"}],"author":[{"embeddable":true,"href":"https:\/\/www.manaus.am.gov.br\/semed\/wp-json\/wp\/v2\/users\/27"}],"replies":[{"embeddable":true,"href":"https:\/\/www.manaus.am.gov.br\/semed\/wp-json\/wp\/v2\/comments?post=4860"}],"version-history":[{"count":0,"href":"https:\/\/www.manaus.am.gov.br\/semed\/wp-json\/wp\/v2\/posts\/4860\/revisions"}],"wp:featuredmedia":[{"embeddable":true,"href":"https:\/\/www.manaus.am.gov.br\/semed\/wp-json\/wp\/v2\/media\/4861"}],"wp:attachment":[{"href":"https:\/\/www.manaus.am.gov.br\/semed\/wp-json\/wp\/v2\/media?parent=4860"}],"wp:term":[{"taxonomy":"category","embeddable":true,"href":"https:\/\/www.manaus.am.gov.br\/semed\/wp-json\/wp\/v2\/categories?post=4860"},{"taxonomy":"post_tag","embeddable":true,"href":"https:\/\/www.manaus.am.gov.br\/semed\/wp-json\/wp\/v2\/tags?post=4860"}],"curies":[{"name":"wp","href":"https:\/\/api.w.org\/{rel}","templated":true}]}}