{"id":4856,"date":"2022-10-19T12:45:00","date_gmt":"2022-10-19T16:45:00","guid":{"rendered":"https:\/\/www.manaus.am.gov.br\/semed\/not\u00edcias\/sem-categoria\/prefeitura-de-manaus-realiza-ultima-convocacao-do-cadastro-reserva-do-concurso-da-semed\/"},"modified":"2024-01-17T09:11:51","modified_gmt":"2024-01-17T13:11:51","slug":"prefeitura-de-manaus-realiza-ultima-convocacao-do-cadastro-reserva-do-concurso-da-semed","status":"publish","type":"post","link":"https:\/\/www.manaus.am.gov.br\/semed\/not\u00edcias\/educacao\/prefeitura-de-manaus-realiza-ultima-convocacao-do-cadastro-reserva-do-concurso-da-semed\/","title":{"rendered":"Prefeitura de Manaus realiza \u00faltima convoca\u00e7\u00e3o do cadastro reserva do concurso da Semed"},"content":{"rendered":"\n<p>A Prefeitura de Manaus, por meio da Secretaria Municipal de Educa\u00e7\u00e3o (Semed), publicou, nesta ter\u00e7a-feira, 18\/10, no Di\u00e1rio Oficial do Munic\u00edpio (DOM) n\u00ba 5.448, a convoca\u00e7\u00e3o de 566 candidatos aprovados no concurso de 2017 e que estavam no cadastro reserva. Com essa convoca\u00e7\u00e3o, todos os aprovados pelo concurso foram chamados, sendo 2.274 nos \u00faltimos dois anos.<\/p>\n\n\n\n<p>A posse se dar\u00e1 atrav\u00e9s de contato da Comiss\u00e3o de Investidura da Semed com os nomeados, por meio do e-mail&nbsp;<a href=\"mailto:comissao.posse@semed.manaus.am.gov.br\">comissao.posse@semed.manaus.am.gov.br<\/a>, no per\u00edodo de 19\/10 a 17\/11\/2022,&nbsp;com&nbsp;orienta\u00e7\u00f5es&nbsp;quanto&nbsp;aos procedimentos pr\u00e9-admissionais e checagem de pr\u00e9-requisitos, dos documentos.<\/p>\n\n\n\n<p>A secret\u00e1ria municipal de Educa\u00e7\u00e3o, professora Dulce Almeida, refor\u00e7ou que a convoca\u00e7\u00e3o desses professores \u00e9 a garantia que a gest\u00e3o do prefeito David Almeida busca uma Educa\u00e7\u00e3o de qualidade para Manaus. \u201cTodas essas convoca\u00e7\u00f5es enchem os nossos cora\u00e7\u00f5es de alegria, pois com mais professores na equipe da Semed, temos a certeza de que seremos a melhor Educa\u00e7\u00e3o do Brasil e colocamos em pr\u00e1tica o Plano de Governo do prefeito David\u201d, declarou a titular da pasta.<\/p>\n\n\n\n<p>De acordo com o chefe da Divis\u00e3o de Pessoal da Semed, Thiago Correia, essa convoca\u00e7\u00e3o \u00e9 poss\u00edvel porque a secretaria prorrogou a vig\u00eancia do certame visando interesses da administra\u00e7\u00e3o p\u00fablica.<\/p>\n\n\n\n<p>\u201cA Secretaria Municipal de Educa\u00e7\u00e3o ofertou 400 vagas no total do certame de 2017 e nomeou todos os candidatos do cadastro reserva. Vale lembrar que j\u00e1 nomeamos dez vezes mais que o n\u00famero de vagas ofertadas, o que demonstra o interesse desta secretaria em nomear os classificados do concurso p\u00fablico vigente\u201d, ressaltou.<\/p>\n\n\n\n<hr class=\"wp-block-separator has-alpha-channel-opacity\"\/>\n\n\n\n<p><strong>Texto \u2013\u00a0<\/strong>Alexandre Abreu\/ Semed<br><strong>Fotos \u2013<\/strong>\u00a0M\u00e1rio Oliveira\/ Semed<br><strong>Dispon\u00edveis em \u2013<\/strong>\u00a0<a href=\"https:\/\/flic.kr\/s\/aHBqjAbLta\">https:\/\/flic.kr\/s\/aHBqjAbLta<\/a><\/p>\n","protected":false},"excerpt":{"rendered":"","protected":false},"author":27,"featured_media":4857,"comment_status":"closed","ping_status":"closed","sticky":false,"template":"","format":"standard","meta":{"footnotes":""},"categories":[8],"tags":[],"acf":[],"yoast_head":"<!-- This site is optimized with the Yoast SEO plugin v23.0 - https:\/\/yoast.com\/wordpress\/plugins\/seo\/ -->\n<title>Prefeitura de Manaus realiza \u00faltima convoca\u00e7\u00e3o do cadastro reserva do concurso da Semed - SEMED<\/title>\n<meta name=\"robots\" content=\"index, follow, max-snippet:-1, max-image-preview:large, max-video-preview:-1\" \/>\n<link rel=\"canonical\" href=\"https:\/\/www.manaus.am.gov.br\/semed\/not\u00edcias\/educacao\/prefeitura-de-manaus-realiza-ultima-convocacao-do-cadastro-reserva-do-concurso-da-semed\/\" \/>\n<meta property=\"og:locale\" content=\"pt_BR\" \/>\n<meta property=\"og:type\" content=\"article\" \/>\n<meta property=\"og:title\" content=\"Prefeitura de Manaus realiza \u00faltima convoca\u00e7\u00e3o do cadastro reserva do concurso da Semed - SEMED\" \/>\n<meta property=\"og:url\" content=\"https:\/\/www.manaus.am.gov.br\/semed\/not\u00edcias\/educacao\/prefeitura-de-manaus-realiza-ultima-convocacao-do-cadastro-reserva-do-concurso-da-semed\/\" \/>\n<meta property=\"og:site_name\" content=\"SEMED\" \/>\n<meta property=\"article:published_time\" content=\"2022-10-19T16:45:00+00:00\" \/>\n<meta property=\"article:modified_time\" content=\"2024-01-17T13:11:51+00:00\" \/>\n<meta property=\"og:image\" content=\"https:\/\/www.manaus.am.gov.br\/semed\/wp-content\/uploads\/sites\/3\/2024\/01\/Prefeitura-de-Manaus-realiza-ultima-convocacao-do-cadastro-reserva-do-concurso-da-Semed.jpg\" \/>\n\t<meta property=\"og:image:width\" content=\"720\" \/>\n\t<meta property=\"og:image:height\" content=\"407\" \/>\n\t<meta property=\"og:image:type\" content=\"image\/jpeg\" \/>\n<meta name=\"author\" content=\"Imarketing Digital\" \/>\n<meta name=\"twitter:card\" content=\"summary_large_image\" \/>\n<meta name=\"twitter:label1\" content=\"Written by\" \/>\n\t<meta name=\"twitter:data1\" content=\"Imarketing Digital\" \/>\n\t<meta name=\"twitter:label2\" content=\"Est. reading time\" \/>\n\t<meta name=\"twitter:data2\" content=\"2 minutos\" \/>\n<script type=\"application\/ld+json\" class=\"yoast-schema-graph\">{\"@context\":\"https:\/\/schema.org\",\"@graph\":[{\"@type\":\"Article\",\"@id\":\"https:\/\/www.manaus.am.gov.br\/semed\/not\u00edcias\/educacao\/prefeitura-de-manaus-realiza-ultima-convocacao-do-cadastro-reserva-do-concurso-da-semed\/#article\",\"isPartOf\":{\"@id\":\"https:\/\/www.manaus.am.gov.br\/semed\/not\u00edcias\/educacao\/prefeitura-de-manaus-realiza-ultima-convocacao-do-cadastro-reserva-do-concurso-da-semed\/\"},\"author\":{\"name\":\"Imarketing Digital\",\"@id\":\"https:\/\/www.manaus.am.gov.br\/semed\/#\/schema\/person\/79525a47ac5902f50493820d995728ee\"},\"headline\":\"Prefeitura de Manaus realiza \u00faltima convoca\u00e7\u00e3o do cadastro reserva do concurso da Semed\",\"datePublished\":\"2022-10-19T16:45:00+00:00\",\"dateModified\":\"2024-01-17T13:11:51+00:00\",\"mainEntityOfPage\":{\"@id\":\"https:\/\/www.manaus.am.gov.br\/semed\/not\u00edcias\/educacao\/prefeitura-de-manaus-realiza-ultima-convocacao-do-cadastro-reserva-do-concurso-da-semed\/\"},\"wordCount\":314,\"publisher\":{\"@id\":\"https:\/\/www.manaus.am.gov.br\/semed\/#organization\"},\"image\":{\"@id\":\"https:\/\/www.manaus.am.gov.br\/semed\/not\u00edcias\/educacao\/prefeitura-de-manaus-realiza-ultima-convocacao-do-cadastro-reserva-do-concurso-da-semed\/#primaryimage\"},\"thumbnailUrl\":\"https:\/\/www.manaus.am.gov.br\/semed\/wp-content\/uploads\/sites\/3\/2024\/01\/Prefeitura-de-Manaus-realiza-ultima-convocacao-do-cadastro-reserva-do-concurso-da-Semed.jpg\",\"articleSection\":[\"Educa\u00e7\u00e3o\"],\"inLanguage\":\"pt-BR\"},{\"@type\":\"WebPage\",\"@id\":\"https:\/\/www.manaus.am.gov.br\/semed\/not\u00edcias\/educacao\/prefeitura-de-manaus-realiza-ultima-convocacao-do-cadastro-reserva-do-concurso-da-semed\/\",\"url\":\"https:\/\/www.manaus.am.gov.br\/semed\/not\u00edcias\/educacao\/prefeitura-de-manaus-realiza-ultima-convocacao-do-cadastro-reserva-do-concurso-da-semed\/\",\"name\":\"Prefeitura de Manaus realiza \u00faltima convoca\u00e7\u00e3o do cadastro reserva do concurso da Semed - SEMED\",\"isPartOf\":{\"@id\":\"https:\/\/www.manaus.am.gov.br\/semed\/#website\"},\"primaryImageOfPage\":{\"@id\":\"https:\/\/www.manaus.am.gov.br\/semed\/not\u00edcias\/educacao\/prefeitura-de-manaus-realiza-ultima-convocacao-do-cadastro-reserva-do-concurso-da-semed\/#primaryimage\"},\"image\":{\"@id\":\"https:\/\/www.manaus.am.gov.br\/semed\/not\u00edcias\/educacao\/prefeitura-de-manaus-realiza-ultima-convocacao-do-cadastro-reserva-do-concurso-da-semed\/#primaryimage\"},\"thumbnailUrl\":\"https:\/\/www.manaus.am.gov.br\/semed\/wp-content\/uploads\/sites\/3\/2024\/01\/Prefeitura-de-Manaus-realiza-ultima-convocacao-do-cadastro-reserva-do-concurso-da-Semed.jpg\",\"datePublished\":\"2022-10-19T16:45:00+00:00\",\"dateModified\":\"2024-01-17T13:11:51+00:00\",\"inLanguage\":\"pt-BR\",\"potentialAction\":[{\"@type\":\"ReadAction\",\"target\":[\"https:\/\/www.manaus.am.gov.br\/semed\/not\u00edcias\/educacao\/prefeitura-de-manaus-realiza-ultima-convocacao-do-cadastro-reserva-do-concurso-da-semed\/\"]}]},{\"@type\":\"ImageObject\",\"inLanguage\":\"pt-BR\",\"@id\":\"https:\/\/www.manaus.am.gov.br\/semed\/not\u00edcias\/educacao\/prefeitura-de-manaus-realiza-ultima-convocacao-do-cadastro-reserva-do-concurso-da-semed\/#primaryimage\",\"url\":\"https:\/\/www.manaus.am.gov.br\/semed\/wp-content\/uploads\/sites\/3\/2024\/01\/Prefeitura-de-Manaus-realiza-ultima-convocacao-do-cadastro-reserva-do-concurso-da-Semed.jpg\",\"contentUrl\":\"https:\/\/www.manaus.am.gov.br\/semed\/wp-content\/uploads\/sites\/3\/2024\/01\/Prefeitura-de-Manaus-realiza-ultima-convocacao-do-cadastro-reserva-do-concurso-da-Semed.jpg\",\"width\":720,\"height\":407,\"caption\":\"Prefeitura de Manaus realiza \u00faltima convoca\u00e7\u00e3o do cadastro reserva do concurso da Semed\"},{\"@type\":\"WebSite\",\"@id\":\"https:\/\/www.manaus.am.gov.br\/semed\/#website\",\"url\":\"https:\/\/www.manaus.am.gov.br\/semed\/\",\"name\":\"Secretaria Municipal de Educa\u00e7\u00e3o\",\"description\":\"Secretaria Municipal de Educa\u00e7\u00e3o\",\"publisher\":{\"@id\":\"https:\/\/www.manaus.am.gov.br\/semed\/#organization\"},\"alternateName\":\"SEMED\",\"potentialAction\":[{\"@type\":\"SearchAction\",\"target\":{\"@type\":\"EntryPoint\",\"urlTemplate\":\"https:\/\/www.manaus.am.gov.br\/semed\/?s={search_term_string}\"},\"query-input\":\"required name=search_term_string\"}],\"inLanguage\":\"pt-BR\"},{\"@type\":\"Organization\",\"@id\":\"https:\/\/www.manaus.am.gov.br\/semed\/#organization\",\"name\":\"Secretaria de Educa\u00e7\u00e3o\",\"alternateName\":\"SEMED\",\"url\":\"https:\/\/www.manaus.am.gov.br\/semed\/\",\"logo\":{\"@type\":\"ImageObject\",\"inLanguage\":\"pt-BR\",\"@id\":\"https:\/\/www.manaus.am.gov.br\/semed\/#\/schema\/logo\/image\/\",\"url\":\"https:\/\/www.manaus.am.gov.br\/semed\/wp-content\/uploads\/sites\/3\/2022\/11\/favicon.png\",\"contentUrl\":\"https:\/\/www.manaus.am.gov.br\/semed\/wp-content\/uploads\/sites\/3\/2022\/11\/favicon.png\",\"width\":300,\"height\":300,\"caption\":\"Secretaria de Educa\u00e7\u00e3o\"},\"image\":{\"@id\":\"https:\/\/www.manaus.am.gov.br\/semed\/#\/schema\/logo\/image\/\"}},{\"@type\":\"Person\",\"@id\":\"https:\/\/www.manaus.am.gov.br\/semed\/#\/schema\/person\/79525a47ac5902f50493820d995728ee\",\"name\":\"Imarketing Digital\",\"image\":{\"@type\":\"ImageObject\",\"inLanguage\":\"pt-BR\",\"@id\":\"https:\/\/www.manaus.am.gov.br\/semed\/#\/schema\/person\/image\/\",\"url\":\"https:\/\/secure.gravatar.com\/avatar\/03432d3c57b756ed9760f7019c815a3a?s=96&d=mm&r=g\",\"contentUrl\":\"https:\/\/secure.gravatar.com\/avatar\/03432d3c57b756ed9760f7019c815a3a?s=96&d=mm&r=g\",\"caption\":\"Imarketing Digital\"}}]}<\/script>\n<!-- \/ Yoast SEO plugin. -->","yoast_head_json":{"title":"Prefeitura de Manaus realiza \u00faltima convoca\u00e7\u00e3o do cadastro reserva do concurso da Semed - SEMED","robots":{"index":"index","follow":"follow","max-snippet":"max-snippet:-1","max-image-preview":"max-image-preview:large","max-video-preview":"max-video-preview:-1"},"canonical":"https:\/\/www.manaus.am.gov.br\/semed\/not\u00edcias\/educacao\/prefeitura-de-manaus-realiza-ultima-convocacao-do-cadastro-reserva-do-concurso-da-semed\/","og_locale":"pt_BR","og_type":"article","og_title":"Prefeitura de Manaus realiza \u00faltima convoca\u00e7\u00e3o do cadastro reserva do concurso da Semed - SEMED","og_url":"https:\/\/www.manaus.am.gov.br\/semed\/not\u00edcias\/educacao\/prefeitura-de-manaus-realiza-ultima-convocacao-do-cadastro-reserva-do-concurso-da-semed\/","og_site_name":"SEMED","article_published_time":"2022-10-19T16:45:00+00:00","article_modified_time":"2024-01-17T13:11:51+00:00","og_image":[{"width":720,"height":407,"url":"https:\/\/www.manaus.am.gov.br\/semed\/wp-content\/uploads\/sites\/3\/2024\/01\/Prefeitura-de-Manaus-realiza-ultima-convocacao-do-cadastro-reserva-do-concurso-da-Semed.jpg","type":"image\/jpeg"}],"author":"Imarketing Digital","twitter_card":"summary_large_image","twitter_misc":{"Written by":"Imarketing Digital","Est. reading time":"2 minutos"},"schema":{"@context":"https:\/\/schema.org","@graph":[{"@type":"Article","@id":"https:\/\/www.manaus.am.gov.br\/semed\/not\u00edcias\/educacao\/prefeitura-de-manaus-realiza-ultima-convocacao-do-cadastro-reserva-do-concurso-da-semed\/#article","isPartOf":{"@id":"https:\/\/www.manaus.am.gov.br\/semed\/not\u00edcias\/educacao\/prefeitura-de-manaus-realiza-ultima-convocacao-do-cadastro-reserva-do-concurso-da-semed\/"},"author":{"name":"Imarketing Digital","@id":"https:\/\/www.manaus.am.gov.br\/semed\/#\/schema\/person\/79525a47ac5902f50493820d995728ee"},"headline":"Prefeitura de Manaus realiza \u00faltima convoca\u00e7\u00e3o do cadastro reserva do concurso da Semed","datePublished":"2022-10-19T16:45:00+00:00","dateModified":"2024-01-17T13:11:51+00:00","mainEntityOfPage":{"@id":"https:\/\/www.manaus.am.gov.br\/semed\/not\u00edcias\/educacao\/prefeitura-de-manaus-realiza-ultima-convocacao-do-cadastro-reserva-do-concurso-da-semed\/"},"wordCount":314,"publisher":{"@id":"https:\/\/www.manaus.am.gov.br\/semed\/#organization"},"image":{"@id":"https:\/\/www.manaus.am.gov.br\/semed\/not\u00edcias\/educacao\/prefeitura-de-manaus-realiza-ultima-convocacao-do-cadastro-reserva-do-concurso-da-semed\/#primaryimage"},"thumbnailUrl":"https:\/\/www.manaus.am.gov.br\/semed\/wp-content\/uploads\/sites\/3\/2024\/01\/Prefeitura-de-Manaus-realiza-ultima-convocacao-do-cadastro-reserva-do-concurso-da-Semed.jpg","articleSection":["Educa\u00e7\u00e3o"],"inLanguage":"pt-BR"},{"@type":"WebPage","@id":"https:\/\/www.manaus.am.gov.br\/semed\/not\u00edcias\/educacao\/prefeitura-de-manaus-realiza-ultima-convocacao-do-cadastro-reserva-do-concurso-da-semed\/","url":"https:\/\/www.manaus.am.gov.br\/semed\/not\u00edcias\/educacao\/prefeitura-de-manaus-realiza-ultima-convocacao-do-cadastro-reserva-do-concurso-da-semed\/","name":"Prefeitura de Manaus realiza \u00faltima convoca\u00e7\u00e3o do cadastro reserva do concurso da Semed - SEMED","isPartOf":{"@id":"https:\/\/www.manaus.am.gov.br\/semed\/#website"},"primaryImageOfPage":{"@id":"https:\/\/www.manaus.am.gov.br\/semed\/not\u00edcias\/educacao\/prefeitura-de-manaus-realiza-ultima-convocacao-do-cadastro-reserva-do-concurso-da-semed\/#primaryimage"},"image":{"@id":"https:\/\/www.manaus.am.gov.br\/semed\/not\u00edcias\/educacao\/prefeitura-de-manaus-realiza-ultima-convocacao-do-cadastro-reserva-do-concurso-da-semed\/#primaryimage"},"thumbnailUrl":"https:\/\/www.manaus.am.gov.br\/semed\/wp-content\/uploads\/sites\/3\/2024\/01\/Prefeitura-de-Manaus-realiza-ultima-convocacao-do-cadastro-reserva-do-concurso-da-Semed.jpg","datePublished":"2022-10-19T16:45:00+00:00","dateModified":"2024-01-17T13:11:51+00:00","inLanguage":"pt-BR","potentialAction":[{"@type":"ReadAction","target":["https:\/\/www.manaus.am.gov.br\/semed\/not\u00edcias\/educacao\/prefeitura-de-manaus-realiza-ultima-convocacao-do-cadastro-reserva-do-concurso-da-semed\/"]}]},{"@type":"ImageObject","inLanguage":"pt-BR","@id":"https:\/\/www.manaus.am.gov.br\/semed\/not\u00edcias\/educacao\/prefeitura-de-manaus-realiza-ultima-convocacao-do-cadastro-reserva-do-concurso-da-semed\/#primaryimage","url":"https:\/\/www.manaus.am.gov.br\/semed\/wp-content\/uploads\/sites\/3\/2024\/01\/Prefeitura-de-Manaus-realiza-ultima-convocacao-do-cadastro-reserva-do-concurso-da-Semed.jpg","contentUrl":"https:\/\/www.manaus.am.gov.br\/semed\/wp-content\/uploads\/sites\/3\/2024\/01\/Prefeitura-de-Manaus-realiza-ultima-convocacao-do-cadastro-reserva-do-concurso-da-Semed.jpg","width":720,"height":407,"caption":"Prefeitura de Manaus realiza \u00faltima convoca\u00e7\u00e3o do cadastro reserva do concurso da Semed"},{"@type":"WebSite","@id":"https:\/\/www.manaus.am.gov.br\/semed\/#website","url":"https:\/\/www.manaus.am.gov.br\/semed\/","name":"Secretaria Municipal de Educa\u00e7\u00e3o","description":"Secretaria Municipal de Educa\u00e7\u00e3o","publisher":{"@id":"https:\/\/www.manaus.am.gov.br\/semed\/#organization"},"alternateName":"SEMED","potentialAction":[{"@type":"SearchAction","target":{"@type":"EntryPoint","urlTemplate":"https:\/\/www.manaus.am.gov.br\/semed\/?s={search_term_string}"},"query-input":"required name=search_term_string"}],"inLanguage":"pt-BR"},{"@type":"Organization","@id":"https:\/\/www.manaus.am.gov.br\/semed\/#organization","name":"Secretaria de Educa\u00e7\u00e3o","alternateName":"SEMED","url":"https:\/\/www.manaus.am.gov.br\/semed\/","logo":{"@type":"ImageObject","inLanguage":"pt-BR","@id":"https:\/\/www.manaus.am.gov.br\/semed\/#\/schema\/logo\/image\/","url":"https:\/\/www.manaus.am.gov.br\/semed\/wp-content\/uploads\/sites\/3\/2022\/11\/favicon.png","contentUrl":"https:\/\/www.manaus.am.gov.br\/semed\/wp-content\/uploads\/sites\/3\/2022\/11\/favicon.png","width":300,"height":300,"caption":"Secretaria de Educa\u00e7\u00e3o"},"image":{"@id":"https:\/\/www.manaus.am.gov.br\/semed\/#\/schema\/logo\/image\/"}},{"@type":"Person","@id":"https:\/\/www.manaus.am.gov.br\/semed\/#\/schema\/person\/79525a47ac5902f50493820d995728ee","name":"Imarketing Digital","image":{"@type":"ImageObject","inLanguage":"pt-BR","@id":"https:\/\/www.manaus.am.gov.br\/semed\/#\/schema\/person\/image\/","url":"https:\/\/secure.gravatar.com\/avatar\/03432d3c57b756ed9760f7019c815a3a?s=96&d=mm&r=g","contentUrl":"https:\/\/secure.gravatar.com\/avatar\/03432d3c57b756ed9760f7019c815a3a?s=96&d=mm&r=g","caption":"Imarketing Digital"}}]}},"_links":{"self":[{"href":"https:\/\/www.manaus.am.gov.br\/semed\/wp-json\/wp\/v2\/posts\/4856"}],"collection":[{"href":"https:\/\/www.manaus.am.gov.br\/semed\/wp-json\/wp\/v2\/posts"}],"about":[{"href":"https:\/\/www.manaus.am.gov.br\/semed\/wp-json\/wp\/v2\/types\/post"}],"author":[{"embeddable":true,"href":"https:\/\/www.manaus.am.gov.br\/semed\/wp-json\/wp\/v2\/users\/27"}],"replies":[{"embeddable":true,"href":"https:\/\/www.manaus.am.gov.br\/semed\/wp-json\/wp\/v2\/comments?post=4856"}],"version-history":[{"count":0,"href":"https:\/\/www.manaus.am.gov.br\/semed\/wp-json\/wp\/v2\/posts\/4856\/revisions"}],"wp:featuredmedia":[{"embeddable":true,"href":"https:\/\/www.manaus.am.gov.br\/semed\/wp-json\/wp\/v2\/media\/4857"}],"wp:attachment":[{"href":"https:\/\/www.manaus.am.gov.br\/semed\/wp-json\/wp\/v2\/media?parent=4856"}],"wp:term":[{"taxonomy":"category","embeddable":true,"href":"https:\/\/www.manaus.am.gov.br\/semed\/wp-json\/wp\/v2\/categories?post=4856"},{"taxonomy":"post_tag","embeddable":true,"href":"https:\/\/www.manaus.am.gov.br\/semed\/wp-json\/wp\/v2\/tags?post=4856"}],"curies":[{"name":"wp","href":"https:\/\/api.w.org\/{rel}","templated":true}]}}