{"id":474,"date":"2018-01-10T13:06:58","date_gmt":"2018-01-10T17:06:58","guid":{"rendered":"https:\/\/www.manaus.am.gov.br\/semed\/not\u00edcias\/sem-categoria\/escolas-da-rede-municipal-comecam-a-receber-kits-de-robotica-do-procurumim\/"},"modified":"2022-12-06T09:30:28","modified_gmt":"2022-12-06T13:30:28","slug":"escolas-da-rede-municipal-comecam-a-receber-kits-de-robotica-do-procurumim","status":"publish","type":"post","link":"https:\/\/www.manaus.am.gov.br\/semed\/not\u00edcias\/educacao\/escolas-da-rede-municipal-comecam-a-receber-kits-de-robotica-do-procurumim\/","title":{"rendered":"Escolas da rede municipal come\u00e7am a receber kits de rob\u00f3tica do Procurumim"},"content":{"rendered":"\n<p>A Secretaria Municipal de Educa\u00e7\u00e3o (Semed) iniciou nesta quarta-feira, 10\/1, a entrega dos kits de rob\u00f3tica do Projeto do Clube de Linguagem e Programa\u00e7\u00e3o e Rob\u00f3tica (Procurumim) para que j\u00e1 sejam utilizados no ano letivo de 2018, em 54 unidades de ensino, alcan\u00e7ando mais de dez mil alunos. Criado em 2016, o projeto busca proporcionar aos estudantes a multialfabetiza\u00e7\u00e3o, trabalhando diversas disciplinas como ci\u00eancia e matem\u00e1tica, por meio da rob\u00f3tica e linguagem de programa\u00e7\u00e3o.<\/p>\n\n\n\n<p>O material ser\u00e1 entregue para 17 unidades de ensino das zonas Centro-Sul e Sul, 15 para zona Leste, nove para escolas situadas na zona Norte da cidade, 10 localizadas nas zonas Oeste e Centro-Oeste, al\u00e9m de tr\u00eas em escolas rurais atendidas pela rede municipal de ensino.<\/p>\n\n\n\n<p>Segundo o gerente Jerry Maquim, a secretaria pretende distribuir os kits at\u00e9 o dia 18 de janeiro. \u201cA distribui\u00e7\u00e3o ser\u00e1 feita diretamente nas escolas contempladas pelo programa.&nbsp;&nbsp;Estamos com uma meta de entregar em 10 escolas por dia, iniciando pela Divis\u00e3o Distrital Zonal (DDZ) Sul, para que possamos concluir as entregas, no m\u00e1ximo, em sete dias \u00fateis e terminar, definitivamente, no dia 18 de janeiro\u201d, enfatizou.<\/p>\n\n\n\n<p>Cada kit \u00e9 composto de cadernos do aluno, cadernos do professor e um robokit.&nbsp; Ao todo, ser\u00e3o 10.784&nbsp;cadernos para alunos do 1\u00ba ao 9\u00ba ano do Ensino Fundamental, 489 cadernos para professores e 139 robokits.<\/p>\n\n\n\n<p>Os cadernos apresentar\u00e3o uma s\u00e9rie de possibilidades para o desenvolvimento do trabalho em sala de aula, assim como na compreens\u00e3o dos conte\u00fados de rob\u00f3tica repassados aos estudantes. J\u00e1 o robokit vai introduzir o estudo da rob\u00f3tica, a partir do uso&nbsp;de blocos de montagem, sensores, LED, cart\u00f5es e leitor de c\u00f3digo de barras.<\/p>\n\n\n\n<p>O aparato pedag\u00f3gico ajuda,&nbsp;ainda,&nbsp;a construir diferentes conceitos de montagem, programa\u00e7\u00e3o simples e como essa tecnologia \u00e9 utilizada no cotidiano. Al\u00e9m disso, trabalhar de forma interdisciplinar, por exemplo, com conte\u00fados de automa\u00e7\u00e3o, matem\u00e1tica, programa\u00e7\u00e3o por blocos e racioc\u00ednio l\u00f3gico.<\/p>\n\n\n\n<p>A primeira unidade a receber o material foi a Escola Municipal de Educa\u00e7\u00e3o Especial Andr\u00e9 Vidal Ara\u00fajo, que atende alunos com defici\u00eancia e ter\u00e1 mais uma ferramenta para trabalhar a reabilita\u00e7\u00e3o e inclus\u00e3o desses estudantes. O diretor da unidade, Elivan Dantas, explicou como o kit ser\u00e1 utilizado. \u201cEnt\u00e3o todos os projetos educacionais desenvolvidos pela Prefeitura de Manaus h\u00e1 essa preocupa\u00e7\u00e3o com a inclus\u00e3o dos alunos com defici\u00eancia. Fomos escolhidos para participar do projeto, justamente, para inserir os alunos no mundo das tecnologias assistivas, como tamb\u00e9m fazer com que eles melhorem a parte cognitiva, melhorando a intera\u00e7\u00e3o e aprendizado\u201d, comentou.<\/p>\n\n\n\n<h2 class=\"wp-block-heading\">Crit\u00e9rios de escolha<\/h2>\n\n\n\n<p>Para participar das atividades do Procurumim, a Ger\u00eancia de Tecnologia Educacional (GTE) da Semed estabeleceu alguns crit\u00e9rios de sele\u00e7\u00e3o das unidades, entre eles est\u00e1 a boa coloca\u00e7\u00e3o das escolas no \u00cdndice de Desenvolvimento da Educa\u00e7\u00e3o B\u00e1sica (Ideb). Outros crit\u00e9rios s\u00e3o a exist\u00eancia de Telecentros e monitores de Telecentros nas escolas.<\/p>\n\n\n\n<p>Segundo Aldemira de Ara\u00fajo C\u00e2mara, gerente da GTE, os kits ser\u00e3o uma importante contribui\u00e7\u00e3o ao trabalho dos professores e ao ensino oferecido em sala de aula.&nbsp; \u201cCom o uso pedag\u00f3gico deste recurso e aliando teoria \u00e0 pr\u00e1tica, possibilitamos aos estudantes o desenvolvimento de compet\u00eancias, como trabalho em equipe, autodesenvolvimento, capacidade de solucionar problemas, senso cr\u00edtico, exposi\u00e7\u00e3o de pensamentos, criatividade, autonomia, responsabilidade, postura empreendedora, entre outras\u201d, disse.<\/p>\n\n\n\n<h2 class=\"wp-block-heading\">Procurumim<\/h2>\n\n\n\n<p>O Procurumim \u00e9 uma estrat\u00e9gia pedag\u00f3gica, desenvolvida para incentivar os alunos da rede p\u00fablica municipal e suas habilidades cognitivas, interpessoais e intrapessoais, focadas na flu\u00eancia tecnol\u00f3gica, que formam o aluno do s\u00e9culo 21, para que seja desenvolvido o racioc\u00ednio l\u00f3gico e fazendo com que os alunos n\u00e3o sejam apenas consumidores de tecnologia, mas criadores de conte\u00fado.<\/p>\n\n\n\n<hr class=\"wp-block-separator has-alpha-channel-opacity\"\/>\n\n\n\n<p><strong>Texto:<\/strong> Emerson Santos \/ Semed<br><strong>Fotos: <\/strong>Lton Santos \/ Semed<br><strong>Dispon\u00edveis em:<\/strong> <a href=\"https:\/\/flic.kr\/s\/aHsmcbH44Q\">https:\/\/flic.kr\/s\/aHsmcbH44Q<\/a><\/p>\n\n\n\n<p>Assessoria de Comunica\u00e7\u00e3o da Secretaria Municipal de Educa\u00e7\u00e3o (Semed): (92) 3632-2054<\/p>\n","protected":false},"excerpt":{"rendered":"","protected":false},"author":8,"featured_media":475,"comment_status":"closed","ping_status":"closed","sticky":false,"template":"","format":"standard","meta":{"footnotes":""},"categories":[8],"tags":[31,32,26,19],"acf":[],"yoast_head":"<!-- This site is optimized with the Yoast SEO plugin v23.0 - https:\/\/yoast.com\/wordpress\/plugins\/seo\/ -->\n<title>Escolas da rede municipal come\u00e7am a receber kits de rob\u00f3tica do Procurumim - SEMED<\/title>\n<meta name=\"robots\" content=\"index, follow, max-snippet:-1, max-image-preview:large, max-video-preview:-1\" \/>\n<link rel=\"canonical\" href=\"https:\/\/www.manaus.am.gov.br\/semed\/not\u00edcias\/educacao\/escolas-da-rede-municipal-comecam-a-receber-kits-de-robotica-do-procurumim\/\" \/>\n<meta property=\"og:locale\" content=\"pt_BR\" \/>\n<meta property=\"og:type\" content=\"article\" \/>\n<meta property=\"og:title\" content=\"Escolas da rede municipal come\u00e7am a receber kits de rob\u00f3tica do Procurumim - SEMED\" \/>\n<meta property=\"og:url\" content=\"https:\/\/www.manaus.am.gov.br\/semed\/not\u00edcias\/educacao\/escolas-da-rede-municipal-comecam-a-receber-kits-de-robotica-do-procurumim\/\" \/>\n<meta property=\"og:site_name\" content=\"SEMED\" \/>\n<meta property=\"article:published_time\" content=\"2018-01-10T17:06:58+00:00\" \/>\n<meta property=\"article:modified_time\" content=\"2022-12-06T13:30:28+00:00\" \/>\n<meta property=\"og:image\" content=\"https:\/\/www.manaus.am.gov.br\/semed\/wp-content\/uploads\/sites\/3\/2022\/12\/Escolas-da-rede-municipal-comecam-a-receber-kits-de-robotica-do-Procurumim.jpg\" \/>\n\t<meta property=\"og:image:width\" content=\"799\" \/>\n\t<meta property=\"og:image:height\" content=\"533\" \/>\n\t<meta property=\"og:image:type\" content=\"image\/jpeg\" \/>\n<meta name=\"author\" content=\"Glauber Farias\" \/>\n<meta name=\"twitter:card\" content=\"summary_large_image\" \/>\n<meta name=\"twitter:label1\" content=\"Written by\" \/>\n\t<meta name=\"twitter:data1\" content=\"Glauber Farias\" \/>\n\t<meta name=\"twitter:label2\" content=\"Est. reading time\" \/>\n\t<meta name=\"twitter:data2\" content=\"4 minutos\" \/>\n<script type=\"application\/ld+json\" class=\"yoast-schema-graph\">{\"@context\":\"https:\/\/schema.org\",\"@graph\":[{\"@type\":\"Article\",\"@id\":\"https:\/\/www.manaus.am.gov.br\/semed\/not\u00edcias\/educacao\/escolas-da-rede-municipal-comecam-a-receber-kits-de-robotica-do-procurumim\/#article\",\"isPartOf\":{\"@id\":\"https:\/\/www.manaus.am.gov.br\/semed\/not\u00edcias\/educacao\/escolas-da-rede-municipal-comecam-a-receber-kits-de-robotica-do-procurumim\/\"},\"author\":{\"name\":\"Glauber Farias\",\"@id\":\"https:\/\/www.manaus.am.gov.br\/semed\/#\/schema\/person\/fe69d2249d78e7a3112d42bc34c44a58\"},\"headline\":\"Escolas da rede municipal come\u00e7am a receber kits de rob\u00f3tica do Procurumim\",\"datePublished\":\"2018-01-10T17:06:58+00:00\",\"dateModified\":\"2022-12-06T13:30:28+00:00\",\"mainEntityOfPage\":{\"@id\":\"https:\/\/www.manaus.am.gov.br\/semed\/not\u00edcias\/educacao\/escolas-da-rede-municipal-comecam-a-receber-kits-de-robotica-do-procurumim\/\"},\"wordCount\":694,\"publisher\":{\"@id\":\"https:\/\/www.manaus.am.gov.br\/semed\/#organization\"},\"image\":{\"@id\":\"https:\/\/www.manaus.am.gov.br\/semed\/not\u00edcias\/educacao\/escolas-da-rede-municipal-comecam-a-receber-kits-de-robotica-do-procurumim\/#primaryimage\"},\"thumbnailUrl\":\"https:\/\/www.manaus.am.gov.br\/semed\/wp-content\/uploads\/sites\/3\/2022\/12\/Escolas-da-rede-municipal-comecam-a-receber-kits-de-robotica-do-Procurumim.jpg\",\"keywords\":[\"escolas\",\"kits\",\"procurumim\",\"robotica\"],\"articleSection\":[\"Educa\u00e7\u00e3o\"],\"inLanguage\":\"pt-BR\"},{\"@type\":\"WebPage\",\"@id\":\"https:\/\/www.manaus.am.gov.br\/semed\/not\u00edcias\/educacao\/escolas-da-rede-municipal-comecam-a-receber-kits-de-robotica-do-procurumim\/\",\"url\":\"https:\/\/www.manaus.am.gov.br\/semed\/not\u00edcias\/educacao\/escolas-da-rede-municipal-comecam-a-receber-kits-de-robotica-do-procurumim\/\",\"name\":\"Escolas da rede municipal come\u00e7am a receber kits de rob\u00f3tica do Procurumim - SEMED\",\"isPartOf\":{\"@id\":\"https:\/\/www.manaus.am.gov.br\/semed\/#website\"},\"primaryImageOfPage\":{\"@id\":\"https:\/\/www.manaus.am.gov.br\/semed\/not\u00edcias\/educacao\/escolas-da-rede-municipal-comecam-a-receber-kits-de-robotica-do-procurumim\/#primaryimage\"},\"image\":{\"@id\":\"https:\/\/www.manaus.am.gov.br\/semed\/not\u00edcias\/educacao\/escolas-da-rede-municipal-comecam-a-receber-kits-de-robotica-do-procurumim\/#primaryimage\"},\"thumbnailUrl\":\"https:\/\/www.manaus.am.gov.br\/semed\/wp-content\/uploads\/sites\/3\/2022\/12\/Escolas-da-rede-municipal-comecam-a-receber-kits-de-robotica-do-Procurumim.jpg\",\"datePublished\":\"2018-01-10T17:06:58+00:00\",\"dateModified\":\"2022-12-06T13:30:28+00:00\",\"inLanguage\":\"pt-BR\",\"potentialAction\":[{\"@type\":\"ReadAction\",\"target\":[\"https:\/\/www.manaus.am.gov.br\/semed\/not\u00edcias\/educacao\/escolas-da-rede-municipal-comecam-a-receber-kits-de-robotica-do-procurumim\/\"]}]},{\"@type\":\"ImageObject\",\"inLanguage\":\"pt-BR\",\"@id\":\"https:\/\/www.manaus.am.gov.br\/semed\/not\u00edcias\/educacao\/escolas-da-rede-municipal-comecam-a-receber-kits-de-robotica-do-procurumim\/#primaryimage\",\"url\":\"https:\/\/www.manaus.am.gov.br\/semed\/wp-content\/uploads\/sites\/3\/2022\/12\/Escolas-da-rede-municipal-comecam-a-receber-kits-de-robotica-do-Procurumim.jpg\",\"contentUrl\":\"https:\/\/www.manaus.am.gov.br\/semed\/wp-content\/uploads\/sites\/3\/2022\/12\/Escolas-da-rede-municipal-comecam-a-receber-kits-de-robotica-do-Procurumim.jpg\",\"width\":799,\"height\":533,\"caption\":\"Escolas da rede municipal come\u00e7am a receber kits de rob\u00f3tica do Procurumim\"},{\"@type\":\"WebSite\",\"@id\":\"https:\/\/www.manaus.am.gov.br\/semed\/#website\",\"url\":\"https:\/\/www.manaus.am.gov.br\/semed\/\",\"name\":\"Secretaria Municipal de Educa\u00e7\u00e3o\",\"description\":\"Secretaria Municipal de Educa\u00e7\u00e3o\",\"publisher\":{\"@id\":\"https:\/\/www.manaus.am.gov.br\/semed\/#organization\"},\"alternateName\":\"SEMED\",\"potentialAction\":[{\"@type\":\"SearchAction\",\"target\":{\"@type\":\"EntryPoint\",\"urlTemplate\":\"https:\/\/www.manaus.am.gov.br\/semed\/?s={search_term_string}\"},\"query-input\":\"required name=search_term_string\"}],\"inLanguage\":\"pt-BR\"},{\"@type\":\"Organization\",\"@id\":\"https:\/\/www.manaus.am.gov.br\/semed\/#organization\",\"name\":\"Secretaria de Educa\u00e7\u00e3o\",\"alternateName\":\"SEMED\",\"url\":\"https:\/\/www.manaus.am.gov.br\/semed\/\",\"logo\":{\"@type\":\"ImageObject\",\"inLanguage\":\"pt-BR\",\"@id\":\"https:\/\/www.manaus.am.gov.br\/semed\/#\/schema\/logo\/image\/\",\"url\":\"https:\/\/www.manaus.am.gov.br\/semed\/wp-content\/uploads\/sites\/3\/2022\/11\/favicon.png\",\"contentUrl\":\"https:\/\/www.manaus.am.gov.br\/semed\/wp-content\/uploads\/sites\/3\/2022\/11\/favicon.png\",\"width\":300,\"height\":300,\"caption\":\"Secretaria de Educa\u00e7\u00e3o\"},\"image\":{\"@id\":\"https:\/\/www.manaus.am.gov.br\/semed\/#\/schema\/logo\/image\/\"}},{\"@type\":\"Person\",\"@id\":\"https:\/\/www.manaus.am.gov.br\/semed\/#\/schema\/person\/fe69d2249d78e7a3112d42bc34c44a58\",\"name\":\"Glauber Farias\",\"image\":{\"@type\":\"ImageObject\",\"inLanguage\":\"pt-BR\",\"@id\":\"https:\/\/www.manaus.am.gov.br\/semed\/#\/schema\/person\/image\/\",\"url\":\"https:\/\/secure.gravatar.com\/avatar\/eb33200ffd19538372f635b2165531c0?s=96&d=mm&r=g\",\"contentUrl\":\"https:\/\/secure.gravatar.com\/avatar\/eb33200ffd19538372f635b2165531c0?s=96&d=mm&r=g\",\"caption\":\"Glauber Farias\"}}]}<\/script>\n<!-- \/ Yoast SEO plugin. -->","yoast_head_json":{"title":"Escolas da rede municipal come\u00e7am a receber kits de rob\u00f3tica do Procurumim - SEMED","robots":{"index":"index","follow":"follow","max-snippet":"max-snippet:-1","max-image-preview":"max-image-preview:large","max-video-preview":"max-video-preview:-1"},"canonical":"https:\/\/www.manaus.am.gov.br\/semed\/not\u00edcias\/educacao\/escolas-da-rede-municipal-comecam-a-receber-kits-de-robotica-do-procurumim\/","og_locale":"pt_BR","og_type":"article","og_title":"Escolas da rede municipal come\u00e7am a receber kits de rob\u00f3tica do Procurumim - SEMED","og_url":"https:\/\/www.manaus.am.gov.br\/semed\/not\u00edcias\/educacao\/escolas-da-rede-municipal-comecam-a-receber-kits-de-robotica-do-procurumim\/","og_site_name":"SEMED","article_published_time":"2018-01-10T17:06:58+00:00","article_modified_time":"2022-12-06T13:30:28+00:00","og_image":[{"width":799,"height":533,"url":"https:\/\/www.manaus.am.gov.br\/semed\/wp-content\/uploads\/sites\/3\/2022\/12\/Escolas-da-rede-municipal-comecam-a-receber-kits-de-robotica-do-Procurumim.jpg","type":"image\/jpeg"}],"author":"Glauber Farias","twitter_card":"summary_large_image","twitter_misc":{"Written by":"Glauber Farias","Est. reading time":"4 minutos"},"schema":{"@context":"https:\/\/schema.org","@graph":[{"@type":"Article","@id":"https:\/\/www.manaus.am.gov.br\/semed\/not\u00edcias\/educacao\/escolas-da-rede-municipal-comecam-a-receber-kits-de-robotica-do-procurumim\/#article","isPartOf":{"@id":"https:\/\/www.manaus.am.gov.br\/semed\/not\u00edcias\/educacao\/escolas-da-rede-municipal-comecam-a-receber-kits-de-robotica-do-procurumim\/"},"author":{"name":"Glauber Farias","@id":"https:\/\/www.manaus.am.gov.br\/semed\/#\/schema\/person\/fe69d2249d78e7a3112d42bc34c44a58"},"headline":"Escolas da rede municipal come\u00e7am a receber kits de rob\u00f3tica do Procurumim","datePublished":"2018-01-10T17:06:58+00:00","dateModified":"2022-12-06T13:30:28+00:00","mainEntityOfPage":{"@id":"https:\/\/www.manaus.am.gov.br\/semed\/not\u00edcias\/educacao\/escolas-da-rede-municipal-comecam-a-receber-kits-de-robotica-do-procurumim\/"},"wordCount":694,"publisher":{"@id":"https:\/\/www.manaus.am.gov.br\/semed\/#organization"},"image":{"@id":"https:\/\/www.manaus.am.gov.br\/semed\/not\u00edcias\/educacao\/escolas-da-rede-municipal-comecam-a-receber-kits-de-robotica-do-procurumim\/#primaryimage"},"thumbnailUrl":"https:\/\/www.manaus.am.gov.br\/semed\/wp-content\/uploads\/sites\/3\/2022\/12\/Escolas-da-rede-municipal-comecam-a-receber-kits-de-robotica-do-Procurumim.jpg","keywords":["escolas","kits","procurumim","robotica"],"articleSection":["Educa\u00e7\u00e3o"],"inLanguage":"pt-BR"},{"@type":"WebPage","@id":"https:\/\/www.manaus.am.gov.br\/semed\/not\u00edcias\/educacao\/escolas-da-rede-municipal-comecam-a-receber-kits-de-robotica-do-procurumim\/","url":"https:\/\/www.manaus.am.gov.br\/semed\/not\u00edcias\/educacao\/escolas-da-rede-municipal-comecam-a-receber-kits-de-robotica-do-procurumim\/","name":"Escolas da rede municipal come\u00e7am a receber kits de rob\u00f3tica do Procurumim - SEMED","isPartOf":{"@id":"https:\/\/www.manaus.am.gov.br\/semed\/#website"},"primaryImageOfPage":{"@id":"https:\/\/www.manaus.am.gov.br\/semed\/not\u00edcias\/educacao\/escolas-da-rede-municipal-comecam-a-receber-kits-de-robotica-do-procurumim\/#primaryimage"},"image":{"@id":"https:\/\/www.manaus.am.gov.br\/semed\/not\u00edcias\/educacao\/escolas-da-rede-municipal-comecam-a-receber-kits-de-robotica-do-procurumim\/#primaryimage"},"thumbnailUrl":"https:\/\/www.manaus.am.gov.br\/semed\/wp-content\/uploads\/sites\/3\/2022\/12\/Escolas-da-rede-municipal-comecam-a-receber-kits-de-robotica-do-Procurumim.jpg","datePublished":"2018-01-10T17:06:58+00:00","dateModified":"2022-12-06T13:30:28+00:00","inLanguage":"pt-BR","potentialAction":[{"@type":"ReadAction","target":["https:\/\/www.manaus.am.gov.br\/semed\/not\u00edcias\/educacao\/escolas-da-rede-municipal-comecam-a-receber-kits-de-robotica-do-procurumim\/"]}]},{"@type":"ImageObject","inLanguage":"pt-BR","@id":"https:\/\/www.manaus.am.gov.br\/semed\/not\u00edcias\/educacao\/escolas-da-rede-municipal-comecam-a-receber-kits-de-robotica-do-procurumim\/#primaryimage","url":"https:\/\/www.manaus.am.gov.br\/semed\/wp-content\/uploads\/sites\/3\/2022\/12\/Escolas-da-rede-municipal-comecam-a-receber-kits-de-robotica-do-Procurumim.jpg","contentUrl":"https:\/\/www.manaus.am.gov.br\/semed\/wp-content\/uploads\/sites\/3\/2022\/12\/Escolas-da-rede-municipal-comecam-a-receber-kits-de-robotica-do-Procurumim.jpg","width":799,"height":533,"caption":"Escolas da rede municipal come\u00e7am a receber kits de rob\u00f3tica do Procurumim"},{"@type":"WebSite","@id":"https:\/\/www.manaus.am.gov.br\/semed\/#website","url":"https:\/\/www.manaus.am.gov.br\/semed\/","name":"Secretaria Municipal de Educa\u00e7\u00e3o","description":"Secretaria Municipal de Educa\u00e7\u00e3o","publisher":{"@id":"https:\/\/www.manaus.am.gov.br\/semed\/#organization"},"alternateName":"SEMED","potentialAction":[{"@type":"SearchAction","target":{"@type":"EntryPoint","urlTemplate":"https:\/\/www.manaus.am.gov.br\/semed\/?s={search_term_string}"},"query-input":"required name=search_term_string"}],"inLanguage":"pt-BR"},{"@type":"Organization","@id":"https:\/\/www.manaus.am.gov.br\/semed\/#organization","name":"Secretaria de Educa\u00e7\u00e3o","alternateName":"SEMED","url":"https:\/\/www.manaus.am.gov.br\/semed\/","logo":{"@type":"ImageObject","inLanguage":"pt-BR","@id":"https:\/\/www.manaus.am.gov.br\/semed\/#\/schema\/logo\/image\/","url":"https:\/\/www.manaus.am.gov.br\/semed\/wp-content\/uploads\/sites\/3\/2022\/11\/favicon.png","contentUrl":"https:\/\/www.manaus.am.gov.br\/semed\/wp-content\/uploads\/sites\/3\/2022\/11\/favicon.png","width":300,"height":300,"caption":"Secretaria de Educa\u00e7\u00e3o"},"image":{"@id":"https:\/\/www.manaus.am.gov.br\/semed\/#\/schema\/logo\/image\/"}},{"@type":"Person","@id":"https:\/\/www.manaus.am.gov.br\/semed\/#\/schema\/person\/fe69d2249d78e7a3112d42bc34c44a58","name":"Glauber Farias","image":{"@type":"ImageObject","inLanguage":"pt-BR","@id":"https:\/\/www.manaus.am.gov.br\/semed\/#\/schema\/person\/image\/","url":"https:\/\/secure.gravatar.com\/avatar\/eb33200ffd19538372f635b2165531c0?s=96&d=mm&r=g","contentUrl":"https:\/\/secure.gravatar.com\/avatar\/eb33200ffd19538372f635b2165531c0?s=96&d=mm&r=g","caption":"Glauber Farias"}}]}},"_links":{"self":[{"href":"https:\/\/www.manaus.am.gov.br\/semed\/wp-json\/wp\/v2\/posts\/474"}],"collection":[{"href":"https:\/\/www.manaus.am.gov.br\/semed\/wp-json\/wp\/v2\/posts"}],"about":[{"href":"https:\/\/www.manaus.am.gov.br\/semed\/wp-json\/wp\/v2\/types\/post"}],"author":[{"embeddable":true,"href":"https:\/\/www.manaus.am.gov.br\/semed\/wp-json\/wp\/v2\/users\/8"}],"replies":[{"embeddable":true,"href":"https:\/\/www.manaus.am.gov.br\/semed\/wp-json\/wp\/v2\/comments?post=474"}],"version-history":[{"count":0,"href":"https:\/\/www.manaus.am.gov.br\/semed\/wp-json\/wp\/v2\/posts\/474\/revisions"}],"wp:featuredmedia":[{"embeddable":true,"href":"https:\/\/www.manaus.am.gov.br\/semed\/wp-json\/wp\/v2\/media\/475"}],"wp:attachment":[{"href":"https:\/\/www.manaus.am.gov.br\/semed\/wp-json\/wp\/v2\/media?parent=474"}],"wp:term":[{"taxonomy":"category","embeddable":true,"href":"https:\/\/www.manaus.am.gov.br\/semed\/wp-json\/wp\/v2\/categories?post=474"},{"taxonomy":"post_tag","embeddable":true,"href":"https:\/\/www.manaus.am.gov.br\/semed\/wp-json\/wp\/v2\/tags?post=474"}],"curies":[{"name":"wp","href":"https:\/\/api.w.org\/{rel}","templated":true}]}}