{"id":469,"date":"2018-08-28T17:39:52","date_gmt":"2018-08-28T21:39:52","guid":{"rendered":"https:\/\/www.manaus.am.gov.br\/semed\/not\u00edcias\/sem-categoria\/primeiro-concurso-e-exposicao-procurumim\/"},"modified":"2022-12-06T09:27:13","modified_gmt":"2022-12-06T13:27:13","slug":"primeiro-concurso-e-exposicao-procurumim","status":"publish","type":"post","link":"https:\/\/www.manaus.am.gov.br\/semed\/not\u00edcias\/educacao\/primeiro-concurso-e-exposicao-procurumim\/","title":{"rendered":"Primeiro Concurso e Exposi\u00e7\u00e3o Procurumim de Rob\u00f3tica \u00e9 realizado com alunos ribeirinhos"},"content":{"rendered":"\n<p>O primeiro Concurso e Exposi\u00e7\u00e3o Procurumim de Rob\u00f3tica, com o tema \u201cMeu rob\u00f4 de sucata\u201d, teve a participa\u00e7\u00e3o de 23 alunos da Escola Municipal S\u00e3o Jos\u00e9 1, localizada na comunidade Nossa Senhora do Livramento, no Tarum\u00e3zinho, zona Rural Ribeirinha, nesta ter\u00e7a-feira, 28\/8. No total, s\u00e3o 150 alunos que fazem parte do Projeto do Clube de Linguagem e Programa\u00e7\u00e3o e Rob\u00f3tica (Procurumim), da <a href=\"https:\/\/www.manaus.am.gov.br\" target=\"_blank\" rel=\"noopener\">Prefeitura de Manaus<\/a>, coordenado pela Secretaria Municipal de Educa\u00e7\u00e3o (Semed).<\/p>\n\n\n\n<p>Ao longo das \u00faltimas semanas, os estudantes desenvolveram projetos de rob\u00f3tica com o aux\u00edlio dos professores e que foram expostos no evento. Ao final da feira, foram selecionados os trabalhos dos alunos Janderson Serafim Meira, 9, que desenvolveu o rob\u00f4 guerreiro; Jaqueline Brito Gomes, 9, que montou o rob\u00f4 do futuro; Paulo Emanuel Ferreira Santos, 7, que produziu o rob\u00f4 curumim e Agatha Pietra Ferreira, 7, com rob\u00f4 cunhant\u00e3. Os trabalhos selecionados v\u00e3o participar no final do ano de uma exposi\u00e7\u00e3o com outras escolas do projeto Procurumim.<\/p>\n\n\n\n<p>A escolha dos quatro projetos foi feita por uma equipe da Ger\u00eancia de Tecnologia Educacional (GTE), da Semed e pelo professor do departamento de F\u00edsica, da Universidade Federal do Amazonas (Ufam), Elio Molisani. A unidade de ensino faz parte do Projeto Procurumim, que tem suporte do projeto \u201cLetramento em programa\u00e7\u00e3o\u201d, uma parceria da Semed, Ufam e Instituto Ayrton Senna (IAS).<\/p>\n\n\n\n<p>Para o coordenador do Telecentro, Paulo Gravata, o concurso mostrou a criatividade dos alunos da comunidade sobre a tem\u00e1tica, al\u00e9m de usar materiais recicl\u00e1veis. Segundo ele, a atividade mostrou o potencial das crian\u00e7as da zona rural.<\/p>\n\n\n\n<p>\u201c\u00c9 importante esse feito na escola com as crian\u00e7as e tamb\u00e9m com a participa\u00e7\u00e3o de toda a fam\u00edlia. A rob\u00f3tica \u00e9 uma atividade nova, sendo nossas crian\u00e7as, na zona ribeirinha, pioneiras nesse sentido. Isso vai favorecer o futuro delas, porque tudo hoje em dia est\u00e1 voltado para quest\u00e3o da tecnologia\u201d, explicou.<\/p>\n\n\n\n<p>O formador do GTE da Semed, Manoel de Jesus Pereira, foi um dos avaliadores dos projetos apresentados. Ele se disse impressionado com a criatividade dos alunos da comunidade.&nbsp; \u201cForam escolhidos quatro rob\u00f4s, onde se tem uma ideia daquilo que foi colocado pelo nossa ger\u00eancia. Tivemos algumas cria\u00e7\u00f5es bastante interessantes apresentadas, foi muito bom\u201d, comentou.<\/p>\n\n\n\n<p>O professor do departamento de F\u00edsica da Ufam, Elio Molisani, destacou a realiza\u00e7\u00e3o do concurso com os alunos de uma comunidade bem distante e a import\u00e2ncia da inclus\u00e3o digital nesse sentido.<\/p>\n\n\n\n<p>\u201cO mais importante aqui \u00e9 trazer um pouco\u00a0 dessa aprendizagem criativa, usar esses materiais recicl\u00e1veis, colocar conscientiza\u00e7\u00e3o para esses alunos e trazer junto com isso o pensamento computacional. Essa proposta se une ao racioc\u00ednio l\u00f3gico \u00e9 essa diversidade de materiais para produ\u00e7\u00e3o de algo novo e inovador\u201d, destacou.<\/p>\n\n\n\n<hr class=\"wp-block-separator has-alpha-channel-opacity\"\/>\n\n\n\n<p><strong>Texto:<\/strong> Paulo Rog\u00e9rio Veiga \/ Semed<\/p>\n\n\n\n<p><strong>Foto:<\/strong> Lton Santos \/ Semed<\/p>\n","protected":false},"excerpt":{"rendered":"","protected":false},"author":8,"featured_media":470,"comment_status":"closed","ping_status":"closed","sticky":false,"template":"","format":"standard","meta":{"footnotes":""},"categories":[8],"tags":[24,16,26,19],"acf":[],"yoast_head":"<!-- This site is optimized with the Yoast SEO plugin v23.0 - https:\/\/yoast.com\/wordpress\/plugins\/seo\/ -->\n<title>Primeiro Concurso e Exposi\u00e7\u00e3o Procurumim de Rob\u00f3tica \u00e9 realizado<\/title>\n<meta name=\"description\" content=\"O primeiro Concurso e Exposi\u00e7\u00e3o Procurumim de Rob\u00f3tica, com o tema \u201cMeu rob\u00f4 de sucata\u201d, teve a participa\u00e7\u00e3o de 23 alunos da Escola Municipal S\u00e3o Jos\u00e9 1, localizada na comunidade Nossa Senhora do Livramento, no Tarum\u00e3zinho, zona Rural Ribeirinha, nesta ter\u00e7a-feira, 28\/8.\" \/>\n<meta name=\"robots\" content=\"index, follow, max-snippet:-1, max-image-preview:large, max-video-preview:-1\" \/>\n<link rel=\"canonical\" href=\"https:\/\/www.manaus.am.gov.br\/semed\/not\u00edcias\/educacao\/primeiro-concurso-e-exposicao-procurumim\/\" \/>\n<meta property=\"og:locale\" content=\"pt_BR\" \/>\n<meta property=\"og:type\" content=\"article\" \/>\n<meta property=\"og:title\" content=\"Primeiro Concurso e Exposi\u00e7\u00e3o Procurumim de Rob\u00f3tica \u00e9 realizado\" \/>\n<meta property=\"og:description\" content=\"O primeiro Concurso e Exposi\u00e7\u00e3o Procurumim de Rob\u00f3tica, com o tema \u201cMeu rob\u00f4 de sucata\u201d, teve a participa\u00e7\u00e3o de 23 alunos da Escola Municipal S\u00e3o Jos\u00e9 1, localizada na comunidade Nossa Senhora do Livramento, no Tarum\u00e3zinho, zona Rural Ribeirinha, nesta ter\u00e7a-feira, 28\/8.\" \/>\n<meta property=\"og:url\" content=\"https:\/\/www.manaus.am.gov.br\/semed\/not\u00edcias\/educacao\/primeiro-concurso-e-exposicao-procurumim\/\" \/>\n<meta property=\"og:site_name\" content=\"SEMED\" \/>\n<meta property=\"article:published_time\" content=\"2018-08-28T21:39:52+00:00\" \/>\n<meta property=\"article:modified_time\" content=\"2022-12-06T13:27:13+00:00\" \/>\n<meta property=\"og:image\" content=\"https:\/\/www.manaus.am.gov.br\/semed\/wp-content\/uploads\/sites\/3\/2022\/12\/Primeiro-Concurso-e-Exposicao-Procurumim-de-Robotica-e-realizado-com-alunos-ribeirinhos.jpg\" \/>\n\t<meta property=\"og:image:width\" content=\"720\" \/>\n\t<meta property=\"og:image:height\" content=\"407\" \/>\n\t<meta property=\"og:image:type\" content=\"image\/jpeg\" \/>\n<meta name=\"author\" content=\"Glauber Farias\" \/>\n<meta name=\"twitter:card\" content=\"summary_large_image\" \/>\n<meta name=\"twitter:label1\" content=\"Written by\" \/>\n\t<meta name=\"twitter:data1\" content=\"Glauber Farias\" \/>\n\t<meta name=\"twitter:label2\" content=\"Est. reading time\" \/>\n\t<meta name=\"twitter:data2\" content=\"3 minutos\" \/>\n<script type=\"application\/ld+json\" class=\"yoast-schema-graph\">{\"@context\":\"https:\/\/schema.org\",\"@graph\":[{\"@type\":\"Article\",\"@id\":\"https:\/\/www.manaus.am.gov.br\/semed\/not\u00edcias\/educacao\/primeiro-concurso-e-exposicao-procurumim\/#article\",\"isPartOf\":{\"@id\":\"https:\/\/www.manaus.am.gov.br\/semed\/not\u00edcias\/educacao\/primeiro-concurso-e-exposicao-procurumim\/\"},\"author\":{\"name\":\"Glauber Farias\",\"@id\":\"https:\/\/www.manaus.am.gov.br\/semed\/#\/schema\/person\/fe69d2249d78e7a3112d42bc34c44a58\"},\"headline\":\"Primeiro Concurso e Exposi\u00e7\u00e3o Procurumim de Rob\u00f3tica \u00e9 realizado com alunos ribeirinhos\",\"datePublished\":\"2018-08-28T21:39:52+00:00\",\"dateModified\":\"2022-12-06T13:27:13+00:00\",\"mainEntityOfPage\":{\"@id\":\"https:\/\/www.manaus.am.gov.br\/semed\/not\u00edcias\/educacao\/primeiro-concurso-e-exposicao-procurumim\/\"},\"wordCount\":491,\"publisher\":{\"@id\":\"https:\/\/www.manaus.am.gov.br\/semed\/#organization\"},\"image\":{\"@id\":\"https:\/\/www.manaus.am.gov.br\/semed\/not\u00edcias\/educacao\/primeiro-concurso-e-exposicao-procurumim\/#primaryimage\"},\"thumbnailUrl\":\"https:\/\/www.manaus.am.gov.br\/semed\/wp-content\/uploads\/sites\/3\/2022\/12\/Primeiro-Concurso-e-Exposicao-Procurumim-de-Robotica-e-realizado-com-alunos-ribeirinhos.jpg\",\"keywords\":[\"concurso\",\"exposi\u00e7\u00e3o\",\"procurumim\",\"robotica\"],\"articleSection\":[\"Educa\u00e7\u00e3o\"],\"inLanguage\":\"pt-BR\"},{\"@type\":\"WebPage\",\"@id\":\"https:\/\/www.manaus.am.gov.br\/semed\/not\u00edcias\/educacao\/primeiro-concurso-e-exposicao-procurumim\/\",\"url\":\"https:\/\/www.manaus.am.gov.br\/semed\/not\u00edcias\/educacao\/primeiro-concurso-e-exposicao-procurumim\/\",\"name\":\"Primeiro Concurso e Exposi\u00e7\u00e3o Procurumim de Rob\u00f3tica \u00e9 realizado\",\"isPartOf\":{\"@id\":\"https:\/\/www.manaus.am.gov.br\/semed\/#website\"},\"primaryImageOfPage\":{\"@id\":\"https:\/\/www.manaus.am.gov.br\/semed\/not\u00edcias\/educacao\/primeiro-concurso-e-exposicao-procurumim\/#primaryimage\"},\"image\":{\"@id\":\"https:\/\/www.manaus.am.gov.br\/semed\/not\u00edcias\/educacao\/primeiro-concurso-e-exposicao-procurumim\/#primaryimage\"},\"thumbnailUrl\":\"https:\/\/www.manaus.am.gov.br\/semed\/wp-content\/uploads\/sites\/3\/2022\/12\/Primeiro-Concurso-e-Exposicao-Procurumim-de-Robotica-e-realizado-com-alunos-ribeirinhos.jpg\",\"datePublished\":\"2018-08-28T21:39:52+00:00\",\"dateModified\":\"2022-12-06T13:27:13+00:00\",\"description\":\"O primeiro Concurso e Exposi\u00e7\u00e3o Procurumim de Rob\u00f3tica, com o tema \u201cMeu rob\u00f4 de sucata\u201d, teve a participa\u00e7\u00e3o de 23 alunos da Escola Municipal S\u00e3o Jos\u00e9 1, localizada na comunidade Nossa Senhora do Livramento, no Tarum\u00e3zinho, zona Rural Ribeirinha, nesta ter\u00e7a-feira, 28\/8.\",\"inLanguage\":\"pt-BR\",\"potentialAction\":[{\"@type\":\"ReadAction\",\"target\":[\"https:\/\/www.manaus.am.gov.br\/semed\/not\u00edcias\/educacao\/primeiro-concurso-e-exposicao-procurumim\/\"]}]},{\"@type\":\"ImageObject\",\"inLanguage\":\"pt-BR\",\"@id\":\"https:\/\/www.manaus.am.gov.br\/semed\/not\u00edcias\/educacao\/primeiro-concurso-e-exposicao-procurumim\/#primaryimage\",\"url\":\"https:\/\/www.manaus.am.gov.br\/semed\/wp-content\/uploads\/sites\/3\/2022\/12\/Primeiro-Concurso-e-Exposicao-Procurumim-de-Robotica-e-realizado-com-alunos-ribeirinhos.jpg\",\"contentUrl\":\"https:\/\/www.manaus.am.gov.br\/semed\/wp-content\/uploads\/sites\/3\/2022\/12\/Primeiro-Concurso-e-Exposicao-Procurumim-de-Robotica-e-realizado-com-alunos-ribeirinhos.jpg\",\"width\":720,\"height\":407,\"caption\":\"Primeiro Concurso e Exposi\u00e7\u00e3o Procurumim de Rob\u00f3tica \u00e9 realizado com alunos ribeirinhos\"},{\"@type\":\"WebSite\",\"@id\":\"https:\/\/www.manaus.am.gov.br\/semed\/#website\",\"url\":\"https:\/\/www.manaus.am.gov.br\/semed\/\",\"name\":\"Secretaria Municipal de Educa\u00e7\u00e3o\",\"description\":\"Secretaria Municipal de Educa\u00e7\u00e3o\",\"publisher\":{\"@id\":\"https:\/\/www.manaus.am.gov.br\/semed\/#organization\"},\"alternateName\":\"SEMED\",\"potentialAction\":[{\"@type\":\"SearchAction\",\"target\":{\"@type\":\"EntryPoint\",\"urlTemplate\":\"https:\/\/www.manaus.am.gov.br\/semed\/?s={search_term_string}\"},\"query-input\":\"required name=search_term_string\"}],\"inLanguage\":\"pt-BR\"},{\"@type\":\"Organization\",\"@id\":\"https:\/\/www.manaus.am.gov.br\/semed\/#organization\",\"name\":\"Secretaria de Educa\u00e7\u00e3o\",\"alternateName\":\"SEMED\",\"url\":\"https:\/\/www.manaus.am.gov.br\/semed\/\",\"logo\":{\"@type\":\"ImageObject\",\"inLanguage\":\"pt-BR\",\"@id\":\"https:\/\/www.manaus.am.gov.br\/semed\/#\/schema\/logo\/image\/\",\"url\":\"https:\/\/www.manaus.am.gov.br\/semed\/wp-content\/uploads\/sites\/3\/2022\/11\/favicon.png\",\"contentUrl\":\"https:\/\/www.manaus.am.gov.br\/semed\/wp-content\/uploads\/sites\/3\/2022\/11\/favicon.png\",\"width\":300,\"height\":300,\"caption\":\"Secretaria de Educa\u00e7\u00e3o\"},\"image\":{\"@id\":\"https:\/\/www.manaus.am.gov.br\/semed\/#\/schema\/logo\/image\/\"}},{\"@type\":\"Person\",\"@id\":\"https:\/\/www.manaus.am.gov.br\/semed\/#\/schema\/person\/fe69d2249d78e7a3112d42bc34c44a58\",\"name\":\"Glauber Farias\",\"image\":{\"@type\":\"ImageObject\",\"inLanguage\":\"pt-BR\",\"@id\":\"https:\/\/www.manaus.am.gov.br\/semed\/#\/schema\/person\/image\/\",\"url\":\"https:\/\/secure.gravatar.com\/avatar\/eb33200ffd19538372f635b2165531c0?s=96&d=mm&r=g\",\"contentUrl\":\"https:\/\/secure.gravatar.com\/avatar\/eb33200ffd19538372f635b2165531c0?s=96&d=mm&r=g\",\"caption\":\"Glauber Farias\"}}]}<\/script>\n<!-- \/ Yoast SEO plugin. -->","yoast_head_json":{"title":"Primeiro Concurso e Exposi\u00e7\u00e3o Procurumim de Rob\u00f3tica \u00e9 realizado","description":"O primeiro Concurso e Exposi\u00e7\u00e3o Procurumim de Rob\u00f3tica, com o tema \u201cMeu rob\u00f4 de sucata\u201d, teve a participa\u00e7\u00e3o de 23 alunos da Escola Municipal S\u00e3o Jos\u00e9 1, localizada na comunidade Nossa Senhora do Livramento, no Tarum\u00e3zinho, zona Rural Ribeirinha, nesta ter\u00e7a-feira, 28\/8.","robots":{"index":"index","follow":"follow","max-snippet":"max-snippet:-1","max-image-preview":"max-image-preview:large","max-video-preview":"max-video-preview:-1"},"canonical":"https:\/\/www.manaus.am.gov.br\/semed\/not\u00edcias\/educacao\/primeiro-concurso-e-exposicao-procurumim\/","og_locale":"pt_BR","og_type":"article","og_title":"Primeiro Concurso e Exposi\u00e7\u00e3o Procurumim de Rob\u00f3tica \u00e9 realizado","og_description":"O primeiro Concurso e Exposi\u00e7\u00e3o Procurumim de Rob\u00f3tica, com o tema \u201cMeu rob\u00f4 de sucata\u201d, teve a participa\u00e7\u00e3o de 23 alunos da Escola Municipal S\u00e3o Jos\u00e9 1, localizada na comunidade Nossa Senhora do Livramento, no Tarum\u00e3zinho, zona Rural Ribeirinha, nesta ter\u00e7a-feira, 28\/8.","og_url":"https:\/\/www.manaus.am.gov.br\/semed\/not\u00edcias\/educacao\/primeiro-concurso-e-exposicao-procurumim\/","og_site_name":"SEMED","article_published_time":"2018-08-28T21:39:52+00:00","article_modified_time":"2022-12-06T13:27:13+00:00","og_image":[{"width":720,"height":407,"url":"https:\/\/www.manaus.am.gov.br\/semed\/wp-content\/uploads\/sites\/3\/2022\/12\/Primeiro-Concurso-e-Exposicao-Procurumim-de-Robotica-e-realizado-com-alunos-ribeirinhos.jpg","type":"image\/jpeg"}],"author":"Glauber Farias","twitter_card":"summary_large_image","twitter_misc":{"Written by":"Glauber Farias","Est. reading time":"3 minutos"},"schema":{"@context":"https:\/\/schema.org","@graph":[{"@type":"Article","@id":"https:\/\/www.manaus.am.gov.br\/semed\/not\u00edcias\/educacao\/primeiro-concurso-e-exposicao-procurumim\/#article","isPartOf":{"@id":"https:\/\/www.manaus.am.gov.br\/semed\/not\u00edcias\/educacao\/primeiro-concurso-e-exposicao-procurumim\/"},"author":{"name":"Glauber Farias","@id":"https:\/\/www.manaus.am.gov.br\/semed\/#\/schema\/person\/fe69d2249d78e7a3112d42bc34c44a58"},"headline":"Primeiro Concurso e Exposi\u00e7\u00e3o Procurumim de Rob\u00f3tica \u00e9 realizado com alunos ribeirinhos","datePublished":"2018-08-28T21:39:52+00:00","dateModified":"2022-12-06T13:27:13+00:00","mainEntityOfPage":{"@id":"https:\/\/www.manaus.am.gov.br\/semed\/not\u00edcias\/educacao\/primeiro-concurso-e-exposicao-procurumim\/"},"wordCount":491,"publisher":{"@id":"https:\/\/www.manaus.am.gov.br\/semed\/#organization"},"image":{"@id":"https:\/\/www.manaus.am.gov.br\/semed\/not\u00edcias\/educacao\/primeiro-concurso-e-exposicao-procurumim\/#primaryimage"},"thumbnailUrl":"https:\/\/www.manaus.am.gov.br\/semed\/wp-content\/uploads\/sites\/3\/2022\/12\/Primeiro-Concurso-e-Exposicao-Procurumim-de-Robotica-e-realizado-com-alunos-ribeirinhos.jpg","keywords":["concurso","exposi\u00e7\u00e3o","procurumim","robotica"],"articleSection":["Educa\u00e7\u00e3o"],"inLanguage":"pt-BR"},{"@type":"WebPage","@id":"https:\/\/www.manaus.am.gov.br\/semed\/not\u00edcias\/educacao\/primeiro-concurso-e-exposicao-procurumim\/","url":"https:\/\/www.manaus.am.gov.br\/semed\/not\u00edcias\/educacao\/primeiro-concurso-e-exposicao-procurumim\/","name":"Primeiro Concurso e Exposi\u00e7\u00e3o Procurumim de Rob\u00f3tica \u00e9 realizado","isPartOf":{"@id":"https:\/\/www.manaus.am.gov.br\/semed\/#website"},"primaryImageOfPage":{"@id":"https:\/\/www.manaus.am.gov.br\/semed\/not\u00edcias\/educacao\/primeiro-concurso-e-exposicao-procurumim\/#primaryimage"},"image":{"@id":"https:\/\/www.manaus.am.gov.br\/semed\/not\u00edcias\/educacao\/primeiro-concurso-e-exposicao-procurumim\/#primaryimage"},"thumbnailUrl":"https:\/\/www.manaus.am.gov.br\/semed\/wp-content\/uploads\/sites\/3\/2022\/12\/Primeiro-Concurso-e-Exposicao-Procurumim-de-Robotica-e-realizado-com-alunos-ribeirinhos.jpg","datePublished":"2018-08-28T21:39:52+00:00","dateModified":"2022-12-06T13:27:13+00:00","description":"O primeiro Concurso e Exposi\u00e7\u00e3o Procurumim de Rob\u00f3tica, com o tema \u201cMeu rob\u00f4 de sucata\u201d, teve a participa\u00e7\u00e3o de 23 alunos da Escola Municipal S\u00e3o Jos\u00e9 1, localizada na comunidade Nossa Senhora do Livramento, no Tarum\u00e3zinho, zona Rural Ribeirinha, nesta ter\u00e7a-feira, 28\/8.","inLanguage":"pt-BR","potentialAction":[{"@type":"ReadAction","target":["https:\/\/www.manaus.am.gov.br\/semed\/not\u00edcias\/educacao\/primeiro-concurso-e-exposicao-procurumim\/"]}]},{"@type":"ImageObject","inLanguage":"pt-BR","@id":"https:\/\/www.manaus.am.gov.br\/semed\/not\u00edcias\/educacao\/primeiro-concurso-e-exposicao-procurumim\/#primaryimage","url":"https:\/\/www.manaus.am.gov.br\/semed\/wp-content\/uploads\/sites\/3\/2022\/12\/Primeiro-Concurso-e-Exposicao-Procurumim-de-Robotica-e-realizado-com-alunos-ribeirinhos.jpg","contentUrl":"https:\/\/www.manaus.am.gov.br\/semed\/wp-content\/uploads\/sites\/3\/2022\/12\/Primeiro-Concurso-e-Exposicao-Procurumim-de-Robotica-e-realizado-com-alunos-ribeirinhos.jpg","width":720,"height":407,"caption":"Primeiro Concurso e Exposi\u00e7\u00e3o Procurumim de Rob\u00f3tica \u00e9 realizado com alunos ribeirinhos"},{"@type":"WebSite","@id":"https:\/\/www.manaus.am.gov.br\/semed\/#website","url":"https:\/\/www.manaus.am.gov.br\/semed\/","name":"Secretaria Municipal de Educa\u00e7\u00e3o","description":"Secretaria Municipal de Educa\u00e7\u00e3o","publisher":{"@id":"https:\/\/www.manaus.am.gov.br\/semed\/#organization"},"alternateName":"SEMED","potentialAction":[{"@type":"SearchAction","target":{"@type":"EntryPoint","urlTemplate":"https:\/\/www.manaus.am.gov.br\/semed\/?s={search_term_string}"},"query-input":"required name=search_term_string"}],"inLanguage":"pt-BR"},{"@type":"Organization","@id":"https:\/\/www.manaus.am.gov.br\/semed\/#organization","name":"Secretaria de Educa\u00e7\u00e3o","alternateName":"SEMED","url":"https:\/\/www.manaus.am.gov.br\/semed\/","logo":{"@type":"ImageObject","inLanguage":"pt-BR","@id":"https:\/\/www.manaus.am.gov.br\/semed\/#\/schema\/logo\/image\/","url":"https:\/\/www.manaus.am.gov.br\/semed\/wp-content\/uploads\/sites\/3\/2022\/11\/favicon.png","contentUrl":"https:\/\/www.manaus.am.gov.br\/semed\/wp-content\/uploads\/sites\/3\/2022\/11\/favicon.png","width":300,"height":300,"caption":"Secretaria de Educa\u00e7\u00e3o"},"image":{"@id":"https:\/\/www.manaus.am.gov.br\/semed\/#\/schema\/logo\/image\/"}},{"@type":"Person","@id":"https:\/\/www.manaus.am.gov.br\/semed\/#\/schema\/person\/fe69d2249d78e7a3112d42bc34c44a58","name":"Glauber Farias","image":{"@type":"ImageObject","inLanguage":"pt-BR","@id":"https:\/\/www.manaus.am.gov.br\/semed\/#\/schema\/person\/image\/","url":"https:\/\/secure.gravatar.com\/avatar\/eb33200ffd19538372f635b2165531c0?s=96&d=mm&r=g","contentUrl":"https:\/\/secure.gravatar.com\/avatar\/eb33200ffd19538372f635b2165531c0?s=96&d=mm&r=g","caption":"Glauber Farias"}}]}},"_links":{"self":[{"href":"https:\/\/www.manaus.am.gov.br\/semed\/wp-json\/wp\/v2\/posts\/469"}],"collection":[{"href":"https:\/\/www.manaus.am.gov.br\/semed\/wp-json\/wp\/v2\/posts"}],"about":[{"href":"https:\/\/www.manaus.am.gov.br\/semed\/wp-json\/wp\/v2\/types\/post"}],"author":[{"embeddable":true,"href":"https:\/\/www.manaus.am.gov.br\/semed\/wp-json\/wp\/v2\/users\/8"}],"replies":[{"embeddable":true,"href":"https:\/\/www.manaus.am.gov.br\/semed\/wp-json\/wp\/v2\/comments?post=469"}],"version-history":[{"count":0,"href":"https:\/\/www.manaus.am.gov.br\/semed\/wp-json\/wp\/v2\/posts\/469\/revisions"}],"wp:featuredmedia":[{"embeddable":true,"href":"https:\/\/www.manaus.am.gov.br\/semed\/wp-json\/wp\/v2\/media\/470"}],"wp:attachment":[{"href":"https:\/\/www.manaus.am.gov.br\/semed\/wp-json\/wp\/v2\/media?parent=469"}],"wp:term":[{"taxonomy":"category","embeddable":true,"href":"https:\/\/www.manaus.am.gov.br\/semed\/wp-json\/wp\/v2\/categories?post=469"},{"taxonomy":"post_tag","embeddable":true,"href":"https:\/\/www.manaus.am.gov.br\/semed\/wp-json\/wp\/v2\/tags?post=469"}],"curies":[{"name":"wp","href":"https:\/\/api.w.org\/{rel}","templated":true}]}}