{"id":463,"date":"2018-11-05T11:31:12","date_gmt":"2018-11-05T15:31:12","guid":{"rendered":"https:\/\/www.manaus.am.gov.br\/semed\/not\u00edcias\/sem-categoria\/robotica-alunos-rede-municipal\/"},"modified":"2022-12-06T09:25:29","modified_gmt":"2022-12-06T13:25:29","slug":"robotica-alunos-rede-municipal","status":"publish","type":"post","link":"https:\/\/www.manaus.am.gov.br\/semed\/not\u00edcias\/educacao\/robotica-alunos-rede-municipal\/","title":{"rendered":"Etapa nacional da Olimp\u00edada Brasileira de Rob\u00f3tica tem a participa\u00e7\u00e3o de alunos da rede municipal"},"content":{"rendered":"\n<p>Alunos da equipe \u201cCaptain of My Soul\u201d da Escola <a href=\"https:\/\/www.manaus.am.gov.br\">Municipal<\/a> Jorge Resende Sobrinho, no bairro Tancredo Neves, na zona Leste, conseguiram o segundo lugar na modalidade pr\u00e1tica n\u00edvel 1, na etapa regional da Olimp\u00edada Brasileira de Rob\u00f3tica (OBR), no Clube do Trabalhador. Com a classifica\u00e7\u00e3o, eles participam de ter\u00e7a a sexta-feira, 6 a 9\/11, da etapa nacional em Jo\u00e3o Pessoa, na Para\u00edba. Aproximadamente 300 estudantes de escolas p\u00fablicas e particulares participaram do evento em Manaus.<\/p>\n\n\n\n<p>Durante a etapa regional, as equipes de rob\u00f3tica apresentaram seus projetos, em uma simula\u00e7\u00e3o em ambiente real de desastre, onde o resgate das v\u00edtimas precisava ser realizado por rob\u00f4s, que precisavam ser \u00e1geis, superando terrenos irregulares, transpondo caminhos onde a linha n\u00e3o pode ser reconhecida, desviando de escombros e subindo montanhas para conseguir salvar as v\u00edtimas.<\/p>\n\n\n\n<p>Al\u00e9m da etapa nacional da OBR, a equipe tamb\u00e9m vai participar no dia 30\/11, da etapa regional do Torneio de Rob\u00f3tica First Lego League. Vinda de diversas conquistas, como as etapas estaduais da OBR e First Lego em 2017, al\u00e9m da participa\u00e7\u00e3o na fase internacional da \u00faltima, na Dinamarca, a coordenadora do projeto desde 2016, Grasielle Gomes, acredita que o resultado do trabalho desenvolvido na unidade est\u00e1 al\u00e9m dos pr\u00eamios conquistados.<\/p>\n\n\n\n<p>\u201cN\u00f3s temos o aspecto cognitivo, porque alavanca o rendimento escolar como um todo, j\u00e1 que toda a escola quer participar do projeto e tem a quest\u00e3o dos alunos se interessarem mais por estudar \u00e1reas relacionadas \u00e0s exatas\u201d.<\/p>\n\n\n\n<p>Giselle explicou, ainda, que o ensino da rob\u00f3tica acontece em duas etapas. No primeiro semestre, s\u00e3o realizadas as atividades te\u00f3ricas e, no segundo momento, acontecem as seletivas em que s\u00e3o escolhidos os alunos de maior destaque, que passam a fazer parte da equipe e participam dos torneios.<\/p>\n\n\n\n<p>O t\u00e9cnico da equipe, Oswaldo Fernandes, falou sobre a experi\u00eancia na competi\u00e7\u00e3o e de como, mais uma vez, a escola \u00e9 destaque com a sua equipe de rob\u00f3tica. \u201cN\u00f3s disputamos de igual para igual com escolas particulares e a organiza\u00e7\u00e3o nacional abriu uma segunda vaga para n\u00f3s, por conta da quantidade e qualidade das escolas inscritas nessa modalidade\u201d.<\/p>\n\n\n\n<p>Para Evellyn Oliveira, do 8\u00ba ano, que est\u00e1 na equipe desde o come\u00e7o de 2018, a expectativa \u00e9 grande, devido \u00e0 dedica\u00e7\u00e3o de todos no projeto.<\/p>\n\n\n\n<p>\u201cFoi com muita luta que n\u00f3s conseguimos, porque temos que ter bastante responsabilidade tanto na rob\u00f3tica, por conta dos materiais que temos aqui, quanto com nossos estudos. A expectativa da viagem \u00e9 muito grande, porque nos esfor\u00e7amos muito para conseguir essa vaga, j\u00e1 que muitas escolas p\u00fablicas n\u00e3o t\u00eam oportunidade\u201d.<\/p>\n\n\n\n<hr class=\"wp-block-separator has-alpha-channel-opacity\"\/>\n\n\n\n<p><strong>Texto:<\/strong> Alexandre Abreu \/ Semed<\/p>\n\n\n\n<p><strong>Fotos:<\/strong> Lton Santos \/ Semed<\/p>\n\n\n\n<p><strong>Dispon\u00edveis em: <\/strong><a href=\"https:\/\/flic.kr\/s\/aHsmmoQBbo\">https:\/\/flic.kr\/s\/aHsmmoQBbo<\/a><\/p>\n","protected":false},"excerpt":{"rendered":"","protected":false},"author":8,"featured_media":464,"comment_status":"closed","ping_status":"closed","sticky":false,"template":"","format":"standard","meta":{"footnotes":""},"categories":[8],"tags":[18,19],"acf":[],"yoast_head":"<!-- This site is optimized with the Yoast SEO plugin v23.0 - https:\/\/yoast.com\/wordpress\/plugins\/seo\/ -->\n<title>Etapa nacional da Olimp\u00edada Brasileira de Rob\u00f3tica tem a participa\u00e7\u00e3o de alunos da rede municipal<\/title>\n<meta name=\"description\" content=\"Alunos da equipe \u201cCaptain of My Soul\u201d da Escola Municipal Jorge Resende Sobrinho, no bairro Tancredo Neves, na zona Leste, conseguiram o segundo lugar na modalidade pr\u00e1tica n\u00edvel 1, na etapa regional da Olimp\u00edada Brasileira de Rob\u00f3tica (OBR), no Clube do Trabalhador.\" \/>\n<meta name=\"robots\" content=\"index, follow, max-snippet:-1, max-image-preview:large, max-video-preview:-1\" \/>\n<link rel=\"canonical\" href=\"https:\/\/www.manaus.am.gov.br\/semed\/not\u00edcias\/educacao\/robotica-alunos-rede-municipal\/\" \/>\n<meta property=\"og:locale\" content=\"pt_BR\" \/>\n<meta property=\"og:type\" content=\"article\" \/>\n<meta property=\"og:title\" content=\"Etapa nacional da Olimp\u00edada Brasileira de Rob\u00f3tica tem a participa\u00e7\u00e3o de alunos da rede municipal\" \/>\n<meta property=\"og:description\" content=\"Alunos da equipe \u201cCaptain of My Soul\u201d da Escola Municipal Jorge Resende Sobrinho, no bairro Tancredo Neves, na zona Leste, conseguiram o segundo lugar na modalidade pr\u00e1tica n\u00edvel 1, na etapa regional da Olimp\u00edada Brasileira de Rob\u00f3tica (OBR), no Clube do Trabalhador.\" \/>\n<meta property=\"og:url\" content=\"https:\/\/www.manaus.am.gov.br\/semed\/not\u00edcias\/educacao\/robotica-alunos-rede-municipal\/\" \/>\n<meta property=\"og:site_name\" content=\"SEMED\" \/>\n<meta property=\"article:published_time\" content=\"2018-11-05T15:31:12+00:00\" \/>\n<meta property=\"article:modified_time\" content=\"2022-12-06T13:25:29+00:00\" \/>\n<meta property=\"og:image\" content=\"https:\/\/www.manaus.am.gov.br\/semed\/wp-content\/uploads\/sites\/3\/2022\/12\/Etapa-nacional-da-Olimpiada-Brasileira-de-Robotica-tem-a-participacao-de-alunos-da-rede-municipal.jpg\" \/>\n\t<meta property=\"og:image:width\" content=\"640\" \/>\n\t<meta property=\"og:image:height\" content=\"427\" \/>\n\t<meta property=\"og:image:type\" content=\"image\/jpeg\" \/>\n<meta name=\"author\" content=\"Glauber Farias\" \/>\n<meta name=\"twitter:card\" content=\"summary_large_image\" \/>\n<meta name=\"twitter:label1\" content=\"Written by\" \/>\n\t<meta name=\"twitter:data1\" content=\"Glauber Farias\" \/>\n\t<meta name=\"twitter:label2\" content=\"Est. reading time\" \/>\n\t<meta name=\"twitter:data2\" content=\"3 minutos\" \/>\n<script type=\"application\/ld+json\" class=\"yoast-schema-graph\">{\"@context\":\"https:\/\/schema.org\",\"@graph\":[{\"@type\":\"Article\",\"@id\":\"https:\/\/www.manaus.am.gov.br\/semed\/not\u00edcias\/educacao\/robotica-alunos-rede-municipal\/#article\",\"isPartOf\":{\"@id\":\"https:\/\/www.manaus.am.gov.br\/semed\/not\u00edcias\/educacao\/robotica-alunos-rede-municipal\/\"},\"author\":{\"name\":\"Glauber Farias\",\"@id\":\"https:\/\/www.manaus.am.gov.br\/semed\/#\/schema\/person\/fe69d2249d78e7a3112d42bc34c44a58\"},\"headline\":\"Etapa nacional da Olimp\u00edada Brasileira de Rob\u00f3tica tem a participa\u00e7\u00e3o de alunos da rede municipal\",\"datePublished\":\"2018-11-05T15:31:12+00:00\",\"dateModified\":\"2022-12-06T13:25:29+00:00\",\"mainEntityOfPage\":{\"@id\":\"https:\/\/www.manaus.am.gov.br\/semed\/not\u00edcias\/educacao\/robotica-alunos-rede-municipal\/\"},\"wordCount\":484,\"publisher\":{\"@id\":\"https:\/\/www.manaus.am.gov.br\/semed\/#organization\"},\"image\":{\"@id\":\"https:\/\/www.manaus.am.gov.br\/semed\/not\u00edcias\/educacao\/robotica-alunos-rede-municipal\/#primaryimage\"},\"thumbnailUrl\":\"https:\/\/www.manaus.am.gov.br\/semed\/wp-content\/uploads\/sites\/3\/2022\/12\/Etapa-nacional-da-Olimpiada-Brasileira-de-Robotica-tem-a-participacao-de-alunos-da-rede-municipal.jpg\",\"keywords\":[\"alunos\",\"robotica\"],\"articleSection\":[\"Educa\u00e7\u00e3o\"],\"inLanguage\":\"pt-BR\"},{\"@type\":\"WebPage\",\"@id\":\"https:\/\/www.manaus.am.gov.br\/semed\/not\u00edcias\/educacao\/robotica-alunos-rede-municipal\/\",\"url\":\"https:\/\/www.manaus.am.gov.br\/semed\/not\u00edcias\/educacao\/robotica-alunos-rede-municipal\/\",\"name\":\"Etapa nacional da Olimp\u00edada Brasileira de Rob\u00f3tica tem a participa\u00e7\u00e3o de alunos da rede municipal\",\"isPartOf\":{\"@id\":\"https:\/\/www.manaus.am.gov.br\/semed\/#website\"},\"primaryImageOfPage\":{\"@id\":\"https:\/\/www.manaus.am.gov.br\/semed\/not\u00edcias\/educacao\/robotica-alunos-rede-municipal\/#primaryimage\"},\"image\":{\"@id\":\"https:\/\/www.manaus.am.gov.br\/semed\/not\u00edcias\/educacao\/robotica-alunos-rede-municipal\/#primaryimage\"},\"thumbnailUrl\":\"https:\/\/www.manaus.am.gov.br\/semed\/wp-content\/uploads\/sites\/3\/2022\/12\/Etapa-nacional-da-Olimpiada-Brasileira-de-Robotica-tem-a-participacao-de-alunos-da-rede-municipal.jpg\",\"datePublished\":\"2018-11-05T15:31:12+00:00\",\"dateModified\":\"2022-12-06T13:25:29+00:00\",\"description\":\"Alunos da equipe \u201cCaptain of My Soul\u201d da Escola Municipal Jorge Resende Sobrinho, no bairro Tancredo Neves, na zona Leste, conseguiram o segundo lugar na modalidade pr\u00e1tica n\u00edvel 1, na etapa regional da Olimp\u00edada Brasileira de Rob\u00f3tica (OBR), no Clube do Trabalhador.\",\"inLanguage\":\"pt-BR\",\"potentialAction\":[{\"@type\":\"ReadAction\",\"target\":[\"https:\/\/www.manaus.am.gov.br\/semed\/not\u00edcias\/educacao\/robotica-alunos-rede-municipal\/\"]}]},{\"@type\":\"ImageObject\",\"inLanguage\":\"pt-BR\",\"@id\":\"https:\/\/www.manaus.am.gov.br\/semed\/not\u00edcias\/educacao\/robotica-alunos-rede-municipal\/#primaryimage\",\"url\":\"https:\/\/www.manaus.am.gov.br\/semed\/wp-content\/uploads\/sites\/3\/2022\/12\/Etapa-nacional-da-Olimpiada-Brasileira-de-Robotica-tem-a-participacao-de-alunos-da-rede-municipal.jpg\",\"contentUrl\":\"https:\/\/www.manaus.am.gov.br\/semed\/wp-content\/uploads\/sites\/3\/2022\/12\/Etapa-nacional-da-Olimpiada-Brasileira-de-Robotica-tem-a-participacao-de-alunos-da-rede-municipal.jpg\",\"width\":640,\"height\":427,\"caption\":\"Etapa nacional da Olimp\u00edada Brasileira de Rob\u00f3tica tem a participa\u00e7\u00e3o de alunos da rede municipal\"},{\"@type\":\"WebSite\",\"@id\":\"https:\/\/www.manaus.am.gov.br\/semed\/#website\",\"url\":\"https:\/\/www.manaus.am.gov.br\/semed\/\",\"name\":\"Secretaria Municipal de Educa\u00e7\u00e3o\",\"description\":\"Secretaria Municipal de Educa\u00e7\u00e3o\",\"publisher\":{\"@id\":\"https:\/\/www.manaus.am.gov.br\/semed\/#organization\"},\"alternateName\":\"SEMED\",\"potentialAction\":[{\"@type\":\"SearchAction\",\"target\":{\"@type\":\"EntryPoint\",\"urlTemplate\":\"https:\/\/www.manaus.am.gov.br\/semed\/?s={search_term_string}\"},\"query-input\":\"required name=search_term_string\"}],\"inLanguage\":\"pt-BR\"},{\"@type\":\"Organization\",\"@id\":\"https:\/\/www.manaus.am.gov.br\/semed\/#organization\",\"name\":\"Secretaria de Educa\u00e7\u00e3o\",\"alternateName\":\"SEMED\",\"url\":\"https:\/\/www.manaus.am.gov.br\/semed\/\",\"logo\":{\"@type\":\"ImageObject\",\"inLanguage\":\"pt-BR\",\"@id\":\"https:\/\/www.manaus.am.gov.br\/semed\/#\/schema\/logo\/image\/\",\"url\":\"https:\/\/www.manaus.am.gov.br\/semed\/wp-content\/uploads\/sites\/3\/2022\/11\/favicon.png\",\"contentUrl\":\"https:\/\/www.manaus.am.gov.br\/semed\/wp-content\/uploads\/sites\/3\/2022\/11\/favicon.png\",\"width\":300,\"height\":300,\"caption\":\"Secretaria de Educa\u00e7\u00e3o\"},\"image\":{\"@id\":\"https:\/\/www.manaus.am.gov.br\/semed\/#\/schema\/logo\/image\/\"}},{\"@type\":\"Person\",\"@id\":\"https:\/\/www.manaus.am.gov.br\/semed\/#\/schema\/person\/fe69d2249d78e7a3112d42bc34c44a58\",\"name\":\"Glauber Farias\",\"image\":{\"@type\":\"ImageObject\",\"inLanguage\":\"pt-BR\",\"@id\":\"https:\/\/www.manaus.am.gov.br\/semed\/#\/schema\/person\/image\/\",\"url\":\"https:\/\/secure.gravatar.com\/avatar\/eb33200ffd19538372f635b2165531c0?s=96&d=mm&r=g\",\"contentUrl\":\"https:\/\/secure.gravatar.com\/avatar\/eb33200ffd19538372f635b2165531c0?s=96&d=mm&r=g\",\"caption\":\"Glauber Farias\"}}]}<\/script>\n<!-- \/ Yoast SEO plugin. -->","yoast_head_json":{"title":"Etapa nacional da Olimp\u00edada Brasileira de Rob\u00f3tica tem a participa\u00e7\u00e3o de alunos da rede municipal","description":"Alunos da equipe \u201cCaptain of My Soul\u201d da Escola Municipal Jorge Resende Sobrinho, no bairro Tancredo Neves, na zona Leste, conseguiram o segundo lugar na modalidade pr\u00e1tica n\u00edvel 1, na etapa regional da Olimp\u00edada Brasileira de Rob\u00f3tica (OBR), no Clube do Trabalhador.","robots":{"index":"index","follow":"follow","max-snippet":"max-snippet:-1","max-image-preview":"max-image-preview:large","max-video-preview":"max-video-preview:-1"},"canonical":"https:\/\/www.manaus.am.gov.br\/semed\/not\u00edcias\/educacao\/robotica-alunos-rede-municipal\/","og_locale":"pt_BR","og_type":"article","og_title":"Etapa nacional da Olimp\u00edada Brasileira de Rob\u00f3tica tem a participa\u00e7\u00e3o de alunos da rede municipal","og_description":"Alunos da equipe \u201cCaptain of My Soul\u201d da Escola Municipal Jorge Resende Sobrinho, no bairro Tancredo Neves, na zona Leste, conseguiram o segundo lugar na modalidade pr\u00e1tica n\u00edvel 1, na etapa regional da Olimp\u00edada Brasileira de Rob\u00f3tica (OBR), no Clube do Trabalhador.","og_url":"https:\/\/www.manaus.am.gov.br\/semed\/not\u00edcias\/educacao\/robotica-alunos-rede-municipal\/","og_site_name":"SEMED","article_published_time":"2018-11-05T15:31:12+00:00","article_modified_time":"2022-12-06T13:25:29+00:00","og_image":[{"width":640,"height":427,"url":"https:\/\/www.manaus.am.gov.br\/semed\/wp-content\/uploads\/sites\/3\/2022\/12\/Etapa-nacional-da-Olimpiada-Brasileira-de-Robotica-tem-a-participacao-de-alunos-da-rede-municipal.jpg","type":"image\/jpeg"}],"author":"Glauber Farias","twitter_card":"summary_large_image","twitter_misc":{"Written by":"Glauber Farias","Est. reading time":"3 minutos"},"schema":{"@context":"https:\/\/schema.org","@graph":[{"@type":"Article","@id":"https:\/\/www.manaus.am.gov.br\/semed\/not\u00edcias\/educacao\/robotica-alunos-rede-municipal\/#article","isPartOf":{"@id":"https:\/\/www.manaus.am.gov.br\/semed\/not\u00edcias\/educacao\/robotica-alunos-rede-municipal\/"},"author":{"name":"Glauber Farias","@id":"https:\/\/www.manaus.am.gov.br\/semed\/#\/schema\/person\/fe69d2249d78e7a3112d42bc34c44a58"},"headline":"Etapa nacional da Olimp\u00edada Brasileira de Rob\u00f3tica tem a participa\u00e7\u00e3o de alunos da rede municipal","datePublished":"2018-11-05T15:31:12+00:00","dateModified":"2022-12-06T13:25:29+00:00","mainEntityOfPage":{"@id":"https:\/\/www.manaus.am.gov.br\/semed\/not\u00edcias\/educacao\/robotica-alunos-rede-municipal\/"},"wordCount":484,"publisher":{"@id":"https:\/\/www.manaus.am.gov.br\/semed\/#organization"},"image":{"@id":"https:\/\/www.manaus.am.gov.br\/semed\/not\u00edcias\/educacao\/robotica-alunos-rede-municipal\/#primaryimage"},"thumbnailUrl":"https:\/\/www.manaus.am.gov.br\/semed\/wp-content\/uploads\/sites\/3\/2022\/12\/Etapa-nacional-da-Olimpiada-Brasileira-de-Robotica-tem-a-participacao-de-alunos-da-rede-municipal.jpg","keywords":["alunos","robotica"],"articleSection":["Educa\u00e7\u00e3o"],"inLanguage":"pt-BR"},{"@type":"WebPage","@id":"https:\/\/www.manaus.am.gov.br\/semed\/not\u00edcias\/educacao\/robotica-alunos-rede-municipal\/","url":"https:\/\/www.manaus.am.gov.br\/semed\/not\u00edcias\/educacao\/robotica-alunos-rede-municipal\/","name":"Etapa nacional da Olimp\u00edada Brasileira de Rob\u00f3tica tem a participa\u00e7\u00e3o de alunos da rede municipal","isPartOf":{"@id":"https:\/\/www.manaus.am.gov.br\/semed\/#website"},"primaryImageOfPage":{"@id":"https:\/\/www.manaus.am.gov.br\/semed\/not\u00edcias\/educacao\/robotica-alunos-rede-municipal\/#primaryimage"},"image":{"@id":"https:\/\/www.manaus.am.gov.br\/semed\/not\u00edcias\/educacao\/robotica-alunos-rede-municipal\/#primaryimage"},"thumbnailUrl":"https:\/\/www.manaus.am.gov.br\/semed\/wp-content\/uploads\/sites\/3\/2022\/12\/Etapa-nacional-da-Olimpiada-Brasileira-de-Robotica-tem-a-participacao-de-alunos-da-rede-municipal.jpg","datePublished":"2018-11-05T15:31:12+00:00","dateModified":"2022-12-06T13:25:29+00:00","description":"Alunos da equipe \u201cCaptain of My Soul\u201d da Escola Municipal Jorge Resende Sobrinho, no bairro Tancredo Neves, na zona Leste, conseguiram o segundo lugar na modalidade pr\u00e1tica n\u00edvel 1, na etapa regional da Olimp\u00edada Brasileira de Rob\u00f3tica (OBR), no Clube do Trabalhador.","inLanguage":"pt-BR","potentialAction":[{"@type":"ReadAction","target":["https:\/\/www.manaus.am.gov.br\/semed\/not\u00edcias\/educacao\/robotica-alunos-rede-municipal\/"]}]},{"@type":"ImageObject","inLanguage":"pt-BR","@id":"https:\/\/www.manaus.am.gov.br\/semed\/not\u00edcias\/educacao\/robotica-alunos-rede-municipal\/#primaryimage","url":"https:\/\/www.manaus.am.gov.br\/semed\/wp-content\/uploads\/sites\/3\/2022\/12\/Etapa-nacional-da-Olimpiada-Brasileira-de-Robotica-tem-a-participacao-de-alunos-da-rede-municipal.jpg","contentUrl":"https:\/\/www.manaus.am.gov.br\/semed\/wp-content\/uploads\/sites\/3\/2022\/12\/Etapa-nacional-da-Olimpiada-Brasileira-de-Robotica-tem-a-participacao-de-alunos-da-rede-municipal.jpg","width":640,"height":427,"caption":"Etapa nacional da Olimp\u00edada Brasileira de Rob\u00f3tica tem a participa\u00e7\u00e3o de alunos da rede municipal"},{"@type":"WebSite","@id":"https:\/\/www.manaus.am.gov.br\/semed\/#website","url":"https:\/\/www.manaus.am.gov.br\/semed\/","name":"Secretaria Municipal de Educa\u00e7\u00e3o","description":"Secretaria Municipal de Educa\u00e7\u00e3o","publisher":{"@id":"https:\/\/www.manaus.am.gov.br\/semed\/#organization"},"alternateName":"SEMED","potentialAction":[{"@type":"SearchAction","target":{"@type":"EntryPoint","urlTemplate":"https:\/\/www.manaus.am.gov.br\/semed\/?s={search_term_string}"},"query-input":"required name=search_term_string"}],"inLanguage":"pt-BR"},{"@type":"Organization","@id":"https:\/\/www.manaus.am.gov.br\/semed\/#organization","name":"Secretaria de Educa\u00e7\u00e3o","alternateName":"SEMED","url":"https:\/\/www.manaus.am.gov.br\/semed\/","logo":{"@type":"ImageObject","inLanguage":"pt-BR","@id":"https:\/\/www.manaus.am.gov.br\/semed\/#\/schema\/logo\/image\/","url":"https:\/\/www.manaus.am.gov.br\/semed\/wp-content\/uploads\/sites\/3\/2022\/11\/favicon.png","contentUrl":"https:\/\/www.manaus.am.gov.br\/semed\/wp-content\/uploads\/sites\/3\/2022\/11\/favicon.png","width":300,"height":300,"caption":"Secretaria de Educa\u00e7\u00e3o"},"image":{"@id":"https:\/\/www.manaus.am.gov.br\/semed\/#\/schema\/logo\/image\/"}},{"@type":"Person","@id":"https:\/\/www.manaus.am.gov.br\/semed\/#\/schema\/person\/fe69d2249d78e7a3112d42bc34c44a58","name":"Glauber Farias","image":{"@type":"ImageObject","inLanguage":"pt-BR","@id":"https:\/\/www.manaus.am.gov.br\/semed\/#\/schema\/person\/image\/","url":"https:\/\/secure.gravatar.com\/avatar\/eb33200ffd19538372f635b2165531c0?s=96&d=mm&r=g","contentUrl":"https:\/\/secure.gravatar.com\/avatar\/eb33200ffd19538372f635b2165531c0?s=96&d=mm&r=g","caption":"Glauber Farias"}}]}},"_links":{"self":[{"href":"https:\/\/www.manaus.am.gov.br\/semed\/wp-json\/wp\/v2\/posts\/463"}],"collection":[{"href":"https:\/\/www.manaus.am.gov.br\/semed\/wp-json\/wp\/v2\/posts"}],"about":[{"href":"https:\/\/www.manaus.am.gov.br\/semed\/wp-json\/wp\/v2\/types\/post"}],"author":[{"embeddable":true,"href":"https:\/\/www.manaus.am.gov.br\/semed\/wp-json\/wp\/v2\/users\/8"}],"replies":[{"embeddable":true,"href":"https:\/\/www.manaus.am.gov.br\/semed\/wp-json\/wp\/v2\/comments?post=463"}],"version-history":[{"count":0,"href":"https:\/\/www.manaus.am.gov.br\/semed\/wp-json\/wp\/v2\/posts\/463\/revisions"}],"wp:featuredmedia":[{"embeddable":true,"href":"https:\/\/www.manaus.am.gov.br\/semed\/wp-json\/wp\/v2\/media\/464"}],"wp:attachment":[{"href":"https:\/\/www.manaus.am.gov.br\/semed\/wp-json\/wp\/v2\/media?parent=463"}],"wp:term":[{"taxonomy":"category","embeddable":true,"href":"https:\/\/www.manaus.am.gov.br\/semed\/wp-json\/wp\/v2\/categories?post=463"},{"taxonomy":"post_tag","embeddable":true,"href":"https:\/\/www.manaus.am.gov.br\/semed\/wp-json\/wp\/v2\/tags?post=463"}],"curies":[{"name":"wp","href":"https:\/\/api.w.org\/{rel}","templated":true}]}}