{"id":460,"date":"2018-11-22T18:05:16","date_gmt":"2018-11-22T22:05:16","guid":{"rendered":"https:\/\/www.manaus.am.gov.br\/semed\/not\u00edcias\/sem-categoria\/alunos-concurso-letramento-robotica\/"},"modified":"2022-12-06T09:24:33","modified_gmt":"2022-12-06T13:24:33","slug":"alunos-concurso-letramento-robotica","status":"publish","type":"post","link":"https:\/\/www.manaus.am.gov.br\/semed\/not\u00edcias\/educacao\/alunos-concurso-letramento-robotica\/","title":{"rendered":"Mais de 400 alunos da rede municipal participam do Concurso de Letramento em Programa\u00e7\u00e3o e Rob\u00f3tica"},"content":{"rendered":"\n<p>Aproximadamente 450 alunos, do 1\u00ba ao 9\u00b0 ano do Ensino Fundamental, de 43 escolas municipais administradas pela <a href=\"https:\/\/www.manaus.am.gov.br\" target=\"_blank\" rel=\"noopener\">Prefeitura de Manaus<\/a> participaram nesta quinta-feira, 22\/11, da 3\u00aa edi\u00e7\u00e3o do Concurso de Letramento em Programa\u00e7\u00e3o e Rob\u00f3tica. Com o tema \u201cInova\u00e7\u00e3o para Sustentabilidade\u201d, o evento se encerra nesta sexta-feira, 23, na Divis\u00e3o de Desenvolvimento Profissional do Magist\u00e9rio (DDPM), da Secretaria Municipal de Educa\u00e7\u00e3o (Semed), localizada na avenida Macei\u00f3, zona Centro-Sul.<\/p>\n\n\n\n<p>No primeiro dia do concurso, que tem por objetivo promover a pr\u00e1tica de programa\u00e7\u00e3o e a multialfabetiza\u00e7\u00e3o dos estudantes da rede municipal, bem como o compartilhamento de conhecimento e o desenvolvimento da criatividade e autoria, foram apresentados trabalhados realizados nas escolas durante o ano letivo, sobre Letramento em Programa\u00e7\u00e3o, Pensamento Computacional, Ensino Hibrido, Kodu, Blockly, Scratch, Rob\u00f3tica Educacional, dentre outros.<\/p>\n\n\n\n<p>\u201cV\u00e1rios aspectos est\u00e3o envolvidos nesse concurso e esse ano, em especial, a pesquisa sobre o desenvolvimento sustent\u00e1vel. Cada escola buscou a\u00e7\u00f5es para trabalhar com os objetivos do concurso. Nesse sentido, a parceria com a fam\u00edlia \u00e9 fundamental para o processo de aprendizagem, j\u00e1 que s\u00e3o a\u00e7\u00f5es sociais que afetam a vida de cada um\u201d, destacou a subsecret\u00e1ria de Gest\u00e3o Educacional da Semed, Euzeni Trajano.<\/p>\n\n\n\n<p><strong>Solu\u00e7\u00f5es<\/strong><\/p>\n\n\n\n<p>A competi\u00e7\u00e3o n\u00e3o acontece entre as escolas, cada unidade busca superar seus pr\u00f3prios desafios e resolver os problemas durante a competi\u00e7\u00e3o. Conforme a pontua\u00e7\u00e3o alcan\u00e7ada, a unidade de ensino \u00e9 classificada, levando em considera\u00e7\u00e3o o desempenho da equipe.<\/p>\n\n\n\n<p>Os alunos do 4\u00ba ano da Escola Municipal Professora Maria Lira Pereira, em Petr\u00f3polis, zona Sul, observaram que os moradores do bairro descartam o lixo de forma irregular, formando lixeiras viciadas em algumas \u00e1reas, uma inclusive pr\u00f3xima \u00e0 escola. Ap\u00f3s uma longa conversa sobre a solu\u00e7\u00e3o para esse problema, os alunos criaram uma maquete da comunidade, contendo a unidade de ensino, ruas, casas e, com o uso do Robokids, criaram um carro coletor de lixo, com bra\u00e7os hidr\u00e1ulicos.<\/p>\n\n\n\n<p>\u201cEsse trabalho foi realizado conforme a realidade do nosso bairro, criamos um caminh\u00e3o com bra\u00e7os hidr\u00e1ulicos que pega o lixo e joga na ca\u00e7amba. N\u00f3s vamos mostrar para a nossa comunidade como devemos tratar o lixo e tentar acabar com a lixeira viciada\u201d, explicou a aluna Helo\u00edsa Reis, de 10 anos.<\/p>\n\n\n\n<p>De acordo com a gerente da Ger\u00eancia de Tecnologia Educacional (GTE) da Semed, organizadora do evento, Aldemira C\u00e2mara, a cada ano o projeto tem crescido, envolvendo mais escolas, alunos e professores. \u201cO prefeito Arthur Virg\u00edlio Neto entende a import\u00e2ncia da tecnologia na educa\u00e7\u00e3o e nossas parcerias tamb\u00e9m t\u00eam ajudado no crescimento do projeto. As crian\u00e7as est\u00e3o desenvolvendo o racioc\u00ednio l\u00f3gico com resolu\u00e7\u00e3o de problemas, que tamb\u00e9m envolve a aprendizagem da leitura e escrita. S\u00e3o concep\u00e7\u00f5es b\u00e1sicas necess\u00e1rias para vida escolar deles\u201d, observou.<\/p>\n\n\n\n<p><strong>Texto:<\/strong> \u00c9rica Marinho \/ Semed<\/p>\n\n\n\n<p><strong>Fotos:<\/strong> Lton Santos\/ Semed<\/p>\n\n\n\n<p><strong>Dispon\u00edveis em<\/strong>: <a href=\"https:\/\/flic.kr\/s\/aHsmnq197E\">https:\/\/flic.kr\/s\/aHsmnq197E<\/a><\/p>\n","protected":false},"excerpt":{"rendered":"","protected":false},"author":8,"featured_media":461,"comment_status":"closed","ping_status":"closed","sticky":false,"template":"","format":"standard","meta":{"footnotes":""},"categories":[8],"tags":[18,23,24,19],"acf":[],"yoast_head":"<!-- This site is optimized with the Yoast SEO plugin v23.0 - https:\/\/yoast.com\/wordpress\/plugins\/seo\/ -->\n<title>Mais de 400 alunos da rede municipal participam do Concurso de Letramento em Programa\u00e7\u00e3o e Rob\u00f3tica<\/title>\n<meta name=\"description\" content=\"Aproximadamente 450 alunos, do 1\u00ba ao 9\u00b0 ano do Ensino Fundamental, de 43 escolas municipais administradas pela Prefeitura de Manaus participaram nesta quinta-feira, 22\/11, da 3\u00aa edi\u00e7\u00e3o do Concurso de Letramento em Programa\u00e7\u00e3o e Rob\u00f3tica.\" \/>\n<meta name=\"robots\" content=\"index, follow, max-snippet:-1, max-image-preview:large, max-video-preview:-1\" \/>\n<link rel=\"canonical\" href=\"https:\/\/www.manaus.am.gov.br\/semed\/not\u00edcias\/educacao\/alunos-concurso-letramento-robotica\/\" \/>\n<meta property=\"og:locale\" content=\"pt_BR\" \/>\n<meta property=\"og:type\" content=\"article\" \/>\n<meta property=\"og:title\" content=\"Mais de 400 alunos da rede municipal participam do Concurso de Letramento em Programa\u00e7\u00e3o e Rob\u00f3tica\" \/>\n<meta property=\"og:description\" content=\"Aproximadamente 450 alunos, do 1\u00ba ao 9\u00b0 ano do Ensino Fundamental, de 43 escolas municipais administradas pela Prefeitura de Manaus participaram nesta quinta-feira, 22\/11, da 3\u00aa edi\u00e7\u00e3o do Concurso de Letramento em Programa\u00e7\u00e3o e Rob\u00f3tica.\" \/>\n<meta property=\"og:url\" content=\"https:\/\/www.manaus.am.gov.br\/semed\/not\u00edcias\/educacao\/alunos-concurso-letramento-robotica\/\" \/>\n<meta property=\"og:site_name\" content=\"SEMED\" \/>\n<meta property=\"article:published_time\" content=\"2018-11-22T22:05:16+00:00\" \/>\n<meta property=\"article:modified_time\" content=\"2022-12-06T13:24:33+00:00\" \/>\n<meta property=\"og:image\" content=\"https:\/\/www.manaus.am.gov.br\/semed\/wp-content\/uploads\/sites\/3\/2022\/12\/Mais-de-400-alunos-da-rede-municipal-participam-do-Concurso-de-Letramento-em-Programacao-e-Robotica.jpg\" \/>\n\t<meta property=\"og:image:width\" content=\"640\" \/>\n\t<meta property=\"og:image:height\" content=\"427\" \/>\n\t<meta property=\"og:image:type\" content=\"image\/jpeg\" \/>\n<meta name=\"author\" content=\"Glauber Farias\" \/>\n<meta name=\"twitter:card\" content=\"summary_large_image\" \/>\n<meta name=\"twitter:label1\" content=\"Written by\" \/>\n\t<meta name=\"twitter:data1\" content=\"Glauber Farias\" \/>\n\t<meta name=\"twitter:label2\" content=\"Est. reading time\" \/>\n\t<meta name=\"twitter:data2\" content=\"3 minutos\" \/>\n<script type=\"application\/ld+json\" class=\"yoast-schema-graph\">{\"@context\":\"https:\/\/schema.org\",\"@graph\":[{\"@type\":\"Article\",\"@id\":\"https:\/\/www.manaus.am.gov.br\/semed\/not\u00edcias\/educacao\/alunos-concurso-letramento-robotica\/#article\",\"isPartOf\":{\"@id\":\"https:\/\/www.manaus.am.gov.br\/semed\/not\u00edcias\/educacao\/alunos-concurso-letramento-robotica\/\"},\"author\":{\"name\":\"Glauber Farias\",\"@id\":\"https:\/\/www.manaus.am.gov.br\/semed\/#\/schema\/person\/fe69d2249d78e7a3112d42bc34c44a58\"},\"headline\":\"Mais de 400 alunos da rede municipal participam do Concurso de Letramento em Programa\u00e7\u00e3o e Rob\u00f3tica\",\"datePublished\":\"2018-11-22T22:05:16+00:00\",\"dateModified\":\"2022-12-06T13:24:33+00:00\",\"mainEntityOfPage\":{\"@id\":\"https:\/\/www.manaus.am.gov.br\/semed\/not\u00edcias\/educacao\/alunos-concurso-letramento-robotica\/\"},\"wordCount\":522,\"publisher\":{\"@id\":\"https:\/\/www.manaus.am.gov.br\/semed\/#organization\"},\"image\":{\"@id\":\"https:\/\/www.manaus.am.gov.br\/semed\/not\u00edcias\/educacao\/alunos-concurso-letramento-robotica\/#primaryimage\"},\"thumbnailUrl\":\"https:\/\/www.manaus.am.gov.br\/semed\/wp-content\/uploads\/sites\/3\/2022\/12\/Mais-de-400-alunos-da-rede-municipal-participam-do-Concurso-de-Letramento-em-Programacao-e-Robotica.jpg\",\"keywords\":[\"alunos\",\"aprendizado\",\"concurso\",\"robotica\"],\"articleSection\":[\"Educa\u00e7\u00e3o\"],\"inLanguage\":\"pt-BR\"},{\"@type\":\"WebPage\",\"@id\":\"https:\/\/www.manaus.am.gov.br\/semed\/not\u00edcias\/educacao\/alunos-concurso-letramento-robotica\/\",\"url\":\"https:\/\/www.manaus.am.gov.br\/semed\/not\u00edcias\/educacao\/alunos-concurso-letramento-robotica\/\",\"name\":\"Mais de 400 alunos da rede municipal participam do Concurso de Letramento em Programa\u00e7\u00e3o e Rob\u00f3tica\",\"isPartOf\":{\"@id\":\"https:\/\/www.manaus.am.gov.br\/semed\/#website\"},\"primaryImageOfPage\":{\"@id\":\"https:\/\/www.manaus.am.gov.br\/semed\/not\u00edcias\/educacao\/alunos-concurso-letramento-robotica\/#primaryimage\"},\"image\":{\"@id\":\"https:\/\/www.manaus.am.gov.br\/semed\/not\u00edcias\/educacao\/alunos-concurso-letramento-robotica\/#primaryimage\"},\"thumbnailUrl\":\"https:\/\/www.manaus.am.gov.br\/semed\/wp-content\/uploads\/sites\/3\/2022\/12\/Mais-de-400-alunos-da-rede-municipal-participam-do-Concurso-de-Letramento-em-Programacao-e-Robotica.jpg\",\"datePublished\":\"2018-11-22T22:05:16+00:00\",\"dateModified\":\"2022-12-06T13:24:33+00:00\",\"description\":\"Aproximadamente 450 alunos, do 1\u00ba ao 9\u00b0 ano do Ensino Fundamental, de 43 escolas municipais administradas pela Prefeitura de Manaus participaram nesta quinta-feira, 22\/11, da 3\u00aa edi\u00e7\u00e3o do Concurso de Letramento em Programa\u00e7\u00e3o e Rob\u00f3tica.\",\"inLanguage\":\"pt-BR\",\"potentialAction\":[{\"@type\":\"ReadAction\",\"target\":[\"https:\/\/www.manaus.am.gov.br\/semed\/not\u00edcias\/educacao\/alunos-concurso-letramento-robotica\/\"]}]},{\"@type\":\"ImageObject\",\"inLanguage\":\"pt-BR\",\"@id\":\"https:\/\/www.manaus.am.gov.br\/semed\/not\u00edcias\/educacao\/alunos-concurso-letramento-robotica\/#primaryimage\",\"url\":\"https:\/\/www.manaus.am.gov.br\/semed\/wp-content\/uploads\/sites\/3\/2022\/12\/Mais-de-400-alunos-da-rede-municipal-participam-do-Concurso-de-Letramento-em-Programacao-e-Robotica.jpg\",\"contentUrl\":\"https:\/\/www.manaus.am.gov.br\/semed\/wp-content\/uploads\/sites\/3\/2022\/12\/Mais-de-400-alunos-da-rede-municipal-participam-do-Concurso-de-Letramento-em-Programacao-e-Robotica.jpg\",\"width\":640,\"height\":427,\"caption\":\"Mais de 400 alunos da rede municipal participam do Concurso de Letramento em Programa\u00e7\u00e3o e Rob\u00f3tica\"},{\"@type\":\"WebSite\",\"@id\":\"https:\/\/www.manaus.am.gov.br\/semed\/#website\",\"url\":\"https:\/\/www.manaus.am.gov.br\/semed\/\",\"name\":\"Secretaria Municipal de Educa\u00e7\u00e3o\",\"description\":\"Secretaria Municipal de Educa\u00e7\u00e3o\",\"publisher\":{\"@id\":\"https:\/\/www.manaus.am.gov.br\/semed\/#organization\"},\"alternateName\":\"SEMED\",\"potentialAction\":[{\"@type\":\"SearchAction\",\"target\":{\"@type\":\"EntryPoint\",\"urlTemplate\":\"https:\/\/www.manaus.am.gov.br\/semed\/?s={search_term_string}\"},\"query-input\":\"required name=search_term_string\"}],\"inLanguage\":\"pt-BR\"},{\"@type\":\"Organization\",\"@id\":\"https:\/\/www.manaus.am.gov.br\/semed\/#organization\",\"name\":\"Secretaria de Educa\u00e7\u00e3o\",\"alternateName\":\"SEMED\",\"url\":\"https:\/\/www.manaus.am.gov.br\/semed\/\",\"logo\":{\"@type\":\"ImageObject\",\"inLanguage\":\"pt-BR\",\"@id\":\"https:\/\/www.manaus.am.gov.br\/semed\/#\/schema\/logo\/image\/\",\"url\":\"https:\/\/www.manaus.am.gov.br\/semed\/wp-content\/uploads\/sites\/3\/2022\/11\/favicon.png\",\"contentUrl\":\"https:\/\/www.manaus.am.gov.br\/semed\/wp-content\/uploads\/sites\/3\/2022\/11\/favicon.png\",\"width\":300,\"height\":300,\"caption\":\"Secretaria de Educa\u00e7\u00e3o\"},\"image\":{\"@id\":\"https:\/\/www.manaus.am.gov.br\/semed\/#\/schema\/logo\/image\/\"}},{\"@type\":\"Person\",\"@id\":\"https:\/\/www.manaus.am.gov.br\/semed\/#\/schema\/person\/fe69d2249d78e7a3112d42bc34c44a58\",\"name\":\"Glauber Farias\",\"image\":{\"@type\":\"ImageObject\",\"inLanguage\":\"pt-BR\",\"@id\":\"https:\/\/www.manaus.am.gov.br\/semed\/#\/schema\/person\/image\/\",\"url\":\"https:\/\/secure.gravatar.com\/avatar\/eb33200ffd19538372f635b2165531c0?s=96&d=mm&r=g\",\"contentUrl\":\"https:\/\/secure.gravatar.com\/avatar\/eb33200ffd19538372f635b2165531c0?s=96&d=mm&r=g\",\"caption\":\"Glauber Farias\"}}]}<\/script>\n<!-- \/ Yoast SEO plugin. -->","yoast_head_json":{"title":"Mais de 400 alunos da rede municipal participam do Concurso de Letramento em Programa\u00e7\u00e3o e Rob\u00f3tica","description":"Aproximadamente 450 alunos, do 1\u00ba ao 9\u00b0 ano do Ensino Fundamental, de 43 escolas municipais administradas pela Prefeitura de Manaus participaram nesta quinta-feira, 22\/11, da 3\u00aa edi\u00e7\u00e3o do Concurso de Letramento em Programa\u00e7\u00e3o e Rob\u00f3tica.","robots":{"index":"index","follow":"follow","max-snippet":"max-snippet:-1","max-image-preview":"max-image-preview:large","max-video-preview":"max-video-preview:-1"},"canonical":"https:\/\/www.manaus.am.gov.br\/semed\/not\u00edcias\/educacao\/alunos-concurso-letramento-robotica\/","og_locale":"pt_BR","og_type":"article","og_title":"Mais de 400 alunos da rede municipal participam do Concurso de Letramento em Programa\u00e7\u00e3o e Rob\u00f3tica","og_description":"Aproximadamente 450 alunos, do 1\u00ba ao 9\u00b0 ano do Ensino Fundamental, de 43 escolas municipais administradas pela Prefeitura de Manaus participaram nesta quinta-feira, 22\/11, da 3\u00aa edi\u00e7\u00e3o do Concurso de Letramento em Programa\u00e7\u00e3o e Rob\u00f3tica.","og_url":"https:\/\/www.manaus.am.gov.br\/semed\/not\u00edcias\/educacao\/alunos-concurso-letramento-robotica\/","og_site_name":"SEMED","article_published_time":"2018-11-22T22:05:16+00:00","article_modified_time":"2022-12-06T13:24:33+00:00","og_image":[{"width":640,"height":427,"url":"https:\/\/www.manaus.am.gov.br\/semed\/wp-content\/uploads\/sites\/3\/2022\/12\/Mais-de-400-alunos-da-rede-municipal-participam-do-Concurso-de-Letramento-em-Programacao-e-Robotica.jpg","type":"image\/jpeg"}],"author":"Glauber Farias","twitter_card":"summary_large_image","twitter_misc":{"Written by":"Glauber Farias","Est. reading time":"3 minutos"},"schema":{"@context":"https:\/\/schema.org","@graph":[{"@type":"Article","@id":"https:\/\/www.manaus.am.gov.br\/semed\/not\u00edcias\/educacao\/alunos-concurso-letramento-robotica\/#article","isPartOf":{"@id":"https:\/\/www.manaus.am.gov.br\/semed\/not\u00edcias\/educacao\/alunos-concurso-letramento-robotica\/"},"author":{"name":"Glauber Farias","@id":"https:\/\/www.manaus.am.gov.br\/semed\/#\/schema\/person\/fe69d2249d78e7a3112d42bc34c44a58"},"headline":"Mais de 400 alunos da rede municipal participam do Concurso de Letramento em Programa\u00e7\u00e3o e Rob\u00f3tica","datePublished":"2018-11-22T22:05:16+00:00","dateModified":"2022-12-06T13:24:33+00:00","mainEntityOfPage":{"@id":"https:\/\/www.manaus.am.gov.br\/semed\/not\u00edcias\/educacao\/alunos-concurso-letramento-robotica\/"},"wordCount":522,"publisher":{"@id":"https:\/\/www.manaus.am.gov.br\/semed\/#organization"},"image":{"@id":"https:\/\/www.manaus.am.gov.br\/semed\/not\u00edcias\/educacao\/alunos-concurso-letramento-robotica\/#primaryimage"},"thumbnailUrl":"https:\/\/www.manaus.am.gov.br\/semed\/wp-content\/uploads\/sites\/3\/2022\/12\/Mais-de-400-alunos-da-rede-municipal-participam-do-Concurso-de-Letramento-em-Programacao-e-Robotica.jpg","keywords":["alunos","aprendizado","concurso","robotica"],"articleSection":["Educa\u00e7\u00e3o"],"inLanguage":"pt-BR"},{"@type":"WebPage","@id":"https:\/\/www.manaus.am.gov.br\/semed\/not\u00edcias\/educacao\/alunos-concurso-letramento-robotica\/","url":"https:\/\/www.manaus.am.gov.br\/semed\/not\u00edcias\/educacao\/alunos-concurso-letramento-robotica\/","name":"Mais de 400 alunos da rede municipal participam do Concurso de Letramento em Programa\u00e7\u00e3o e Rob\u00f3tica","isPartOf":{"@id":"https:\/\/www.manaus.am.gov.br\/semed\/#website"},"primaryImageOfPage":{"@id":"https:\/\/www.manaus.am.gov.br\/semed\/not\u00edcias\/educacao\/alunos-concurso-letramento-robotica\/#primaryimage"},"image":{"@id":"https:\/\/www.manaus.am.gov.br\/semed\/not\u00edcias\/educacao\/alunos-concurso-letramento-robotica\/#primaryimage"},"thumbnailUrl":"https:\/\/www.manaus.am.gov.br\/semed\/wp-content\/uploads\/sites\/3\/2022\/12\/Mais-de-400-alunos-da-rede-municipal-participam-do-Concurso-de-Letramento-em-Programacao-e-Robotica.jpg","datePublished":"2018-11-22T22:05:16+00:00","dateModified":"2022-12-06T13:24:33+00:00","description":"Aproximadamente 450 alunos, do 1\u00ba ao 9\u00b0 ano do Ensino Fundamental, de 43 escolas municipais administradas pela Prefeitura de Manaus participaram nesta quinta-feira, 22\/11, da 3\u00aa edi\u00e7\u00e3o do Concurso de Letramento em Programa\u00e7\u00e3o e Rob\u00f3tica.","inLanguage":"pt-BR","potentialAction":[{"@type":"ReadAction","target":["https:\/\/www.manaus.am.gov.br\/semed\/not\u00edcias\/educacao\/alunos-concurso-letramento-robotica\/"]}]},{"@type":"ImageObject","inLanguage":"pt-BR","@id":"https:\/\/www.manaus.am.gov.br\/semed\/not\u00edcias\/educacao\/alunos-concurso-letramento-robotica\/#primaryimage","url":"https:\/\/www.manaus.am.gov.br\/semed\/wp-content\/uploads\/sites\/3\/2022\/12\/Mais-de-400-alunos-da-rede-municipal-participam-do-Concurso-de-Letramento-em-Programacao-e-Robotica.jpg","contentUrl":"https:\/\/www.manaus.am.gov.br\/semed\/wp-content\/uploads\/sites\/3\/2022\/12\/Mais-de-400-alunos-da-rede-municipal-participam-do-Concurso-de-Letramento-em-Programacao-e-Robotica.jpg","width":640,"height":427,"caption":"Mais de 400 alunos da rede municipal participam do Concurso de Letramento em Programa\u00e7\u00e3o e Rob\u00f3tica"},{"@type":"WebSite","@id":"https:\/\/www.manaus.am.gov.br\/semed\/#website","url":"https:\/\/www.manaus.am.gov.br\/semed\/","name":"Secretaria Municipal de Educa\u00e7\u00e3o","description":"Secretaria Municipal de Educa\u00e7\u00e3o","publisher":{"@id":"https:\/\/www.manaus.am.gov.br\/semed\/#organization"},"alternateName":"SEMED","potentialAction":[{"@type":"SearchAction","target":{"@type":"EntryPoint","urlTemplate":"https:\/\/www.manaus.am.gov.br\/semed\/?s={search_term_string}"},"query-input":"required name=search_term_string"}],"inLanguage":"pt-BR"},{"@type":"Organization","@id":"https:\/\/www.manaus.am.gov.br\/semed\/#organization","name":"Secretaria de Educa\u00e7\u00e3o","alternateName":"SEMED","url":"https:\/\/www.manaus.am.gov.br\/semed\/","logo":{"@type":"ImageObject","inLanguage":"pt-BR","@id":"https:\/\/www.manaus.am.gov.br\/semed\/#\/schema\/logo\/image\/","url":"https:\/\/www.manaus.am.gov.br\/semed\/wp-content\/uploads\/sites\/3\/2022\/11\/favicon.png","contentUrl":"https:\/\/www.manaus.am.gov.br\/semed\/wp-content\/uploads\/sites\/3\/2022\/11\/favicon.png","width":300,"height":300,"caption":"Secretaria de Educa\u00e7\u00e3o"},"image":{"@id":"https:\/\/www.manaus.am.gov.br\/semed\/#\/schema\/logo\/image\/"}},{"@type":"Person","@id":"https:\/\/www.manaus.am.gov.br\/semed\/#\/schema\/person\/fe69d2249d78e7a3112d42bc34c44a58","name":"Glauber Farias","image":{"@type":"ImageObject","inLanguage":"pt-BR","@id":"https:\/\/www.manaus.am.gov.br\/semed\/#\/schema\/person\/image\/","url":"https:\/\/secure.gravatar.com\/avatar\/eb33200ffd19538372f635b2165531c0?s=96&d=mm&r=g","contentUrl":"https:\/\/secure.gravatar.com\/avatar\/eb33200ffd19538372f635b2165531c0?s=96&d=mm&r=g","caption":"Glauber Farias"}}]}},"_links":{"self":[{"href":"https:\/\/www.manaus.am.gov.br\/semed\/wp-json\/wp\/v2\/posts\/460"}],"collection":[{"href":"https:\/\/www.manaus.am.gov.br\/semed\/wp-json\/wp\/v2\/posts"}],"about":[{"href":"https:\/\/www.manaus.am.gov.br\/semed\/wp-json\/wp\/v2\/types\/post"}],"author":[{"embeddable":true,"href":"https:\/\/www.manaus.am.gov.br\/semed\/wp-json\/wp\/v2\/users\/8"}],"replies":[{"embeddable":true,"href":"https:\/\/www.manaus.am.gov.br\/semed\/wp-json\/wp\/v2\/comments?post=460"}],"version-history":[{"count":0,"href":"https:\/\/www.manaus.am.gov.br\/semed\/wp-json\/wp\/v2\/posts\/460\/revisions"}],"wp:featuredmedia":[{"embeddable":true,"href":"https:\/\/www.manaus.am.gov.br\/semed\/wp-json\/wp\/v2\/media\/461"}],"wp:attachment":[{"href":"https:\/\/www.manaus.am.gov.br\/semed\/wp-json\/wp\/v2\/media?parent=460"}],"wp:term":[{"taxonomy":"category","embeddable":true,"href":"https:\/\/www.manaus.am.gov.br\/semed\/wp-json\/wp\/v2\/categories?post=460"},{"taxonomy":"post_tag","embeddable":true,"href":"https:\/\/www.manaus.am.gov.br\/semed\/wp-json\/wp\/v2\/tags?post=460"}],"curies":[{"name":"wp","href":"https:\/\/api.w.org\/{rel}","templated":true}]}}