{"id":451,"date":"2019-11-21T15:54:41","date_gmt":"2019-11-21T19:54:41","guid":{"rendered":"https:\/\/www.manaus.am.gov.br\/semed\/not\u00edcias\/sem-categoria\/alunos-projetos-ciencias-robotica\/"},"modified":"2019-11-21T15:54:41","modified_gmt":"2019-11-21T19:54:41","slug":"alunos-projetos-ciencias-robotica","status":"publish","type":"post","link":"https:\/\/www.manaus.am.gov.br\/semed\/not\u00edcias\/educacao\/alunos-projetos-ciencias-robotica\/","title":{"rendered":"Alunos municipais exp\u00f5em projetos de ci\u00eancias e rob\u00f3tica"},"content":{"rendered":"<p>A <a href=\"https:\/\/www.manaus.am.gov.br\/\" target=\"_blank\" rel=\"noopener\">Prefeitura de Manaus<\/a> iniciou nesta quinta-feira, 21\/11, a 1\u00aa Exposi\u00e7\u00e3o de Ci\u00eancias, Rob\u00f3tica, Educa\u00e7\u00e3o Ambiental, Tecnologia e Inova\u00e7\u00e3o (Expocreati), com projetos do Clube de Programa\u00e7\u00e3o e Rob\u00f3tica (Procurumim) e do Ci\u00eancia na Escola (PCE) desenvolvidos pelos alunos da educa\u00e7\u00e3o infantil, ensino fundamental, educa\u00e7\u00e3o especial, ind\u00edgena e de Jovens e Adultos (EJA). O evento, realizado na Divis\u00e3o de Desenvolvimento do Profissional do Magist\u00e9rio (DDPM) da Secretaria Municipal de Educa\u00e7\u00e3o (<a href=\"https:\/\/semed.manaus.am.gov.br\" target=\"_blank\" rel=\"noopener\">Semed<\/a>), na avenida Macei\u00f3, Parque 10, zona Centro-Sul de Manaus, segue at\u00e9 este s\u00e1bado, 23\/11.<\/p>\n<p>&nbsp;<\/p>\n<p><img loading=\"lazy\" decoding=\"async\" class=\"img-responsive aligncenter wp-image-452 size-img-destaque\" src=\"https:\/\/www.manaus.am.gov.br\/semed\/wp-content\/uploads\/sites\/3\/2022\/12\/Procurumim_Eliton-Santos-divulga\u00e7\u00e3o-720x407.jpg\" alt=\"Alunos municipais exp\u00f5em projetos de ci\u00eancias e rob\u00f3tica\" width=\"720\" height=\"407\"><\/p>\n<p>&nbsp;<\/p>\n<p>A secret\u00e1ria de Educa\u00e7\u00e3o de Manaus, K\u00e1tia&nbsp;Schweickardt, visitou os estandes dos projetos e destacou a metodologia de ensino do munic\u00edpio, baseada no Programa de Educa\u00e7\u00e3o P\u00fablica&nbsp;Municipal e&nbsp;na&nbsp;Base Nacional Comum Curricular (BNCC),&nbsp;que&nbsp;trabalha temas transversais e o letramento digital&nbsp;e da apresenta\u00e7\u00e3o&nbsp;dos projetos&nbsp;na&nbsp;Expocreati.<\/p>\n<p>&nbsp;<\/p>\n<p>\u201cEste \u00e9&nbsp;um momento de culmin\u00e2ncia com todos os projetos mais exitosos das&nbsp;escolas e&nbsp;apresenta\u00e7\u00e3o para sociedade de tudo o que foi desenvolvido durante o ano com todos os nossos alunos. A partir da orienta\u00e7\u00e3o do prefeito Arthur Virg\u00edlio Neto, utilizamos temas Transversais e o Letramento Digital, como uma importante ferramenta para potencializar a aprendizagem das crian\u00e7as. A&nbsp;Semed&nbsp;desenvolve esse assunto com muita propriedade h\u00e1 muito tempo, com v\u00e1rias iniciativas em rob\u00f3tica, inicia\u00e7\u00e3o a Ci\u00eancias e tecnologias educacionais\u201d, pontuou.<\/p>\n<p>&nbsp;<\/p>\n<p>A Funda\u00e7\u00e3o Telef\u00f4nica Vivo \u00e9 a grande parceira na iniciativa do desenvolvimento cient\u00edfico, tecnol\u00f3gico, produ\u00e7\u00e3o do letramento e da alfabetiza\u00e7\u00e3o cient\u00edfica. O gerente de Projetos Sociais da Funda\u00e7\u00e3o, Rubem Saldanha, parabenizou a realiza\u00e7\u00e3o do evento. \u201cS\u00e3o nesses espa\u00e7os diferenciados que acontece um aprendizado mais efetivo dos alunos. A Prefeitura de Manaus est\u00e1 de parab\u00e9ns pelo evento, que realmente faz muito sentido. Estou visitando todos os estandes e, provavelmente, estaremos iniciando outro projeto para agregar a este\u201d, declarou Saldanha.<\/p>\n<p>&nbsp;<\/p>\n<p><strong>Expocreati<\/strong><\/p>\n<p>Mais de 1 mil alunos e 89 projetos ser\u00e3o apresentados nos tr\u00eas dias da exposi\u00e7\u00e3o. O objetivo do evento \u00e9 socializar as pr\u00e1ticas inovadoras desenvolvidas por professores e estudantes da rede municipal de ensino nos projetos de inform\u00e1tica com base no tema \u201cBioeconomia: Diversidade e Riqueza para o Desenvolvimento Sustent\u00e1vel\u201d.<\/p>\n<p>&nbsp;<\/p>\n<p>No primeiro dia foram apresentados os trabalhos dos alunos da educa\u00e7\u00e3o infantil&nbsp;com crian\u00e7as de creche e dos Centros Municipais de Educa\u00e7\u00e3o Infantil (Cmei)&nbsp;e do ensino fundamental dos anos iniciais (1\u00ba ao 5\u00ba anos).&nbsp;Todos os trabalhos ser\u00e3o premiados com medalhas, de acordo com a pontua\u00e7\u00e3o.<\/p>\n<p>&nbsp;<\/p>\n<p>O projeto \u201cTipos de Solos\u201d, dos alunos do 4\u00ba ano da escola municipal Djalma Passos,&nbsp;na comunidade Campo Dourado, zona Norte de Manaus, alcan\u00e7ou a nota m\u00e1xima e a unidade ganhou medalha de ouro. Para o aluno&nbsp;Sandro Gon\u00e7alves, 10, o projeto foi muito interessante. \u201cEu aprendi sobre os v\u00e1rios tipos de solo com o jogo criado por eles, que pode ser utilizado no computador ou notebook\u201d, disse Sandro.<\/p>\n<p>&nbsp;<\/p>\n<p><strong>Texto<\/strong> &#8211; \u00c9rica Marinho \/ Semed<br \/>\n<strong>Foto<\/strong> &#8211; Eliton Santos \/ Semed<\/p>\n","protected":false},"excerpt":{"rendered":"","protected":false},"author":8,"featured_media":0,"comment_status":"closed","ping_status":"closed","sticky":false,"template":"","format":"standard","meta":{"footnotes":""},"categories":[8],"tags":[16,17],"acf":[],"yoast_head":"<!-- This site is optimized with the Yoast SEO plugin v23.0 - https:\/\/yoast.com\/wordpress\/plugins\/seo\/ -->\n<title>Alunos municipais exp\u00f5em projetos de ci\u00eancias e rob\u00f3tica<\/title>\n<meta name=\"description\" content=\"A Prefeitura de Manaus iniciou nesta quinta-feira, 21\/11, a 1\u00aa Expocreati, com projetos do Procurumim e do PCE desenvolvidos pelos alunos...\" \/>\n<meta name=\"robots\" content=\"index, follow, max-snippet:-1, max-image-preview:large, max-video-preview:-1\" \/>\n<link rel=\"canonical\" href=\"https:\/\/www.manaus.am.gov.br\/semed\/not\u00edcias\/educacao\/alunos-projetos-ciencias-robotica\/\" \/>\n<meta property=\"og:locale\" content=\"pt_BR\" \/>\n<meta property=\"og:type\" content=\"article\" \/>\n<meta property=\"og:title\" content=\"Alunos municipais exp\u00f5em projetos de ci\u00eancias e rob\u00f3tica\" \/>\n<meta property=\"og:description\" content=\"A Prefeitura de Manaus iniciou nesta quinta-feira, 21\/11, a 1\u00aa Expocreati, com projetos do Procurumim e do PCE desenvolvidos pelos alunos...\" \/>\n<meta property=\"og:url\" content=\"https:\/\/www.manaus.am.gov.br\/semed\/not\u00edcias\/educacao\/alunos-projetos-ciencias-robotica\/\" \/>\n<meta property=\"og:site_name\" content=\"SEMED\" \/>\n<meta property=\"article:published_time\" content=\"2019-11-21T19:54:41+00:00\" \/>\n<meta property=\"og:image\" content=\"https:\/\/www.manaus.am.gov.br\/semed\/wp-content\/uploads\/sites\/3\/2024\/07\/thumb-default-2.png\" \/>\n\t<meta property=\"og:image:width\" content=\"966\" \/>\n\t<meta property=\"og:image:height\" content=\"520\" \/>\n\t<meta property=\"og:image:type\" content=\"image\/png\" \/>\n<meta name=\"author\" content=\"Glauber Farias\" \/>\n<meta name=\"twitter:card\" content=\"summary_large_image\" \/>\n<meta name=\"twitter:label1\" content=\"Written by\" \/>\n\t<meta name=\"twitter:data1\" content=\"Glauber Farias\" \/>\n\t<meta name=\"twitter:label2\" content=\"Est. reading time\" \/>\n\t<meta name=\"twitter:data2\" content=\"3 minutos\" \/>\n<script type=\"application\/ld+json\" class=\"yoast-schema-graph\">{\"@context\":\"https:\/\/schema.org\",\"@graph\":[{\"@type\":\"Article\",\"@id\":\"https:\/\/www.manaus.am.gov.br\/semed\/not\u00edcias\/educacao\/alunos-projetos-ciencias-robotica\/#article\",\"isPartOf\":{\"@id\":\"https:\/\/www.manaus.am.gov.br\/semed\/not\u00edcias\/educacao\/alunos-projetos-ciencias-robotica\/\"},\"author\":{\"name\":\"Glauber Farias\",\"@id\":\"https:\/\/www.manaus.am.gov.br\/semed\/#\/schema\/person\/fe69d2249d78e7a3112d42bc34c44a58\"},\"headline\":\"Alunos municipais exp\u00f5em projetos de ci\u00eancias e rob\u00f3tica\",\"datePublished\":\"2019-11-21T19:54:41+00:00\",\"dateModified\":\"2019-11-21T19:54:41+00:00\",\"mainEntityOfPage\":{\"@id\":\"https:\/\/www.manaus.am.gov.br\/semed\/not\u00edcias\/educacao\/alunos-projetos-ciencias-robotica\/\"},\"wordCount\":554,\"publisher\":{\"@id\":\"https:\/\/www.manaus.am.gov.br\/semed\/#organization\"},\"keywords\":[\"exposi\u00e7\u00e3o\",\"tecnologia\"],\"articleSection\":[\"Educa\u00e7\u00e3o\"],\"inLanguage\":\"pt-BR\"},{\"@type\":\"WebPage\",\"@id\":\"https:\/\/www.manaus.am.gov.br\/semed\/not\u00edcias\/educacao\/alunos-projetos-ciencias-robotica\/\",\"url\":\"https:\/\/www.manaus.am.gov.br\/semed\/not\u00edcias\/educacao\/alunos-projetos-ciencias-robotica\/\",\"name\":\"Alunos municipais exp\u00f5em projetos de ci\u00eancias e rob\u00f3tica\",\"isPartOf\":{\"@id\":\"https:\/\/www.manaus.am.gov.br\/semed\/#website\"},\"datePublished\":\"2019-11-21T19:54:41+00:00\",\"dateModified\":\"2019-11-21T19:54:41+00:00\",\"description\":\"A Prefeitura de Manaus iniciou nesta quinta-feira, 21\/11, a 1\u00aa Expocreati, com projetos do Procurumim e do PCE desenvolvidos pelos alunos...\",\"inLanguage\":\"pt-BR\",\"potentialAction\":[{\"@type\":\"ReadAction\",\"target\":[\"https:\/\/www.manaus.am.gov.br\/semed\/not\u00edcias\/educacao\/alunos-projetos-ciencias-robotica\/\"]}]},{\"@type\":\"WebSite\",\"@id\":\"https:\/\/www.manaus.am.gov.br\/semed\/#website\",\"url\":\"https:\/\/www.manaus.am.gov.br\/semed\/\",\"name\":\"Secretaria Municipal de Educa\u00e7\u00e3o\",\"description\":\"Secretaria Municipal de Educa\u00e7\u00e3o\",\"publisher\":{\"@id\":\"https:\/\/www.manaus.am.gov.br\/semed\/#organization\"},\"alternateName\":\"SEMED\",\"potentialAction\":[{\"@type\":\"SearchAction\",\"target\":{\"@type\":\"EntryPoint\",\"urlTemplate\":\"https:\/\/www.manaus.am.gov.br\/semed\/?s={search_term_string}\"},\"query-input\":\"required name=search_term_string\"}],\"inLanguage\":\"pt-BR\"},{\"@type\":\"Organization\",\"@id\":\"https:\/\/www.manaus.am.gov.br\/semed\/#organization\",\"name\":\"Secretaria de Educa\u00e7\u00e3o\",\"alternateName\":\"SEMED\",\"url\":\"https:\/\/www.manaus.am.gov.br\/semed\/\",\"logo\":{\"@type\":\"ImageObject\",\"inLanguage\":\"pt-BR\",\"@id\":\"https:\/\/www.manaus.am.gov.br\/semed\/#\/schema\/logo\/image\/\",\"url\":\"https:\/\/www.manaus.am.gov.br\/semed\/wp-content\/uploads\/sites\/3\/2022\/11\/favicon.png\",\"contentUrl\":\"https:\/\/www.manaus.am.gov.br\/semed\/wp-content\/uploads\/sites\/3\/2022\/11\/favicon.png\",\"width\":300,\"height\":300,\"caption\":\"Secretaria de Educa\u00e7\u00e3o\"},\"image\":{\"@id\":\"https:\/\/www.manaus.am.gov.br\/semed\/#\/schema\/logo\/image\/\"}},{\"@type\":\"Person\",\"@id\":\"https:\/\/www.manaus.am.gov.br\/semed\/#\/schema\/person\/fe69d2249d78e7a3112d42bc34c44a58\",\"name\":\"Glauber Farias\",\"image\":{\"@type\":\"ImageObject\",\"inLanguage\":\"pt-BR\",\"@id\":\"https:\/\/www.manaus.am.gov.br\/semed\/#\/schema\/person\/image\/\",\"url\":\"https:\/\/secure.gravatar.com\/avatar\/eb33200ffd19538372f635b2165531c0?s=96&d=mm&r=g\",\"contentUrl\":\"https:\/\/secure.gravatar.com\/avatar\/eb33200ffd19538372f635b2165531c0?s=96&d=mm&r=g\",\"caption\":\"Glauber Farias\"}}]}<\/script>\n<!-- \/ Yoast SEO plugin. -->","yoast_head_json":{"title":"Alunos municipais exp\u00f5em projetos de ci\u00eancias e rob\u00f3tica","description":"A Prefeitura de Manaus iniciou nesta quinta-feira, 21\/11, a 1\u00aa Expocreati, com projetos do Procurumim e do PCE desenvolvidos pelos alunos...","robots":{"index":"index","follow":"follow","max-snippet":"max-snippet:-1","max-image-preview":"max-image-preview:large","max-video-preview":"max-video-preview:-1"},"canonical":"https:\/\/www.manaus.am.gov.br\/semed\/not\u00edcias\/educacao\/alunos-projetos-ciencias-robotica\/","og_locale":"pt_BR","og_type":"article","og_title":"Alunos municipais exp\u00f5em projetos de ci\u00eancias e rob\u00f3tica","og_description":"A Prefeitura de Manaus iniciou nesta quinta-feira, 21\/11, a 1\u00aa Expocreati, com projetos do Procurumim e do PCE desenvolvidos pelos alunos...","og_url":"https:\/\/www.manaus.am.gov.br\/semed\/not\u00edcias\/educacao\/alunos-projetos-ciencias-robotica\/","og_site_name":"SEMED","article_published_time":"2019-11-21T19:54:41+00:00","og_image":[{"width":966,"height":520,"url":"https:\/\/www.manaus.am.gov.br\/semed\/wp-content\/uploads\/sites\/3\/2024\/07\/thumb-default-2.png","type":"image\/png"}],"author":"Glauber Farias","twitter_card":"summary_large_image","twitter_misc":{"Written by":"Glauber Farias","Est. reading time":"3 minutos"},"schema":{"@context":"https:\/\/schema.org","@graph":[{"@type":"Article","@id":"https:\/\/www.manaus.am.gov.br\/semed\/not\u00edcias\/educacao\/alunos-projetos-ciencias-robotica\/#article","isPartOf":{"@id":"https:\/\/www.manaus.am.gov.br\/semed\/not\u00edcias\/educacao\/alunos-projetos-ciencias-robotica\/"},"author":{"name":"Glauber Farias","@id":"https:\/\/www.manaus.am.gov.br\/semed\/#\/schema\/person\/fe69d2249d78e7a3112d42bc34c44a58"},"headline":"Alunos municipais exp\u00f5em projetos de ci\u00eancias e rob\u00f3tica","datePublished":"2019-11-21T19:54:41+00:00","dateModified":"2019-11-21T19:54:41+00:00","mainEntityOfPage":{"@id":"https:\/\/www.manaus.am.gov.br\/semed\/not\u00edcias\/educacao\/alunos-projetos-ciencias-robotica\/"},"wordCount":554,"publisher":{"@id":"https:\/\/www.manaus.am.gov.br\/semed\/#organization"},"keywords":["exposi\u00e7\u00e3o","tecnologia"],"articleSection":["Educa\u00e7\u00e3o"],"inLanguage":"pt-BR"},{"@type":"WebPage","@id":"https:\/\/www.manaus.am.gov.br\/semed\/not\u00edcias\/educacao\/alunos-projetos-ciencias-robotica\/","url":"https:\/\/www.manaus.am.gov.br\/semed\/not\u00edcias\/educacao\/alunos-projetos-ciencias-robotica\/","name":"Alunos municipais exp\u00f5em projetos de ci\u00eancias e rob\u00f3tica","isPartOf":{"@id":"https:\/\/www.manaus.am.gov.br\/semed\/#website"},"datePublished":"2019-11-21T19:54:41+00:00","dateModified":"2019-11-21T19:54:41+00:00","description":"A Prefeitura de Manaus iniciou nesta quinta-feira, 21\/11, a 1\u00aa Expocreati, com projetos do Procurumim e do PCE desenvolvidos pelos alunos...","inLanguage":"pt-BR","potentialAction":[{"@type":"ReadAction","target":["https:\/\/www.manaus.am.gov.br\/semed\/not\u00edcias\/educacao\/alunos-projetos-ciencias-robotica\/"]}]},{"@type":"WebSite","@id":"https:\/\/www.manaus.am.gov.br\/semed\/#website","url":"https:\/\/www.manaus.am.gov.br\/semed\/","name":"Secretaria Municipal de Educa\u00e7\u00e3o","description":"Secretaria Municipal de Educa\u00e7\u00e3o","publisher":{"@id":"https:\/\/www.manaus.am.gov.br\/semed\/#organization"},"alternateName":"SEMED","potentialAction":[{"@type":"SearchAction","target":{"@type":"EntryPoint","urlTemplate":"https:\/\/www.manaus.am.gov.br\/semed\/?s={search_term_string}"},"query-input":"required name=search_term_string"}],"inLanguage":"pt-BR"},{"@type":"Organization","@id":"https:\/\/www.manaus.am.gov.br\/semed\/#organization","name":"Secretaria de Educa\u00e7\u00e3o","alternateName":"SEMED","url":"https:\/\/www.manaus.am.gov.br\/semed\/","logo":{"@type":"ImageObject","inLanguage":"pt-BR","@id":"https:\/\/www.manaus.am.gov.br\/semed\/#\/schema\/logo\/image\/","url":"https:\/\/www.manaus.am.gov.br\/semed\/wp-content\/uploads\/sites\/3\/2022\/11\/favicon.png","contentUrl":"https:\/\/www.manaus.am.gov.br\/semed\/wp-content\/uploads\/sites\/3\/2022\/11\/favicon.png","width":300,"height":300,"caption":"Secretaria de Educa\u00e7\u00e3o"},"image":{"@id":"https:\/\/www.manaus.am.gov.br\/semed\/#\/schema\/logo\/image\/"}},{"@type":"Person","@id":"https:\/\/www.manaus.am.gov.br\/semed\/#\/schema\/person\/fe69d2249d78e7a3112d42bc34c44a58","name":"Glauber Farias","image":{"@type":"ImageObject","inLanguage":"pt-BR","@id":"https:\/\/www.manaus.am.gov.br\/semed\/#\/schema\/person\/image\/","url":"https:\/\/secure.gravatar.com\/avatar\/eb33200ffd19538372f635b2165531c0?s=96&d=mm&r=g","contentUrl":"https:\/\/secure.gravatar.com\/avatar\/eb33200ffd19538372f635b2165531c0?s=96&d=mm&r=g","caption":"Glauber Farias"}}]}},"_links":{"self":[{"href":"https:\/\/www.manaus.am.gov.br\/semed\/wp-json\/wp\/v2\/posts\/451"}],"collection":[{"href":"https:\/\/www.manaus.am.gov.br\/semed\/wp-json\/wp\/v2\/posts"}],"about":[{"href":"https:\/\/www.manaus.am.gov.br\/semed\/wp-json\/wp\/v2\/types\/post"}],"author":[{"embeddable":true,"href":"https:\/\/www.manaus.am.gov.br\/semed\/wp-json\/wp\/v2\/users\/8"}],"replies":[{"embeddable":true,"href":"https:\/\/www.manaus.am.gov.br\/semed\/wp-json\/wp\/v2\/comments?post=451"}],"version-history":[{"count":1,"href":"https:\/\/www.manaus.am.gov.br\/semed\/wp-json\/wp\/v2\/posts\/451\/revisions"}],"predecessor-version":[{"id":453,"href":"https:\/\/www.manaus.am.gov.br\/semed\/wp-json\/wp\/v2\/posts\/451\/revisions\/453"}],"wp:attachment":[{"href":"https:\/\/www.manaus.am.gov.br\/semed\/wp-json\/wp\/v2\/media?parent=451"}],"wp:term":[{"taxonomy":"category","embeddable":true,"href":"https:\/\/www.manaus.am.gov.br\/semed\/wp-json\/wp\/v2\/categories?post=451"},{"taxonomy":"post_tag","embeddable":true,"href":"https:\/\/www.manaus.am.gov.br\/semed\/wp-json\/wp\/v2\/tags?post=451"}],"curies":[{"name":"wp","href":"https:\/\/api.w.org\/{rel}","templated":true}]}}