{"id":448,"date":"2020-06-19T12:27:55","date_gmt":"2020-06-19T16:27:55","guid":{"rendered":"https:\/\/www.manaus.am.gov.br\/semed\/not\u00edcias\/sem-categoria\/escola-municipal-selecionada-programa-robotica\/"},"modified":"2020-06-19T12:27:55","modified_gmt":"2020-06-19T16:27:55","slug":"escola-municipal-selecionada-programa-robotica","status":"publish","type":"post","link":"https:\/\/www.manaus.am.gov.br\/semed\/not\u00edcias\/educacao\/escola-municipal-selecionada-programa-robotica\/","title":{"rendered":"Escola municipal da zona Leste \u00e9 selecionada em programa de rob\u00f3tica de refer\u00eancia"},"content":{"rendered":"<p>A <a href=\"https:\/\/www.manaus.am.gov.br\/\" target=\"_blank\" rel=\"noopener\">Prefeitura de Manaus<\/a> teve a escola municipal Nossa Senhora das Gra\u00e7as, localizada na zona Leste, como uma das tr\u00eas unidades p\u00fablicas da regi\u00e3o Norte selecionada para participar do projeto de rob\u00f3tica First Lego League Jr. \u2013 Rise, conhecido como um dos melhores do mundo e que tem como&nbsp;objetivo inspirar jovens a serem l\u00edderes e inovadores em ci\u00eancia e tecnologia.<\/p>\n<p>&nbsp;<\/p>\n<p style=\"text-align: center;\"><img loading=\"lazy\" decoding=\"async\" class=\"img-responsive aligncenter wp-image-449 size-img-destaque\" src=\"https:\/\/www.manaus.am.gov.br\/semed\/wp-content\/uploads\/sites\/3\/2022\/12\/Arquivo-escola-2-720x407.jpeg\" alt=\"Escola municipal da zona Leste \u00e9 selecionada em programa de rob\u00f3tica de refer\u00eancia\" width=\"720\" height=\"407\"><\/p>\n<p>&nbsp;<\/p>\n<p>No total, nove equipes de todo pa\u00eds foram escolhidas para integrar a temporada Boomtown Build, com o recebimento de kits Lego Education e forma\u00e7\u00e3o para o desenvolvimento dos projetos.<\/p>\n<p>&nbsp;<\/p>\n<p>A premia\u00e7\u00e3o inclui, ainda, a inscri\u00e7\u00e3o de tr\u00eas equipes de cada escola selecionada na First Lego League Jr., bem como uma forma\u00e7\u00e3o para os tutores\/professores que atuar\u00e3o na a\u00e7\u00e3o. A unidade da Secretaria Municipal de Educa\u00e7\u00e3o (Semed) recebeu tr\u00eas conjuntos de cadernos de engenharia, tr\u00eas conjuntos Inspire Set; tr\u00eas conjuntos WeDo 2.0, tr\u00eas dispositivos para programa\u00e7\u00e3o e servi\u00e7o de Forma\u00e7\u00e3o e Acompanhamento Pedag\u00f3gico.<\/p>\n<p>&nbsp;<\/p>\n<p>Para a temporada Boomtown Build, os alunos ter\u00e3o que desenvolver e construir um guindaste usando o Inspire Set e motoriz\u00e1-lo com o kit Lego WeDo 2.0. Al\u00e9m disso, o modelo de inspira\u00e7\u00e3o se transforma em um elevador para desenvolver o pensamento cr\u00edtico sobre acessibilidade. Todos os integrantes das equipes apresentam ideias de como resolver uma ou mais situa\u00e7\u00f5es do cotidiano de um arquiteto ou engenheiro. Com esse projeto poder\u00e3o participar da etapa regional, caso sejam selecionados, disputar\u00e3o a fase nacional em julho.<\/p>\n<p>&nbsp;<\/p>\n<p>A gestora da Nossa Senhora das Gra\u00e7as, Geysa Nascimento, uma das maiores incentivadoras do trabalho de rob\u00f3tica, disse que a a\u00e7\u00e3o \u00e9 transformadora para quem participa, pois influencia diretamente no desenvolvimento da criatividade, do esp\u00edrito de lideran\u00e7a e na motiva\u00e7\u00e3o da aprendizagem.<\/p>\n<p>&nbsp;<\/p>\n<p>\u201cNos sentimos muito honrados em estar representando nossa regi\u00e3o, nosso munic\u00edpio e nosso bairro Col\u00f4nia Ant\u00f4nio Aleixo, considerado t\u00e3o distante do centro de Manaus. Nossos alunos ter\u00e3o o privil\u00e9gio de ter acesso a um material rico em tecnologia e explorar esse conhecimento\u201d, completou Geysa.<\/p>\n<p>&nbsp;<\/p>\n<p>De acordo com a coordenadora do telecentro da unidade, J\u00falia Oliveira, que tamb\u00e9m coordena as equipes de rob\u00f3tica da escola, o trabalho com este tema iniciou em 2019 e j\u00e1 rendeu frutos.<\/p>\n<p>&nbsp;<\/p>\n<p>\u201cA receptividade dos alunos foi incr\u00edvel. Tivemos 70 inscritos para o teste de sele\u00e7\u00e3o para o clube de rob\u00f3tica, que \u00e9 realizado no contraturno. Observamos que estes alunos desenvolvem as nove compet\u00eancias&nbsp;da aprendizagem criativa, principalmente a criatividade, a colabora\u00e7\u00e3o&nbsp;e o pensamento l\u00f3gico\u201d, pontuou Julia, que tamb\u00e9m participou do Concurso de Programa\u00e7\u00e3o e Rob\u00f3tica em 2018 com alunos de 1\u00b0 ao 5\u00b0 ano e em 2019 com alunos do 6\u00b0 ao 9\u00b0ano. Em 2019, a equipe da escola ficou em 1\u00b0 lugar na competi\u00e7\u00e3o&nbsp;de rob\u00f3tica e em 3\u00b0 na de programa\u00e7\u00e3o.<\/p>\n<p>&nbsp;<\/p>\n<p><strong>Texto<\/strong> &#8211; Alexandre Abreu\/Semed<\/p>\n<p><strong>Foto<\/strong> &#8211; Arquivo\/ Escola<\/p>\n","protected":false},"excerpt":{"rendered":"","protected":false},"author":8,"featured_media":0,"comment_status":"closed","ping_status":"closed","sticky":false,"template":"","format":"standard","meta":{"footnotes":""},"categories":[8],"tags":[13,14,15],"acf":[],"yoast_head":"<!-- This site is optimized with the Yoast SEO plugin v23.0 - https:\/\/yoast.com\/wordpress\/plugins\/seo\/ -->\n<title>Escola municipal \u00e9 selecionada em programa de rob\u00f3tica de refer\u00eancia<\/title>\n<meta name=\"description\" content=\"A Prefeitura de Manaus teve a escola municipal Nossa Senhora das Gra\u00e7as, localizada na zona Leste, como uma das tr\u00eas unidades p\u00fablicas da...\" \/>\n<meta name=\"robots\" content=\"index, follow, max-snippet:-1, max-image-preview:large, max-video-preview:-1\" \/>\n<link rel=\"canonical\" href=\"https:\/\/www.manaus.am.gov.br\/semed\/not\u00edcias\/educacao\/escola-municipal-selecionada-programa-robotica\/\" \/>\n<meta property=\"og:locale\" content=\"pt_BR\" \/>\n<meta property=\"og:type\" content=\"article\" \/>\n<meta property=\"og:title\" content=\"Escola municipal \u00e9 selecionada em programa de rob\u00f3tica de refer\u00eancia\" \/>\n<meta property=\"og:description\" content=\"A Prefeitura de Manaus teve a escola municipal Nossa Senhora das Gra\u00e7as, localizada na zona Leste, como uma das tr\u00eas unidades p\u00fablicas da...\" \/>\n<meta property=\"og:url\" content=\"https:\/\/www.manaus.am.gov.br\/semed\/not\u00edcias\/educacao\/escola-municipal-selecionada-programa-robotica\/\" \/>\n<meta property=\"og:site_name\" content=\"SEMED\" \/>\n<meta property=\"article:published_time\" content=\"2020-06-19T16:27:55+00:00\" \/>\n<meta property=\"og:image\" content=\"https:\/\/www.manaus.am.gov.br\/semed\/wp-content\/uploads\/sites\/3\/2022\/12\/Arquivo-escola-2-720x407.jpeg\" \/>\n<meta name=\"author\" content=\"Glauber Farias\" \/>\n<meta name=\"twitter:card\" content=\"summary_large_image\" \/>\n<meta name=\"twitter:label1\" content=\"Written by\" \/>\n\t<meta name=\"twitter:data1\" content=\"Glauber Farias\" \/>\n\t<meta name=\"twitter:label2\" content=\"Est. reading time\" \/>\n\t<meta name=\"twitter:data2\" content=\"3 minutos\" \/>\n<script type=\"application\/ld+json\" class=\"yoast-schema-graph\">{\"@context\":\"https:\/\/schema.org\",\"@graph\":[{\"@type\":\"Article\",\"@id\":\"https:\/\/www.manaus.am.gov.br\/semed\/not\u00edcias\/educacao\/escola-municipal-selecionada-programa-robotica\/#article\",\"isPartOf\":{\"@id\":\"https:\/\/www.manaus.am.gov.br\/semed\/not\u00edcias\/educacao\/escola-municipal-selecionada-programa-robotica\/\"},\"author\":{\"name\":\"Glauber Farias\",\"@id\":\"https:\/\/www.manaus.am.gov.br\/semed\/#\/schema\/person\/fe69d2249d78e7a3112d42bc34c44a58\"},\"headline\":\"Escola municipal da zona Leste \u00e9 selecionada em programa de rob\u00f3tica de refer\u00eancia\",\"datePublished\":\"2020-06-19T16:27:55+00:00\",\"dateModified\":\"2020-06-19T16:27:55+00:00\",\"mainEntityOfPage\":{\"@id\":\"https:\/\/www.manaus.am.gov.br\/semed\/not\u00edcias\/educacao\/escola-municipal-selecionada-programa-robotica\/\"},\"wordCount\":528,\"publisher\":{\"@id\":\"https:\/\/www.manaus.am.gov.br\/semed\/#organization\"},\"image\":{\"@id\":\"https:\/\/www.manaus.am.gov.br\/semed\/not\u00edcias\/educacao\/escola-municipal-selecionada-programa-robotica\/#primaryimage\"},\"thumbnailUrl\":\"https:\/\/www.manaus.am.gov.br\/semed\/wp-content\/uploads\/sites\/3\/2022\/12\/Arquivo-escola-2-720x407.jpeg\",\"keywords\":[\"manaus\",\"prefeitura\",\"prefeitura de manaus\"],\"articleSection\":[\"Educa\u00e7\u00e3o\"],\"inLanguage\":\"pt-BR\"},{\"@type\":\"WebPage\",\"@id\":\"https:\/\/www.manaus.am.gov.br\/semed\/not\u00edcias\/educacao\/escola-municipal-selecionada-programa-robotica\/\",\"url\":\"https:\/\/www.manaus.am.gov.br\/semed\/not\u00edcias\/educacao\/escola-municipal-selecionada-programa-robotica\/\",\"name\":\"Escola municipal \u00e9 selecionada em programa de rob\u00f3tica de refer\u00eancia\",\"isPartOf\":{\"@id\":\"https:\/\/www.manaus.am.gov.br\/semed\/#website\"},\"primaryImageOfPage\":{\"@id\":\"https:\/\/www.manaus.am.gov.br\/semed\/not\u00edcias\/educacao\/escola-municipal-selecionada-programa-robotica\/#primaryimage\"},\"image\":{\"@id\":\"https:\/\/www.manaus.am.gov.br\/semed\/not\u00edcias\/educacao\/escola-municipal-selecionada-programa-robotica\/#primaryimage\"},\"thumbnailUrl\":\"https:\/\/www.manaus.am.gov.br\/semed\/wp-content\/uploads\/sites\/3\/2022\/12\/Arquivo-escola-2-720x407.jpeg\",\"datePublished\":\"2020-06-19T16:27:55+00:00\",\"dateModified\":\"2020-06-19T16:27:55+00:00\",\"description\":\"A Prefeitura de Manaus teve a escola municipal Nossa Senhora das Gra\u00e7as, localizada na zona Leste, como uma das tr\u00eas unidades p\u00fablicas da...\",\"inLanguage\":\"pt-BR\",\"potentialAction\":[{\"@type\":\"ReadAction\",\"target\":[\"https:\/\/www.manaus.am.gov.br\/semed\/not\u00edcias\/educacao\/escola-municipal-selecionada-programa-robotica\/\"]}]},{\"@type\":\"ImageObject\",\"inLanguage\":\"pt-BR\",\"@id\":\"https:\/\/www.manaus.am.gov.br\/semed\/not\u00edcias\/educacao\/escola-municipal-selecionada-programa-robotica\/#primaryimage\",\"url\":\"https:\/\/www.manaus.am.gov.br\/semed\/wp-content\/uploads\/sites\/3\/2022\/12\/Arquivo-escola-2-720x407.jpeg\",\"contentUrl\":\"https:\/\/www.manaus.am.gov.br\/semed\/wp-content\/uploads\/sites\/3\/2022\/12\/Arquivo-escola-2-720x407.jpeg\"},{\"@type\":\"WebSite\",\"@id\":\"https:\/\/www.manaus.am.gov.br\/semed\/#website\",\"url\":\"https:\/\/www.manaus.am.gov.br\/semed\/\",\"name\":\"Secretaria Municipal de Educa\u00e7\u00e3o\",\"description\":\"Secretaria Municipal de Educa\u00e7\u00e3o\",\"publisher\":{\"@id\":\"https:\/\/www.manaus.am.gov.br\/semed\/#organization\"},\"alternateName\":\"SEMED\",\"potentialAction\":[{\"@type\":\"SearchAction\",\"target\":{\"@type\":\"EntryPoint\",\"urlTemplate\":\"https:\/\/www.manaus.am.gov.br\/semed\/?s={search_term_string}\"},\"query-input\":\"required name=search_term_string\"}],\"inLanguage\":\"pt-BR\"},{\"@type\":\"Organization\",\"@id\":\"https:\/\/www.manaus.am.gov.br\/semed\/#organization\",\"name\":\"Secretaria de Educa\u00e7\u00e3o\",\"alternateName\":\"SEMED\",\"url\":\"https:\/\/www.manaus.am.gov.br\/semed\/\",\"logo\":{\"@type\":\"ImageObject\",\"inLanguage\":\"pt-BR\",\"@id\":\"https:\/\/www.manaus.am.gov.br\/semed\/#\/schema\/logo\/image\/\",\"url\":\"https:\/\/www.manaus.am.gov.br\/semed\/wp-content\/uploads\/sites\/3\/2022\/11\/favicon.png\",\"contentUrl\":\"https:\/\/www.manaus.am.gov.br\/semed\/wp-content\/uploads\/sites\/3\/2022\/11\/favicon.png\",\"width\":300,\"height\":300,\"caption\":\"Secretaria de Educa\u00e7\u00e3o\"},\"image\":{\"@id\":\"https:\/\/www.manaus.am.gov.br\/semed\/#\/schema\/logo\/image\/\"}},{\"@type\":\"Person\",\"@id\":\"https:\/\/www.manaus.am.gov.br\/semed\/#\/schema\/person\/fe69d2249d78e7a3112d42bc34c44a58\",\"name\":\"Glauber Farias\",\"image\":{\"@type\":\"ImageObject\",\"inLanguage\":\"pt-BR\",\"@id\":\"https:\/\/www.manaus.am.gov.br\/semed\/#\/schema\/person\/image\/\",\"url\":\"https:\/\/secure.gravatar.com\/avatar\/eb33200ffd19538372f635b2165531c0?s=96&d=mm&r=g\",\"contentUrl\":\"https:\/\/secure.gravatar.com\/avatar\/eb33200ffd19538372f635b2165531c0?s=96&d=mm&r=g\",\"caption\":\"Glauber Farias\"}}]}<\/script>\n<!-- \/ Yoast SEO plugin. -->","yoast_head_json":{"title":"Escola municipal \u00e9 selecionada em programa de rob\u00f3tica de refer\u00eancia","description":"A Prefeitura de Manaus teve a escola municipal Nossa Senhora das Gra\u00e7as, localizada na zona Leste, como uma das tr\u00eas unidades p\u00fablicas da...","robots":{"index":"index","follow":"follow","max-snippet":"max-snippet:-1","max-image-preview":"max-image-preview:large","max-video-preview":"max-video-preview:-1"},"canonical":"https:\/\/www.manaus.am.gov.br\/semed\/not\u00edcias\/educacao\/escola-municipal-selecionada-programa-robotica\/","og_locale":"pt_BR","og_type":"article","og_title":"Escola municipal \u00e9 selecionada em programa de rob\u00f3tica de refer\u00eancia","og_description":"A Prefeitura de Manaus teve a escola municipal Nossa Senhora das Gra\u00e7as, localizada na zona Leste, como uma das tr\u00eas unidades p\u00fablicas da...","og_url":"https:\/\/www.manaus.am.gov.br\/semed\/not\u00edcias\/educacao\/escola-municipal-selecionada-programa-robotica\/","og_site_name":"SEMED","article_published_time":"2020-06-19T16:27:55+00:00","og_image":[{"url":"https:\/\/www.manaus.am.gov.br\/semed\/wp-content\/uploads\/sites\/3\/2022\/12\/Arquivo-escola-2-720x407.jpeg"}],"author":"Glauber Farias","twitter_card":"summary_large_image","twitter_misc":{"Written by":"Glauber Farias","Est. reading time":"3 minutos"},"schema":{"@context":"https:\/\/schema.org","@graph":[{"@type":"Article","@id":"https:\/\/www.manaus.am.gov.br\/semed\/not\u00edcias\/educacao\/escola-municipal-selecionada-programa-robotica\/#article","isPartOf":{"@id":"https:\/\/www.manaus.am.gov.br\/semed\/not\u00edcias\/educacao\/escola-municipal-selecionada-programa-robotica\/"},"author":{"name":"Glauber Farias","@id":"https:\/\/www.manaus.am.gov.br\/semed\/#\/schema\/person\/fe69d2249d78e7a3112d42bc34c44a58"},"headline":"Escola municipal da zona Leste \u00e9 selecionada em programa de rob\u00f3tica de refer\u00eancia","datePublished":"2020-06-19T16:27:55+00:00","dateModified":"2020-06-19T16:27:55+00:00","mainEntityOfPage":{"@id":"https:\/\/www.manaus.am.gov.br\/semed\/not\u00edcias\/educacao\/escola-municipal-selecionada-programa-robotica\/"},"wordCount":528,"publisher":{"@id":"https:\/\/www.manaus.am.gov.br\/semed\/#organization"},"image":{"@id":"https:\/\/www.manaus.am.gov.br\/semed\/not\u00edcias\/educacao\/escola-municipal-selecionada-programa-robotica\/#primaryimage"},"thumbnailUrl":"https:\/\/www.manaus.am.gov.br\/semed\/wp-content\/uploads\/sites\/3\/2022\/12\/Arquivo-escola-2-720x407.jpeg","keywords":["manaus","prefeitura","prefeitura de manaus"],"articleSection":["Educa\u00e7\u00e3o"],"inLanguage":"pt-BR"},{"@type":"WebPage","@id":"https:\/\/www.manaus.am.gov.br\/semed\/not\u00edcias\/educacao\/escola-municipal-selecionada-programa-robotica\/","url":"https:\/\/www.manaus.am.gov.br\/semed\/not\u00edcias\/educacao\/escola-municipal-selecionada-programa-robotica\/","name":"Escola municipal \u00e9 selecionada em programa de rob\u00f3tica de refer\u00eancia","isPartOf":{"@id":"https:\/\/www.manaus.am.gov.br\/semed\/#website"},"primaryImageOfPage":{"@id":"https:\/\/www.manaus.am.gov.br\/semed\/not\u00edcias\/educacao\/escola-municipal-selecionada-programa-robotica\/#primaryimage"},"image":{"@id":"https:\/\/www.manaus.am.gov.br\/semed\/not\u00edcias\/educacao\/escola-municipal-selecionada-programa-robotica\/#primaryimage"},"thumbnailUrl":"https:\/\/www.manaus.am.gov.br\/semed\/wp-content\/uploads\/sites\/3\/2022\/12\/Arquivo-escola-2-720x407.jpeg","datePublished":"2020-06-19T16:27:55+00:00","dateModified":"2020-06-19T16:27:55+00:00","description":"A Prefeitura de Manaus teve a escola municipal Nossa Senhora das Gra\u00e7as, localizada na zona Leste, como uma das tr\u00eas unidades p\u00fablicas da...","inLanguage":"pt-BR","potentialAction":[{"@type":"ReadAction","target":["https:\/\/www.manaus.am.gov.br\/semed\/not\u00edcias\/educacao\/escola-municipal-selecionada-programa-robotica\/"]}]},{"@type":"ImageObject","inLanguage":"pt-BR","@id":"https:\/\/www.manaus.am.gov.br\/semed\/not\u00edcias\/educacao\/escola-municipal-selecionada-programa-robotica\/#primaryimage","url":"https:\/\/www.manaus.am.gov.br\/semed\/wp-content\/uploads\/sites\/3\/2022\/12\/Arquivo-escola-2-720x407.jpeg","contentUrl":"https:\/\/www.manaus.am.gov.br\/semed\/wp-content\/uploads\/sites\/3\/2022\/12\/Arquivo-escola-2-720x407.jpeg"},{"@type":"WebSite","@id":"https:\/\/www.manaus.am.gov.br\/semed\/#website","url":"https:\/\/www.manaus.am.gov.br\/semed\/","name":"Secretaria Municipal de Educa\u00e7\u00e3o","description":"Secretaria Municipal de Educa\u00e7\u00e3o","publisher":{"@id":"https:\/\/www.manaus.am.gov.br\/semed\/#organization"},"alternateName":"SEMED","potentialAction":[{"@type":"SearchAction","target":{"@type":"EntryPoint","urlTemplate":"https:\/\/www.manaus.am.gov.br\/semed\/?s={search_term_string}"},"query-input":"required name=search_term_string"}],"inLanguage":"pt-BR"},{"@type":"Organization","@id":"https:\/\/www.manaus.am.gov.br\/semed\/#organization","name":"Secretaria de Educa\u00e7\u00e3o","alternateName":"SEMED","url":"https:\/\/www.manaus.am.gov.br\/semed\/","logo":{"@type":"ImageObject","inLanguage":"pt-BR","@id":"https:\/\/www.manaus.am.gov.br\/semed\/#\/schema\/logo\/image\/","url":"https:\/\/www.manaus.am.gov.br\/semed\/wp-content\/uploads\/sites\/3\/2022\/11\/favicon.png","contentUrl":"https:\/\/www.manaus.am.gov.br\/semed\/wp-content\/uploads\/sites\/3\/2022\/11\/favicon.png","width":300,"height":300,"caption":"Secretaria de Educa\u00e7\u00e3o"},"image":{"@id":"https:\/\/www.manaus.am.gov.br\/semed\/#\/schema\/logo\/image\/"}},{"@type":"Person","@id":"https:\/\/www.manaus.am.gov.br\/semed\/#\/schema\/person\/fe69d2249d78e7a3112d42bc34c44a58","name":"Glauber Farias","image":{"@type":"ImageObject","inLanguage":"pt-BR","@id":"https:\/\/www.manaus.am.gov.br\/semed\/#\/schema\/person\/image\/","url":"https:\/\/secure.gravatar.com\/avatar\/eb33200ffd19538372f635b2165531c0?s=96&d=mm&r=g","contentUrl":"https:\/\/secure.gravatar.com\/avatar\/eb33200ffd19538372f635b2165531c0?s=96&d=mm&r=g","caption":"Glauber Farias"}}]}},"_links":{"self":[{"href":"https:\/\/www.manaus.am.gov.br\/semed\/wp-json\/wp\/v2\/posts\/448"}],"collection":[{"href":"https:\/\/www.manaus.am.gov.br\/semed\/wp-json\/wp\/v2\/posts"}],"about":[{"href":"https:\/\/www.manaus.am.gov.br\/semed\/wp-json\/wp\/v2\/types\/post"}],"author":[{"embeddable":true,"href":"https:\/\/www.manaus.am.gov.br\/semed\/wp-json\/wp\/v2\/users\/8"}],"replies":[{"embeddable":true,"href":"https:\/\/www.manaus.am.gov.br\/semed\/wp-json\/wp\/v2\/comments?post=448"}],"version-history":[{"count":1,"href":"https:\/\/www.manaus.am.gov.br\/semed\/wp-json\/wp\/v2\/posts\/448\/revisions"}],"predecessor-version":[{"id":450,"href":"https:\/\/www.manaus.am.gov.br\/semed\/wp-json\/wp\/v2\/posts\/448\/revisions\/450"}],"wp:attachment":[{"href":"https:\/\/www.manaus.am.gov.br\/semed\/wp-json\/wp\/v2\/media?parent=448"}],"wp:term":[{"taxonomy":"category","embeddable":true,"href":"https:\/\/www.manaus.am.gov.br\/semed\/wp-json\/wp\/v2\/categories?post=448"},{"taxonomy":"post_tag","embeddable":true,"href":"https:\/\/www.manaus.am.gov.br\/semed\/wp-json\/wp\/v2\/tags?post=448"}],"curies":[{"name":"wp","href":"https:\/\/api.w.org\/{rel}","templated":true}]}}